{"id":370,"date":"2009-11-17T11:52:28","date_gmt":"2009-11-17T11:52:28","guid":{"rendered":""},"modified":"2011-01-26T09:25:00","modified_gmt":"2011-01-26T09:25:00","slug":"strasburgo-batte-roma-2-a-0","status":"publish","type":"post","link":"https:\/\/www.civiltalaica.it\/cms\/strasburgo-batte-roma-2-a-0\/","title":{"rendered":"STRASBURGO BATTE ROMA 2 A 0"},"content":{"rendered":"<p>1) Come \u00e8 noto, nell&#39;ultima decade di Ottobre ed in questi primi giorni di Novembre, si \u00e8 svolta la finale della Supercoppa della Libert\u00e0 tra le squadre&#160; di Strasburgo e di Roma.<br \/>La partita di andata, giocata a Strasburgo, il 20 di Ottobre del 2009, si \u00e8 conclusa con la vittoria della squadra di casa, che ha segnato su calcio di rigore, assegnato per l&#39;atterramento del centravanti Luigi Lombardi Vallauri ad opera dell&#39;intera ed arcigna difesa dell&#39;Universit\u00e0 Cattolica; il fallo \u00e8 stato cos\u00ec grave che l&#39;illustre giocatore \u00e8 stato lontano dal campo di gioco per ben 11 anni.<br \/>Per comprendere meglio la complessa vicenda, \u00e8 necessario sia fare un salto indietro nel tempo, sia aver chiaro che Luigi Lombardi Vallauri, in realt\u00e0 Professore di Diritto all&#39;Universit\u00e0 di Firenze, insegnava anche, dal 1976, presso l&#39;Universit\u00e0 del Sacro Cuore di Milano.<br \/>Tutto fil\u00f2 liscio, per quanto consentono le umane vicende, fino al 19 Aprile 1996, quando, in una conferenza, tenuta a Bari, il Professore ebbe l&#39;ardita, ma non felice, idea di definire la teologia tomista [1] nel modo che segue:<br \/>&quot;Ircocervo [2] consistito nell&#39;attribuire all&#39;etnico, geloso, furioso-tenero, bellicamente e giuridicamente feroce, idiosincraticissimo [3] Yahv\u00e8 e al dolcissimo- spietato &quot;Padre&quot; impassibili attributi teologici desunti da una ingegnosamente violentata ontologia generale aristotelica&quot; [4].<\/p>\n<p><a target=\"_blank\" href=\"http:\/\/www.valeriobruschini.info\/?p=182\">Testo completo sul sito dell&#39;autore<\/a><\/p>\n","protected":false},"excerpt":{"rendered":"<p>1) Come \u00e8 noto, nell&#39;ultima decade di Ottobre ed in questi primi giorni di Novembre, si \u00e8 svolta la finale della Supercoppa della Libert\u00e0 tra le squadre&#160; di Strasburgo e di Roma.La partita di andata, giocata a Strasburgo, il 20 di Ottobre del 2009, si \u00e8 conclusa con la vittoria della squadra di casa, che [&hellip;]<\/p>\n","protected":false},"author":1,"featured_media":0,"comment_status":"closed","ping_status":"closed","sticky":false,"template":"","format":"standard","meta":{"footnotes":""},"categories":[238],"tags":[24],"class_list":["post-370","post","type-post","status-publish","format-standard","hentry","category-articoli","tag-storia-e-attualita-v-bruschini"],"yoast_head":"<!-- This site is optimized with the Yoast SEO plugin v27.1.1 - https:\/\/yoast.com\/product\/yoast-seo-wordpress\/ -->\n<title>STRASBURGO BATTE ROMA 2 A 0 - Associazione Culturale Civilt\u00e0 Laica<\/title>\n<meta name=\"robots\" content=\"index, follow, max-snippet:-1, max-image-preview:large, max-video-preview:-1\" \/>\n<link rel=\"canonical\" href=\"https:\/\/www.civiltalaica.it\/cms\/strasburgo-batte-roma-2-a-0\/\" \/>\n<meta property=\"og:locale\" content=\"it_IT\" \/>\n<meta property=\"og:type\" content=\"article\" \/>\n<meta property=\"og:title\" content=\"STRASBURGO BATTE ROMA 2 A 0 - Associazione Culturale Civilt\u00e0 Laica\" \/>\n<meta property=\"og:description\" content=\"1) Come \u00e8 noto, nell&#039;ultima decade di Ottobre ed in questi primi giorni di Novembre, si \u00e8 svolta la finale della Supercoppa della Libert\u00e0 tra le squadre&#160; di Strasburgo e di Roma.La partita di andata, giocata a Strasburgo, il 20 di Ottobre del 2009, si \u00e8 conclusa con la vittoria della squadra di casa, che [&hellip;]\" \/>\n<meta property=\"og:url\" content=\"https:\/\/www.civiltalaica.it\/cms\/strasburgo-batte-roma-2-a-0\/\" \/>\n<meta property=\"og:site_name\" content=\"Associazione Culturale Civilt\u00e0 Laica\" \/>\n<meta property=\"article:publisher\" content=\"https:\/\/www.facebook.com\/civiltalaica\" \/>\n<meta property=\"article:published_time\" content=\"2009-11-17T11:52:28+00:00\" \/>\n<meta property=\"article:modified_time\" content=\"2011-01-26T09:25:00+00:00\" \/>\n<meta property=\"og:image\" content=\"https:\/\/www.civiltalaica.it\/cms\/wp-content\/uploads\/2017\/06\/logo-cl.png\" \/>\n\t<meta property=\"og:image:width\" content=\"400\" \/>\n\t<meta property=\"og:image:height\" content=\"180\" \/>\n\t<meta property=\"og:image:type\" content=\"image\/png\" \/>\n<meta name=\"author\" content=\"cladmin\" \/>\n<meta name=\"twitter:card\" content=\"summary_large_image\" \/>\n<meta name=\"twitter:label1\" content=\"Scritto da\" \/>\n\t<meta name=\"twitter:data1\" content=\"cladmin\" \/>\n\t<meta name=\"twitter:label2\" content=\"Tempo di lettura stimato\" \/>\n\t<meta name=\"twitter:data2\" content=\"1 minuto\" \/>\n<script type=\"application\/ld+json\" class=\"yoast-schema-graph\">{\"@context\":\"https:\/\/schema.org\",\"@graph\":[{\"@type\":\"Article\",\"@id\":\"https:\/\/www.civiltalaica.it\/cms\/strasburgo-batte-roma-2-a-0\/#article\",\"isPartOf\":{\"@id\":\"https:\/\/www.civiltalaica.it\/cms\/strasburgo-batte-roma-2-a-0\/\"},\"author\":{\"name\":\"cladmin\",\"@id\":\"https:\/\/www.civiltalaica.it\/cms\/#\/schema\/person\/500a52762e2620e007d6333aa121f5e5\"},\"headline\":\"STRASBURGO BATTE ROMA 2 A 0\",\"datePublished\":\"2009-11-17T11:52:28+00:00\",\"dateModified\":\"2011-01-26T09:25:00+00:00\",\"mainEntityOfPage\":{\"@id\":\"https:\/\/www.civiltalaica.it\/cms\/strasburgo-batte-roma-2-a-0\/\"},\"wordCount\":216,\"keywords\":[\"Storia e attualit\u00e0 (V. Bruschini)\"],\"articleSection\":[\"articoli\"],\"inLanguage\":\"it-IT\"},{\"@type\":\"WebPage\",\"@id\":\"https:\/\/www.civiltalaica.it\/cms\/strasburgo-batte-roma-2-a-0\/\",\"url\":\"https:\/\/www.civiltalaica.it\/cms\/strasburgo-batte-roma-2-a-0\/\",\"name\":\"STRASBURGO BATTE ROMA 2 A 0 - Associazione Culturale Civilt\u00e0 Laica\",\"isPartOf\":{\"@id\":\"https:\/\/www.civiltalaica.it\/cms\/#website\"},\"datePublished\":\"2009-11-17T11:52:28+00:00\",\"dateModified\":\"2011-01-26T09:25:00+00:00\",\"author\":{\"@id\":\"https:\/\/www.civiltalaica.it\/cms\/#\/schema\/person\/500a52762e2620e007d6333aa121f5e5\"},\"breadcrumb\":{\"@id\":\"https:\/\/www.civiltalaica.it\/cms\/strasburgo-batte-roma-2-a-0\/#breadcrumb\"},\"inLanguage\":\"it-IT\",\"potentialAction\":[{\"@type\":\"ReadAction\",\"target\":[\"https:\/\/www.civiltalaica.it\/cms\/strasburgo-batte-roma-2-a-0\/\"]}]},{\"@type\":\"BreadcrumbList\",\"@id\":\"https:\/\/www.civiltalaica.it\/cms\/strasburgo-batte-roma-2-a-0\/#breadcrumb\",\"itemListElement\":[{\"@type\":\"ListItem\",\"position\":1,\"name\":\"Home\",\"item\":\"https:\/\/www.civiltalaica.it\/cms\/\"},{\"@type\":\"ListItem\",\"position\":2,\"name\":\"Incontro ad Attigliano (Tr)\",\"item\":\"https:\/\/www.civiltalaica.it\/cms\/incontro-ad-attigliano-tr\/\"},{\"@type\":\"ListItem\",\"position\":3,\"name\":\"STRASBURGO BATTE ROMA 2 A 0\"}]},{\"@type\":\"WebSite\",\"@id\":\"https:\/\/www.civiltalaica.it\/cms\/#website\",\"url\":\"https:\/\/www.civiltalaica.it\/cms\/\",\"name\":\"Associazione Culturale Civilt\u00e0 Laica\",\"description\":\"Per un movimento culturale volto a difendere la Laicit\u00e0 dello Stato.\",\"potentialAction\":[{\"@type\":\"SearchAction\",\"target\":{\"@type\":\"EntryPoint\",\"urlTemplate\":\"https:\/\/www.civiltalaica.it\/cms\/?s={search_term_string}\"},\"query-input\":{\"@type\":\"PropertyValueSpecification\",\"valueRequired\":true,\"valueName\":\"search_term_string\"}}],\"inLanguage\":\"it-IT\"},{\"@type\":\"Person\",\"@id\":\"https:\/\/www.civiltalaica.it\/cms\/#\/schema\/person\/500a52762e2620e007d6333aa121f5e5\",\"name\":\"cladmin\",\"url\":\"https:\/\/www.civiltalaica.it\/cms\/author\/cladmin\/\"}]}<\/script>\n<!-- \/ Yoast SEO plugin. -->","yoast_head_json":{"title":"STRASBURGO BATTE ROMA 2 A 0 - Associazione Culturale Civilt\u00e0 Laica","robots":{"index":"index","follow":"follow","max-snippet":"max-snippet:-1","max-image-preview":"max-image-preview:large","max-video-preview":"max-video-preview:-1"},"canonical":"https:\/\/www.civiltalaica.it\/cms\/strasburgo-batte-roma-2-a-0\/","og_locale":"it_IT","og_type":"article","og_title":"STRASBURGO BATTE ROMA 2 A 0 - Associazione Culturale Civilt\u00e0 Laica","og_description":"1) Come \u00e8 noto, nell&#39;ultima decade di Ottobre ed in questi primi giorni di Novembre, si \u00e8 svolta la finale della Supercoppa della Libert\u00e0 tra le squadre&#160; di Strasburgo e di Roma.La partita di andata, giocata a Strasburgo, il 20 di Ottobre del 2009, si \u00e8 conclusa con la vittoria della squadra di casa, che [&hellip;]","og_url":"https:\/\/www.civiltalaica.it\/cms\/strasburgo-batte-roma-2-a-0\/","og_site_name":"Associazione Culturale Civilt\u00e0 Laica","article_publisher":"https:\/\/www.facebook.com\/civiltalaica","article_published_time":"2009-11-17T11:52:28+00:00","article_modified_time":"2011-01-26T09:25:00+00:00","og_image":[{"width":400,"height":180,"url":"https:\/\/www.civiltalaica.it\/cms\/wp-content\/uploads\/2017\/06\/logo-cl.png","type":"image\/png"}],"author":"cladmin","twitter_card":"summary_large_image","twitter_misc":{"Scritto da":"cladmin","Tempo di lettura stimato":"1 minuto"},"schema":{"@context":"https:\/\/schema.org","@graph":[{"@type":"Article","@id":"https:\/\/www.civiltalaica.it\/cms\/strasburgo-batte-roma-2-a-0\/#article","isPartOf":{"@id":"https:\/\/www.civiltalaica.it\/cms\/strasburgo-batte-roma-2-a-0\/"},"author":{"name":"cladmin","@id":"https:\/\/www.civiltalaica.it\/cms\/#\/schema\/person\/500a52762e2620e007d6333aa121f5e5"},"headline":"STRASBURGO BATTE ROMA 2 A 0","datePublished":"2009-11-17T11:52:28+00:00","dateModified":"2011-01-26T09:25:00+00:00","mainEntityOfPage":{"@id":"https:\/\/www.civiltalaica.it\/cms\/strasburgo-batte-roma-2-a-0\/"},"wordCount":216,"keywords":["Storia e attualit\u00e0 (V. Bruschini)"],"articleSection":["articoli"],"inLanguage":"it-IT"},{"@type":"WebPage","@id":"https:\/\/www.civiltalaica.it\/cms\/strasburgo-batte-roma-2-a-0\/","url":"https:\/\/www.civiltalaica.it\/cms\/strasburgo-batte-roma-2-a-0\/","name":"STRASBURGO BATTE ROMA 2 A 0 - Associazione Culturale Civilt\u00e0 Laica","isPartOf":{"@id":"https:\/\/www.civiltalaica.it\/cms\/#website"},"datePublished":"2009-11-17T11:52:28+00:00","dateModified":"2011-01-26T09:25:00+00:00","author":{"@id":"https:\/\/www.civiltalaica.it\/cms\/#\/schema\/person\/500a52762e2620e007d6333aa121f5e5"},"breadcrumb":{"@id":"https:\/\/www.civiltalaica.it\/cms\/strasburgo-batte-roma-2-a-0\/#breadcrumb"},"inLanguage":"it-IT","potentialAction":[{"@type":"ReadAction","target":["https:\/\/www.civiltalaica.it\/cms\/strasburgo-batte-roma-2-a-0\/"]}]},{"@type":"BreadcrumbList","@id":"https:\/\/www.civiltalaica.it\/cms\/strasburgo-batte-roma-2-a-0\/#breadcrumb","itemListElement":[{"@type":"ListItem","position":1,"name":"Home","item":"https:\/\/www.civiltalaica.it\/cms\/"},{"@type":"ListItem","position":2,"name":"Incontro ad Attigliano (Tr)","item":"https:\/\/www.civiltalaica.it\/cms\/incontro-ad-attigliano-tr\/"},{"@type":"ListItem","position":3,"name":"STRASBURGO BATTE ROMA 2 A 0"}]},{"@type":"WebSite","@id":"https:\/\/www.civiltalaica.it\/cms\/#website","url":"https:\/\/www.civiltalaica.it\/cms\/","name":"Associazione Culturale Civilt\u00e0 Laica","description":"Per un movimento culturale volto a difendere la Laicit\u00e0 dello Stato.","potentialAction":[{"@type":"SearchAction","target":{"@type":"EntryPoint","urlTemplate":"https:\/\/www.civiltalaica.it\/cms\/?s={search_term_string}"},"query-input":{"@type":"PropertyValueSpecification","valueRequired":true,"valueName":"search_term_string"}}],"inLanguage":"it-IT"},{"@type":"Person","@id":"https:\/\/www.civiltalaica.it\/cms\/#\/schema\/person\/500a52762e2620e007d6333aa121f5e5","name":"cladmin","url":"https:\/\/www.civiltalaica.it\/cms\/author\/cladmin\/"}]}},"_links":{"self":[{"href":"https:\/\/www.civiltalaica.it\/cms\/wp-json\/wp\/v2\/posts\/370","targetHints":{"allow":["GET"]}}],"collection":[{"href":"https:\/\/www.civiltalaica.it\/cms\/wp-json\/wp\/v2\/posts"}],"about":[{"href":"https:\/\/www.civiltalaica.it\/cms\/wp-json\/wp\/v2\/types\/post"}],"author":[{"embeddable":true,"href":"https:\/\/www.civiltalaica.it\/cms\/wp-json\/wp\/v2\/users\/1"}],"replies":[{"embeddable":true,"href":"https:\/\/www.civiltalaica.it\/cms\/wp-json\/wp\/v2\/comments?post=370"}],"version-history":[{"count":0,"href":"https:\/\/www.civiltalaica.it\/cms\/wp-json\/wp\/v2\/posts\/370\/revisions"}],"wp:attachment":[{"href":"https:\/\/www.civiltalaica.it\/cms\/wp-json\/wp\/v2\/media?parent=370"}],"wp:term":[{"taxonomy":"category","embeddable":true,"href":"https:\/\/www.civiltalaica.it\/cms\/wp-json\/wp\/v2\/categories?post=370"},{"taxonomy":"post_tag","embeddable":true,"href":"https:\/\/www.civiltalaica.it\/cms\/wp-json\/wp\/v2\/tags?post=370"}],"curies":[{"name":"wp","href":"https:\/\/api.w.org\/{rel}","templated":true}]}}