{"id":361,"date":"2009-01-09T15:13:27","date_gmt":"2009-01-09T15:13:27","guid":{"rendered":""},"modified":"2011-01-26T09:37:12","modified_gmt":"2011-01-26T09:37:12","slug":"ce-stato-chi-dice-no","status":"publish","type":"post","link":"https:\/\/www.civiltalaica.it\/cms\/ce-stato-chi-dice-no\/","title":{"rendered":"C&#8217;\u00e8 (stato) chi dice NO"},"content":{"rendered":"<p><em><br \/>Onore a quanti nella loro vita<br \/>decisero difese di <a href=\"http:\/\/www.etimo.it\/?term=termopile\" target=\"_blank\">Termopile<\/a>.<br \/>Mai dal loro dovere essi recedono;<br \/>in ogni azione equilibrati e giusti,<br \/>con dolore, peraltro, e compassione:<br \/>se ricchi, generosi; anche nel poco<br \/>generosi, se poveri; solerti<br \/>a soccorrere gli altri pi\u00f9 che possono,<br \/>capaci solo della verit\u00e0,<br \/>senza neppure odiare i mentitori.<br \/>E di pi\u00f9 grande onore sono degni<br \/>se prevedono (e molti lo prevedono)<br \/>che spunter\u00e0 da ultimo un <a target=\"_blank\" href=\"http:\/\/it.wikipedia.org\/wiki\/Efialte_(soldato)\">Efialte<\/a><br \/>e i Persiani, alla fine, passeranno.<\/em><\/p>\n<p><a href=\"http:\/\/it.wikipedia.org\/wiki\/Kostantinos_Kavafis\" target=\"_blank\">Costantino Kavafis<\/a> in <a href=\"http:\/\/www.valeriobruschini.info\/?p=138\" target=\"_blank\">A QUANTI&#8230; DECISERO DIFESE DI TERMOPILE<\/a><\/p>\n","protected":false},"excerpt":{"rendered":"<p>Onore a quanti nella loro vitadecisero difese di Termopile.Mai dal loro dovere essi recedono;in ogni azione equilibrati e giusti,con dolore, peraltro, e compassione:se ricchi, generosi; anche nel pocogenerosi, se poveri; solertia soccorrere gli altri pi\u00f9 che possono,capaci solo della verit\u00e0,senza neppure odiare i mentitori.E di pi\u00f9 grande onore sono degnise prevedono (e molti lo prevedono)che [&hellip;]<\/p>\n","protected":false},"author":1,"featured_media":0,"comment_status":"closed","ping_status":"closed","sticky":false,"template":"","format":"standard","meta":{"footnotes":""},"categories":[238],"tags":[24],"class_list":["post-361","post","type-post","status-publish","format-standard","hentry","category-articoli","tag-storia-e-attualita-v-bruschini"],"yoast_head":"<!-- This site is optimized with the Yoast SEO plugin v27.1.1 - https:\/\/yoast.com\/product\/yoast-seo-wordpress\/ -->\n<title>C&#039;\u00e8 (stato) chi dice NO - Associazione Culturale Civilt\u00e0 Laica<\/title>\n<meta name=\"robots\" content=\"index, follow, max-snippet:-1, max-image-preview:large, max-video-preview:-1\" \/>\n<link rel=\"canonical\" href=\"https:\/\/www.civiltalaica.it\/cms\/ce-stato-chi-dice-no\/\" \/>\n<meta property=\"og:locale\" content=\"it_IT\" \/>\n<meta property=\"og:type\" content=\"article\" \/>\n<meta property=\"og:title\" content=\"C&#039;\u00e8 (stato) chi dice NO - Associazione Culturale Civilt\u00e0 Laica\" \/>\n<meta property=\"og:description\" content=\"Onore a quanti nella loro vitadecisero difese di Termopile.Mai dal loro dovere essi recedono;in ogni azione equilibrati e giusti,con dolore, peraltro, e compassione:se ricchi, generosi; anche nel pocogenerosi, se poveri; solertia soccorrere gli altri pi\u00f9 che possono,capaci solo della verit\u00e0,senza neppure odiare i mentitori.E di pi\u00f9 grande onore sono degnise prevedono (e molti lo prevedono)che [&hellip;]\" \/>\n<meta property=\"og:url\" content=\"https:\/\/www.civiltalaica.it\/cms\/ce-stato-chi-dice-no\/\" \/>\n<meta property=\"og:site_name\" content=\"Associazione Culturale Civilt\u00e0 Laica\" \/>\n<meta property=\"article:publisher\" content=\"https:\/\/www.facebook.com\/civiltalaica\" \/>\n<meta property=\"article:published_time\" content=\"2009-01-09T15:13:27+00:00\" \/>\n<meta property=\"article:modified_time\" content=\"2011-01-26T09:37:12+00:00\" \/>\n<meta property=\"og:image\" content=\"https:\/\/www.civiltalaica.it\/cms\/wp-content\/uploads\/2017\/06\/logo-cl.png\" \/>\n\t<meta property=\"og:image:width\" content=\"400\" \/>\n\t<meta property=\"og:image:height\" content=\"180\" \/>\n\t<meta property=\"og:image:type\" content=\"image\/png\" \/>\n<meta name=\"author\" content=\"cladmin\" \/>\n<meta name=\"twitter:card\" content=\"summary_large_image\" \/>\n<meta name=\"twitter:label1\" content=\"Scritto da\" \/>\n\t<meta name=\"twitter:data1\" content=\"cladmin\" \/>\n<script type=\"application\/ld+json\" class=\"yoast-schema-graph\">{\"@context\":\"https:\/\/schema.org\",\"@graph\":[{\"@type\":\"Article\",\"@id\":\"https:\/\/www.civiltalaica.it\/cms\/ce-stato-chi-dice-no\/#article\",\"isPartOf\":{\"@id\":\"https:\/\/www.civiltalaica.it\/cms\/ce-stato-chi-dice-no\/\"},\"author\":{\"name\":\"cladmin\",\"@id\":\"https:\/\/www.civiltalaica.it\/cms\/#\/schema\/person\/500a52762e2620e007d6333aa121f5e5\"},\"headline\":\"C&#8217;\u00e8 (stato) chi dice NO\",\"datePublished\":\"2009-01-09T15:13:27+00:00\",\"dateModified\":\"2011-01-26T09:37:12+00:00\",\"mainEntityOfPage\":{\"@id\":\"https:\/\/www.civiltalaica.it\/cms\/ce-stato-chi-dice-no\/\"},\"wordCount\":88,\"keywords\":[\"Storia e attualit\u00e0 (V. Bruschini)\"],\"articleSection\":[\"articoli\"],\"inLanguage\":\"it-IT\"},{\"@type\":\"WebPage\",\"@id\":\"https:\/\/www.civiltalaica.it\/cms\/ce-stato-chi-dice-no\/\",\"url\":\"https:\/\/www.civiltalaica.it\/cms\/ce-stato-chi-dice-no\/\",\"name\":\"C'\u00e8 (stato) chi dice NO - Associazione Culturale Civilt\u00e0 Laica\",\"isPartOf\":{\"@id\":\"https:\/\/www.civiltalaica.it\/cms\/#website\"},\"datePublished\":\"2009-01-09T15:13:27+00:00\",\"dateModified\":\"2011-01-26T09:37:12+00:00\",\"author\":{\"@id\":\"https:\/\/www.civiltalaica.it\/cms\/#\/schema\/person\/500a52762e2620e007d6333aa121f5e5\"},\"breadcrumb\":{\"@id\":\"https:\/\/www.civiltalaica.it\/cms\/ce-stato-chi-dice-no\/#breadcrumb\"},\"inLanguage\":\"it-IT\",\"potentialAction\":[{\"@type\":\"ReadAction\",\"target\":[\"https:\/\/www.civiltalaica.it\/cms\/ce-stato-chi-dice-no\/\"]}]},{\"@type\":\"BreadcrumbList\",\"@id\":\"https:\/\/www.civiltalaica.it\/cms\/ce-stato-chi-dice-no\/#breadcrumb\",\"itemListElement\":[{\"@type\":\"ListItem\",\"position\":1,\"name\":\"Home\",\"item\":\"https:\/\/www.civiltalaica.it\/cms\/\"},{\"@type\":\"ListItem\",\"position\":2,\"name\":\"Incontro ad Attigliano (Tr)\",\"item\":\"https:\/\/www.civiltalaica.it\/cms\/incontro-ad-attigliano-tr\/\"},{\"@type\":\"ListItem\",\"position\":3,\"name\":\"C&#8217;\u00e8 (stato) chi dice NO\"}]},{\"@type\":\"WebSite\",\"@id\":\"https:\/\/www.civiltalaica.it\/cms\/#website\",\"url\":\"https:\/\/www.civiltalaica.it\/cms\/\",\"name\":\"Associazione Culturale Civilt\u00e0 Laica\",\"description\":\"Per un movimento culturale volto a difendere la Laicit\u00e0 dello Stato.\",\"potentialAction\":[{\"@type\":\"SearchAction\",\"target\":{\"@type\":\"EntryPoint\",\"urlTemplate\":\"https:\/\/www.civiltalaica.it\/cms\/?s={search_term_string}\"},\"query-input\":{\"@type\":\"PropertyValueSpecification\",\"valueRequired\":true,\"valueName\":\"search_term_string\"}}],\"inLanguage\":\"it-IT\"},{\"@type\":\"Person\",\"@id\":\"https:\/\/www.civiltalaica.it\/cms\/#\/schema\/person\/500a52762e2620e007d6333aa121f5e5\",\"name\":\"cladmin\",\"url\":\"https:\/\/www.civiltalaica.it\/cms\/author\/cladmin\/\"}]}<\/script>\n<!-- \/ Yoast SEO plugin. -->","yoast_head_json":{"title":"C'\u00e8 (stato) chi dice NO - Associazione Culturale Civilt\u00e0 Laica","robots":{"index":"index","follow":"follow","max-snippet":"max-snippet:-1","max-image-preview":"max-image-preview:large","max-video-preview":"max-video-preview:-1"},"canonical":"https:\/\/www.civiltalaica.it\/cms\/ce-stato-chi-dice-no\/","og_locale":"it_IT","og_type":"article","og_title":"C'\u00e8 (stato) chi dice NO - Associazione Culturale Civilt\u00e0 Laica","og_description":"Onore a quanti nella loro vitadecisero difese di Termopile.Mai dal loro dovere essi recedono;in ogni azione equilibrati e giusti,con dolore, peraltro, e compassione:se ricchi, generosi; anche nel pocogenerosi, se poveri; solertia soccorrere gli altri pi\u00f9 che possono,capaci solo della verit\u00e0,senza neppure odiare i mentitori.E di pi\u00f9 grande onore sono degnise prevedono (e molti lo prevedono)che [&hellip;]","og_url":"https:\/\/www.civiltalaica.it\/cms\/ce-stato-chi-dice-no\/","og_site_name":"Associazione Culturale Civilt\u00e0 Laica","article_publisher":"https:\/\/www.facebook.com\/civiltalaica","article_published_time":"2009-01-09T15:13:27+00:00","article_modified_time":"2011-01-26T09:37:12+00:00","og_image":[{"width":400,"height":180,"url":"https:\/\/www.civiltalaica.it\/cms\/wp-content\/uploads\/2017\/06\/logo-cl.png","type":"image\/png"}],"author":"cladmin","twitter_card":"summary_large_image","twitter_misc":{"Scritto da":"cladmin"},"schema":{"@context":"https:\/\/schema.org","@graph":[{"@type":"Article","@id":"https:\/\/www.civiltalaica.it\/cms\/ce-stato-chi-dice-no\/#article","isPartOf":{"@id":"https:\/\/www.civiltalaica.it\/cms\/ce-stato-chi-dice-no\/"},"author":{"name":"cladmin","@id":"https:\/\/www.civiltalaica.it\/cms\/#\/schema\/person\/500a52762e2620e007d6333aa121f5e5"},"headline":"C&#8217;\u00e8 (stato) chi dice NO","datePublished":"2009-01-09T15:13:27+00:00","dateModified":"2011-01-26T09:37:12+00:00","mainEntityOfPage":{"@id":"https:\/\/www.civiltalaica.it\/cms\/ce-stato-chi-dice-no\/"},"wordCount":88,"keywords":["Storia e attualit\u00e0 (V. Bruschini)"],"articleSection":["articoli"],"inLanguage":"it-IT"},{"@type":"WebPage","@id":"https:\/\/www.civiltalaica.it\/cms\/ce-stato-chi-dice-no\/","url":"https:\/\/www.civiltalaica.it\/cms\/ce-stato-chi-dice-no\/","name":"C'\u00e8 (stato) chi dice NO - Associazione Culturale Civilt\u00e0 Laica","isPartOf":{"@id":"https:\/\/www.civiltalaica.it\/cms\/#website"},"datePublished":"2009-01-09T15:13:27+00:00","dateModified":"2011-01-26T09:37:12+00:00","author":{"@id":"https:\/\/www.civiltalaica.it\/cms\/#\/schema\/person\/500a52762e2620e007d6333aa121f5e5"},"breadcrumb":{"@id":"https:\/\/www.civiltalaica.it\/cms\/ce-stato-chi-dice-no\/#breadcrumb"},"inLanguage":"it-IT","potentialAction":[{"@type":"ReadAction","target":["https:\/\/www.civiltalaica.it\/cms\/ce-stato-chi-dice-no\/"]}]},{"@type":"BreadcrumbList","@id":"https:\/\/www.civiltalaica.it\/cms\/ce-stato-chi-dice-no\/#breadcrumb","itemListElement":[{"@type":"ListItem","position":1,"name":"Home","item":"https:\/\/www.civiltalaica.it\/cms\/"},{"@type":"ListItem","position":2,"name":"Incontro ad Attigliano (Tr)","item":"https:\/\/www.civiltalaica.it\/cms\/incontro-ad-attigliano-tr\/"},{"@type":"ListItem","position":3,"name":"C&#8217;\u00e8 (stato) chi dice NO"}]},{"@type":"WebSite","@id":"https:\/\/www.civiltalaica.it\/cms\/#website","url":"https:\/\/www.civiltalaica.it\/cms\/","name":"Associazione Culturale Civilt\u00e0 Laica","description":"Per un movimento culturale volto a difendere la Laicit\u00e0 dello Stato.","potentialAction":[{"@type":"SearchAction","target":{"@type":"EntryPoint","urlTemplate":"https:\/\/www.civiltalaica.it\/cms\/?s={search_term_string}"},"query-input":{"@type":"PropertyValueSpecification","valueRequired":true,"valueName":"search_term_string"}}],"inLanguage":"it-IT"},{"@type":"Person","@id":"https:\/\/www.civiltalaica.it\/cms\/#\/schema\/person\/500a52762e2620e007d6333aa121f5e5","name":"cladmin","url":"https:\/\/www.civiltalaica.it\/cms\/author\/cladmin\/"}]}},"_links":{"self":[{"href":"https:\/\/www.civiltalaica.it\/cms\/wp-json\/wp\/v2\/posts\/361","targetHints":{"allow":["GET"]}}],"collection":[{"href":"https:\/\/www.civiltalaica.it\/cms\/wp-json\/wp\/v2\/posts"}],"about":[{"href":"https:\/\/www.civiltalaica.it\/cms\/wp-json\/wp\/v2\/types\/post"}],"author":[{"embeddable":true,"href":"https:\/\/www.civiltalaica.it\/cms\/wp-json\/wp\/v2\/users\/1"}],"replies":[{"embeddable":true,"href":"https:\/\/www.civiltalaica.it\/cms\/wp-json\/wp\/v2\/comments?post=361"}],"version-history":[{"count":0,"href":"https:\/\/www.civiltalaica.it\/cms\/wp-json\/wp\/v2\/posts\/361\/revisions"}],"wp:attachment":[{"href":"https:\/\/www.civiltalaica.it\/cms\/wp-json\/wp\/v2\/media?parent=361"}],"wp:term":[{"taxonomy":"category","embeddable":true,"href":"https:\/\/www.civiltalaica.it\/cms\/wp-json\/wp\/v2\/categories?post=361"},{"taxonomy":"post_tag","embeddable":true,"href":"https:\/\/www.civiltalaica.it\/cms\/wp-json\/wp\/v2\/tags?post=361"}],"curies":[{"name":"wp","href":"https:\/\/api.w.org\/{rel}","templated":true}]}}