{"id":34631,"date":"2025-04-15T09:41:53","date_gmt":"2025-04-15T09:41:53","guid":{"rendered":"https:\/\/www.civiltalaica.it\/cms\/?p=34631"},"modified":"2025-04-15T13:02:49","modified_gmt":"2025-04-15T13:02:49","slug":"rivista-civilta-laica-n-38-evolution-day-magazine","status":"publish","type":"post","link":"https:\/\/www.civiltalaica.it\/cms\/rivista-civilta-laica-n-38-evolution-day-magazine\/","title":{"rendered":"RIVISTA \u201cCIVILT\u00c0 LAICA\u201d N. 38 &#8211; Evolution Day Magazine"},"content":{"rendered":"<p>&nbsp;<\/p>\n<p><a href=\"https:\/\/www.civiltalaica.it\/cms\/wp-content\/uploads\/2025\/04\/cl38-c.jpg\"><img loading=\"lazy\" decoding=\"async\" class=\"alignnone  wp-image-34629\" src=\"https:\/\/www.civiltalaica.it\/cms\/wp-content\/uploads\/2025\/04\/cl38-c.jpg\" alt=\"\" width=\"397\" height=\"554\" srcset=\"https:\/\/www.civiltalaica.it\/cms\/wp-content\/uploads\/2025\/04\/cl38-c.jpg 623w, https:\/\/www.civiltalaica.it\/cms\/wp-content\/uploads\/2025\/04\/cl38-c-215x300.jpg 215w, https:\/\/www.civiltalaica.it\/cms\/wp-content\/uploads\/2025\/04\/cl38-c-115x160.jpg 115w\" sizes=\"auto, (max-width: 397px) 100vw, 397px\" \/><\/a><\/p>\n<p>Il Darwin Day nasce poco dopo la morte di Sir Charles Darwin nel 1882 per diffondere la sua rivoluzionaria teoria sull\u2019origine delle specie viventi (di tutte le specie, uomo compreso) e nel contempo difenderla dagli attacchi isterici di chi lo vedeva come un attacco nichilistico che voleva allontanare l\u2019uomo da dio, dalla verit\u00e0, dal paradiso e trascendenze antropocentriche varie.<\/p>\n<p>Grazie alla nostra associazione nel 2005 anche Terni ha cominciato ad ospitare questi incontri e il fatto che 123 anni dopo la morte del naturalista inglese ci fosse stato ancora bisogno di diffonderla e difenderla era evidente visto che solo l\u2019anno prima Lady Moratti aveva provato a cancellarlo dalle scuole. E se formalmente la pessima figura internazionale fu evitata grazie all\u2019intervento della Montalcini, di quell\u2019azione antiscientifica oggi scontiamo ancora i danni.<\/p>\n<p>Scienziati\/e diversamente competenti e blogger (che da l\u00ec a breve sarebbero diventati influencer e poi tiktoker) in cerca di notoriet\u00e0 ne approfittarono infatti per rilanciare teorie creazioniste e simili grazie al web. Siti di divulgazione antiscientifica che rispolveravano Sermonti, professori\/e di Scienze liceali che si vantavano di non insegnare l\u2019evoluzione umana, giornalai e giornalaie su you tube per raccontare al mondo di aver ucciso una zanzara e averla sottoposta subito dopo all\u2019esame del Carbonio 14 ottenendo un risultato di un milione di anni di et\u00e0, e quindi che tutte le datazioni dei fossili erano sballate (sic).<\/p>\n<p>Se \u00e8 vero che dal letame crescono i fior da tale spettacolo c\u2019\u00e8 di buono che molti accademici si convinsero che non si poteva dar per scontato nulla, e che le scoperte scientifiche vanno spiegate, e va spiegato ogni loro possibile uso, per non dar spazio ai cialtroni che approfittano dell\u2019ignoranza altrui.<\/p>\n<p>Cos\u00ec abbiamo trovato molti amici accademici che si sono resi disponibili per questa avventura e per dieci anni abbiamo cercato di contrastare la disinformazione antiscientifica con dei Darwin Day classici sull\u2019Evoluzione Biologica nella sua Sintesi Moderna (o Neodarwinismo). Poi abbiamo deciso di spostare il tiro e passare agli Evolution Day, in cui ci siamo occupati di scienza a pi\u00f9 ampio respiro, perch\u00e9 non si pu\u00f2 sempre essere legati a dibattiti di retroguardia (\u201cMa come pensi che si possa formare casualmente un organo come il cervello?\u201d, \u201cIl secondo principio della Termodinamica per\u00f2&#8230;\u201d) mentre la scienza va avanti. Oggi si parla di Evoluzione Biologica a ben altri livelli rispetto alle ridicole argomentazioni anti-evoluzioniste.<\/p>\n<p>Riteniamo di darvene un esempio concreto con questa doppia intervista sullo \u201cstato delle cose\u201d a due dei nostri ospiti di questa ventennale avventura di divulgazione scientifica, che ringraziamo per la loro non certo scontata disponibilit\u00e0 a collaborare ed anche per essere fra quelle persone che hanno ben capito quanto sia fondamentale non chiudere la scienza (quindi la sapienza e la conoscenza) nelle elitarie torri di avorio degli illuminati, ma di diffonderla e spiegarla anche ai non accademici.<\/p>\n<p>Certo, questi ultimi devono aver voglia di apprendere, e non di veder confermato quello che si pensa grazie dal social-algoritmo. \u00c8 pi\u00f9 faticoso lo sappiamo&#8230; per questo cerchiamo di\u00a0darvi\u00a0una\u00a0mano!<\/p>\n<p><strong>Alessandro Chiometti<\/strong><\/p>\n<p>&nbsp;<\/p>\n<h3><strong>\u2193\u2193\u2193 FREE DOWNLOAD \u2193\u2193\u2193<\/strong><\/h3>\n<p>&nbsp;<\/p>\n<a href=\"https:\/\/www.civiltalaica.it\/cms\/wp-content\/uploads\/2025\/04\/cl38_online.pdf\" class=\"pdfemb-viewer\" style=\"\" data-width=\"max\" data-height=\"max\" data-toolbar=\"bottom\" data-toolbar-fixed=\"off\">cl38_online<\/a>\n","protected":false},"excerpt":{"rendered":"<p>&nbsp; Il Darwin Day nasce poco dopo la morte di Sir Charles Darwin nel 1882 per diffondere la sua rivoluzionaria teoria sull\u2019origine delle specie viventi (di tutte le specie, uomo compreso) e nel contempo difenderla dagli attacchi isterici di chi lo vedeva come un attacco nichilistico che voleva allontanare l\u2019uomo da dio, dalla verit\u00e0, dal [&hellip;]<\/p>\n","protected":false},"author":14,"featured_media":34629,"comment_status":"closed","ping_status":"closed","sticky":false,"template":"","format":"standard","meta":{"footnotes":""},"categories":[229,814],"tags":[79,409,2272,763,511],"class_list":["post-34631","post","type-post","status-publish","format-standard","has-post-thumbnail","hentry","category-evidenza","category-rivista","tag-alessandro-chiometti","tag-darwin","tag-ecvoluzione","tag-guido-barbujani","tag-telmo-pievani"],"yoast_head":"<!-- This site is optimized with the Yoast SEO plugin v27.1.1 - https:\/\/yoast.com\/product\/yoast-seo-wordpress\/ -->\n<title>RIVISTA \u201cCIVILT\u00c0 LAICA\u201d N. 38 - Evolution Day Magazine - Associazione Culturale Civilt\u00e0 Laica<\/title>\n<meta name=\"description\" content=\"Grazia al civilt\u00e0 Laica da 20 anni a Terni il Darwin Day e l&#039;Evolution Day.\" \/>\n<meta name=\"robots\" content=\"index, follow, max-snippet:-1, max-image-preview:large, max-video-preview:-1\" \/>\n<link rel=\"canonical\" href=\"https:\/\/www.civiltalaica.it\/cms\/rivista-civilta-laica-n-38-evolution-day-magazine\/\" \/>\n<meta property=\"og:locale\" content=\"it_IT\" \/>\n<meta property=\"og:type\" content=\"article\" \/>\n<meta property=\"og:title\" content=\"RIVISTA \u201cCIVILT\u00c0 LAICA\u201d N. 38 - Evolution Day Magazine - Associazione Culturale Civilt\u00e0 Laica\" \/>\n<meta property=\"og:description\" content=\"Grazia al civilt\u00e0 Laica da 20 anni a Terni il Darwin Day e l&#039;Evolution Day.\" \/>\n<meta property=\"og:url\" content=\"https:\/\/www.civiltalaica.it\/cms\/rivista-civilta-laica-n-38-evolution-day-magazine\/\" \/>\n<meta property=\"og:site_name\" content=\"Associazione Culturale Civilt\u00e0 Laica\" \/>\n<meta property=\"article:publisher\" content=\"https:\/\/www.facebook.com\/civiltalaica\" \/>\n<meta property=\"article:published_time\" content=\"2025-04-15T09:41:53+00:00\" \/>\n<meta property=\"article:modified_time\" content=\"2025-04-15T13:02:49+00:00\" \/>\n<meta property=\"og:image\" content=\"https:\/\/www.civiltalaica.it\/cms\/wp-content\/uploads\/2025\/04\/cl38-c.jpg\" \/>\n\t<meta property=\"og:image:width\" content=\"623\" \/>\n\t<meta property=\"og:image:height\" content=\"870\" \/>\n\t<meta property=\"og:image:type\" content=\"image\/jpeg\" \/>\n<meta name=\"author\" content=\"Agnieszka Goclowska\" \/>\n<meta name=\"twitter:card\" content=\"summary_large_image\" \/>\n<meta name=\"twitter:label1\" content=\"Scritto da\" \/>\n\t<meta name=\"twitter:data1\" content=\"Agnieszka Goclowska\" \/>\n\t<meta name=\"twitter:label2\" content=\"Tempo di lettura stimato\" \/>\n\t<meta name=\"twitter:data2\" content=\"4 minuti\" \/>\n<script type=\"application\/ld+json\" class=\"yoast-schema-graph\">{\"@context\":\"https:\/\/schema.org\",\"@graph\":[{\"@type\":\"Article\",\"@id\":\"https:\/\/www.civiltalaica.it\/cms\/rivista-civilta-laica-n-38-evolution-day-magazine\/#article\",\"isPartOf\":{\"@id\":\"https:\/\/www.civiltalaica.it\/cms\/rivista-civilta-laica-n-38-evolution-day-magazine\/\"},\"author\":{\"name\":\"Agnieszka Goclowska\",\"@id\":\"https:\/\/www.civiltalaica.it\/cms\/#\/schema\/person\/270807477b89db5062d33dcce0d1944e\"},\"headline\":\"RIVISTA \u201cCIVILT\u00c0 LAICA\u201d N. 38 &#8211; Evolution Day Magazine\",\"datePublished\":\"2025-04-15T09:41:53+00:00\",\"dateModified\":\"2025-04-15T13:02:49+00:00\",\"mainEntityOfPage\":{\"@id\":\"https:\/\/www.civiltalaica.it\/cms\/rivista-civilta-laica-n-38-evolution-day-magazine\/\"},\"wordCount\":530,\"image\":{\"@id\":\"https:\/\/www.civiltalaica.it\/cms\/rivista-civilta-laica-n-38-evolution-day-magazine\/#primaryimage\"},\"thumbnailUrl\":\"https:\/\/www.civiltalaica.it\/cms\/wp-content\/uploads\/2025\/04\/cl38-c.jpg\",\"keywords\":[\"alessandro chiometti\",\"darwin\",\"ecvoluzione\",\"guido barbujani\",\"telmo pievani\"],\"articleSection\":[\"in evidenza\",\"rivista\"],\"inLanguage\":\"it-IT\"},{\"@type\":\"WebPage\",\"@id\":\"https:\/\/www.civiltalaica.it\/cms\/rivista-civilta-laica-n-38-evolution-day-magazine\/\",\"url\":\"https:\/\/www.civiltalaica.it\/cms\/rivista-civilta-laica-n-38-evolution-day-magazine\/\",\"name\":\"RIVISTA \u201cCIVILT\u00c0 LAICA\u201d N. 38 - Evolution Day Magazine - Associazione Culturale Civilt\u00e0 Laica\",\"isPartOf\":{\"@id\":\"https:\/\/www.civiltalaica.it\/cms\/#website\"},\"primaryImageOfPage\":{\"@id\":\"https:\/\/www.civiltalaica.it\/cms\/rivista-civilta-laica-n-38-evolution-day-magazine\/#primaryimage\"},\"image\":{\"@id\":\"https:\/\/www.civiltalaica.it\/cms\/rivista-civilta-laica-n-38-evolution-day-magazine\/#primaryimage\"},\"thumbnailUrl\":\"https:\/\/www.civiltalaica.it\/cms\/wp-content\/uploads\/2025\/04\/cl38-c.jpg\",\"datePublished\":\"2025-04-15T09:41:53+00:00\",\"dateModified\":\"2025-04-15T13:02:49+00:00\",\"author\":{\"@id\":\"https:\/\/www.civiltalaica.it\/cms\/#\/schema\/person\/270807477b89db5062d33dcce0d1944e\"},\"description\":\"Grazia al civilt\u00e0 Laica da 20 anni a Terni il Darwin Day e l'Evolution Day.\",\"breadcrumb\":{\"@id\":\"https:\/\/www.civiltalaica.it\/cms\/rivista-civilta-laica-n-38-evolution-day-magazine\/#breadcrumb\"},\"inLanguage\":\"it-IT\",\"potentialAction\":[{\"@type\":\"ReadAction\",\"target\":[\"https:\/\/www.civiltalaica.it\/cms\/rivista-civilta-laica-n-38-evolution-day-magazine\/\"]}]},{\"@type\":\"ImageObject\",\"inLanguage\":\"it-IT\",\"@id\":\"https:\/\/www.civiltalaica.it\/cms\/rivista-civilta-laica-n-38-evolution-day-magazine\/#primaryimage\",\"url\":\"https:\/\/www.civiltalaica.it\/cms\/wp-content\/uploads\/2025\/04\/cl38-c.jpg\",\"contentUrl\":\"https:\/\/www.civiltalaica.it\/cms\/wp-content\/uploads\/2025\/04\/cl38-c.jpg\",\"width\":623,\"height\":870},{\"@type\":\"BreadcrumbList\",\"@id\":\"https:\/\/www.civiltalaica.it\/cms\/rivista-civilta-laica-n-38-evolution-day-magazine\/#breadcrumb\",\"itemListElement\":[{\"@type\":\"ListItem\",\"position\":1,\"name\":\"Home\",\"item\":\"https:\/\/www.civiltalaica.it\/cms\/\"},{\"@type\":\"ListItem\",\"position\":2,\"name\":\"RIVISTA \u201cCIVILT\u00c0 LAICA\u201d N. 38 &#8211; Evolution Day Magazine\"}]},{\"@type\":\"WebSite\",\"@id\":\"https:\/\/www.civiltalaica.it\/cms\/#website\",\"url\":\"https:\/\/www.civiltalaica.it\/cms\/\",\"name\":\"Associazione Culturale Civilt\u00e0 Laica\",\"description\":\"Per un movimento culturale volto a difendere la Laicit\u00e0 dello Stato.\",\"potentialAction\":[{\"@type\":\"SearchAction\",\"target\":{\"@type\":\"EntryPoint\",\"urlTemplate\":\"https:\/\/www.civiltalaica.it\/cms\/?s={search_term_string}\"},\"query-input\":{\"@type\":\"PropertyValueSpecification\",\"valueRequired\":true,\"valueName\":\"search_term_string\"}}],\"inLanguage\":\"it-IT\"},{\"@type\":\"Person\",\"@id\":\"https:\/\/www.civiltalaica.it\/cms\/#\/schema\/person\/270807477b89db5062d33dcce0d1944e\",\"name\":\"Agnieszka Goclowska\",\"sameAs\":[\"http:\/\/katapulta.eu\/\"],\"url\":\"https:\/\/www.civiltalaica.it\/cms\/author\/katapulta\/\"}]}<\/script>\n<!-- \/ Yoast SEO plugin. -->","yoast_head_json":{"title":"RIVISTA \u201cCIVILT\u00c0 LAICA\u201d N. 38 - Evolution Day Magazine - Associazione Culturale Civilt\u00e0 Laica","description":"Grazia al civilt\u00e0 Laica da 20 anni a Terni il Darwin Day e l'Evolution Day.","robots":{"index":"index","follow":"follow","max-snippet":"max-snippet:-1","max-image-preview":"max-image-preview:large","max-video-preview":"max-video-preview:-1"},"canonical":"https:\/\/www.civiltalaica.it\/cms\/rivista-civilta-laica-n-38-evolution-day-magazine\/","og_locale":"it_IT","og_type":"article","og_title":"RIVISTA \u201cCIVILT\u00c0 LAICA\u201d N. 38 - Evolution Day Magazine - Associazione Culturale Civilt\u00e0 Laica","og_description":"Grazia al civilt\u00e0 Laica da 20 anni a Terni il Darwin Day e l'Evolution Day.","og_url":"https:\/\/www.civiltalaica.it\/cms\/rivista-civilta-laica-n-38-evolution-day-magazine\/","og_site_name":"Associazione Culturale Civilt\u00e0 Laica","article_publisher":"https:\/\/www.facebook.com\/civiltalaica","article_published_time":"2025-04-15T09:41:53+00:00","article_modified_time":"2025-04-15T13:02:49+00:00","og_image":[{"width":623,"height":870,"url":"https:\/\/www.civiltalaica.it\/cms\/wp-content\/uploads\/2025\/04\/cl38-c.jpg","type":"image\/jpeg"}],"author":"Agnieszka Goclowska","twitter_card":"summary_large_image","twitter_misc":{"Scritto da":"Agnieszka Goclowska","Tempo di lettura stimato":"4 minuti"},"schema":{"@context":"https:\/\/schema.org","@graph":[{"@type":"Article","@id":"https:\/\/www.civiltalaica.it\/cms\/rivista-civilta-laica-n-38-evolution-day-magazine\/#article","isPartOf":{"@id":"https:\/\/www.civiltalaica.it\/cms\/rivista-civilta-laica-n-38-evolution-day-magazine\/"},"author":{"name":"Agnieszka Goclowska","@id":"https:\/\/www.civiltalaica.it\/cms\/#\/schema\/person\/270807477b89db5062d33dcce0d1944e"},"headline":"RIVISTA \u201cCIVILT\u00c0 LAICA\u201d N. 38 &#8211; Evolution Day Magazine","datePublished":"2025-04-15T09:41:53+00:00","dateModified":"2025-04-15T13:02:49+00:00","mainEntityOfPage":{"@id":"https:\/\/www.civiltalaica.it\/cms\/rivista-civilta-laica-n-38-evolution-day-magazine\/"},"wordCount":530,"image":{"@id":"https:\/\/www.civiltalaica.it\/cms\/rivista-civilta-laica-n-38-evolution-day-magazine\/#primaryimage"},"thumbnailUrl":"https:\/\/www.civiltalaica.it\/cms\/wp-content\/uploads\/2025\/04\/cl38-c.jpg","keywords":["alessandro chiometti","darwin","ecvoluzione","guido barbujani","telmo pievani"],"articleSection":["in evidenza","rivista"],"inLanguage":"it-IT"},{"@type":"WebPage","@id":"https:\/\/www.civiltalaica.it\/cms\/rivista-civilta-laica-n-38-evolution-day-magazine\/","url":"https:\/\/www.civiltalaica.it\/cms\/rivista-civilta-laica-n-38-evolution-day-magazine\/","name":"RIVISTA \u201cCIVILT\u00c0 LAICA\u201d N. 38 - Evolution Day Magazine - Associazione Culturale Civilt\u00e0 Laica","isPartOf":{"@id":"https:\/\/www.civiltalaica.it\/cms\/#website"},"primaryImageOfPage":{"@id":"https:\/\/www.civiltalaica.it\/cms\/rivista-civilta-laica-n-38-evolution-day-magazine\/#primaryimage"},"image":{"@id":"https:\/\/www.civiltalaica.it\/cms\/rivista-civilta-laica-n-38-evolution-day-magazine\/#primaryimage"},"thumbnailUrl":"https:\/\/www.civiltalaica.it\/cms\/wp-content\/uploads\/2025\/04\/cl38-c.jpg","datePublished":"2025-04-15T09:41:53+00:00","dateModified":"2025-04-15T13:02:49+00:00","author":{"@id":"https:\/\/www.civiltalaica.it\/cms\/#\/schema\/person\/270807477b89db5062d33dcce0d1944e"},"description":"Grazia al civilt\u00e0 Laica da 20 anni a Terni il Darwin Day e l'Evolution Day.","breadcrumb":{"@id":"https:\/\/www.civiltalaica.it\/cms\/rivista-civilta-laica-n-38-evolution-day-magazine\/#breadcrumb"},"inLanguage":"it-IT","potentialAction":[{"@type":"ReadAction","target":["https:\/\/www.civiltalaica.it\/cms\/rivista-civilta-laica-n-38-evolution-day-magazine\/"]}]},{"@type":"ImageObject","inLanguage":"it-IT","@id":"https:\/\/www.civiltalaica.it\/cms\/rivista-civilta-laica-n-38-evolution-day-magazine\/#primaryimage","url":"https:\/\/www.civiltalaica.it\/cms\/wp-content\/uploads\/2025\/04\/cl38-c.jpg","contentUrl":"https:\/\/www.civiltalaica.it\/cms\/wp-content\/uploads\/2025\/04\/cl38-c.jpg","width":623,"height":870},{"@type":"BreadcrumbList","@id":"https:\/\/www.civiltalaica.it\/cms\/rivista-civilta-laica-n-38-evolution-day-magazine\/#breadcrumb","itemListElement":[{"@type":"ListItem","position":1,"name":"Home","item":"https:\/\/www.civiltalaica.it\/cms\/"},{"@type":"ListItem","position":2,"name":"RIVISTA \u201cCIVILT\u00c0 LAICA\u201d N. 38 &#8211; Evolution Day Magazine"}]},{"@type":"WebSite","@id":"https:\/\/www.civiltalaica.it\/cms\/#website","url":"https:\/\/www.civiltalaica.it\/cms\/","name":"Associazione Culturale Civilt\u00e0 Laica","description":"Per un movimento culturale volto a difendere la Laicit\u00e0 dello Stato.","potentialAction":[{"@type":"SearchAction","target":{"@type":"EntryPoint","urlTemplate":"https:\/\/www.civiltalaica.it\/cms\/?s={search_term_string}"},"query-input":{"@type":"PropertyValueSpecification","valueRequired":true,"valueName":"search_term_string"}}],"inLanguage":"it-IT"},{"@type":"Person","@id":"https:\/\/www.civiltalaica.it\/cms\/#\/schema\/person\/270807477b89db5062d33dcce0d1944e","name":"Agnieszka Goclowska","sameAs":["http:\/\/katapulta.eu\/"],"url":"https:\/\/www.civiltalaica.it\/cms\/author\/katapulta\/"}]}},"_links":{"self":[{"href":"https:\/\/www.civiltalaica.it\/cms\/wp-json\/wp\/v2\/posts\/34631","targetHints":{"allow":["GET"]}}],"collection":[{"href":"https:\/\/www.civiltalaica.it\/cms\/wp-json\/wp\/v2\/posts"}],"about":[{"href":"https:\/\/www.civiltalaica.it\/cms\/wp-json\/wp\/v2\/types\/post"}],"author":[{"embeddable":true,"href":"https:\/\/www.civiltalaica.it\/cms\/wp-json\/wp\/v2\/users\/14"}],"replies":[{"embeddable":true,"href":"https:\/\/www.civiltalaica.it\/cms\/wp-json\/wp\/v2\/comments?post=34631"}],"version-history":[{"count":5,"href":"https:\/\/www.civiltalaica.it\/cms\/wp-json\/wp\/v2\/posts\/34631\/revisions"}],"predecessor-version":[{"id":34637,"href":"https:\/\/www.civiltalaica.it\/cms\/wp-json\/wp\/v2\/posts\/34631\/revisions\/34637"}],"wp:featuredmedia":[{"embeddable":true,"href":"https:\/\/www.civiltalaica.it\/cms\/wp-json\/wp\/v2\/media\/34629"}],"wp:attachment":[{"href":"https:\/\/www.civiltalaica.it\/cms\/wp-json\/wp\/v2\/media?parent=34631"}],"wp:term":[{"taxonomy":"category","embeddable":true,"href":"https:\/\/www.civiltalaica.it\/cms\/wp-json\/wp\/v2\/categories?post=34631"},{"taxonomy":"post_tag","embeddable":true,"href":"https:\/\/www.civiltalaica.it\/cms\/wp-json\/wp\/v2\/tags?post=34631"}],"curies":[{"name":"wp","href":"https:\/\/api.w.org\/{rel}","templated":true}]}}