{"id":33258,"date":"2025-02-13T11:09:19","date_gmt":"2025-02-13T11:09:19","guid":{"rendered":"https:\/\/www.civiltalaica.it\/cms\/?p=33258"},"modified":"2025-02-13T14:13:14","modified_gmt":"2025-02-13T14:13:14","slug":"rassegna-stampa-10-15-febbraio-2025","status":"publish","type":"post","link":"https:\/\/www.civiltalaica.it\/cms\/rassegna-stampa-10-15-febbraio-2025\/","title":{"rendered":"RASSEGNA STAMPA 10-15 FEBBRAIO 2025"},"content":{"rendered":"<h4><a href=\"https:\/\/www.civiltalaica.it\/cms\/wp-content\/uploads\/2025\/02\/DSC_8222-scaled.jpg\"><img loading=\"lazy\" decoding=\"async\" class=\"alignnone size-large wp-image-33259\" src=\"https:\/\/www.civiltalaica.it\/cms\/wp-content\/uploads\/2025\/02\/DSC_8222-1024x683.jpg\" alt=\"\" width=\"1024\" height=\"683\" srcset=\"https:\/\/www.civiltalaica.it\/cms\/wp-content\/uploads\/2025\/02\/DSC_8222-1024x683.jpg 1024w, https:\/\/www.civiltalaica.it\/cms\/wp-content\/uploads\/2025\/02\/DSC_8222-300x200.jpg 300w, https:\/\/www.civiltalaica.it\/cms\/wp-content\/uploads\/2025\/02\/DSC_8222-768x513.jpg 768w, https:\/\/www.civiltalaica.it\/cms\/wp-content\/uploads\/2025\/02\/DSC_8222-1536x1025.jpg 1536w, https:\/\/www.civiltalaica.it\/cms\/wp-content\/uploads\/2025\/02\/DSC_8222-2048x1367.jpg 2048w, https:\/\/www.civiltalaica.it\/cms\/wp-content\/uploads\/2025\/02\/DSC_8222-240x160.jpg 240w\" sizes=\"auto, (max-width: 1024px) 100vw, 1024px\" \/><\/a><\/h4>\n<h4><\/h4>\n<h4><a href=\"https:\/\/ilmanifesto.it\/la-cassazione-smonta-il-processo-allaccoglienza\">MIMMO LUCANO ASSOLTO DEFINITIVAMENTE DA TUTTE LE ACCUSE LEGATE ALLA GESTIONE DEL MODELLO RIACE.<\/a><br \/>\n&#8211; <a href=\"https:\/\/www.rainews.it\/articoli\/2025\/02\/cassazione-condanna-definitiva-per-mimmo-lucano-a-18-mesi-di-carcere-per-falso-02b89d7d-638d-4fa4-a69a-c5fdd12a9d6f.html\">ARTICOLO DI RAI NEW<\/a>S<br \/>\nLA CASSAZIONE PERO&#8217; CONFERMA LA CONDANNA A 18 MESI PER FALSO (UNA DELIBERA PER FAR SVOLGERE UN CONCERTO, PER CUI NESSUNO HA AVUTO DANNI DAL PROVVEDIMENTO DELLA GIUNTA),<a href=\"https:\/\/www.secoloditalia.it\/2025\/02\/lincredibile-faccia-tosta-di-ilaria-salis-su-lucano-condannato-a-18-mesi-ma-festeggiato-come-assolto\/\"> I SUOI HATERS NEOFASCISTI POSSONO COSI&#8217; CONTINUARE LA PROPAGANDA RAZZISTA<\/a>.<\/h4>\n<h4><\/h4>\n<h4><a href=\"https:\/\/www.ilfattoquotidiano.it\/2025\/02\/13\/pace-ucraina-scholz-medvedev\/7876092\/\">MEDVEDEV: L&#8217;UE \u00e8 stata lasciata fuori dai negoziati di pace in Ucraina perch\u00e9 \u00e8 debole e inutile.\u00a0<\/a><br \/>\n<a href=\"https:\/\/www.ilfattoquotidiano.it\/2025\/02\/13\/pace-ucraina-scholz-medvedev\/7876092\/\">E la Kellas vuol fermare la pace perch\u00e9 \u00e8 pericolosa.\u00a0<\/a><\/h4>\n<p>&nbsp;<\/p>\n<h4><a href=\"https:\/\/www.ilfattoquotidiano.it\/2025\/02\/13\/il-senato-avvia-la-depenalizzazione-del-reato-di-insider-trading-come-chiesto-dagli-operatori-dei-mercati\/7876173\/\">L&#8217;Italia \u00e8 sempre pi\u00f9 Assurdistan o Repubblica delle banane che dir si voglia. Si va verso la depenalizzazione dell&#8217;insider trading, una manna per chi \u00e8 in conflitto d&#8217;interesse.<\/a><\/h4>\n<p>&nbsp;<\/p>\n<h4><a href=\"https:\/\/peanuts.fandom.com\/wiki\/February_2000_comic_strips\">25 anni fa, le ultime strisce dei Peanuts.\u00a0<\/a><\/h4>\n<h4><\/h4>\n<h4><a href=\"https:\/\/www.ilpost.it\/2024\/04\/22\/animali-cultura\/\">Le culture animali<\/a><\/h4>\n<h4><\/h4>\n<h4><a href=\"https:\/\/www.ilpost.it\/2025\/02\/12\/terni-parma-detenuti-carcere-sesso-intimita-ordinanze\/?homepagePosition=13\">Il sesso in carcere non \u00e8 pi\u00f9 un tab\u00f9<\/a><\/h4>\n","protected":false},"excerpt":{"rendered":"<p>MIMMO LUCANO ASSOLTO DEFINITIVAMENTE DA TUTTE LE ACCUSE LEGATE ALLA GESTIONE DEL MODELLO RIACE. &#8211; ARTICOLO DI RAI NEWS LA CASSAZIONE PERO&#8217; CONFERMA LA CONDANNA A 18 MESI PER FALSO (UNA DELIBERA PER FAR SVOLGERE UN CONCERTO, PER CUI NESSUNO HA AVUTO DANNI DAL PROVVEDIMENTO DELLA GIUNTA), I SUOI HATERS NEOFASCISTI POSSONO COSI&#8217; CONTINUARE LA [&hellip;]<\/p>\n","protected":false},"author":7,"featured_media":33259,"comment_status":"closed","ping_status":"closed","sticky":false,"template":"","format":"standard","meta":{"footnotes":""},"categories":[238,228],"tags":[1971],"class_list":["post-33258","post","type-post","status-publish","format-standard","has-post-thumbnail","hentry","category-articoli","category-blog","tag-rassegna-stampa"],"yoast_head":"<!-- This site is optimized with the Yoast SEO plugin v27.1.1 - https:\/\/yoast.com\/product\/yoast-seo-wordpress\/ -->\n<title>RASSEGNA STAMPA 10-15 FEBBRAIO 2025 - Associazione Culturale Civilt\u00e0 Laica<\/title>\n<meta name=\"description\" content=\"rassgena stampa di una stampa rassegnata nella seconda settimana di febbraio\" \/>\n<meta name=\"robots\" content=\"index, follow, max-snippet:-1, max-image-preview:large, max-video-preview:-1\" \/>\n<link rel=\"canonical\" href=\"https:\/\/www.civiltalaica.it\/cms\/rassegna-stampa-10-15-febbraio-2025\/\" \/>\n<meta property=\"og:locale\" content=\"it_IT\" \/>\n<meta property=\"og:type\" content=\"article\" \/>\n<meta property=\"og:title\" content=\"RASSEGNA STAMPA 10-15 FEBBRAIO 2025 - Associazione Culturale Civilt\u00e0 Laica\" \/>\n<meta property=\"og:description\" content=\"rassgena stampa di una stampa rassegnata nella seconda settimana di febbraio\" \/>\n<meta property=\"og:url\" content=\"https:\/\/www.civiltalaica.it\/cms\/rassegna-stampa-10-15-febbraio-2025\/\" \/>\n<meta property=\"og:site_name\" content=\"Associazione Culturale Civilt\u00e0 Laica\" \/>\n<meta property=\"article:publisher\" content=\"https:\/\/www.facebook.com\/civiltalaica\" \/>\n<meta property=\"article:published_time\" content=\"2025-02-13T11:09:19+00:00\" \/>\n<meta property=\"article:modified_time\" content=\"2025-02-13T14:13:14+00:00\" \/>\n<meta property=\"og:image\" content=\"https:\/\/www.civiltalaica.it\/cms\/wp-content\/uploads\/2025\/02\/DSC_8222-scaled.jpg\" \/>\n\t<meta property=\"og:image:width\" content=\"2560\" \/>\n\t<meta property=\"og:image:height\" content=\"1709\" \/>\n\t<meta property=\"og:image:type\" content=\"image\/jpeg\" \/>\n<meta name=\"author\" content=\"alexjc\" \/>\n<meta name=\"twitter:card\" content=\"summary_large_image\" \/>\n<meta name=\"twitter:label1\" content=\"Scritto da\" \/>\n\t<meta name=\"twitter:data1\" content=\"alexjc\" \/>\n\t<meta name=\"twitter:label2\" content=\"Tempo di lettura stimato\" \/>\n\t<meta name=\"twitter:data2\" content=\"2 minuti\" \/>\n<script type=\"application\/ld+json\" class=\"yoast-schema-graph\">{\"@context\":\"https:\/\/schema.org\",\"@graph\":[{\"@type\":\"Article\",\"@id\":\"https:\/\/www.civiltalaica.it\/cms\/rassegna-stampa-10-15-febbraio-2025\/#article\",\"isPartOf\":{\"@id\":\"https:\/\/www.civiltalaica.it\/cms\/rassegna-stampa-10-15-febbraio-2025\/\"},\"author\":{\"name\":\"alexjc\",\"@id\":\"https:\/\/www.civiltalaica.it\/cms\/#\/schema\/person\/4efef56f866329a1e0943eb27336df1d\"},\"headline\":\"RASSEGNA STAMPA 10-15 FEBBRAIO 2025\",\"datePublished\":\"2025-02-13T11:09:19+00:00\",\"dateModified\":\"2025-02-13T14:13:14+00:00\",\"mainEntityOfPage\":{\"@id\":\"https:\/\/www.civiltalaica.it\/cms\/rassegna-stampa-10-15-febbraio-2025\/\"},\"wordCount\":130,\"image\":{\"@id\":\"https:\/\/www.civiltalaica.it\/cms\/rassegna-stampa-10-15-febbraio-2025\/#primaryimage\"},\"thumbnailUrl\":\"https:\/\/www.civiltalaica.it\/cms\/wp-content\/uploads\/2025\/02\/DSC_8222-scaled.jpg\",\"keywords\":[\"rassegna stampa\"],\"articleSection\":[\"articoli\",\"blog\"],\"inLanguage\":\"it-IT\"},{\"@type\":\"WebPage\",\"@id\":\"https:\/\/www.civiltalaica.it\/cms\/rassegna-stampa-10-15-febbraio-2025\/\",\"url\":\"https:\/\/www.civiltalaica.it\/cms\/rassegna-stampa-10-15-febbraio-2025\/\",\"name\":\"RASSEGNA STAMPA 10-15 FEBBRAIO 2025 - Associazione Culturale Civilt\u00e0 Laica\",\"isPartOf\":{\"@id\":\"https:\/\/www.civiltalaica.it\/cms\/#website\"},\"primaryImageOfPage\":{\"@id\":\"https:\/\/www.civiltalaica.it\/cms\/rassegna-stampa-10-15-febbraio-2025\/#primaryimage\"},\"image\":{\"@id\":\"https:\/\/www.civiltalaica.it\/cms\/rassegna-stampa-10-15-febbraio-2025\/#primaryimage\"},\"thumbnailUrl\":\"https:\/\/www.civiltalaica.it\/cms\/wp-content\/uploads\/2025\/02\/DSC_8222-scaled.jpg\",\"datePublished\":\"2025-02-13T11:09:19+00:00\",\"dateModified\":\"2025-02-13T14:13:14+00:00\",\"author\":{\"@id\":\"https:\/\/www.civiltalaica.it\/cms\/#\/schema\/person\/4efef56f866329a1e0943eb27336df1d\"},\"description\":\"rassgena stampa di una stampa rassegnata nella seconda settimana di febbraio\",\"breadcrumb\":{\"@id\":\"https:\/\/www.civiltalaica.it\/cms\/rassegna-stampa-10-15-febbraio-2025\/#breadcrumb\"},\"inLanguage\":\"it-IT\",\"potentialAction\":[{\"@type\":\"ReadAction\",\"target\":[\"https:\/\/www.civiltalaica.it\/cms\/rassegna-stampa-10-15-febbraio-2025\/\"]}]},{\"@type\":\"ImageObject\",\"inLanguage\":\"it-IT\",\"@id\":\"https:\/\/www.civiltalaica.it\/cms\/rassegna-stampa-10-15-febbraio-2025\/#primaryimage\",\"url\":\"https:\/\/www.civiltalaica.it\/cms\/wp-content\/uploads\/2025\/02\/DSC_8222-scaled.jpg\",\"contentUrl\":\"https:\/\/www.civiltalaica.it\/cms\/wp-content\/uploads\/2025\/02\/DSC_8222-scaled.jpg\",\"width\":2560,\"height\":1709},{\"@type\":\"BreadcrumbList\",\"@id\":\"https:\/\/www.civiltalaica.it\/cms\/rassegna-stampa-10-15-febbraio-2025\/#breadcrumb\",\"itemListElement\":[{\"@type\":\"ListItem\",\"position\":1,\"name\":\"Home\",\"item\":\"https:\/\/www.civiltalaica.it\/cms\/\"},{\"@type\":\"ListItem\",\"position\":2,\"name\":\"RASSEGNA STAMPA 10-15 FEBBRAIO 2025\"}]},{\"@type\":\"WebSite\",\"@id\":\"https:\/\/www.civiltalaica.it\/cms\/#website\",\"url\":\"https:\/\/www.civiltalaica.it\/cms\/\",\"name\":\"Associazione Culturale Civilt\u00e0 Laica\",\"description\":\"Per un movimento culturale volto a difendere la Laicit\u00e0 dello Stato.\",\"potentialAction\":[{\"@type\":\"SearchAction\",\"target\":{\"@type\":\"EntryPoint\",\"urlTemplate\":\"https:\/\/www.civiltalaica.it\/cms\/?s={search_term_string}\"},\"query-input\":{\"@type\":\"PropertyValueSpecification\",\"valueRequired\":true,\"valueName\":\"search_term_string\"}}],\"inLanguage\":\"it-IT\"},{\"@type\":\"Person\",\"@id\":\"https:\/\/www.civiltalaica.it\/cms\/#\/schema\/person\/4efef56f866329a1e0943eb27336df1d\",\"name\":\"alexjc\",\"url\":\"https:\/\/www.civiltalaica.it\/cms\/author\/alexjc\/\"}]}<\/script>\n<!-- \/ Yoast SEO plugin. -->","yoast_head_json":{"title":"RASSEGNA STAMPA 10-15 FEBBRAIO 2025 - Associazione Culturale Civilt\u00e0 Laica","description":"rassgena stampa di una stampa rassegnata nella seconda settimana di febbraio","robots":{"index":"index","follow":"follow","max-snippet":"max-snippet:-1","max-image-preview":"max-image-preview:large","max-video-preview":"max-video-preview:-1"},"canonical":"https:\/\/www.civiltalaica.it\/cms\/rassegna-stampa-10-15-febbraio-2025\/","og_locale":"it_IT","og_type":"article","og_title":"RASSEGNA STAMPA 10-15 FEBBRAIO 2025 - Associazione Culturale Civilt\u00e0 Laica","og_description":"rassgena stampa di una stampa rassegnata nella seconda settimana di febbraio","og_url":"https:\/\/www.civiltalaica.it\/cms\/rassegna-stampa-10-15-febbraio-2025\/","og_site_name":"Associazione Culturale Civilt\u00e0 Laica","article_publisher":"https:\/\/www.facebook.com\/civiltalaica","article_published_time":"2025-02-13T11:09:19+00:00","article_modified_time":"2025-02-13T14:13:14+00:00","og_image":[{"width":2560,"height":1709,"url":"https:\/\/www.civiltalaica.it\/cms\/wp-content\/uploads\/2025\/02\/DSC_8222-scaled.jpg","type":"image\/jpeg"}],"author":"alexjc","twitter_card":"summary_large_image","twitter_misc":{"Scritto da":"alexjc","Tempo di lettura stimato":"2 minuti"},"schema":{"@context":"https:\/\/schema.org","@graph":[{"@type":"Article","@id":"https:\/\/www.civiltalaica.it\/cms\/rassegna-stampa-10-15-febbraio-2025\/#article","isPartOf":{"@id":"https:\/\/www.civiltalaica.it\/cms\/rassegna-stampa-10-15-febbraio-2025\/"},"author":{"name":"alexjc","@id":"https:\/\/www.civiltalaica.it\/cms\/#\/schema\/person\/4efef56f866329a1e0943eb27336df1d"},"headline":"RASSEGNA STAMPA 10-15 FEBBRAIO 2025","datePublished":"2025-02-13T11:09:19+00:00","dateModified":"2025-02-13T14:13:14+00:00","mainEntityOfPage":{"@id":"https:\/\/www.civiltalaica.it\/cms\/rassegna-stampa-10-15-febbraio-2025\/"},"wordCount":130,"image":{"@id":"https:\/\/www.civiltalaica.it\/cms\/rassegna-stampa-10-15-febbraio-2025\/#primaryimage"},"thumbnailUrl":"https:\/\/www.civiltalaica.it\/cms\/wp-content\/uploads\/2025\/02\/DSC_8222-scaled.jpg","keywords":["rassegna stampa"],"articleSection":["articoli","blog"],"inLanguage":"it-IT"},{"@type":"WebPage","@id":"https:\/\/www.civiltalaica.it\/cms\/rassegna-stampa-10-15-febbraio-2025\/","url":"https:\/\/www.civiltalaica.it\/cms\/rassegna-stampa-10-15-febbraio-2025\/","name":"RASSEGNA STAMPA 10-15 FEBBRAIO 2025 - Associazione Culturale Civilt\u00e0 Laica","isPartOf":{"@id":"https:\/\/www.civiltalaica.it\/cms\/#website"},"primaryImageOfPage":{"@id":"https:\/\/www.civiltalaica.it\/cms\/rassegna-stampa-10-15-febbraio-2025\/#primaryimage"},"image":{"@id":"https:\/\/www.civiltalaica.it\/cms\/rassegna-stampa-10-15-febbraio-2025\/#primaryimage"},"thumbnailUrl":"https:\/\/www.civiltalaica.it\/cms\/wp-content\/uploads\/2025\/02\/DSC_8222-scaled.jpg","datePublished":"2025-02-13T11:09:19+00:00","dateModified":"2025-02-13T14:13:14+00:00","author":{"@id":"https:\/\/www.civiltalaica.it\/cms\/#\/schema\/person\/4efef56f866329a1e0943eb27336df1d"},"description":"rassgena stampa di una stampa rassegnata nella seconda settimana di febbraio","breadcrumb":{"@id":"https:\/\/www.civiltalaica.it\/cms\/rassegna-stampa-10-15-febbraio-2025\/#breadcrumb"},"inLanguage":"it-IT","potentialAction":[{"@type":"ReadAction","target":["https:\/\/www.civiltalaica.it\/cms\/rassegna-stampa-10-15-febbraio-2025\/"]}]},{"@type":"ImageObject","inLanguage":"it-IT","@id":"https:\/\/www.civiltalaica.it\/cms\/rassegna-stampa-10-15-febbraio-2025\/#primaryimage","url":"https:\/\/www.civiltalaica.it\/cms\/wp-content\/uploads\/2025\/02\/DSC_8222-scaled.jpg","contentUrl":"https:\/\/www.civiltalaica.it\/cms\/wp-content\/uploads\/2025\/02\/DSC_8222-scaled.jpg","width":2560,"height":1709},{"@type":"BreadcrumbList","@id":"https:\/\/www.civiltalaica.it\/cms\/rassegna-stampa-10-15-febbraio-2025\/#breadcrumb","itemListElement":[{"@type":"ListItem","position":1,"name":"Home","item":"https:\/\/www.civiltalaica.it\/cms\/"},{"@type":"ListItem","position":2,"name":"RASSEGNA STAMPA 10-15 FEBBRAIO 2025"}]},{"@type":"WebSite","@id":"https:\/\/www.civiltalaica.it\/cms\/#website","url":"https:\/\/www.civiltalaica.it\/cms\/","name":"Associazione Culturale Civilt\u00e0 Laica","description":"Per un movimento culturale volto a difendere la Laicit\u00e0 dello Stato.","potentialAction":[{"@type":"SearchAction","target":{"@type":"EntryPoint","urlTemplate":"https:\/\/www.civiltalaica.it\/cms\/?s={search_term_string}"},"query-input":{"@type":"PropertyValueSpecification","valueRequired":true,"valueName":"search_term_string"}}],"inLanguage":"it-IT"},{"@type":"Person","@id":"https:\/\/www.civiltalaica.it\/cms\/#\/schema\/person\/4efef56f866329a1e0943eb27336df1d","name":"alexjc","url":"https:\/\/www.civiltalaica.it\/cms\/author\/alexjc\/"}]}},"_links":{"self":[{"href":"https:\/\/www.civiltalaica.it\/cms\/wp-json\/wp\/v2\/posts\/33258","targetHints":{"allow":["GET"]}}],"collection":[{"href":"https:\/\/www.civiltalaica.it\/cms\/wp-json\/wp\/v2\/posts"}],"about":[{"href":"https:\/\/www.civiltalaica.it\/cms\/wp-json\/wp\/v2\/types\/post"}],"author":[{"embeddable":true,"href":"https:\/\/www.civiltalaica.it\/cms\/wp-json\/wp\/v2\/users\/7"}],"replies":[{"embeddable":true,"href":"https:\/\/www.civiltalaica.it\/cms\/wp-json\/wp\/v2\/comments?post=33258"}],"version-history":[{"count":4,"href":"https:\/\/www.civiltalaica.it\/cms\/wp-json\/wp\/v2\/posts\/33258\/revisions"}],"predecessor-version":[{"id":33263,"href":"https:\/\/www.civiltalaica.it\/cms\/wp-json\/wp\/v2\/posts\/33258\/revisions\/33263"}],"wp:featuredmedia":[{"embeddable":true,"href":"https:\/\/www.civiltalaica.it\/cms\/wp-json\/wp\/v2\/media\/33259"}],"wp:attachment":[{"href":"https:\/\/www.civiltalaica.it\/cms\/wp-json\/wp\/v2\/media?parent=33258"}],"wp:term":[{"taxonomy":"category","embeddable":true,"href":"https:\/\/www.civiltalaica.it\/cms\/wp-json\/wp\/v2\/categories?post=33258"},{"taxonomy":"post_tag","embeddable":true,"href":"https:\/\/www.civiltalaica.it\/cms\/wp-json\/wp\/v2\/tags?post=33258"}],"curies":[{"name":"wp","href":"https:\/\/api.w.org\/{rel}","templated":true}]}}