{"id":315,"date":"2005-04-10T22:36:26","date_gmt":"2005-04-10T22:36:26","guid":{"rendered":""},"modified":"2011-01-26T10:15:08","modified_gmt":"2011-01-26T10:15:08","slug":"i-sette-predecessori-tedeschi","status":"publish","type":"post","link":"https:\/\/www.civiltalaica.it\/cms\/i-sette-predecessori-tedeschi\/","title":{"rendered":"I sette predecessori tedeschi"},"content":{"rendered":"<p><strong>&quot;I SETTE PREDECESSORI TEDESCHI&#8230;<br \/>IN REALT\u00c0 FURONO SEI, FORS&#39;ANCHE CINQUE&quot;<\/strong><\/p>\n<p>1) L&#39;elezione di Joseph Ratzinger a Papa ha evidentemente sollecitato&#160; i pi\u00f9 solerti dei giornalisti a compulsare qualche testo di Storia della Chiesa, onde rendere edotto sia il colto che l&#39;inclita su quanti siano stati i Tedeschi, assunti al rango di Pontefici, prima di Benedetto XVI.<br \/>Cos\u00ec, tra una tartina e una coppa di spumante, d&#39;altra parte la carne \u00e8 debole, qualche mezzobusto del teleschermo, nonch\u00e9 alcuni ma\u00eetre \u00e0 penser della carta stampata hanno dispensato la chicca alla &quot;platea mondiale&quot; degli ascoltatori e dei lettori: sette sono stati i predecessori tedeschi dell&#39;attuale Papa.<\/p>\n<p><!--more--><br \/>Pertanto, tenuto anche conto delle richieste innumeri 1) di chiarimenti ed approfondimenti, da cui il nostro sito \u00e8 stato letteralmente tempestato, pensiamo di svolgere un servizio di pubblica utlit\u00e0, fors&#39;anche di fare cosa buona e giusta, nel fornire dei ragguagli sui successori di Pietro di origine tedesca.<br \/>Tra l&#39;altro, sette non \u00e8 il numero esatto, pur essendo stato dato in maniera pressoch\u00e9 unanime, come di consueto, dai mass media, omologati ed omologanti.<br \/>Tuttavia, prima di fornire le necessarie chiarificazioni al riguardo, una se ne impone come preliminare.<\/p>\n<p><a href=\"..\/..\/..\/documenti\/bruschini\/7 predecessori.pdf\" target=\"_blank\">File in formato pdf<\/a><a target=\"_blank\" href=\"http:\/\/it.openoffice.org\/doc\/utenti\/guide.html\" \/><\/p>\n","protected":false},"excerpt":{"rendered":"<p>&quot;I SETTE PREDECESSORI TEDESCHI&#8230;IN REALT\u00c0 FURONO SEI, FORS&#39;ANCHE CINQUE&quot; 1) L&#39;elezione di Joseph Ratzinger a Papa ha evidentemente sollecitato&#160; i pi\u00f9 solerti dei giornalisti a compulsare qualche testo di Storia della Chiesa, onde rendere edotto sia il colto che l&#39;inclita su quanti siano stati i Tedeschi, assunti al rango di Pontefici, prima di Benedetto XVI.Cos\u00ec, [&hellip;]<\/p>\n","protected":false},"author":1,"featured_media":0,"comment_status":"closed","ping_status":"closed","sticky":false,"template":"","format":"standard","meta":{"footnotes":""},"categories":[238],"tags":[24],"class_list":["post-315","post","type-post","status-publish","format-standard","hentry","category-articoli","tag-storia-e-attualita-v-bruschini"],"yoast_head":"<!-- This site is optimized with the Yoast SEO plugin v27.1.1 - https:\/\/yoast.com\/product\/yoast-seo-wordpress\/ -->\n<title>I sette predecessori tedeschi - Associazione Culturale Civilt\u00e0 Laica<\/title>\n<meta name=\"robots\" content=\"index, follow, max-snippet:-1, max-image-preview:large, max-video-preview:-1\" \/>\n<link rel=\"canonical\" href=\"https:\/\/www.civiltalaica.it\/cms\/i-sette-predecessori-tedeschi\/\" \/>\n<meta property=\"og:locale\" content=\"it_IT\" \/>\n<meta property=\"og:type\" content=\"article\" \/>\n<meta property=\"og:title\" content=\"I sette predecessori tedeschi - Associazione Culturale Civilt\u00e0 Laica\" \/>\n<meta property=\"og:description\" content=\"&quot;I SETTE PREDECESSORI TEDESCHI&#8230;IN REALT\u00c0 FURONO SEI, FORS&#039;ANCHE CINQUE&quot; 1) L&#039;elezione di Joseph Ratzinger a Papa ha evidentemente sollecitato&#160; i pi\u00f9 solerti dei giornalisti a compulsare qualche testo di Storia della Chiesa, onde rendere edotto sia il colto che l&#039;inclita su quanti siano stati i Tedeschi, assunti al rango di Pontefici, prima di Benedetto XVI.Cos\u00ec, [&hellip;]\" \/>\n<meta property=\"og:url\" content=\"https:\/\/www.civiltalaica.it\/cms\/i-sette-predecessori-tedeschi\/\" \/>\n<meta property=\"og:site_name\" content=\"Associazione Culturale Civilt\u00e0 Laica\" \/>\n<meta property=\"article:publisher\" content=\"https:\/\/www.facebook.com\/civiltalaica\" \/>\n<meta property=\"article:published_time\" content=\"2005-04-10T22:36:26+00:00\" \/>\n<meta property=\"article:modified_time\" content=\"2011-01-26T10:15:08+00:00\" \/>\n<meta property=\"og:image\" content=\"https:\/\/www.civiltalaica.it\/cms\/wp-content\/uploads\/2017\/06\/logo-cl.png\" \/>\n\t<meta property=\"og:image:width\" content=\"400\" \/>\n\t<meta property=\"og:image:height\" content=\"180\" \/>\n\t<meta property=\"og:image:type\" content=\"image\/png\" \/>\n<meta name=\"author\" content=\"cladmin\" \/>\n<meta name=\"twitter:card\" content=\"summary_large_image\" \/>\n<meta name=\"twitter:label1\" content=\"Scritto da\" \/>\n\t<meta name=\"twitter:data1\" content=\"cladmin\" \/>\n\t<meta name=\"twitter:label2\" content=\"Tempo di lettura stimato\" \/>\n\t<meta name=\"twitter:data2\" content=\"1 minuto\" \/>\n<script type=\"application\/ld+json\" class=\"yoast-schema-graph\">{\"@context\":\"https:\/\/schema.org\",\"@graph\":[{\"@type\":\"Article\",\"@id\":\"https:\/\/www.civiltalaica.it\/cms\/i-sette-predecessori-tedeschi\/#article\",\"isPartOf\":{\"@id\":\"https:\/\/www.civiltalaica.it\/cms\/i-sette-predecessori-tedeschi\/\"},\"author\":{\"name\":\"cladmin\",\"@id\":\"https:\/\/www.civiltalaica.it\/cms\/#\/schema\/person\/500a52762e2620e007d6333aa121f5e5\"},\"headline\":\"I sette predecessori tedeschi\",\"datePublished\":\"2005-04-10T22:36:26+00:00\",\"dateModified\":\"2011-01-26T10:15:08+00:00\",\"mainEntityOfPage\":{\"@id\":\"https:\/\/www.civiltalaica.it\/cms\/i-sette-predecessori-tedeschi\/\"},\"wordCount\":204,\"keywords\":[\"Storia e attualit\u00e0 (V. Bruschini)\"],\"articleSection\":[\"articoli\"],\"inLanguage\":\"it-IT\"},{\"@type\":\"WebPage\",\"@id\":\"https:\/\/www.civiltalaica.it\/cms\/i-sette-predecessori-tedeschi\/\",\"url\":\"https:\/\/www.civiltalaica.it\/cms\/i-sette-predecessori-tedeschi\/\",\"name\":\"I sette predecessori tedeschi - Associazione Culturale Civilt\u00e0 Laica\",\"isPartOf\":{\"@id\":\"https:\/\/www.civiltalaica.it\/cms\/#website\"},\"datePublished\":\"2005-04-10T22:36:26+00:00\",\"dateModified\":\"2011-01-26T10:15:08+00:00\",\"author\":{\"@id\":\"https:\/\/www.civiltalaica.it\/cms\/#\/schema\/person\/500a52762e2620e007d6333aa121f5e5\"},\"breadcrumb\":{\"@id\":\"https:\/\/www.civiltalaica.it\/cms\/i-sette-predecessori-tedeschi\/#breadcrumb\"},\"inLanguage\":\"it-IT\",\"potentialAction\":[{\"@type\":\"ReadAction\",\"target\":[\"https:\/\/www.civiltalaica.it\/cms\/i-sette-predecessori-tedeschi\/\"]}]},{\"@type\":\"BreadcrumbList\",\"@id\":\"https:\/\/www.civiltalaica.it\/cms\/i-sette-predecessori-tedeschi\/#breadcrumb\",\"itemListElement\":[{\"@type\":\"ListItem\",\"position\":1,\"name\":\"Home\",\"item\":\"https:\/\/www.civiltalaica.it\/cms\/\"},{\"@type\":\"ListItem\",\"position\":2,\"name\":\"Incontro ad Attigliano (Tr)\",\"item\":\"https:\/\/www.civiltalaica.it\/cms\/incontro-ad-attigliano-tr\/\"},{\"@type\":\"ListItem\",\"position\":3,\"name\":\"I sette predecessori tedeschi\"}]},{\"@type\":\"WebSite\",\"@id\":\"https:\/\/www.civiltalaica.it\/cms\/#website\",\"url\":\"https:\/\/www.civiltalaica.it\/cms\/\",\"name\":\"Associazione Culturale Civilt\u00e0 Laica\",\"description\":\"Per un movimento culturale volto a difendere la Laicit\u00e0 dello Stato.\",\"potentialAction\":[{\"@type\":\"SearchAction\",\"target\":{\"@type\":\"EntryPoint\",\"urlTemplate\":\"https:\/\/www.civiltalaica.it\/cms\/?s={search_term_string}\"},\"query-input\":{\"@type\":\"PropertyValueSpecification\",\"valueRequired\":true,\"valueName\":\"search_term_string\"}}],\"inLanguage\":\"it-IT\"},{\"@type\":\"Person\",\"@id\":\"https:\/\/www.civiltalaica.it\/cms\/#\/schema\/person\/500a52762e2620e007d6333aa121f5e5\",\"name\":\"cladmin\",\"url\":\"https:\/\/www.civiltalaica.it\/cms\/author\/cladmin\/\"}]}<\/script>\n<!-- \/ Yoast SEO plugin. -->","yoast_head_json":{"title":"I sette predecessori tedeschi - Associazione Culturale Civilt\u00e0 Laica","robots":{"index":"index","follow":"follow","max-snippet":"max-snippet:-1","max-image-preview":"max-image-preview:large","max-video-preview":"max-video-preview:-1"},"canonical":"https:\/\/www.civiltalaica.it\/cms\/i-sette-predecessori-tedeschi\/","og_locale":"it_IT","og_type":"article","og_title":"I sette predecessori tedeschi - Associazione Culturale Civilt\u00e0 Laica","og_description":"&quot;I SETTE PREDECESSORI TEDESCHI&#8230;IN REALT\u00c0 FURONO SEI, FORS&#39;ANCHE CINQUE&quot; 1) L&#39;elezione di Joseph Ratzinger a Papa ha evidentemente sollecitato&#160; i pi\u00f9 solerti dei giornalisti a compulsare qualche testo di Storia della Chiesa, onde rendere edotto sia il colto che l&#39;inclita su quanti siano stati i Tedeschi, assunti al rango di Pontefici, prima di Benedetto XVI.Cos\u00ec, [&hellip;]","og_url":"https:\/\/www.civiltalaica.it\/cms\/i-sette-predecessori-tedeschi\/","og_site_name":"Associazione Culturale Civilt\u00e0 Laica","article_publisher":"https:\/\/www.facebook.com\/civiltalaica","article_published_time":"2005-04-10T22:36:26+00:00","article_modified_time":"2011-01-26T10:15:08+00:00","og_image":[{"width":400,"height":180,"url":"https:\/\/www.civiltalaica.it\/cms\/wp-content\/uploads\/2017\/06\/logo-cl.png","type":"image\/png"}],"author":"cladmin","twitter_card":"summary_large_image","twitter_misc":{"Scritto da":"cladmin","Tempo di lettura stimato":"1 minuto"},"schema":{"@context":"https:\/\/schema.org","@graph":[{"@type":"Article","@id":"https:\/\/www.civiltalaica.it\/cms\/i-sette-predecessori-tedeschi\/#article","isPartOf":{"@id":"https:\/\/www.civiltalaica.it\/cms\/i-sette-predecessori-tedeschi\/"},"author":{"name":"cladmin","@id":"https:\/\/www.civiltalaica.it\/cms\/#\/schema\/person\/500a52762e2620e007d6333aa121f5e5"},"headline":"I sette predecessori tedeschi","datePublished":"2005-04-10T22:36:26+00:00","dateModified":"2011-01-26T10:15:08+00:00","mainEntityOfPage":{"@id":"https:\/\/www.civiltalaica.it\/cms\/i-sette-predecessori-tedeschi\/"},"wordCount":204,"keywords":["Storia e attualit\u00e0 (V. Bruschini)"],"articleSection":["articoli"],"inLanguage":"it-IT"},{"@type":"WebPage","@id":"https:\/\/www.civiltalaica.it\/cms\/i-sette-predecessori-tedeschi\/","url":"https:\/\/www.civiltalaica.it\/cms\/i-sette-predecessori-tedeschi\/","name":"I sette predecessori tedeschi - Associazione Culturale Civilt\u00e0 Laica","isPartOf":{"@id":"https:\/\/www.civiltalaica.it\/cms\/#website"},"datePublished":"2005-04-10T22:36:26+00:00","dateModified":"2011-01-26T10:15:08+00:00","author":{"@id":"https:\/\/www.civiltalaica.it\/cms\/#\/schema\/person\/500a52762e2620e007d6333aa121f5e5"},"breadcrumb":{"@id":"https:\/\/www.civiltalaica.it\/cms\/i-sette-predecessori-tedeschi\/#breadcrumb"},"inLanguage":"it-IT","potentialAction":[{"@type":"ReadAction","target":["https:\/\/www.civiltalaica.it\/cms\/i-sette-predecessori-tedeschi\/"]}]},{"@type":"BreadcrumbList","@id":"https:\/\/www.civiltalaica.it\/cms\/i-sette-predecessori-tedeschi\/#breadcrumb","itemListElement":[{"@type":"ListItem","position":1,"name":"Home","item":"https:\/\/www.civiltalaica.it\/cms\/"},{"@type":"ListItem","position":2,"name":"Incontro ad Attigliano (Tr)","item":"https:\/\/www.civiltalaica.it\/cms\/incontro-ad-attigliano-tr\/"},{"@type":"ListItem","position":3,"name":"I sette predecessori tedeschi"}]},{"@type":"WebSite","@id":"https:\/\/www.civiltalaica.it\/cms\/#website","url":"https:\/\/www.civiltalaica.it\/cms\/","name":"Associazione Culturale Civilt\u00e0 Laica","description":"Per un movimento culturale volto a difendere la Laicit\u00e0 dello Stato.","potentialAction":[{"@type":"SearchAction","target":{"@type":"EntryPoint","urlTemplate":"https:\/\/www.civiltalaica.it\/cms\/?s={search_term_string}"},"query-input":{"@type":"PropertyValueSpecification","valueRequired":true,"valueName":"search_term_string"}}],"inLanguage":"it-IT"},{"@type":"Person","@id":"https:\/\/www.civiltalaica.it\/cms\/#\/schema\/person\/500a52762e2620e007d6333aa121f5e5","name":"cladmin","url":"https:\/\/www.civiltalaica.it\/cms\/author\/cladmin\/"}]}},"_links":{"self":[{"href":"https:\/\/www.civiltalaica.it\/cms\/wp-json\/wp\/v2\/posts\/315","targetHints":{"allow":["GET"]}}],"collection":[{"href":"https:\/\/www.civiltalaica.it\/cms\/wp-json\/wp\/v2\/posts"}],"about":[{"href":"https:\/\/www.civiltalaica.it\/cms\/wp-json\/wp\/v2\/types\/post"}],"author":[{"embeddable":true,"href":"https:\/\/www.civiltalaica.it\/cms\/wp-json\/wp\/v2\/users\/1"}],"replies":[{"embeddable":true,"href":"https:\/\/www.civiltalaica.it\/cms\/wp-json\/wp\/v2\/comments?post=315"}],"version-history":[{"count":0,"href":"https:\/\/www.civiltalaica.it\/cms\/wp-json\/wp\/v2\/posts\/315\/revisions"}],"wp:attachment":[{"href":"https:\/\/www.civiltalaica.it\/cms\/wp-json\/wp\/v2\/media?parent=315"}],"wp:term":[{"taxonomy":"category","embeddable":true,"href":"https:\/\/www.civiltalaica.it\/cms\/wp-json\/wp\/v2\/categories?post=315"},{"taxonomy":"post_tag","embeddable":true,"href":"https:\/\/www.civiltalaica.it\/cms\/wp-json\/wp\/v2\/tags?post=315"}],"curies":[{"name":"wp","href":"https:\/\/api.w.org\/{rel}","templated":true}]}}