{"id":31472,"date":"2024-11-08T14:25:46","date_gmt":"2024-11-08T14:25:46","guid":{"rendered":"https:\/\/www.civiltalaica.it\/cms\/?p=31472"},"modified":"2024-11-08T14:28:10","modified_gmt":"2024-11-08T14:28:10","slug":"premio-valerio-bruschini-2024-per-marta-bonucci","status":"publish","type":"post","link":"https:\/\/www.civiltalaica.it\/cms\/premio-valerio-bruschini-2024-per-marta-bonucci\/","title":{"rendered":"PREMIO VALERIO BRUSCHINI 2024 PER MARTA BONUCCI"},"content":{"rendered":"<p>L&#8217;APS Civilt\u00e0 Laica ha deciso di assegnare il <strong>Premio Valerio Bruschini &#8220;per la ricerca storica e l&#8217;impegno sociale&#8221; 2024<\/strong> a Marta Bonucci per il suo romanzo d&#8217;esordio &#8220;Terzo Piano&#8221;. <strong>La consegna avverr\u00e0 sabato 30 novembre alle ore 17.30 presso la &#8220;Casa delle Donne&#8221; di Terni in Via Aminale 21.<\/strong><\/p>\n<p><a href=\"https:\/\/www.civiltalaica.it\/cms\/wp-content\/uploads\/2024\/11\/martajpeg.jpg\"><img loading=\"lazy\" decoding=\"async\" class=\"alignnone size-full wp-image-31473\" src=\"https:\/\/www.civiltalaica.it\/cms\/wp-content\/uploads\/2024\/11\/martajpeg.jpg\" alt=\"\" width=\"615\" height=\"820\" srcset=\"https:\/\/www.civiltalaica.it\/cms\/wp-content\/uploads\/2024\/11\/martajpeg.jpg 615w, https:\/\/www.civiltalaica.it\/cms\/wp-content\/uploads\/2024\/11\/martajpeg-225x300.jpg 225w, https:\/\/www.civiltalaica.it\/cms\/wp-content\/uploads\/2024\/11\/martajpeg-120x160.jpg 120w\" sizes=\"auto, (max-width: 615px) 100vw, 615px\" \/><\/a><\/p>\n<p>Il riconoscimento , istituito in memoria di uno dei fondatori dell&#8217;associazione, come sempre vuole essere un ringraziamento per l&#8217;attivit\u00e0 svolta e un incoraggiamento a proseguire. Non abbiamo fondi da dare ma cerchiamo di valorizzare e promuovere le persone meritevoli e la loro attivit\u00e0.<\/p>\n<p>Riguardo il libro in oggetto viene cos\u00ec recensito\u00a0 dal nostro Alessandro Chiometti <a href=\"https:\/\/konka.zone\/alex\/blog\/about-il-terzo-piano-di-marta-bonucci\/\">sul suo blog personale.<\/a><\/p>\n<p><strong>About: Terzo Piano<\/strong><\/p>\n<p>La paura del diverso, il concetto di morale, l\u2019integrazione, la politica, la lotta armata, i cambiamenti climatici, il carcere, la famiglia, l\u2019amore paterno e l\u2019amore fra coniugi.<br \/>\n\u201cSi vabb\u00e8, e come fa a stare tutto in un romanzo di appena 131 pagine?\u201d<br \/>\n<strong>Capita quando l\u2019autrice \u00e8 brava<\/strong>; e comunque probabilmente abbiamo dimenticato qualche altro tema pur presente nelle pagine del libro. Anzi, ne siamo convinti.<\/p>\n<p>Del resto \u00e8 anche per la molteplicit\u00e0 dei temi toccati che questo libro \u00e8 ben difficile da catalogare in un genere e, seppur condividiamo con l\u2019autrice il disinteresse per la categorie inventate per aiutare i librai (figuriamoci per le sotto-categorie poi), la cosa fa riflettere.\u00a0<strong>Narrativa<\/strong>\u00a0\u00e8 l\u2019unica risposta corretta che ci viene in mente riguardo al genere del libro.<\/p>\n<p>L\u2019idea di partenza \u00e8 quella di \u201ccostringere\u201d delle persone\u00a0 che si conoscono solo\u00a0 in quanto condomini e che normalmente mal si sopportano quando si incrociano nella vita quotidiana\u00a0 e i loro rapporti sono riconducibili al classico dialogo \u201c<em>Buongiorno\/Buonasera \u2013 che tempo strano, vero? \u2013 eh s\u00ec, non ci sono pi\u00f9 le mezze stagioni! \u2013 Eh s\u00ec, d\u2019altronde \u00e8 cos\u00ec!\u201d<\/em>\u00a0a passare un bel po\u2019 di tempo insieme. Marta Bonucci per\u00f2 non sceglie la classica e fantozziana riunione di condominio, luogo deputato anche nella vita reale a far venir fuori tutte le acredini nascoste durante l\u2019anno con sorrisini di circostanza, lo fa accadere a causa di un evento eccezionale,\u00a0<strong>un\u2019alluvione<\/strong>\u00a0e quindi alla sua acqua che sale lungo i piani del condominio.<\/p>\n<p><em>E mormora e urla, sussurra, ti parla, ti schianta<br aria-hidden=\"true\" \/>Evapora in nuvole cupe rigonfie di nero<br aria-hidden=\"true\" \/>E cade e rimbalza e si muta in persona od in pianta<br aria-hidden=\"true\" \/>Diventa di terra, di vento, di sangue e pensiero<br aria-hidden=\"true\" \/>Ma a volte vorresti mangiarla o sentirtici dentro<br aria-hidden=\"true\" \/>Un sasso che l\u2019 apre, che affonda, sparisce e non sente<br aria-hidden=\"true\" \/>Vorresti scavarla, afferrarla, lo senti che \u00e8 il centro<br aria-hidden=\"true\" \/>Di questo ingranaggio continuo, confuso e vivente [\u2026]<br \/>\nMa l\u2019acqua gira e passa e non sa dirmi niente di gente, me, o di quest\u2019aria bassa<\/em><br aria-hidden=\"true\" \/><em>Ottusa e indifferente cammina e corre via lascia una scia e non gliene frega niente<br \/>\n<\/em>(Francesco Guccini \u2013\u00a0<strong>Acque<\/strong>)<\/p>\n<p>Perdonateci la divagazione, ma la canzone di Guccini ci \u00e8 venuta in mente fin dall\u2019inizio della lettura e ci ha praticamente accompagnato per ogni pagina, fino \u00e8 quando \u00e8 subentrato un altro pezzo musicale di cui vi diremo fra poco.<\/p>\n<p>La cosa potrebbe anche finire in una \u201cnormale\u201d rissa fra condomini che mal si sopportano e hanno visioni diverse su ogni argomento, ma per fortuna dei protagonisti arriva il vero nemico. Il mostro. Il fattore coalizzante che fa unire le forze del bene contro il male assoluto. In questo caso \u00e8 colui di cui tutti sanno tutto, ma lo possono solo bisbigliare dietro le spalle nella loro quotidianit\u00e0.<br \/>\nArriva a bussare alla loro porta per salvarsi dall\u2019acqua che cresce un ex carcerato. Ma non un carcerato di quelli buoni, quelli che sono stati perseguitati dai poteri forti della giustizia, o che sono stati traditi dall\u2019avvocato, o che, poveretti, hanno commesso un delitto passionale a causa della moglie fedifraga. No.<br \/>\nQuesto \u00e8 proprio un\u00a0<strong>mostro vero<\/strong>, di quelli che non hanno giustificazione alcuna.\u00a0<strong>\u00c8 un ex-terrorista<\/strong>.<\/p>\n<p><em>Sono una tela di ragno sospesa<\/em><br \/>\n<em>Sono l\u2019acqua che stagna marcita<\/em><br \/>\n<em>Sono la crosta di sangue che piaga una vecchia ferita [\u2026]<\/em><br \/>\n<em>Sono la coda nel posto sbagliato,<\/em><br \/>\n<em>gatto nero sull\u2019itinerario<\/em><br \/>\n<em>coincidenza perduta, partita da un altro binario.<\/em><br \/>\n<em>Sono la mano sudata che stringe<\/em><br \/>\n<em>Sono zucchero al posto del sale<\/em><br \/>\n<em>Sono l\u2019amante tenuta segreta che chiama a Natale.<br \/>\nE sono sabbia che punge nel letto,<\/em><br \/>\n<em>scarafaggio che ti sale addosso<\/em><br \/>\n<em>Sono quello che tende la mano\u2026al semaforo rosso.<br \/>\n<\/em>(Gianmaria Testa \u2013\u00a0<strong>Tela di ragno<\/strong>)<\/p>\n<p>Ora lasciamo perdere i dettagli (anch\u2019essi fantozziani) della cattura del terrorista Mauro e il fatto se avesse ucciso qualcuno. Sono cose che non devono distrarre dal fatto in se. Era un carcerato in quanto pericoloso terrorista, e poi siamo sicuri che non lo sia ancora? Quindi, cosa faranno i buoni? Potranno far entrare un terrorista (ex o non ex) nella loro salvifica arca di salvataggio, rappresentata da un modesto appartamento al terzo piano? E cosa rischieranno se lo faranno entrare?<\/p>\n<p>Non sveliamo altro, ma aggiungiamo che la descrizione di Mauro e della sua condizione di \u201cristretto\u201d \u00e8 una perla di perfezione sia narrativa sia psicologica e politica. Ed \u00e8 incastonata in un\u00a0<strong>romanzo d\u2019esordio da applausi<\/strong>\u00a0e da consigliare a tutti tramite il doveroso\u00a0<strong>passaparola<\/strong>\u00a0che meritano le opere meritevoli della piccola editoria indipendente.<\/p>\n","protected":false},"excerpt":{"rendered":"<p>L&#8217;APS Civilt\u00e0 Laica ha deciso di assegnare il Premio Valerio Bruschini &#8220;per la ricerca storica e l&#8217;impegno sociale&#8221; 2024 a Marta Bonucci per il suo romanzo d&#8217;esordio &#8220;Terzo Piano&#8221;. La consegna avverr\u00e0 sabato 30 novembre alle ore 17.30 presso la &#8220;Casa delle Donne&#8221; di Terni in Via Aminale 21. Il riconoscimento , istituito in memoria [&hellip;]<\/p>\n","protected":false},"author":7,"featured_media":31473,"comment_status":"closed","ping_status":"closed","sticky":false,"template":"","format":"standard","meta":{"footnotes":""},"categories":[238,231],"tags":[2251,1449,2249,1493,2203,2250],"class_list":["post-31472","post","type-post","status-publish","format-standard","has-post-thumbnail","hentry","category-articoli","category-recensioni","tag-impegno-sociale","tag-libri","tag-marta-bonucci","tag-narrativa","tag-premio-valerio-bruschini","tag-terzo-piano"],"yoast_head":"<!-- This site is optimized with the Yoast SEO plugin v27.1.1 - https:\/\/yoast.com\/product\/yoast-seo-wordpress\/ -->\n<title>PREMIO VALERIO BRUSCHINI 2024 PER MARTA BONUCCI - Associazione Culturale Civilt\u00e0 Laica<\/title>\n<meta name=\"description\" content=\"L&#039;APS Civilt\u00e0 Laica ha deciso di assegnare il Premio Valerio Bruschini 2024 a Marta Bonucci per il suo romanzo d&#039;esordio &quot;Terzo Piano&quot;.\" \/>\n<meta name=\"robots\" content=\"index, follow, max-snippet:-1, max-image-preview:large, max-video-preview:-1\" \/>\n<link rel=\"canonical\" href=\"https:\/\/www.civiltalaica.it\/cms\/premio-valerio-bruschini-2024-per-marta-bonucci\/\" \/>\n<meta property=\"og:locale\" content=\"it_IT\" \/>\n<meta property=\"og:type\" content=\"article\" \/>\n<meta property=\"og:title\" content=\"PREMIO VALERIO BRUSCHINI 2024 PER MARTA BONUCCI - Associazione Culturale Civilt\u00e0 Laica\" \/>\n<meta property=\"og:description\" content=\"L&#039;APS Civilt\u00e0 Laica ha deciso di assegnare il Premio Valerio Bruschini 2024 a Marta Bonucci per il suo romanzo d&#039;esordio &quot;Terzo Piano&quot;.\" \/>\n<meta property=\"og:url\" content=\"https:\/\/www.civiltalaica.it\/cms\/premio-valerio-bruschini-2024-per-marta-bonucci\/\" \/>\n<meta property=\"og:site_name\" content=\"Associazione Culturale Civilt\u00e0 Laica\" \/>\n<meta property=\"article:publisher\" content=\"https:\/\/www.facebook.com\/civiltalaica\" \/>\n<meta property=\"article:published_time\" content=\"2024-11-08T14:25:46+00:00\" \/>\n<meta property=\"article:modified_time\" content=\"2024-11-08T14:28:10+00:00\" \/>\n<meta property=\"og:image\" content=\"https:\/\/www.civiltalaica.it\/cms\/wp-content\/uploads\/2024\/11\/martajpeg.jpg\" \/>\n\t<meta property=\"og:image:width\" content=\"615\" \/>\n\t<meta property=\"og:image:height\" content=\"820\" \/>\n\t<meta property=\"og:image:type\" content=\"image\/jpeg\" \/>\n<meta name=\"author\" content=\"alexjc\" \/>\n<meta name=\"twitter:card\" content=\"summary_large_image\" \/>\n<meta name=\"twitter:label1\" content=\"Scritto da\" \/>\n\t<meta name=\"twitter:data1\" content=\"alexjc\" \/>\n\t<meta name=\"twitter:label2\" content=\"Tempo di lettura stimato\" \/>\n\t<meta name=\"twitter:data2\" content=\"5 minuti\" \/>\n<script type=\"application\/ld+json\" class=\"yoast-schema-graph\">{\"@context\":\"https:\/\/schema.org\",\"@graph\":[{\"@type\":\"Article\",\"@id\":\"https:\/\/www.civiltalaica.it\/cms\/premio-valerio-bruschini-2024-per-marta-bonucci\/#article\",\"isPartOf\":{\"@id\":\"https:\/\/www.civiltalaica.it\/cms\/premio-valerio-bruschini-2024-per-marta-bonucci\/\"},\"author\":{\"name\":\"alexjc\",\"@id\":\"https:\/\/www.civiltalaica.it\/cms\/#\/schema\/person\/4efef56f866329a1e0943eb27336df1d\"},\"headline\":\"PREMIO VALERIO BRUSCHINI 2024 PER MARTA BONUCCI\",\"datePublished\":\"2024-11-08T14:25:46+00:00\",\"dateModified\":\"2024-11-08T14:28:10+00:00\",\"mainEntityOfPage\":{\"@id\":\"https:\/\/www.civiltalaica.it\/cms\/premio-valerio-bruschini-2024-per-marta-bonucci\/\"},\"wordCount\":852,\"image\":{\"@id\":\"https:\/\/www.civiltalaica.it\/cms\/premio-valerio-bruschini-2024-per-marta-bonucci\/#primaryimage\"},\"thumbnailUrl\":\"https:\/\/www.civiltalaica.it\/cms\/wp-content\/uploads\/2024\/11\/martajpeg.jpg\",\"keywords\":[\"impegno sociale\",\"Libri\",\"Marta Bonucci\",\"narrativa\",\"premio valerio bruschini\",\"Terzo Piano\"],\"articleSection\":[\"articoli\",\"recensioni\"],\"inLanguage\":\"it-IT\"},{\"@type\":\"WebPage\",\"@id\":\"https:\/\/www.civiltalaica.it\/cms\/premio-valerio-bruschini-2024-per-marta-bonucci\/\",\"url\":\"https:\/\/www.civiltalaica.it\/cms\/premio-valerio-bruschini-2024-per-marta-bonucci\/\",\"name\":\"PREMIO VALERIO BRUSCHINI 2024 PER MARTA BONUCCI - Associazione Culturale Civilt\u00e0 Laica\",\"isPartOf\":{\"@id\":\"https:\/\/www.civiltalaica.it\/cms\/#website\"},\"primaryImageOfPage\":{\"@id\":\"https:\/\/www.civiltalaica.it\/cms\/premio-valerio-bruschini-2024-per-marta-bonucci\/#primaryimage\"},\"image\":{\"@id\":\"https:\/\/www.civiltalaica.it\/cms\/premio-valerio-bruschini-2024-per-marta-bonucci\/#primaryimage\"},\"thumbnailUrl\":\"https:\/\/www.civiltalaica.it\/cms\/wp-content\/uploads\/2024\/11\/martajpeg.jpg\",\"datePublished\":\"2024-11-08T14:25:46+00:00\",\"dateModified\":\"2024-11-08T14:28:10+00:00\",\"author\":{\"@id\":\"https:\/\/www.civiltalaica.it\/cms\/#\/schema\/person\/4efef56f866329a1e0943eb27336df1d\"},\"description\":\"L'APS Civilt\u00e0 Laica ha deciso di assegnare il Premio Valerio Bruschini 2024 a Marta Bonucci per il suo romanzo d'esordio \\\"Terzo Piano\\\".\",\"breadcrumb\":{\"@id\":\"https:\/\/www.civiltalaica.it\/cms\/premio-valerio-bruschini-2024-per-marta-bonucci\/#breadcrumb\"},\"inLanguage\":\"it-IT\",\"potentialAction\":[{\"@type\":\"ReadAction\",\"target\":[\"https:\/\/www.civiltalaica.it\/cms\/premio-valerio-bruschini-2024-per-marta-bonucci\/\"]}]},{\"@type\":\"ImageObject\",\"inLanguage\":\"it-IT\",\"@id\":\"https:\/\/www.civiltalaica.it\/cms\/premio-valerio-bruschini-2024-per-marta-bonucci\/#primaryimage\",\"url\":\"https:\/\/www.civiltalaica.it\/cms\/wp-content\/uploads\/2024\/11\/martajpeg.jpg\",\"contentUrl\":\"https:\/\/www.civiltalaica.it\/cms\/wp-content\/uploads\/2024\/11\/martajpeg.jpg\",\"width\":615,\"height\":820},{\"@type\":\"BreadcrumbList\",\"@id\":\"https:\/\/www.civiltalaica.it\/cms\/premio-valerio-bruschini-2024-per-marta-bonucci\/#breadcrumb\",\"itemListElement\":[{\"@type\":\"ListItem\",\"position\":1,\"name\":\"Home\",\"item\":\"https:\/\/www.civiltalaica.it\/cms\/\"},{\"@type\":\"ListItem\",\"position\":2,\"name\":\"PREMIO VALERIO BRUSCHINI 2024 PER MARTA BONUCCI\"}]},{\"@type\":\"WebSite\",\"@id\":\"https:\/\/www.civiltalaica.it\/cms\/#website\",\"url\":\"https:\/\/www.civiltalaica.it\/cms\/\",\"name\":\"Associazione Culturale Civilt\u00e0 Laica\",\"description\":\"Per un movimento culturale volto a difendere la Laicit\u00e0 dello Stato.\",\"potentialAction\":[{\"@type\":\"SearchAction\",\"target\":{\"@type\":\"EntryPoint\",\"urlTemplate\":\"https:\/\/www.civiltalaica.it\/cms\/?s={search_term_string}\"},\"query-input\":{\"@type\":\"PropertyValueSpecification\",\"valueRequired\":true,\"valueName\":\"search_term_string\"}}],\"inLanguage\":\"it-IT\"},{\"@type\":\"Person\",\"@id\":\"https:\/\/www.civiltalaica.it\/cms\/#\/schema\/person\/4efef56f866329a1e0943eb27336df1d\",\"name\":\"alexjc\",\"url\":\"https:\/\/www.civiltalaica.it\/cms\/author\/alexjc\/\"}]}<\/script>\n<!-- \/ Yoast SEO plugin. -->","yoast_head_json":{"title":"PREMIO VALERIO BRUSCHINI 2024 PER MARTA BONUCCI - Associazione Culturale Civilt\u00e0 Laica","description":"L'APS Civilt\u00e0 Laica ha deciso di assegnare il Premio Valerio Bruschini 2024 a Marta Bonucci per il suo romanzo d'esordio \"Terzo Piano\".","robots":{"index":"index","follow":"follow","max-snippet":"max-snippet:-1","max-image-preview":"max-image-preview:large","max-video-preview":"max-video-preview:-1"},"canonical":"https:\/\/www.civiltalaica.it\/cms\/premio-valerio-bruschini-2024-per-marta-bonucci\/","og_locale":"it_IT","og_type":"article","og_title":"PREMIO VALERIO BRUSCHINI 2024 PER MARTA BONUCCI - Associazione Culturale Civilt\u00e0 Laica","og_description":"L'APS Civilt\u00e0 Laica ha deciso di assegnare il Premio Valerio Bruschini 2024 a Marta Bonucci per il suo romanzo d'esordio \"Terzo Piano\".","og_url":"https:\/\/www.civiltalaica.it\/cms\/premio-valerio-bruschini-2024-per-marta-bonucci\/","og_site_name":"Associazione Culturale Civilt\u00e0 Laica","article_publisher":"https:\/\/www.facebook.com\/civiltalaica","article_published_time":"2024-11-08T14:25:46+00:00","article_modified_time":"2024-11-08T14:28:10+00:00","og_image":[{"width":615,"height":820,"url":"https:\/\/www.civiltalaica.it\/cms\/wp-content\/uploads\/2024\/11\/martajpeg.jpg","type":"image\/jpeg"}],"author":"alexjc","twitter_card":"summary_large_image","twitter_misc":{"Scritto da":"alexjc","Tempo di lettura stimato":"5 minuti"},"schema":{"@context":"https:\/\/schema.org","@graph":[{"@type":"Article","@id":"https:\/\/www.civiltalaica.it\/cms\/premio-valerio-bruschini-2024-per-marta-bonucci\/#article","isPartOf":{"@id":"https:\/\/www.civiltalaica.it\/cms\/premio-valerio-bruschini-2024-per-marta-bonucci\/"},"author":{"name":"alexjc","@id":"https:\/\/www.civiltalaica.it\/cms\/#\/schema\/person\/4efef56f866329a1e0943eb27336df1d"},"headline":"PREMIO VALERIO BRUSCHINI 2024 PER MARTA BONUCCI","datePublished":"2024-11-08T14:25:46+00:00","dateModified":"2024-11-08T14:28:10+00:00","mainEntityOfPage":{"@id":"https:\/\/www.civiltalaica.it\/cms\/premio-valerio-bruschini-2024-per-marta-bonucci\/"},"wordCount":852,"image":{"@id":"https:\/\/www.civiltalaica.it\/cms\/premio-valerio-bruschini-2024-per-marta-bonucci\/#primaryimage"},"thumbnailUrl":"https:\/\/www.civiltalaica.it\/cms\/wp-content\/uploads\/2024\/11\/martajpeg.jpg","keywords":["impegno sociale","Libri","Marta Bonucci","narrativa","premio valerio bruschini","Terzo Piano"],"articleSection":["articoli","recensioni"],"inLanguage":"it-IT"},{"@type":"WebPage","@id":"https:\/\/www.civiltalaica.it\/cms\/premio-valerio-bruschini-2024-per-marta-bonucci\/","url":"https:\/\/www.civiltalaica.it\/cms\/premio-valerio-bruschini-2024-per-marta-bonucci\/","name":"PREMIO VALERIO BRUSCHINI 2024 PER MARTA BONUCCI - Associazione Culturale Civilt\u00e0 Laica","isPartOf":{"@id":"https:\/\/www.civiltalaica.it\/cms\/#website"},"primaryImageOfPage":{"@id":"https:\/\/www.civiltalaica.it\/cms\/premio-valerio-bruschini-2024-per-marta-bonucci\/#primaryimage"},"image":{"@id":"https:\/\/www.civiltalaica.it\/cms\/premio-valerio-bruschini-2024-per-marta-bonucci\/#primaryimage"},"thumbnailUrl":"https:\/\/www.civiltalaica.it\/cms\/wp-content\/uploads\/2024\/11\/martajpeg.jpg","datePublished":"2024-11-08T14:25:46+00:00","dateModified":"2024-11-08T14:28:10+00:00","author":{"@id":"https:\/\/www.civiltalaica.it\/cms\/#\/schema\/person\/4efef56f866329a1e0943eb27336df1d"},"description":"L'APS Civilt\u00e0 Laica ha deciso di assegnare il Premio Valerio Bruschini 2024 a Marta Bonucci per il suo romanzo d'esordio \"Terzo Piano\".","breadcrumb":{"@id":"https:\/\/www.civiltalaica.it\/cms\/premio-valerio-bruschini-2024-per-marta-bonucci\/#breadcrumb"},"inLanguage":"it-IT","potentialAction":[{"@type":"ReadAction","target":["https:\/\/www.civiltalaica.it\/cms\/premio-valerio-bruschini-2024-per-marta-bonucci\/"]}]},{"@type":"ImageObject","inLanguage":"it-IT","@id":"https:\/\/www.civiltalaica.it\/cms\/premio-valerio-bruschini-2024-per-marta-bonucci\/#primaryimage","url":"https:\/\/www.civiltalaica.it\/cms\/wp-content\/uploads\/2024\/11\/martajpeg.jpg","contentUrl":"https:\/\/www.civiltalaica.it\/cms\/wp-content\/uploads\/2024\/11\/martajpeg.jpg","width":615,"height":820},{"@type":"BreadcrumbList","@id":"https:\/\/www.civiltalaica.it\/cms\/premio-valerio-bruschini-2024-per-marta-bonucci\/#breadcrumb","itemListElement":[{"@type":"ListItem","position":1,"name":"Home","item":"https:\/\/www.civiltalaica.it\/cms\/"},{"@type":"ListItem","position":2,"name":"PREMIO VALERIO BRUSCHINI 2024 PER MARTA BONUCCI"}]},{"@type":"WebSite","@id":"https:\/\/www.civiltalaica.it\/cms\/#website","url":"https:\/\/www.civiltalaica.it\/cms\/","name":"Associazione Culturale Civilt\u00e0 Laica","description":"Per un movimento culturale volto a difendere la Laicit\u00e0 dello Stato.","potentialAction":[{"@type":"SearchAction","target":{"@type":"EntryPoint","urlTemplate":"https:\/\/www.civiltalaica.it\/cms\/?s={search_term_string}"},"query-input":{"@type":"PropertyValueSpecification","valueRequired":true,"valueName":"search_term_string"}}],"inLanguage":"it-IT"},{"@type":"Person","@id":"https:\/\/www.civiltalaica.it\/cms\/#\/schema\/person\/4efef56f866329a1e0943eb27336df1d","name":"alexjc","url":"https:\/\/www.civiltalaica.it\/cms\/author\/alexjc\/"}]}},"_links":{"self":[{"href":"https:\/\/www.civiltalaica.it\/cms\/wp-json\/wp\/v2\/posts\/31472","targetHints":{"allow":["GET"]}}],"collection":[{"href":"https:\/\/www.civiltalaica.it\/cms\/wp-json\/wp\/v2\/posts"}],"about":[{"href":"https:\/\/www.civiltalaica.it\/cms\/wp-json\/wp\/v2\/types\/post"}],"author":[{"embeddable":true,"href":"https:\/\/www.civiltalaica.it\/cms\/wp-json\/wp\/v2\/users\/7"}],"replies":[{"embeddable":true,"href":"https:\/\/www.civiltalaica.it\/cms\/wp-json\/wp\/v2\/comments?post=31472"}],"version-history":[{"count":1,"href":"https:\/\/www.civiltalaica.it\/cms\/wp-json\/wp\/v2\/posts\/31472\/revisions"}],"predecessor-version":[{"id":31474,"href":"https:\/\/www.civiltalaica.it\/cms\/wp-json\/wp\/v2\/posts\/31472\/revisions\/31474"}],"wp:featuredmedia":[{"embeddable":true,"href":"https:\/\/www.civiltalaica.it\/cms\/wp-json\/wp\/v2\/media\/31473"}],"wp:attachment":[{"href":"https:\/\/www.civiltalaica.it\/cms\/wp-json\/wp\/v2\/media?parent=31472"}],"wp:term":[{"taxonomy":"category","embeddable":true,"href":"https:\/\/www.civiltalaica.it\/cms\/wp-json\/wp\/v2\/categories?post=31472"},{"taxonomy":"post_tag","embeddable":true,"href":"https:\/\/www.civiltalaica.it\/cms\/wp-json\/wp\/v2\/tags?post=31472"}],"curies":[{"name":"wp","href":"https:\/\/api.w.org\/{rel}","templated":true}]}}