{"id":30878,"date":"2024-09-09T14:35:40","date_gmt":"2024-09-09T14:35:40","guid":{"rendered":"https:\/\/www.civiltalaica.it\/cms\/?p=30878"},"modified":"2024-09-09T15:09:44","modified_gmt":"2024-09-09T15:09:44","slug":"per-innovare-non-basta-il-protagonismo-di-draghi","status":"publish","type":"post","link":"https:\/\/www.civiltalaica.it\/cms\/per-innovare-non-basta-il-protagonismo-di-draghi\/","title":{"rendered":"L&#8217;innovazione improbabile"},"content":{"rendered":"<div dir=\"auto\">Perch\u00e9, nonostante le esternazioni di Draghi, \u00e8 impossibile un grande piano di innovazione ecosostenibile?<\/div>\n<div dir=\"auto\"><strong>Risposta breve<\/strong>: le classi dirigenti del nostro paese non sono all&#8217;altezza.<\/div>\n<div dir=\"auto\"><strong>Risposta lunga:<\/strong> \u00e8 vero che la materia prima per l&#8217;innovazione \u00e8 l&#8217;immaginazione, che \u00e8 una dote molto diffusa, ma le condizioni indispensabili per affrontare un percorso innovativo sono tante.<\/div>\n<div dir=\"auto\"><\/div>\n<div dir=\"auto\">\n<p><a href=\"https:\/\/www.civiltalaica.it\/cms\/wp-content\/uploads\/2024\/09\/rimini2-scaled.jpg\"><img loading=\"lazy\" decoding=\"async\" class=\"alignnone size-large wp-image-30879\" src=\"https:\/\/www.civiltalaica.it\/cms\/wp-content\/uploads\/2024\/09\/rimini2-1024x768.jpg\" alt=\"\" width=\"1024\" height=\"768\" srcset=\"https:\/\/www.civiltalaica.it\/cms\/wp-content\/uploads\/2024\/09\/rimini2-1024x768.jpg 1024w, https:\/\/www.civiltalaica.it\/cms\/wp-content\/uploads\/2024\/09\/rimini2-300x225.jpg 300w, https:\/\/www.civiltalaica.it\/cms\/wp-content\/uploads\/2024\/09\/rimini2-768x576.jpg 768w, https:\/\/www.civiltalaica.it\/cms\/wp-content\/uploads\/2024\/09\/rimini2-1536x1152.jpg 1536w, https:\/\/www.civiltalaica.it\/cms\/wp-content\/uploads\/2024\/09\/rimini2-2048x1536.jpg 2048w, https:\/\/www.civiltalaica.it\/cms\/wp-content\/uploads\/2024\/09\/rimini2-213x160.jpg 213w\" sizes=\"auto, (max-width: 1024px) 100vw, 1024px\" \/><\/a><\/p>\n<p><strong>Per prima cosa<\/strong> <strong>ci vuole un interesse autentico<\/strong> da parte dei decisori, che non significa solo l&#8217;Europa o il governo, ma tutta la catena che va da chi scrive i decreti ed eroga i fondi a chi poi produce, vende, comunica, organizza, assume. L&#8217;innovazione ha un costo alto a breve termine e determina una spinta a lungo termine e io non vedo molta gente interessata a questo genere di imprese.<\/p>\n<p>&nbsp;<\/p>\n<p><strong>Seconda nota dolente:<\/strong> <strong>l&#8217;innovazione \u00e8 una rottura dei processi consolidati,<\/strong> quindi bisogna essere poco conservatori, anche se solo nell&#8217;ambito specifico di cui si parla volta per volta, per affrontarla. In questi ultimi 25 anni il comprensibile timore del nuovo \u00e8 diventato nel nostro paese (ma anche in altri) una sorta di fobia fortissima, che influisce in ogni ambito della cultura. Fa paura uno schwa in un testo, figuriamoci l&#8217;idea di modificare il sistema di trasporto delle merci o di regolare il consumo di suolo.<\/p>\n<p>&nbsp;<\/p>\n<p><strong>Terzo punto, la resistenza al cambiamento.<\/strong> Un paese che non riesce a regolare gli stabilimenti balneari pu\u00f2 affrontare la necessit\u00e0 di limitare o bandire la caccia oppure parlare di spostare buona parte del trasporto dalle autostrade alle ferrovie? Ho i miei dubbi.<\/p>\n<p>&nbsp;<\/p>\n<p><strong>Quarto punto, la coerenza.<\/strong> Se parliamo di innovazione sostenibile, parliamo di ridurre all&#8217;osso le armi, che sono quanto di pi\u00f9 devastante per l&#8217;ambiente (oltre che per le persone) si possa immaginare. Siamo pronti a spostare gli investimenti su pace e diplomazia oppure i nostri decisori hanno ancora interessi specifici a seminare guerre e armi per far cassa? E&#8217; vero il nostro paese (sulla Carta, quella con la C maiuscola) ripudia la guerra, ma evidentemente non ripudia i soldi che le girano attorno.<\/p>\n<p>&nbsp;<\/p>\n<p>Diciamolo chiaro e tondo: una svolta per affrontare le sfide del presente e futuro prossimo europeo (sanit\u00e0, innovazione, clima, lavoro, natalit\u00e0, pace, disuguaglianze, migrazioni) prevede uno spostamento di ricchezza, un aumento del reddito e della qualit\u00e0 della vita dei molti e una riduzione di potere e miliardi ai pochi. Per questo non ci sar\u00e0 mai. Non hai spazio di manovra quando c&#8217;\u00e8 qualcuno che si appropria delle risorse che basterebbero per 50.000 persone e non hai la forza di aggiustare la situazione.<br \/>\nSono tutte parole al vento.<\/p>\n<\/div>\n<p>&nbsp;<\/p>\n<div dir=\"auto\"><strong>Andrea Marinucci Foa<\/strong><\/div>\n","protected":false},"excerpt":{"rendered":"<p>Perch\u00e9, nonostante le esternazioni di Draghi, \u00e8 impossibile un grande piano di innovazione ecosostenibile? Risposta breve: le classi dirigenti del nostro paese non sono all&#8217;altezza. Risposta lunga: \u00e8 vero che la materia prima per l&#8217;innovazione \u00e8 l&#8217;immaginazione, che \u00e8 una dote molto diffusa, ma le condizioni indispensabili per affrontare un percorso innovativo sono tante. Per [&hellip;]<\/p>\n","protected":false},"author":7,"featured_media":30879,"comment_status":"closed","ping_status":"closed","sticky":false,"template":"","format":"standard","meta":{"footnotes":""},"categories":[238,230,229],"tags":[1633,1186,2242,169,2066],"class_list":["post-30878","post","type-post","status-publish","format-standard","has-post-thumbnail","hentry","category-articoli","category-attualita","category-evidenza","tag-ambiente","tag-andrea-marinucci-foa","tag-innovazione","tag-italia","tag-mario-draghi"],"yoast_head":"<!-- This site is optimized with the Yoast SEO plugin v27.1.1 - https:\/\/yoast.com\/product\/yoast-seo-wordpress\/ -->\n<title>L&#039;innovazione improbabile - Associazione Culturale Civilt\u00e0 Laica<\/title>\n<meta name=\"description\" content=\"Non basta fare qualche dichiarazione ogni tanto perch\u00e9 sia effettivamente possibile una innovazione ecosostenibile del paese.\" \/>\n<meta name=\"robots\" content=\"index, follow, max-snippet:-1, max-image-preview:large, max-video-preview:-1\" \/>\n<link rel=\"canonical\" href=\"https:\/\/www.civiltalaica.it\/cms\/per-innovare-non-basta-il-protagonismo-di-draghi\/\" \/>\n<meta property=\"og:locale\" content=\"it_IT\" \/>\n<meta property=\"og:type\" content=\"article\" \/>\n<meta property=\"og:title\" content=\"L&#039;innovazione improbabile - Associazione Culturale Civilt\u00e0 Laica\" \/>\n<meta property=\"og:description\" content=\"Non basta fare qualche dichiarazione ogni tanto perch\u00e9 sia effettivamente possibile una innovazione ecosostenibile del paese.\" \/>\n<meta property=\"og:url\" content=\"https:\/\/www.civiltalaica.it\/cms\/per-innovare-non-basta-il-protagonismo-di-draghi\/\" \/>\n<meta property=\"og:site_name\" content=\"Associazione Culturale Civilt\u00e0 Laica\" \/>\n<meta property=\"article:publisher\" content=\"https:\/\/www.facebook.com\/civiltalaica\" \/>\n<meta property=\"article:published_time\" content=\"2024-09-09T14:35:40+00:00\" \/>\n<meta property=\"article:modified_time\" content=\"2024-09-09T15:09:44+00:00\" \/>\n<meta property=\"og:image\" content=\"https:\/\/www.civiltalaica.it\/cms\/wp-content\/uploads\/2024\/09\/rimini2-scaled.jpg\" \/>\n\t<meta property=\"og:image:width\" content=\"2560\" \/>\n\t<meta property=\"og:image:height\" content=\"1920\" \/>\n\t<meta property=\"og:image:type\" content=\"image\/jpeg\" \/>\n<meta name=\"author\" content=\"alexjc\" \/>\n<meta name=\"twitter:card\" content=\"summary_large_image\" \/>\n<meta name=\"twitter:label1\" content=\"Scritto da\" \/>\n\t<meta name=\"twitter:data1\" content=\"alexjc\" \/>\n\t<meta name=\"twitter:label2\" content=\"Tempo di lettura stimato\" \/>\n\t<meta name=\"twitter:data2\" content=\"3 minuti\" \/>\n<script type=\"application\/ld+json\" class=\"yoast-schema-graph\">{\"@context\":\"https:\/\/schema.org\",\"@graph\":[{\"@type\":\"Article\",\"@id\":\"https:\/\/www.civiltalaica.it\/cms\/per-innovare-non-basta-il-protagonismo-di-draghi\/#article\",\"isPartOf\":{\"@id\":\"https:\/\/www.civiltalaica.it\/cms\/per-innovare-non-basta-il-protagonismo-di-draghi\/\"},\"author\":{\"name\":\"alexjc\",\"@id\":\"https:\/\/www.civiltalaica.it\/cms\/#\/schema\/person\/4efef56f866329a1e0943eb27336df1d\"},\"headline\":\"L&#8217;innovazione improbabile\",\"datePublished\":\"2024-09-09T14:35:40+00:00\",\"dateModified\":\"2024-09-09T15:09:44+00:00\",\"mainEntityOfPage\":{\"@id\":\"https:\/\/www.civiltalaica.it\/cms\/per-innovare-non-basta-il-protagonismo-di-draghi\/\"},\"wordCount\":421,\"image\":{\"@id\":\"https:\/\/www.civiltalaica.it\/cms\/per-innovare-non-basta-il-protagonismo-di-draghi\/#primaryimage\"},\"thumbnailUrl\":\"https:\/\/www.civiltalaica.it\/cms\/wp-content\/uploads\/2024\/09\/rimini2-scaled.jpg\",\"keywords\":[\"ambiente\",\"andrea marinucci foa\",\"innovazione\",\"italia\",\"mario draghi\"],\"articleSection\":[\"articoli\",\"attualit\u00e0\",\"in evidenza\"],\"inLanguage\":\"it-IT\"},{\"@type\":\"WebPage\",\"@id\":\"https:\/\/www.civiltalaica.it\/cms\/per-innovare-non-basta-il-protagonismo-di-draghi\/\",\"url\":\"https:\/\/www.civiltalaica.it\/cms\/per-innovare-non-basta-il-protagonismo-di-draghi\/\",\"name\":\"L'innovazione improbabile - Associazione Culturale Civilt\u00e0 Laica\",\"isPartOf\":{\"@id\":\"https:\/\/www.civiltalaica.it\/cms\/#website\"},\"primaryImageOfPage\":{\"@id\":\"https:\/\/www.civiltalaica.it\/cms\/per-innovare-non-basta-il-protagonismo-di-draghi\/#primaryimage\"},\"image\":{\"@id\":\"https:\/\/www.civiltalaica.it\/cms\/per-innovare-non-basta-il-protagonismo-di-draghi\/#primaryimage\"},\"thumbnailUrl\":\"https:\/\/www.civiltalaica.it\/cms\/wp-content\/uploads\/2024\/09\/rimini2-scaled.jpg\",\"datePublished\":\"2024-09-09T14:35:40+00:00\",\"dateModified\":\"2024-09-09T15:09:44+00:00\",\"author\":{\"@id\":\"https:\/\/www.civiltalaica.it\/cms\/#\/schema\/person\/4efef56f866329a1e0943eb27336df1d\"},\"description\":\"Non basta fare qualche dichiarazione ogni tanto perch\u00e9 sia effettivamente possibile una innovazione ecosostenibile del paese.\",\"breadcrumb\":{\"@id\":\"https:\/\/www.civiltalaica.it\/cms\/per-innovare-non-basta-il-protagonismo-di-draghi\/#breadcrumb\"},\"inLanguage\":\"it-IT\",\"potentialAction\":[{\"@type\":\"ReadAction\",\"target\":[\"https:\/\/www.civiltalaica.it\/cms\/per-innovare-non-basta-il-protagonismo-di-draghi\/\"]}]},{\"@type\":\"ImageObject\",\"inLanguage\":\"it-IT\",\"@id\":\"https:\/\/www.civiltalaica.it\/cms\/per-innovare-non-basta-il-protagonismo-di-draghi\/#primaryimage\",\"url\":\"https:\/\/www.civiltalaica.it\/cms\/wp-content\/uploads\/2024\/09\/rimini2-scaled.jpg\",\"contentUrl\":\"https:\/\/www.civiltalaica.it\/cms\/wp-content\/uploads\/2024\/09\/rimini2-scaled.jpg\",\"width\":2560,\"height\":1920},{\"@type\":\"BreadcrumbList\",\"@id\":\"https:\/\/www.civiltalaica.it\/cms\/per-innovare-non-basta-il-protagonismo-di-draghi\/#breadcrumb\",\"itemListElement\":[{\"@type\":\"ListItem\",\"position\":1,\"name\":\"Home\",\"item\":\"https:\/\/www.civiltalaica.it\/cms\/\"},{\"@type\":\"ListItem\",\"position\":2,\"name\":\"L&#8217;innovazione improbabile\"}]},{\"@type\":\"WebSite\",\"@id\":\"https:\/\/www.civiltalaica.it\/cms\/#website\",\"url\":\"https:\/\/www.civiltalaica.it\/cms\/\",\"name\":\"Associazione Culturale Civilt\u00e0 Laica\",\"description\":\"Per un movimento culturale volto a difendere la Laicit\u00e0 dello Stato.\",\"potentialAction\":[{\"@type\":\"SearchAction\",\"target\":{\"@type\":\"EntryPoint\",\"urlTemplate\":\"https:\/\/www.civiltalaica.it\/cms\/?s={search_term_string}\"},\"query-input\":{\"@type\":\"PropertyValueSpecification\",\"valueRequired\":true,\"valueName\":\"search_term_string\"}}],\"inLanguage\":\"it-IT\"},{\"@type\":\"Person\",\"@id\":\"https:\/\/www.civiltalaica.it\/cms\/#\/schema\/person\/4efef56f866329a1e0943eb27336df1d\",\"name\":\"alexjc\",\"url\":\"https:\/\/www.civiltalaica.it\/cms\/author\/alexjc\/\"}]}<\/script>\n<!-- \/ Yoast SEO plugin. -->","yoast_head_json":{"title":"L'innovazione improbabile - Associazione Culturale Civilt\u00e0 Laica","description":"Non basta fare qualche dichiarazione ogni tanto perch\u00e9 sia effettivamente possibile una innovazione ecosostenibile del paese.","robots":{"index":"index","follow":"follow","max-snippet":"max-snippet:-1","max-image-preview":"max-image-preview:large","max-video-preview":"max-video-preview:-1"},"canonical":"https:\/\/www.civiltalaica.it\/cms\/per-innovare-non-basta-il-protagonismo-di-draghi\/","og_locale":"it_IT","og_type":"article","og_title":"L'innovazione improbabile - Associazione Culturale Civilt\u00e0 Laica","og_description":"Non basta fare qualche dichiarazione ogni tanto perch\u00e9 sia effettivamente possibile una innovazione ecosostenibile del paese.","og_url":"https:\/\/www.civiltalaica.it\/cms\/per-innovare-non-basta-il-protagonismo-di-draghi\/","og_site_name":"Associazione Culturale Civilt\u00e0 Laica","article_publisher":"https:\/\/www.facebook.com\/civiltalaica","article_published_time":"2024-09-09T14:35:40+00:00","article_modified_time":"2024-09-09T15:09:44+00:00","og_image":[{"width":2560,"height":1920,"url":"https:\/\/www.civiltalaica.it\/cms\/wp-content\/uploads\/2024\/09\/rimini2-scaled.jpg","type":"image\/jpeg"}],"author":"alexjc","twitter_card":"summary_large_image","twitter_misc":{"Scritto da":"alexjc","Tempo di lettura stimato":"3 minuti"},"schema":{"@context":"https:\/\/schema.org","@graph":[{"@type":"Article","@id":"https:\/\/www.civiltalaica.it\/cms\/per-innovare-non-basta-il-protagonismo-di-draghi\/#article","isPartOf":{"@id":"https:\/\/www.civiltalaica.it\/cms\/per-innovare-non-basta-il-protagonismo-di-draghi\/"},"author":{"name":"alexjc","@id":"https:\/\/www.civiltalaica.it\/cms\/#\/schema\/person\/4efef56f866329a1e0943eb27336df1d"},"headline":"L&#8217;innovazione improbabile","datePublished":"2024-09-09T14:35:40+00:00","dateModified":"2024-09-09T15:09:44+00:00","mainEntityOfPage":{"@id":"https:\/\/www.civiltalaica.it\/cms\/per-innovare-non-basta-il-protagonismo-di-draghi\/"},"wordCount":421,"image":{"@id":"https:\/\/www.civiltalaica.it\/cms\/per-innovare-non-basta-il-protagonismo-di-draghi\/#primaryimage"},"thumbnailUrl":"https:\/\/www.civiltalaica.it\/cms\/wp-content\/uploads\/2024\/09\/rimini2-scaled.jpg","keywords":["ambiente","andrea marinucci foa","innovazione","italia","mario draghi"],"articleSection":["articoli","attualit\u00e0","in evidenza"],"inLanguage":"it-IT"},{"@type":"WebPage","@id":"https:\/\/www.civiltalaica.it\/cms\/per-innovare-non-basta-il-protagonismo-di-draghi\/","url":"https:\/\/www.civiltalaica.it\/cms\/per-innovare-non-basta-il-protagonismo-di-draghi\/","name":"L'innovazione improbabile - Associazione Culturale Civilt\u00e0 Laica","isPartOf":{"@id":"https:\/\/www.civiltalaica.it\/cms\/#website"},"primaryImageOfPage":{"@id":"https:\/\/www.civiltalaica.it\/cms\/per-innovare-non-basta-il-protagonismo-di-draghi\/#primaryimage"},"image":{"@id":"https:\/\/www.civiltalaica.it\/cms\/per-innovare-non-basta-il-protagonismo-di-draghi\/#primaryimage"},"thumbnailUrl":"https:\/\/www.civiltalaica.it\/cms\/wp-content\/uploads\/2024\/09\/rimini2-scaled.jpg","datePublished":"2024-09-09T14:35:40+00:00","dateModified":"2024-09-09T15:09:44+00:00","author":{"@id":"https:\/\/www.civiltalaica.it\/cms\/#\/schema\/person\/4efef56f866329a1e0943eb27336df1d"},"description":"Non basta fare qualche dichiarazione ogni tanto perch\u00e9 sia effettivamente possibile una innovazione ecosostenibile del paese.","breadcrumb":{"@id":"https:\/\/www.civiltalaica.it\/cms\/per-innovare-non-basta-il-protagonismo-di-draghi\/#breadcrumb"},"inLanguage":"it-IT","potentialAction":[{"@type":"ReadAction","target":["https:\/\/www.civiltalaica.it\/cms\/per-innovare-non-basta-il-protagonismo-di-draghi\/"]}]},{"@type":"ImageObject","inLanguage":"it-IT","@id":"https:\/\/www.civiltalaica.it\/cms\/per-innovare-non-basta-il-protagonismo-di-draghi\/#primaryimage","url":"https:\/\/www.civiltalaica.it\/cms\/wp-content\/uploads\/2024\/09\/rimini2-scaled.jpg","contentUrl":"https:\/\/www.civiltalaica.it\/cms\/wp-content\/uploads\/2024\/09\/rimini2-scaled.jpg","width":2560,"height":1920},{"@type":"BreadcrumbList","@id":"https:\/\/www.civiltalaica.it\/cms\/per-innovare-non-basta-il-protagonismo-di-draghi\/#breadcrumb","itemListElement":[{"@type":"ListItem","position":1,"name":"Home","item":"https:\/\/www.civiltalaica.it\/cms\/"},{"@type":"ListItem","position":2,"name":"L&#8217;innovazione improbabile"}]},{"@type":"WebSite","@id":"https:\/\/www.civiltalaica.it\/cms\/#website","url":"https:\/\/www.civiltalaica.it\/cms\/","name":"Associazione Culturale Civilt\u00e0 Laica","description":"Per un movimento culturale volto a difendere la Laicit\u00e0 dello Stato.","potentialAction":[{"@type":"SearchAction","target":{"@type":"EntryPoint","urlTemplate":"https:\/\/www.civiltalaica.it\/cms\/?s={search_term_string}"},"query-input":{"@type":"PropertyValueSpecification","valueRequired":true,"valueName":"search_term_string"}}],"inLanguage":"it-IT"},{"@type":"Person","@id":"https:\/\/www.civiltalaica.it\/cms\/#\/schema\/person\/4efef56f866329a1e0943eb27336df1d","name":"alexjc","url":"https:\/\/www.civiltalaica.it\/cms\/author\/alexjc\/"}]}},"_links":{"self":[{"href":"https:\/\/www.civiltalaica.it\/cms\/wp-json\/wp\/v2\/posts\/30878","targetHints":{"allow":["GET"]}}],"collection":[{"href":"https:\/\/www.civiltalaica.it\/cms\/wp-json\/wp\/v2\/posts"}],"about":[{"href":"https:\/\/www.civiltalaica.it\/cms\/wp-json\/wp\/v2\/types\/post"}],"author":[{"embeddable":true,"href":"https:\/\/www.civiltalaica.it\/cms\/wp-json\/wp\/v2\/users\/7"}],"replies":[{"embeddable":true,"href":"https:\/\/www.civiltalaica.it\/cms\/wp-json\/wp\/v2\/comments?post=30878"}],"version-history":[{"count":9,"href":"https:\/\/www.civiltalaica.it\/cms\/wp-json\/wp\/v2\/posts\/30878\/revisions"}],"predecessor-version":[{"id":30888,"href":"https:\/\/www.civiltalaica.it\/cms\/wp-json\/wp\/v2\/posts\/30878\/revisions\/30888"}],"wp:featuredmedia":[{"embeddable":true,"href":"https:\/\/www.civiltalaica.it\/cms\/wp-json\/wp\/v2\/media\/30879"}],"wp:attachment":[{"href":"https:\/\/www.civiltalaica.it\/cms\/wp-json\/wp\/v2\/media?parent=30878"}],"wp:term":[{"taxonomy":"category","embeddable":true,"href":"https:\/\/www.civiltalaica.it\/cms\/wp-json\/wp\/v2\/categories?post=30878"},{"taxonomy":"post_tag","embeddable":true,"href":"https:\/\/www.civiltalaica.it\/cms\/wp-json\/wp\/v2\/tags?post=30878"}],"curies":[{"name":"wp","href":"https:\/\/api.w.org\/{rel}","templated":true}]}}