{"id":28742,"date":"2024-03-14T07:20:10","date_gmt":"2024-03-14T07:20:10","guid":{"rendered":"https:\/\/www.civiltalaica.it\/cms\/?p=28742"},"modified":"2024-03-15T07:06:35","modified_gmt":"2024-03-15T07:06:35","slug":"dove-siamo","status":"publish","type":"post","link":"https:\/\/www.civiltalaica.it\/cms\/dove-siamo\/","title":{"rendered":"Dove siamo?"},"content":{"rendered":"<p><span style=\"font-family: Times New Roman, serif;\"><span style=\"font-size: medium;\">\u00c8 difficile, se non impossibile, descrivere con le parole in modo appropriato il quotidiano senso di disorientamento della nostra vita.<br \/>\nPer usare un immagine cinematografica esplicativa ci sentiamo come <\/span><\/span><span style=\"font-family: Times New Roman, serif;\"><span style=\"font-size: medium;\"><b>Gandalf<\/b><\/span><\/span><span style=\"font-family: Times New Roman, serif;\"><span style=\"font-size: medium;\"> che dopo aver cercato a lungo la via attraverso le miniere di Moria si ferma, si guarda intorno e ammette con se stesso e il resto della Compagnia: \u201c<\/span><\/span><span style=\"font-family: Times New Roman, serif;\"><span style=\"font-size: medium;\"><i>Non ho memoria di questi posti<\/i><\/span><\/span><span style=\"font-family: Times New Roman, serif;\"><span style=\"font-size: medium;\">\u201d. <\/span><\/span><\/p>\n<p><span style=\"font-family: Times New Roman, serif;\"><span style=\"font-size: medium;\">Per \u201cposti\u201d intendiamo la nostra vita quotidiana, la nostra interazione con il prossimo, le notizie che leggiamo, il confronto con gli altri e la continua ricerca di un senso in quello che stiamo facendo; allora riformuliamo correttamente la frase: <\/span><\/span><span style=\"font-family: Times New Roman, serif;\"><span style=\"font-size: medium;\"><b>non abbiamo memoria di questa societ\u00e0<\/b><\/span><\/span><span style=\"font-family: Times New Roman, serif;\"><span style=\"font-size: medium;\">. <\/span><\/span><\/p>\n<p><span style=\"font-family: Times New Roman, serif;\"><span style=\"font-size: medium;\">Per carit\u00e0, che questo non sia mai stato il paese di Bengodi lo sappiamo; e non \u00e8 mai stato neanche pi\u00f9 di una democrazia formale e non sostanziale. Ma dell\u2019abisso dello squallore culturale e del degrado etico e sociale che sembra non aver mai fine\u00a0 non ne abbiamo mai avuto notizia neanche attraverso i nostri nonni. Persone che pure avevano passato due guerre mondiali. <\/span><\/span><\/p>\n<p><span style=\"font-family: Times New Roman, serif;\"><span style=\"font-size: medium;\">Qualcuno chiede, a chi come noi ha un\u2019associazione o uno spazio web o radio, di parlare ed approfondire la questione Palestina; soprattutto dopo che (grazie agli artisti di Sanremo) la censura dei mass media \u00e8 sotto gli occhi di tutti.<\/span><\/span><\/p>\n<p><span style=\"font-family: Times New Roman, serif;\"><span style=\"font-size: medium;\">Lo faremo, non abbiamo mai avuto problemi a confrontarci, ci mancherebbe. Per\u00f2 permetteteci di dire che c\u2019\u00e8 un enorme questione preliminare da affrontare. <\/span><\/span><span style=\"font-family: Times New Roman, serif;\"><span style=\"font-size: medium;\"><b>La fine della possibilit\u00e0 di essere dissidenti o non allineati.<\/b><\/span><\/span><\/p>\n<p><a href=\"https:\/\/www.civiltalaica.it\/cms\/wp-content\/uploads\/2024\/03\/20240314_080755-scaled.jpg\"><img loading=\"lazy\" decoding=\"async\" class=\"alignnone size-large wp-image-28745\" src=\"https:\/\/www.civiltalaica.it\/cms\/wp-content\/uploads\/2024\/03\/20240314_080755-1024x1024.jpg\" alt=\"\" width=\"1024\" height=\"1024\" srcset=\"https:\/\/www.civiltalaica.it\/cms\/wp-content\/uploads\/2024\/03\/20240314_080755-1024x1024.jpg 1024w, https:\/\/www.civiltalaica.it\/cms\/wp-content\/uploads\/2024\/03\/20240314_080755-300x300.jpg 300w, https:\/\/www.civiltalaica.it\/cms\/wp-content\/uploads\/2024\/03\/20240314_080755-150x150.jpg 150w, https:\/\/www.civiltalaica.it\/cms\/wp-content\/uploads\/2024\/03\/20240314_080755-768x768.jpg 768w, https:\/\/www.civiltalaica.it\/cms\/wp-content\/uploads\/2024\/03\/20240314_080755-1536x1536.jpg 1536w, https:\/\/www.civiltalaica.it\/cms\/wp-content\/uploads\/2024\/03\/20240314_080755-2048x2048.jpg 2048w, https:\/\/www.civiltalaica.it\/cms\/wp-content\/uploads\/2024\/03\/20240314_080755-160x160.jpg 160w\" sizes=\"auto, (max-width: 1024px) 100vw, 1024px\" \/><\/a><\/p>\n<p><span style=\"font-family: Times New Roman, serif;\"><span style=\"font-size: medium;\">La pandemia e l\u2019abitudine a vivere sotto l\u2019emergenza di \u201cdecreti speciali\u201d, \u201ccoprifuoco\u201d, \u201cregioni rosse-gialle-verdi\u201d arrivata dopo decenni di guerre anzi, scusate, di \u201c<strong>operazioni di polizia internazionale per riportare la pace<\/strong>\u201d hanno realizzato, per lo meno in questo paese, ci\u00f2 che non erano riuscite a fare le leggi speciali degli anni \u201970 contro il terrorismo e neanche l\u2019attacco di Bin Laden all\u2019occidente. <\/span><\/span><span style=\"font-family: Times New Roman, serif;\"><span style=\"font-size: medium;\"><b>L\u2019obbligatoriet\u00e0 di dividersi in due blocchi di pensiero<\/b><\/span><\/span><span style=\"font-family: Times New Roman, serif;\"><span style=\"font-size: medium;\">, apparentemente opposti ma in realt\u00e0 autoalimentanti. <\/span><\/span><\/p>\n<p><span style=\"font-family: Times New Roman, serif;\"><span style=\"font-size: medium;\">Se negli anni zero e dieci di questo nuovo secolo trionfante, si era infine riusciti a superare ed anche un po\u2019 a ridere del motto bushista \u201c<\/span><\/span><span style=\"font-family: Times New Roman, serif;\"><span style=\"font-size: medium;\"><i>O sei con me o sei contro di me!<\/i><\/span><\/span><span style=\"font-family: Times New Roman, serif;\"><span style=\"font-size: medium;\">\u201d oggi ci siamo immersi fino al collo come neanche il 12 settembre 2001. <\/span><\/span><\/p>\n<p><span style=\"font-family: Times New Roman, serif;\"><span style=\"font-size: medium;\">O sei con il governo o sei un novax\/complottista\/putiniano\/terrorista islamico\/negazionista. A seconda della situazione, ovviamente. Assecondare la dicotomia ormai \u00e8 necessario semplicemente per avere spazio.<br \/>\nPrendiamo la guerra in Ucraina ad esempio, per parlare in pubblico dell\u2019argomento su un mass media nazionale ci sono due possibilit\u00e0: o ti dichiari pro-Putin o ti dichiari pro-occidente. In entrambi i casi, magari in condizioni fortemente minoritarie, lo spazio nel talk show politico di turno lo trovi.<br \/>\nSe provi invece a ricordare che la posizione <\/span><\/span><span style=\"font-family: Times New Roman, serif;\"><span style=\"font-size: medium;\"><b>pacifista<\/b><\/span><\/span><span style=\"font-family: Times New Roman, serif;\"><span style=\"font-size: medium;\"> e <\/span><\/span><span style=\"font-family: Times New Roman, serif;\"><span style=\"font-size: medium;\"><b>non interventista<\/b><\/span><\/span><span style=\"font-family: Times New Roman, serif;\"><span style=\"font-size: medium;\"> prevede un ragionamento totalmente diverso dal semplice dare ragione a Zelenski o a Putin; se provi a chiedere che fine abbia fatto l\u2019<strong>ONU<\/strong> con il suo palazzo di vetro e i suoi caschi blu; se provi a dire la parola \u201c<\/span><\/span><span style=\"font-family: Times New Roman, serif;\"><span style=\"font-size: medium;\"><b>disarmo<\/b><\/span><\/span><span style=\"font-family: Times New Roman, serif;\"><span style=\"font-size: medium;\">\u201d che da dieci anni si sente solo dalle due alle cinque del mattino in radio e in tv\u2026 beh, stai sicuro che nessuno ti chiamer\u00e0 mai pi\u00f9 a parlare in pubblico o a scrivere sui suoi giornali del mainstream. <\/span><\/span><\/p>\n<p><span style=\"font-family: Times New Roman, serif;\"><span style=\"font-size: medium;\">Vogliamo parlare di <\/span><\/span><span style=\"font-family: Times New Roman, serif;\"><span style=\"font-size: medium;\"><b>Palestina<\/b><\/span><\/span><span style=\"font-family: Times New Roman, serif;\"><span style=\"font-size: medium;\">? Ma voi credete che quando l\u2019unica discussione che passa in prima serata \u00e8 quella in cui in cui ci si preoccupa di stabilire semanticamente se sia in corretto o meno parlare di <\/span><\/span><span style=\"font-family: Times New Roman, serif;\"><span style=\"font-size: medium;\"><b>genocidio<\/b><\/span><\/span><span style=\"font-family: Times New Roman, serif;\"><span style=\"font-size: medium;\">, qualcuno dia spazio ad un confronto basato sui fatti? <\/span><\/span><\/p>\n<p><span style=\"font-family: Times New Roman, serif;\"><span style=\"font-size: medium;\">Possiamo credere che il nostro confronto serva a qualcosa a chi si dimette dai suoi ruoli \u201cper l\u2019uso improprio della parola genocidio\u201d?<\/span><\/span><sup><span style=\"font-family: Times New Roman, serif;\"><span style=\"font-size: medium;\">[1] <\/span><\/span><\/sup><span style=\"font-family: Times New Roman, serif;\"><span style=\"font-size: medium;\">Pu\u00f2 servire a una persona cos\u00ec egocentrica e dogmatica ricordargli cosa \u00e8 successo in Palestina dopo l&#8217;anno duemila con la camminata sulle moschee di Sharon; di 5 milioni di esseri umani ammassati per ventiquattro anni in uno spazio poco pi\u00f9 grande della citt\u00e0 di Reggio Emilia con situazione igieniche che per i nostri standard occidentali non andrebbero bene neanche per un allevamento di polli con una delle aspettative di vita pi\u00f9 basse di tutto i pianeta; che tutto questo porta al fatto che oggi non sia pi\u00f9 applicabile neanche la richiesta del \u201cdue popoli due stati\u201d (per inciso chi la proponeva negli anni \u201990 era un terrorista amico di Arafat secondo qualcuno); che ai 31mila morti in quattro mesi e alle loro famiglie non glie ne po\u2019 frega\u2019 di meno se la parola giusta secondo lui sia <strong>massacro, mattanza, strage,<\/strong> o magari \u201c<strong>un piccolo litigio<\/strong>\u201d? <\/span><\/span><\/p>\n<p><span style=\"font-family: Times New Roman, serif;\"><span style=\"font-size: medium;\">Condividiamo il parere di chi sostiene che <\/span><\/span><span style=\"font-family: Times New Roman, serif;\"><span style=\"font-size: medium;\"><b>\u00e8 ora di smetterla di paragonare la Shoah ebraica alla scientifica programmazione dello sterminio dei Palestinesi da parte di Israele<\/b><\/span><\/span><span style=\"font-family: Times New Roman, serif;\"><span style=\"font-size: medium;\">. Ma non perch\u00e9 altrimenti gli israeliani si offendano, cosa di cui facilmente potete intuire quanto ce ne importi di fronte al massacro palestinese in corso. Ma per il fatto che sono due cose completamente diverse storicamente, geograficamente, geopoliticamente. \u00c8 sbagliato anche dire \u201c<\/span><\/span><span style=\"font-family: Times New Roman, serif;\"><span style=\"font-size: medium;\"><i>Ma come proprio voi che avete subito la Shoah\u2026<\/i><\/span><\/span><span style=\"font-family: Times New Roman, serif;\"><span style=\"font-size: medium;\">\u201d; non sono queste persone che hanno subito la Shoah, sono altre! Semmai sono gli eredi. Paragonare le cose ha senso solo nella vaghezza indeterminata dell\u2019affermare che ogni tentativo di sterminio di un popolo pu\u00f2 essere considerato un atto nazista<\/span><\/span><sup><span style=\"font-family: Times New Roman, serif;\"><span style=\"font-size: medium;\">[2]<\/span><\/span><\/sup><span style=\"font-family: Times New Roman, serif;\"><span style=\"font-size: medium;\">.<\/span><\/span><\/p>\n<p><span style=\"font-family: Times New Roman, serif;\"><span style=\"font-size: medium;\">Tuttavia \u00e8 anche vero che la storia si presenta sotto forma corsi e ricorsi ed \u00e8 inutile che autocensuriamo alcune assonanze che ci vengono in mente. E allora se prendiamo nella sua drammaticit\u00e0 la strage compiuta da Hamas dei ragazzi israeliani che stavano partecipando ad un rave a poca distanza dal muro che circonda la striscia di Gaza, proprio non possiamo evitare di pensare a <\/span><\/span><span style=\"font-family: Times New Roman, serif;\"><span style=\"font-size: medium;\"><b>\u201cLa zona di interesse<\/b><\/span><\/span><span style=\"font-family: Times New Roman, serif;\"><span style=\"font-size: medium;\">\u201d, film che in questi giorni mostra al cinema <\/span><\/span><span style=\"font-family: Times New Roman, serif;\"><span style=\"font-size: medium;\"><i>la banalit\u00e0 del male<\/i><\/span><\/span><span style=\"font-family: Times New Roman, serif;\"><span style=\"font-size: medium;\"> di chi viveva a fianco del muro di Auschwitz e voleva conservare i suoi privilegi.<\/span><\/span><\/p>\n<p><span style=\"font-family: Times New Roman, serif;\"><span style=\"font-size: medium;\"><a href=\"https:\/\/www.civiltalaica.it\/cms\/wp-content\/uploads\/2024\/03\/06f203652316836648068b0731e50836.jpg\"><img loading=\"lazy\" decoding=\"async\" class=\"alignnone wp-image-28744\" src=\"https:\/\/www.civiltalaica.it\/cms\/wp-content\/uploads\/2024\/03\/06f203652316836648068b0731e50836.jpg\" alt=\"\" width=\"529\" height=\"493\" srcset=\"https:\/\/www.civiltalaica.it\/cms\/wp-content\/uploads\/2024\/03\/06f203652316836648068b0731e50836.jpg 824w, https:\/\/www.civiltalaica.it\/cms\/wp-content\/uploads\/2024\/03\/06f203652316836648068b0731e50836-300x280.jpg 300w, https:\/\/www.civiltalaica.it\/cms\/wp-content\/uploads\/2024\/03\/06f203652316836648068b0731e50836-768x716.jpg 768w, https:\/\/www.civiltalaica.it\/cms\/wp-content\/uploads\/2024\/03\/06f203652316836648068b0731e50836-172x160.jpg 172w\" sizes=\"auto, (max-width: 529px) 100vw, 529px\" \/><\/a><br \/>\nBisogna riconoscere per\u00f2 che i ragazzi israeliani avevano un\u2019attenuante importante: la quotidiana disinformazione del governo israeliano nella pretesa che i suoi cittadini credessero ad una situazione del tutto normale e sotto controllo. Che chi cresceva a <\/span><\/span><span style=\"font-family: Times New Roman, serif;\"><span style=\"font-size: medium;\"><b>Gaza City<\/b><\/span><\/span><span style=\"font-family: Times New Roman, serif;\"><span style=\"font-size: medium;\"> (pi\u00f9 figo chiamarla cos\u00ec invece di &#8220;Striscia di Gaza&#8221;, nevvero?) lo faceva perch\u00e9 voleva crescerci altrimenti avrebbe potuto andar via quando voleva; che non c\u2019erano cecchini che sparavano indiscriminatamente a chiunque perch\u00e9 il cugino del cugino aveva sentito qualcuno che gli aveva detto che il tizio in questione fosse di Hamas; che non ci fossero operazioni militari su obiettivi civili come ospedali e centro profughi; che le denunce quotidianamente fatte dalle Ong internazionali fossero operazioni antisemite.<br \/>\nLe crescenti proteste odierne di ci\u00f2 che rimane della <strong>sinistra israeliana<\/strong>, puntualmente censurate in quasi tutti i quotidiani italiani, sono un indice di risveglio; ma non pensiamo davvero possa in questo momento andare buon fine, visto il dichiarato tentativo di Israele di estendere la zona di conflitto.<\/span><\/span><\/p>\n<p><span style=\"font-family: Times New Roman, serif;\"><span style=\"font-size: medium;\"><b>Il nostro pacifismo<\/b><\/span><\/span><span style=\"font-family: Times New Roman, serif;\"><span style=\"font-size: medium;\"> che abbiamo portato in piazza per anni, e che ci porteremmo tutt\u2019ora se la maggior parte delle forze che lo sostenevano non si fossero rincoglionite nel rispettare l\u2019obbligatoriet\u00e0 della follia dicotomica, viene da una storia che \u00e8 ben lontana dal motto cristiano del \u201cporgi l\u2019altra guancia\u201d. E, con il dovuto rispetto, altrettanto lontana dalla non violenza di Gandhi; anche se con queste visioni c\u2019\u00e8 ovviamente <\/span><\/span><span style=\"font-family: Times New Roman, serif;\"><span style=\"font-size: medium;\"><b>il punto di comune di far cessare ogni guerra<\/b><\/span><\/span><span style=\"font-family: Times New Roman, serif;\"><span style=\"font-size: medium;\">.<br \/>\nMa l\u2019alternativa sensata e ragionevole al martirio di fronte all\u2019aggressore si chiama da sempre \u201c<\/span><\/span><span style=\"font-family: Times New Roman, serif;\"><span style=\"font-size: medium;\"><b>ferma la mano che sta dando il pugno<\/b><\/span><\/span><span style=\"font-family: Times New Roman, serif;\"><span style=\"font-size: medium;\">\u201d, o \u201c<\/span><\/span><span style=\"font-family: Times New Roman, serif;\"><span style=\"font-size: medium;\"><b>terza via<\/b><\/span><\/span><span style=\"font-family: Times New Roman, serif;\"><span style=\"font-size: medium;\">\u201d se preferite. Non pensiamo ci sia nulla da inventare n\u00e9 da spiegare, forse solo da puntualizzare per gli smemorati: <\/span><\/span><span style=\"font-family: Times New Roman, serif;\"><span style=\"font-size: medium;\"><b>caschi blu dell\u2019Onu, arbitrati e commissioni d&#8217;inchiesta internazionali e soprattutto disarmo bilaterale (e globale magari)<\/b><\/span><\/span><span style=\"font-family: Times New Roman, serif;\"><span style=\"font-size: medium;\">.<br \/>\nTutto ci\u00f2 ha funzionato benino in diverse occasioni dopo la fine della seconda guerra mondiale; non sempre certo, siamo pur sempre umani. Fino a quando, guerra dei Balcani, hanno cominciato a raccontare la fandonia che per la pace sarebbe stato molto meglio che la Nato bombardasse i cattivi e le loro citt\u00e0 civili tanto per fargli capire che non si scherza. <\/span><\/span><span style=\"font-family: Times New Roman, serif;\"><span style=\"font-size: medium;\"><b>Shock and awe, <\/b><\/span><\/span><span style=\"font-family: Times New Roman, serif;\"><span style=\"font-size: medium;\">come dicono gli yankee.<br \/>\n<\/span><\/span><span style=\"font-family: Times New Roman, serif;\"><span style=\"font-size: medium;\"><strong>Chi sia il cattivo lo decide di volta in volta la Nato ovviamente.<\/strong><br \/>\nDa quel momento in poi tutto \u00e8 conseguente. Le guerre mostrate con gli infrarossi, esplosioni lontane ed indolore quando si bombarda Bagdad, e di contro il sangue mostrato in HD quando la Russia attacca Kiev. Putin ha fatto n\u00e9 pi\u00f9 n\u00e9 meno quello che la Nato ha fatto altrove, e per dirla tutta aveva precedentemente fatto lo stesso in Georgia e in Cecenia ma l\u00ec era amico dei nostri governanti e quindi &#8220;stava tenendo a bada i cattivi comunisti&#8221;. Li teneva a bada anche regalando comodi lettoni da playboy a presidenti del consiglio occidentali, <\/span><\/span><span style=\"font-family: Times New Roman, serif;\"><span style=\"font-size: medium;\"><i>ca va sans dire<\/i><\/span><\/span><span style=\"font-family: Times New Roman, serif;\"><span style=\"font-size: medium;\">.<br \/>\nMa il bello \u00e8 che a tutta questa propaganda l&#8217;opinione pubblica italiana continua a credere ciecamente come se <\/span><\/span><span style=\"font-family: Times New Roman, serif;\"><span style=\"font-size: medium;\"><b>Julian Assange e Wikileaks<\/b><\/span><\/span><span style=\"font-family: Times New Roman, serif;\"><span style=\"font-size: medium;\"> non fossero mai esistiti!<\/span><\/span><\/p>\n<p><a href=\"https:\/\/www.civiltalaica.it\/cms\/wp-content\/uploads\/2024\/03\/GHA7cTnWYAAF0JE.png\"><img loading=\"lazy\" decoding=\"async\" class=\"alignnone size-full wp-image-28743\" src=\"https:\/\/www.civiltalaica.it\/cms\/wp-content\/uploads\/2024\/03\/GHA7cTnWYAAF0JE.png\" alt=\"\" width=\"800\" height=\"800\" srcset=\"https:\/\/www.civiltalaica.it\/cms\/wp-content\/uploads\/2024\/03\/GHA7cTnWYAAF0JE.png 800w, https:\/\/www.civiltalaica.it\/cms\/wp-content\/uploads\/2024\/03\/GHA7cTnWYAAF0JE-300x300.png 300w, https:\/\/www.civiltalaica.it\/cms\/wp-content\/uploads\/2024\/03\/GHA7cTnWYAAF0JE-150x150.png 150w, https:\/\/www.civiltalaica.it\/cms\/wp-content\/uploads\/2024\/03\/GHA7cTnWYAAF0JE-768x768.png 768w, https:\/\/www.civiltalaica.it\/cms\/wp-content\/uploads\/2024\/03\/GHA7cTnWYAAF0JE-160x160.png 160w\" sizes=\"auto, (max-width: 800px) 100vw, 800px\" \/><\/a><\/p>\n<p><span style=\"font-family: Times New Roman, serif;\"><span style=\"font-size: medium;\">Basterebbe forse riprendere in mano la bibbia laica del pacifismo di <strong>Berkley<\/strong>, quel <strong>Mattatoio n. 5<\/strong> che, seppur contenga qualche svarione<\/span><\/span> <span style=\"font-family: Times New Roman, serif;\"><span style=\"font-size: medium;\">(nessuno \u00e8 santo e nessuno \u00e8 perfetto fra i laici, neanche <\/span><\/span><span style=\"font-family: Times New Roman, serif;\"><span style=\"font-size: medium;\"><b>Kurt Vonnegut<\/b><\/span><\/span><sup><span style=\"font-family: Times New Roman, serif;\"><span style=\"font-size: medium;\">[3]<\/span><\/span><\/sup><span style=\"font-family: Times New Roman, serif;\"><span style=\"font-size: medium;\">), dovrebbe essere una lettura scolastica obbligatoria.<br \/>\nO forse riascoltare <\/span><\/span><span style=\"font-family: Times New Roman, serif;\"><span style=\"font-size: medium;\"><i>Il disertore<\/i><\/span><\/span><span style=\"font-family: Times New Roman, serif;\"><span style=\"font-size: medium;\"> di <\/span><\/span><span style=\"font-family: Times New Roman, serif;\"><span style=\"font-size: medium;\"><b>Boris Vian<\/b><\/span><\/span><span style=\"font-family: Times New Roman, serif;\"><span style=\"font-size: medium;\">, che pure nel 1992 Ivano Fossati riprendeva per il ritorno in occidente della voglia di guerra con il caso Saddam Hussein; potrebbe essere utile per non cadere in trappole retoriche che vanno, di nuovo molto di moda.<br \/>\nMa anche ricordare e rileggere le nostre dichiarazioni di <\/span><\/span><span style=\"font-family: Times New Roman, serif;\"><span style=\"font-size: medium;\"><b>obiezione di coscienza al servizio militare<\/b><\/span><\/span> <span style=\"font-family: Times New Roman, serif;\"><span style=\"font-size: medium;\"><b>obbligatorio<\/b><\/span><\/span><span style=\"font-family: Times New Roman, serif;\"><span style=\"font-size: medium;\"> per capire cosa ci sia di sbagliato nella cultura guerrafondaia, oggi come allora. Proprio nel momento in cui qualche politicante di professione, dopo aver sparato tutte le balle possibili sui migranti e sulle accise dei carburanti (per tacere dei ponti tra Messina e Reggio Calabria che portano in Europa)<\/span><\/span><span style=\"font-family: Times New Roman, serif;\"><span style=\"font-size: medium;\">, dopo aver baciato crocifissi a destra e a manca per poi andare al <\/span><\/span><span style=\"font-family: Times New Roman, serif;\"><span style=\"font-size: medium;\"><i>Papeete<\/i><\/span><\/span><span style=\"font-family: Times New Roman, serif;\"><span style=\"font-size: medium;\"> a venerare ben altro, <strong>vuole ripristinare la leva obbligatoria!<\/strong><br \/>\nPotrebbe essere utile in questi tempi ricordare cosa succedeva a noi Odc, che a differenza degli obiettori sull\u2019aborto scontavamo di persona le nostre scelte, quasi sempre convocati dopo aver presentato la dichiarazione di Odc dai Carabinieri per il tentativo di farci rinsavire con un <\/span><\/span><span style=\"font-family: Times New Roman, serif;\"><span style=\"font-size: medium;\"><b>interrogatorio morale;<\/b><\/span><\/span><span style=\"font-family: Times New Roman, serif;\"><span style=\"font-size: medium;\">\u00a0ci rimbrottavano con supreme argomentazioni del tipo: \u201c<\/span><\/span><span style=\"font-family: Times New Roman, serif;\"><span style=\"font-size: medium;\"><i>Ma chi la difender\u00e0 questa nostra povera italietta se faranno tutti gli obiettori?<\/i><\/span><\/span><span style=\"font-family: Times New Roman, serif;\"><span style=\"font-size: medium;\">\u201d E alla risposta \u201c<\/span><\/span><span style=\"font-family: Times New Roman, serif;\"><span style=\"font-size: medium;\"><i>Scusi, ma allora voi che ci state a fare?<\/i><\/span><\/span><span style=\"font-family: Times New Roman, serif;\"><span style=\"font-size: medium;\">\u201d minacciavano di arrestarci per oltraggio.<br \/>\nSe le rileggessimo oggi quelle dichiarazioni forse sarebbe meno facile far passare per <\/span><\/span><span style=\"font-family: Times New Roman, serif;\"><span style=\"font-size: medium;\"><i>normale<\/i><\/span><\/span><span style=\"font-family: Times New Roman, serif;\"><span style=\"font-size: medium;\"> il fatto che il nostro Stato ceda armi all\u2019Ucraina impegnata in un conflitto. Forse sarebbe pi\u00f9 chiaro che questa \u00e8 una dichiarazione di guerra <\/span><\/span><span style=\"font-family: Times New Roman, serif;\"><span style=\"font-size: medium;\"><i>de facto<\/i><\/span><\/span><span style=\"font-family: Times New Roman, serif;\"><span style=\"font-size: medium;\"> verso la Russia e che non ci sarebbe da meravigliarsi che, se dovesse vincere a Kiev, Putin ce ne chieder\u00e0 poi conto. <\/span><\/span><\/p>\n<p><span style=\"font-family: Times New Roman, serif;\"><span style=\"font-size: medium;\">No, il nostro sfogo iniziale non \u00e8 un preannuncio di disimpegno, se cos\u00ec l\u2019avevate inteso ci dispiace deludervi, ma non siamo proprio i tipi.<br \/>\nPer\u00f2 non abbiamo neanche la vocazione agli inutili martirii che lasciamo volentieri a chi aspira alla santit\u00e0. Per noi la vita \u00e8 unica e quindi preziosa; troppo preziosa per spenderla in concetti ridicoli e anacronistici come la patria.<br \/>\nSar\u00e0 che abbiamo letto e scritto troppo di fantascienza e che ci piacciono troppo le utopie, ma la Terra a noi piace vederla come \u00e8 dallo spazio. Un\u2019enorme sfera senza inizio e senza fine e soprattutto senza confini da noi inventati che decidono chi \u00e8 a <\/span><\/span><span style=\"font-family: Times New Roman, serif;\"><span style=\"font-size: medium;\"><b>nord a sud ad ovest o ad est<\/b><\/span><\/span><span style=\"font-family: Times New Roman, serif;\"><span style=\"font-size: medium;\"> di\u2026 di che cosa? <\/span><\/span><\/p>\n<p><span style=\"font-family: Times New Roman, serif;\"><span style=\"font-size: medium;\">Ci sentiamo lontani dal momento in cui Gandalf ritrova la via ne \u201cLa compagnia dell\u2019anello\u201d; del resto sempre per restare nella Terra di Mezzo (e finalmente ripulita dai neo-fascisti italiani che la invasero negli anni \u201970) e agli insegnamenti del vecchio stregone, sappiamo che il nostro scoramento \u201c<\/span><\/span><span style=\"font-family: Times New Roman, serif;\"><span style=\"font-size: medium;\"><i>vale per tutti quelli che vivono in tempi come questi[\u2026] possiamo soltanto decidere cosa fare con il tempo che ci viene concesso.<\/i><\/span><\/span><span style=\"font-family: Times New Roman, serif;\"><span style=\"font-size: medium;\">\u201d <\/span><\/span><\/p>\n<p><span style=\"font-family: Times New Roman, serif;\"><span style=\"font-size: medium;\">Continueremo il nostro impegno, ma non ci venite a pi\u00f9 a parlare di patria per favore; o di guerra per la salvaguardia dei nostri valori quando non ci avete mai chiesto l&#8217;autorizzazione per combattere in nostro nome; e gi\u00e0 che ci siete fatela anche finita con il mito degli eroi del libro Cuore&#8230; che la <\/span><\/span><span style=\"font-family: Times New Roman, serif;\"><span style=\"font-size: medium;\"><b>Prima Guerra Mondiale<\/b><\/span><\/span><span style=\"font-family: Times New Roman, serif;\"><span style=\"font-size: medium;\"> di cui tanto ancora ci vantiamo per dimenticare di aver perso la seconda, non \u00e8 cosa di cui andar fieri.<\/span><\/span><sup><span style=\"font-family: Times New Roman, serif;\"><span style=\"font-size: medium;\">[4]<\/span><\/span><\/sup><\/p>\n<p><a name=\"_GoBack\"><\/a><span style=\"font-family: Times New Roman, serif;\"><span style=\"font-size: medium;\">Se le razze umane non esistono, cosa ampiamente e scientificamente dimostrata, figuriamoci quale senso oggi abbia il concetto di patria.<br \/>\nIl nostro impegno in questo nostro odierno Assurdistan ci sar\u00e0 fin quando sar\u00e0 possibile, poi da bravi disertori internazionalisti, andremo altrove a <\/span><\/span><span style=\"font-family: Times New Roman, serif;\"><span style=\"font-size: medium;\"><i>predicar la pace e bandir la guerra<\/i><\/span><\/span><span style=\"font-family: Times New Roman, serif;\"><span style=\"font-size: medium;\">. E se dovessimo decidere di spendere la nostra unica vita lo faremo per cose molto pi\u00f9 importanti, come canta ancora Pietro Gori: \u201c<\/span><\/span><span style=\"font-family: Times New Roman, serif;\"><span style=\"font-size: medium;\"><i>Nostra patria \u00e8 il mondo intero \/ nostra legge \u00e8 la libert\u00e0 \/ ed un pensiero ribelle \/ in cor ci sta.\u201d<\/i><\/span><\/span><\/p>\n<p align=\"JUSTIFY\"><span style=\"font-family: Times New Roman, serif;\"><span style=\"font-size: medium;\"><b>Alessandro Chiometti<\/b><\/span><\/span><\/p>\n<p align=\"JUSTIFY\"><a href=\"https:\/\/www.civiltalaica.it\/cms\/wp-content\/uploads\/2020\/02\/alessandro-scaled.jpg\"><img loading=\"lazy\" decoding=\"async\" class=\"alignnone wp-image-16678\" src=\"https:\/\/www.civiltalaica.it\/cms\/wp-content\/uploads\/2020\/02\/alessandro-945x1024.jpg\" alt=\"\" width=\"291\" height=\"316\" srcset=\"https:\/\/www.civiltalaica.it\/cms\/wp-content\/uploads\/2020\/02\/alessandro-945x1024.jpg 945w, https:\/\/www.civiltalaica.it\/cms\/wp-content\/uploads\/2020\/02\/alessandro-277x300.jpg 277w, https:\/\/www.civiltalaica.it\/cms\/wp-content\/uploads\/2020\/02\/alessandro-768x832.jpg 768w, https:\/\/www.civiltalaica.it\/cms\/wp-content\/uploads\/2020\/02\/alessandro-1418x1536.jpg 1418w, https:\/\/www.civiltalaica.it\/cms\/wp-content\/uploads\/2020\/02\/alessandro-1890x2048.jpg 1890w, https:\/\/www.civiltalaica.it\/cms\/wp-content\/uploads\/2020\/02\/alessandro-148x160.jpg 148w\" sizes=\"auto, (max-width: 291px) 100vw, 291px\" \/><\/a><\/p>\n<p align=\"JUSTIFY\"><span style=\"font-family: Times New Roman, serif;\"><span style=\"font-size: small;\"><i>[1] Ci riferiamo ovviamente alle ridicole dimissioni a Milano del consigliere del Pd Daniele Nahum (<a href=\"https:\/\/milano.corriere.it\/notizie\/cronaca\/24_marzo_13\/dimissioni-di-nahum-dal-pd-emanuele-fiano-le-battaglie-si-fanno-nel-partito-ma-ha-ragione-a-gaza-nessun-genocidio-a0922516-95c8-440e-8800-9592e3bb3xlk.shtml\">https:\/\/milano.corriere.it\/notizie\/cronaca\/24_marzo_13\/dimissioni-di-nahum-dal-pd-emanuele-fiano-le-battaglie-si-fanno-nel-partito-ma-ha-ragione-a-gaza-nessun-genocidio-a0922516-95c8-440e-8800-9592e3bb3xlk.shtml<\/a> ) e del presidente dell\u2019Anpi Roberto Cenati (<a href=\"https:\/\/opinione.it\/politica\/2024\/03\/05\/mimmo-fornari-dimissioni-presidente-anpi-milano-genocidio\/\">https:\/\/opinione.it\/politica\/2024\/03\/05\/mimmo-fornari-dimissioni-presidente-anpi-milano-genocidio\/<\/a>). <\/i><\/span><\/span><\/p>\n<p align=\"JUSTIFY\"><span style=\"font-family: Times New Roman, serif;\"><span style=\"font-size: small;\"><i>[2] Meno ancora ha senso offendersi per il paragone e dire \u201cnon puoi dare a me del nazista perch\u00e9 il mio popolo ha subito la Shoah\u201d. Allora non si pu\u00f2 paragonare Stalin ad Hitler perch\u00e9 gli stalinisti non solo hanno subito le repressioni naziste ma hanno anche sconfitto la wermacht sul campo? <\/i><\/span><\/span><\/p>\n<p align=\"JUSTIFY\"><span style=\"font-family: Times New Roman, serif;\"><span style=\"font-size: small;\"><i>[3] Kurt Vonnegut, a cui avremmo assegnato un Nobel non solo per la letteratura ma anche per la pace, prende come riferimento i dati portati da David Irving sul bombardamento di Dresda. Lo pseudostorico austriaco si rivel\u00f2 un negazionista dell\u2019olocausto e un simpatizzante nazista; venne finanche arrestato in Austria nel 2006 dove i negazionismo storico\u00a0 \u00e8 un reato penale. Ritratt\u00f2 il negazionismo sulla Shoah dopo 400 giorni di carcere ma non le simpatie naziste. Tuttavia Kurt Vonnegut va completamente assolto sia perch\u00e9 i dati su Dresda sono abbastanza verosimili e le operazioni mirate solo ad uccidere i civili e a terrorizzare il nemico (le stesse effettuate su Vienna e su Tokio prima della bomba atomica) sono state ammesse anche dai comandanti americani, sia perch\u00e9 il coming out nazista di Irving avvenne solo vent\u2019anni dopo l\u2019uscita di Mattatoio n. 5. <\/i><\/span><\/span><\/p>\n<p align=\"JUSTIFY\"><span style=\"font-family: Times New Roman, serif;\"><span style=\"font-size: small;\"><i>[4] A chi \u00e8 ancora affezionato alla propaganda della scuola italiana sull&#8217;eroismo italico della WWI consigliamo vivamente il libro &#8220;1917&#8221; di Angelo D&#8217;Orsi.<\/i><\/span><\/span><\/p>\n","protected":false},"excerpt":{"rendered":"<p>\u00c8 difficile, se non impossibile, descrivere con le parole in modo appropriato il quotidiano senso di disorientamento della nostra vita. Per usare un immagine cinematografica esplicativa ci sentiamo come Gandalf che dopo aver cercato a lungo la via attraverso le miniere di Moria si ferma, si guarda intorno e ammette con se stesso e il [&hellip;]<\/p>\n","protected":false},"author":7,"featured_media":28745,"comment_status":"closed","ping_status":"closed","sticky":false,"template":"","format":"standard","meta":{"footnotes":""},"categories":[238,229,232],"tags":[79,2229,576,1262,2228,1050],"class_list":["post-28742","post","type-post","status-publish","format-standard","has-post-thumbnail","hentry","category-articoli","category-evidenza","category-riflessioni-2","tag-alessandro-chiometti","tag-confronti","tag-guerra","tag-pacifismo","tag-palestina","tag-ucraina"],"yoast_head":"<!-- This site is optimized with the Yoast SEO plugin v27.1.1 - https:\/\/yoast.com\/product\/yoast-seo-wordpress\/ -->\n<title>Dove siamo? - Associazione Culturale Civilt\u00e0 Laica<\/title>\n<meta name=\"description\" content=\"ci sentiamo come Gandalf che nelle miniere di Moria si ferma, si guarda intorno e ammette: \u201cNon ho memoria di questi posti\u201d\" \/>\n<meta name=\"robots\" content=\"index, follow, max-snippet:-1, max-image-preview:large, max-video-preview:-1\" \/>\n<link rel=\"canonical\" href=\"https:\/\/www.civiltalaica.it\/cms\/dove-siamo\/\" \/>\n<meta property=\"og:locale\" content=\"it_IT\" \/>\n<meta property=\"og:type\" content=\"article\" \/>\n<meta property=\"og:title\" content=\"Dove siamo? - Associazione Culturale Civilt\u00e0 Laica\" \/>\n<meta property=\"og:description\" content=\"ci sentiamo come Gandalf che nelle miniere di Moria si ferma, si guarda intorno e ammette: \u201cNon ho memoria di questi posti\u201d\" \/>\n<meta property=\"og:url\" content=\"https:\/\/www.civiltalaica.it\/cms\/dove-siamo\/\" \/>\n<meta property=\"og:site_name\" content=\"Associazione Culturale Civilt\u00e0 Laica\" \/>\n<meta property=\"article:publisher\" content=\"https:\/\/www.facebook.com\/civiltalaica\" \/>\n<meta property=\"article:published_time\" content=\"2024-03-14T07:20:10+00:00\" \/>\n<meta property=\"article:modified_time\" content=\"2024-03-15T07:06:35+00:00\" \/>\n<meta property=\"og:image\" content=\"https:\/\/www.civiltalaica.it\/cms\/wp-content\/uploads\/2024\/03\/20240314_080755-scaled.jpg\" \/>\n\t<meta property=\"og:image:width\" content=\"2560\" \/>\n\t<meta property=\"og:image:height\" content=\"2560\" \/>\n\t<meta property=\"og:image:type\" content=\"image\/jpeg\" \/>\n<meta name=\"author\" content=\"alexjc\" \/>\n<meta name=\"twitter:card\" content=\"summary_large_image\" \/>\n<meta name=\"twitter:label1\" content=\"Scritto da\" \/>\n\t<meta name=\"twitter:data1\" content=\"alexjc\" \/>\n\t<meta name=\"twitter:label2\" content=\"Tempo di lettura stimato\" \/>\n\t<meta name=\"twitter:data2\" content=\"14 minuti\" \/>\n<script type=\"application\/ld+json\" class=\"yoast-schema-graph\">{\"@context\":\"https:\/\/schema.org\",\"@graph\":[{\"@type\":\"Article\",\"@id\":\"https:\/\/www.civiltalaica.it\/cms\/dove-siamo\/#article\",\"isPartOf\":{\"@id\":\"https:\/\/www.civiltalaica.it\/cms\/dove-siamo\/\"},\"author\":{\"name\":\"alexjc\",\"@id\":\"https:\/\/www.civiltalaica.it\/cms\/#\/schema\/person\/4efef56f866329a1e0943eb27336df1d\"},\"headline\":\"Dove siamo?\",\"datePublished\":\"2024-03-14T07:20:10+00:00\",\"dateModified\":\"2024-03-15T07:06:35+00:00\",\"mainEntityOfPage\":{\"@id\":\"https:\/\/www.civiltalaica.it\/cms\/dove-siamo\/\"},\"wordCount\":2390,\"image\":{\"@id\":\"https:\/\/www.civiltalaica.it\/cms\/dove-siamo\/#primaryimage\"},\"thumbnailUrl\":\"https:\/\/www.civiltalaica.it\/cms\/wp-content\/uploads\/2024\/03\/20240314_080755-scaled.jpg\",\"keywords\":[\"alessandro chiometti\",\"confronti\",\"guerra\",\"pacifismo\",\"palestina\",\"ucraina\"],\"articleSection\":[\"articoli\",\"in evidenza\",\"riflessioni\"],\"inLanguage\":\"it-IT\"},{\"@type\":\"WebPage\",\"@id\":\"https:\/\/www.civiltalaica.it\/cms\/dove-siamo\/\",\"url\":\"https:\/\/www.civiltalaica.it\/cms\/dove-siamo\/\",\"name\":\"Dove siamo? - Associazione Culturale Civilt\u00e0 Laica\",\"isPartOf\":{\"@id\":\"https:\/\/www.civiltalaica.it\/cms\/#website\"},\"primaryImageOfPage\":{\"@id\":\"https:\/\/www.civiltalaica.it\/cms\/dove-siamo\/#primaryimage\"},\"image\":{\"@id\":\"https:\/\/www.civiltalaica.it\/cms\/dove-siamo\/#primaryimage\"},\"thumbnailUrl\":\"https:\/\/www.civiltalaica.it\/cms\/wp-content\/uploads\/2024\/03\/20240314_080755-scaled.jpg\",\"datePublished\":\"2024-03-14T07:20:10+00:00\",\"dateModified\":\"2024-03-15T07:06:35+00:00\",\"author\":{\"@id\":\"https:\/\/www.civiltalaica.it\/cms\/#\/schema\/person\/4efef56f866329a1e0943eb27336df1d\"},\"description\":\"ci sentiamo come Gandalf che nelle miniere di Moria si ferma, si guarda intorno e ammette: \u201cNon ho memoria di questi posti\u201d\",\"breadcrumb\":{\"@id\":\"https:\/\/www.civiltalaica.it\/cms\/dove-siamo\/#breadcrumb\"},\"inLanguage\":\"it-IT\",\"potentialAction\":[{\"@type\":\"ReadAction\",\"target\":[\"https:\/\/www.civiltalaica.it\/cms\/dove-siamo\/\"]}]},{\"@type\":\"ImageObject\",\"inLanguage\":\"it-IT\",\"@id\":\"https:\/\/www.civiltalaica.it\/cms\/dove-siamo\/#primaryimage\",\"url\":\"https:\/\/www.civiltalaica.it\/cms\/wp-content\/uploads\/2024\/03\/20240314_080755-scaled.jpg\",\"contentUrl\":\"https:\/\/www.civiltalaica.it\/cms\/wp-content\/uploads\/2024\/03\/20240314_080755-scaled.jpg\",\"width\":2560,\"height\":2560},{\"@type\":\"BreadcrumbList\",\"@id\":\"https:\/\/www.civiltalaica.it\/cms\/dove-siamo\/#breadcrumb\",\"itemListElement\":[{\"@type\":\"ListItem\",\"position\":1,\"name\":\"Home\",\"item\":\"https:\/\/www.civiltalaica.it\/cms\/\"},{\"@type\":\"ListItem\",\"position\":2,\"name\":\"Dove siamo?\"}]},{\"@type\":\"WebSite\",\"@id\":\"https:\/\/www.civiltalaica.it\/cms\/#website\",\"url\":\"https:\/\/www.civiltalaica.it\/cms\/\",\"name\":\"Associazione Culturale Civilt\u00e0 Laica\",\"description\":\"Per un movimento culturale volto a difendere la Laicit\u00e0 dello Stato.\",\"potentialAction\":[{\"@type\":\"SearchAction\",\"target\":{\"@type\":\"EntryPoint\",\"urlTemplate\":\"https:\/\/www.civiltalaica.it\/cms\/?s={search_term_string}\"},\"query-input\":{\"@type\":\"PropertyValueSpecification\",\"valueRequired\":true,\"valueName\":\"search_term_string\"}}],\"inLanguage\":\"it-IT\"},{\"@type\":\"Person\",\"@id\":\"https:\/\/www.civiltalaica.it\/cms\/#\/schema\/person\/4efef56f866329a1e0943eb27336df1d\",\"name\":\"alexjc\",\"url\":\"https:\/\/www.civiltalaica.it\/cms\/author\/alexjc\/\"}]}<\/script>\n<!-- \/ Yoast SEO plugin. -->","yoast_head_json":{"title":"Dove siamo? - Associazione Culturale Civilt\u00e0 Laica","description":"ci sentiamo come Gandalf che nelle miniere di Moria si ferma, si guarda intorno e ammette: \u201cNon ho memoria di questi posti\u201d","robots":{"index":"index","follow":"follow","max-snippet":"max-snippet:-1","max-image-preview":"max-image-preview:large","max-video-preview":"max-video-preview:-1"},"canonical":"https:\/\/www.civiltalaica.it\/cms\/dove-siamo\/","og_locale":"it_IT","og_type":"article","og_title":"Dove siamo? - Associazione Culturale Civilt\u00e0 Laica","og_description":"ci sentiamo come Gandalf che nelle miniere di Moria si ferma, si guarda intorno e ammette: \u201cNon ho memoria di questi posti\u201d","og_url":"https:\/\/www.civiltalaica.it\/cms\/dove-siamo\/","og_site_name":"Associazione Culturale Civilt\u00e0 Laica","article_publisher":"https:\/\/www.facebook.com\/civiltalaica","article_published_time":"2024-03-14T07:20:10+00:00","article_modified_time":"2024-03-15T07:06:35+00:00","og_image":[{"width":2560,"height":2560,"url":"https:\/\/www.civiltalaica.it\/cms\/wp-content\/uploads\/2024\/03\/20240314_080755-scaled.jpg","type":"image\/jpeg"}],"author":"alexjc","twitter_card":"summary_large_image","twitter_misc":{"Scritto da":"alexjc","Tempo di lettura stimato":"14 minuti"},"schema":{"@context":"https:\/\/schema.org","@graph":[{"@type":"Article","@id":"https:\/\/www.civiltalaica.it\/cms\/dove-siamo\/#article","isPartOf":{"@id":"https:\/\/www.civiltalaica.it\/cms\/dove-siamo\/"},"author":{"name":"alexjc","@id":"https:\/\/www.civiltalaica.it\/cms\/#\/schema\/person\/4efef56f866329a1e0943eb27336df1d"},"headline":"Dove siamo?","datePublished":"2024-03-14T07:20:10+00:00","dateModified":"2024-03-15T07:06:35+00:00","mainEntityOfPage":{"@id":"https:\/\/www.civiltalaica.it\/cms\/dove-siamo\/"},"wordCount":2390,"image":{"@id":"https:\/\/www.civiltalaica.it\/cms\/dove-siamo\/#primaryimage"},"thumbnailUrl":"https:\/\/www.civiltalaica.it\/cms\/wp-content\/uploads\/2024\/03\/20240314_080755-scaled.jpg","keywords":["alessandro chiometti","confronti","guerra","pacifismo","palestina","ucraina"],"articleSection":["articoli","in evidenza","riflessioni"],"inLanguage":"it-IT"},{"@type":"WebPage","@id":"https:\/\/www.civiltalaica.it\/cms\/dove-siamo\/","url":"https:\/\/www.civiltalaica.it\/cms\/dove-siamo\/","name":"Dove siamo? - Associazione Culturale Civilt\u00e0 Laica","isPartOf":{"@id":"https:\/\/www.civiltalaica.it\/cms\/#website"},"primaryImageOfPage":{"@id":"https:\/\/www.civiltalaica.it\/cms\/dove-siamo\/#primaryimage"},"image":{"@id":"https:\/\/www.civiltalaica.it\/cms\/dove-siamo\/#primaryimage"},"thumbnailUrl":"https:\/\/www.civiltalaica.it\/cms\/wp-content\/uploads\/2024\/03\/20240314_080755-scaled.jpg","datePublished":"2024-03-14T07:20:10+00:00","dateModified":"2024-03-15T07:06:35+00:00","author":{"@id":"https:\/\/www.civiltalaica.it\/cms\/#\/schema\/person\/4efef56f866329a1e0943eb27336df1d"},"description":"ci sentiamo come Gandalf che nelle miniere di Moria si ferma, si guarda intorno e ammette: \u201cNon ho memoria di questi posti\u201d","breadcrumb":{"@id":"https:\/\/www.civiltalaica.it\/cms\/dove-siamo\/#breadcrumb"},"inLanguage":"it-IT","potentialAction":[{"@type":"ReadAction","target":["https:\/\/www.civiltalaica.it\/cms\/dove-siamo\/"]}]},{"@type":"ImageObject","inLanguage":"it-IT","@id":"https:\/\/www.civiltalaica.it\/cms\/dove-siamo\/#primaryimage","url":"https:\/\/www.civiltalaica.it\/cms\/wp-content\/uploads\/2024\/03\/20240314_080755-scaled.jpg","contentUrl":"https:\/\/www.civiltalaica.it\/cms\/wp-content\/uploads\/2024\/03\/20240314_080755-scaled.jpg","width":2560,"height":2560},{"@type":"BreadcrumbList","@id":"https:\/\/www.civiltalaica.it\/cms\/dove-siamo\/#breadcrumb","itemListElement":[{"@type":"ListItem","position":1,"name":"Home","item":"https:\/\/www.civiltalaica.it\/cms\/"},{"@type":"ListItem","position":2,"name":"Dove siamo?"}]},{"@type":"WebSite","@id":"https:\/\/www.civiltalaica.it\/cms\/#website","url":"https:\/\/www.civiltalaica.it\/cms\/","name":"Associazione Culturale Civilt\u00e0 Laica","description":"Per un movimento culturale volto a difendere la Laicit\u00e0 dello Stato.","potentialAction":[{"@type":"SearchAction","target":{"@type":"EntryPoint","urlTemplate":"https:\/\/www.civiltalaica.it\/cms\/?s={search_term_string}"},"query-input":{"@type":"PropertyValueSpecification","valueRequired":true,"valueName":"search_term_string"}}],"inLanguage":"it-IT"},{"@type":"Person","@id":"https:\/\/www.civiltalaica.it\/cms\/#\/schema\/person\/4efef56f866329a1e0943eb27336df1d","name":"alexjc","url":"https:\/\/www.civiltalaica.it\/cms\/author\/alexjc\/"}]}},"_links":{"self":[{"href":"https:\/\/www.civiltalaica.it\/cms\/wp-json\/wp\/v2\/posts\/28742","targetHints":{"allow":["GET"]}}],"collection":[{"href":"https:\/\/www.civiltalaica.it\/cms\/wp-json\/wp\/v2\/posts"}],"about":[{"href":"https:\/\/www.civiltalaica.it\/cms\/wp-json\/wp\/v2\/types\/post"}],"author":[{"embeddable":true,"href":"https:\/\/www.civiltalaica.it\/cms\/wp-json\/wp\/v2\/users\/7"}],"replies":[{"embeddable":true,"href":"https:\/\/www.civiltalaica.it\/cms\/wp-json\/wp\/v2\/comments?post=28742"}],"version-history":[{"count":5,"href":"https:\/\/www.civiltalaica.it\/cms\/wp-json\/wp\/v2\/posts\/28742\/revisions"}],"predecessor-version":[{"id":28759,"href":"https:\/\/www.civiltalaica.it\/cms\/wp-json\/wp\/v2\/posts\/28742\/revisions\/28759"}],"wp:featuredmedia":[{"embeddable":true,"href":"https:\/\/www.civiltalaica.it\/cms\/wp-json\/wp\/v2\/media\/28745"}],"wp:attachment":[{"href":"https:\/\/www.civiltalaica.it\/cms\/wp-json\/wp\/v2\/media?parent=28742"}],"wp:term":[{"taxonomy":"category","embeddable":true,"href":"https:\/\/www.civiltalaica.it\/cms\/wp-json\/wp\/v2\/categories?post=28742"},{"taxonomy":"post_tag","embeddable":true,"href":"https:\/\/www.civiltalaica.it\/cms\/wp-json\/wp\/v2\/tags?post=28742"}],"curies":[{"name":"wp","href":"https:\/\/api.w.org\/{rel}","templated":true}]}}