{"id":2857,"date":"2008-09-30T13:20:01","date_gmt":"2008-09-30T13:20:01","guid":{"rendered":"http:\/\/www.civiltalaica.it\/cms\/index.php\/satira-liberta-di-espressione-e-genialita.html"},"modified":"2010-10-17T00:54:17","modified_gmt":"2010-10-17T00:54:17","slug":"satira-liberta-di-espressione-e-genialita","status":"publish","type":"post","link":"https:\/\/www.civiltalaica.it\/cms\/satira-liberta-di-espressione-e-genialita\/","title":{"rendered":"Satira, libert\u00e0 di espressione e genialit\u00e0"},"content":{"rendered":"<p>Lunedi 29 Settembre, appare sull&#8217;unit&agrave; o per meglio dire sul suo inserto satirico &quot;emme&quot; questa vignetta:<\/p>\n<p><img loading=\"lazy\" decoding=\"async\" style=\"WIDTH: 300px; HEIGHT: 351px\" height=\"390\" alt=\"\" width=\"335\" src=\"http:\/\/www.lastampa.it\/multimedia\/italia\/12558_album\/11.jpg\" \/><\/p>\n<p><a target=\"_blank\" href=\"http:\/\/www.corriere.it\/politica\/08_settembre_29\/vignetta_unita_polemica_5ebbd548-8e0a-11dd-9bec-00144f02aabc.shtml\">Reazioni isteriche del PDL, in particolare di Gasaprri che portano a scusarsi i direttori dell&#8217;unit&agrave; e di emme.<\/a><\/p>\n<p>Poi oggi sul manifesto c&#8217;&egrave; Vauro che chiude la questione.<\/p>\n<p><img decoding=\"async\" alt=\"\" src=\"http:\/\/www.ilmanifesto.it\/Quotidiano-archivio\/30-Settembre-2008\/vignetta.gif\" \/><\/p>\n<p>Standing Ovation e niente commenti!!!<\/p>\n<p align=\"right\">redazione[at]civiltalaica.it<\/p>\n","protected":false},"excerpt":{"rendered":"<p>Lunedi 29 Settembre, appare sull&#8217;unit&agrave; o per meglio dire sul suo inserto satirico &quot;emme&quot; questa vignetta: Reazioni isteriche del PDL, in particolare di Gasaprri che portano a scusarsi i direttori dell&#8217;unit&agrave; e di emme. Poi oggi sul manifesto c&#8217;&egrave; Vauro che chiude la questione. Standing Ovation e niente commenti!!! redazione[at]civiltalaica.it<\/p>\n","protected":false},"author":1,"featured_media":0,"comment_status":"closed","ping_status":"closed","sticky":false,"template":"","format":"standard","meta":{"footnotes":""},"categories":[228],"tags":[166,165,167,168],"class_list":["post-2857","post","type-post","status-publish","format-standard","hentry","category-blog","tag-redazione","tag-satira","tag-satira-politica","tag-vauro"],"yoast_head":"<!-- This site is optimized with the Yoast SEO plugin v27.1.1 - https:\/\/yoast.com\/product\/yoast-seo-wordpress\/ -->\n<title>Satira, libert\u00e0 di espressione e genialit\u00e0 - Associazione Culturale Civilt\u00e0 Laica<\/title>\n<meta name=\"robots\" content=\"index, follow, max-snippet:-1, max-image-preview:large, max-video-preview:-1\" \/>\n<link rel=\"canonical\" href=\"https:\/\/www.civiltalaica.it\/cms\/satira-liberta-di-espressione-e-genialita\/\" \/>\n<meta property=\"og:locale\" content=\"it_IT\" \/>\n<meta property=\"og:type\" content=\"article\" \/>\n<meta property=\"og:title\" content=\"Satira, libert\u00e0 di espressione e genialit\u00e0 - Associazione Culturale Civilt\u00e0 Laica\" \/>\n<meta property=\"og:description\" content=\"Lunedi 29 Settembre, appare sull&#8217;unit&agrave; o per meglio dire sul suo inserto satirico &quot;emme&quot; questa vignetta: Reazioni isteriche del PDL, in particolare di Gasaprri che portano a scusarsi i direttori dell&#8217;unit&agrave; e di emme. Poi oggi sul manifesto c&#8217;&egrave; Vauro che chiude la questione. Standing Ovation e niente commenti!!! redazione[at]civiltalaica.it\" \/>\n<meta property=\"og:url\" content=\"https:\/\/www.civiltalaica.it\/cms\/satira-liberta-di-espressione-e-genialita\/\" \/>\n<meta property=\"og:site_name\" content=\"Associazione Culturale Civilt\u00e0 Laica\" \/>\n<meta property=\"article:publisher\" content=\"https:\/\/www.facebook.com\/civiltalaica\" \/>\n<meta property=\"article:published_time\" content=\"2008-09-30T13:20:01+00:00\" \/>\n<meta property=\"article:modified_time\" content=\"2010-10-17T00:54:17+00:00\" \/>\n<meta property=\"og:image\" content=\"http:\/\/www.lastampa.it\/multimedia\/italia\/12558_album\/11.jpg\" \/>\n<meta name=\"author\" content=\"cladmin\" \/>\n<meta name=\"twitter:card\" content=\"summary_large_image\" \/>\n<meta name=\"twitter:label1\" content=\"Scritto da\" \/>\n\t<meta name=\"twitter:data1\" content=\"cladmin\" \/>\n<script type=\"application\/ld+json\" class=\"yoast-schema-graph\">{\"@context\":\"https:\/\/schema.org\",\"@graph\":[{\"@type\":\"Article\",\"@id\":\"https:\/\/www.civiltalaica.it\/cms\/satira-liberta-di-espressione-e-genialita\/#article\",\"isPartOf\":{\"@id\":\"https:\/\/www.civiltalaica.it\/cms\/satira-liberta-di-espressione-e-genialita\/\"},\"author\":{\"name\":\"cladmin\",\"@id\":\"https:\/\/www.civiltalaica.it\/cms\/#\/schema\/person\/500a52762e2620e007d6333aa121f5e5\"},\"headline\":\"Satira, libert\u00e0 di espressione e genialit\u00e0\",\"datePublished\":\"2008-09-30T13:20:01+00:00\",\"dateModified\":\"2010-10-17T00:54:17+00:00\",\"mainEntityOfPage\":{\"@id\":\"https:\/\/www.civiltalaica.it\/cms\/satira-liberta-di-espressione-e-genialita\/\"},\"wordCount\":63,\"image\":{\"@id\":\"https:\/\/www.civiltalaica.it\/cms\/satira-liberta-di-espressione-e-genialita\/#primaryimage\"},\"thumbnailUrl\":\"http:\/\/www.lastampa.it\/multimedia\/italia\/12558_album\/11.jpg\",\"keywords\":[\"redazione\",\"satira\",\"satira politica\",\"vauro\"],\"articleSection\":[\"blog\"],\"inLanguage\":\"it-IT\"},{\"@type\":\"WebPage\",\"@id\":\"https:\/\/www.civiltalaica.it\/cms\/satira-liberta-di-espressione-e-genialita\/\",\"url\":\"https:\/\/www.civiltalaica.it\/cms\/satira-liberta-di-espressione-e-genialita\/\",\"name\":\"Satira, libert\u00e0 di espressione e genialit\u00e0 - Associazione Culturale Civilt\u00e0 Laica\",\"isPartOf\":{\"@id\":\"https:\/\/www.civiltalaica.it\/cms\/#website\"},\"primaryImageOfPage\":{\"@id\":\"https:\/\/www.civiltalaica.it\/cms\/satira-liberta-di-espressione-e-genialita\/#primaryimage\"},\"image\":{\"@id\":\"https:\/\/www.civiltalaica.it\/cms\/satira-liberta-di-espressione-e-genialita\/#primaryimage\"},\"thumbnailUrl\":\"http:\/\/www.lastampa.it\/multimedia\/italia\/12558_album\/11.jpg\",\"datePublished\":\"2008-09-30T13:20:01+00:00\",\"dateModified\":\"2010-10-17T00:54:17+00:00\",\"author\":{\"@id\":\"https:\/\/www.civiltalaica.it\/cms\/#\/schema\/person\/500a52762e2620e007d6333aa121f5e5\"},\"breadcrumb\":{\"@id\":\"https:\/\/www.civiltalaica.it\/cms\/satira-liberta-di-espressione-e-genialita\/#breadcrumb\"},\"inLanguage\":\"it-IT\",\"potentialAction\":[{\"@type\":\"ReadAction\",\"target\":[\"https:\/\/www.civiltalaica.it\/cms\/satira-liberta-di-espressione-e-genialita\/\"]}]},{\"@type\":\"ImageObject\",\"inLanguage\":\"it-IT\",\"@id\":\"https:\/\/www.civiltalaica.it\/cms\/satira-liberta-di-espressione-e-genialita\/#primaryimage\",\"url\":\"http:\/\/www.lastampa.it\/multimedia\/italia\/12558_album\/11.jpg\",\"contentUrl\":\"http:\/\/www.lastampa.it\/multimedia\/italia\/12558_album\/11.jpg\"},{\"@type\":\"BreadcrumbList\",\"@id\":\"https:\/\/www.civiltalaica.it\/cms\/satira-liberta-di-espressione-e-genialita\/#breadcrumb\",\"itemListElement\":[{\"@type\":\"ListItem\",\"position\":1,\"name\":\"Home\",\"item\":\"https:\/\/www.civiltalaica.it\/cms\/\"},{\"@type\":\"ListItem\",\"position\":2,\"name\":\"Satira, libert\u00e0 di espressione e genialit\u00e0\"}]},{\"@type\":\"WebSite\",\"@id\":\"https:\/\/www.civiltalaica.it\/cms\/#website\",\"url\":\"https:\/\/www.civiltalaica.it\/cms\/\",\"name\":\"Associazione Culturale Civilt\u00e0 Laica\",\"description\":\"Per un movimento culturale volto a difendere la Laicit\u00e0 dello Stato.\",\"potentialAction\":[{\"@type\":\"SearchAction\",\"target\":{\"@type\":\"EntryPoint\",\"urlTemplate\":\"https:\/\/www.civiltalaica.it\/cms\/?s={search_term_string}\"},\"query-input\":{\"@type\":\"PropertyValueSpecification\",\"valueRequired\":true,\"valueName\":\"search_term_string\"}}],\"inLanguage\":\"it-IT\"},{\"@type\":\"Person\",\"@id\":\"https:\/\/www.civiltalaica.it\/cms\/#\/schema\/person\/500a52762e2620e007d6333aa121f5e5\",\"name\":\"cladmin\",\"url\":\"https:\/\/www.civiltalaica.it\/cms\/author\/cladmin\/\"}]}<\/script>\n<!-- \/ Yoast SEO plugin. -->","yoast_head_json":{"title":"Satira, libert\u00e0 di espressione e genialit\u00e0 - Associazione Culturale Civilt\u00e0 Laica","robots":{"index":"index","follow":"follow","max-snippet":"max-snippet:-1","max-image-preview":"max-image-preview:large","max-video-preview":"max-video-preview:-1"},"canonical":"https:\/\/www.civiltalaica.it\/cms\/satira-liberta-di-espressione-e-genialita\/","og_locale":"it_IT","og_type":"article","og_title":"Satira, libert\u00e0 di espressione e genialit\u00e0 - Associazione Culturale Civilt\u00e0 Laica","og_description":"Lunedi 29 Settembre, appare sull&#8217;unit&agrave; o per meglio dire sul suo inserto satirico &quot;emme&quot; questa vignetta: Reazioni isteriche del PDL, in particolare di Gasaprri che portano a scusarsi i direttori dell&#8217;unit&agrave; e di emme. Poi oggi sul manifesto c&#8217;&egrave; Vauro che chiude la questione. Standing Ovation e niente commenti!!! redazione[at]civiltalaica.it","og_url":"https:\/\/www.civiltalaica.it\/cms\/satira-liberta-di-espressione-e-genialita\/","og_site_name":"Associazione Culturale Civilt\u00e0 Laica","article_publisher":"https:\/\/www.facebook.com\/civiltalaica","article_published_time":"2008-09-30T13:20:01+00:00","article_modified_time":"2010-10-17T00:54:17+00:00","og_image":[{"url":"http:\/\/www.lastampa.it\/multimedia\/italia\/12558_album\/11.jpg","type":"","width":"","height":""}],"author":"cladmin","twitter_card":"summary_large_image","twitter_misc":{"Scritto da":"cladmin"},"schema":{"@context":"https:\/\/schema.org","@graph":[{"@type":"Article","@id":"https:\/\/www.civiltalaica.it\/cms\/satira-liberta-di-espressione-e-genialita\/#article","isPartOf":{"@id":"https:\/\/www.civiltalaica.it\/cms\/satira-liberta-di-espressione-e-genialita\/"},"author":{"name":"cladmin","@id":"https:\/\/www.civiltalaica.it\/cms\/#\/schema\/person\/500a52762e2620e007d6333aa121f5e5"},"headline":"Satira, libert\u00e0 di espressione e genialit\u00e0","datePublished":"2008-09-30T13:20:01+00:00","dateModified":"2010-10-17T00:54:17+00:00","mainEntityOfPage":{"@id":"https:\/\/www.civiltalaica.it\/cms\/satira-liberta-di-espressione-e-genialita\/"},"wordCount":63,"image":{"@id":"https:\/\/www.civiltalaica.it\/cms\/satira-liberta-di-espressione-e-genialita\/#primaryimage"},"thumbnailUrl":"http:\/\/www.lastampa.it\/multimedia\/italia\/12558_album\/11.jpg","keywords":["redazione","satira","satira politica","vauro"],"articleSection":["blog"],"inLanguage":"it-IT"},{"@type":"WebPage","@id":"https:\/\/www.civiltalaica.it\/cms\/satira-liberta-di-espressione-e-genialita\/","url":"https:\/\/www.civiltalaica.it\/cms\/satira-liberta-di-espressione-e-genialita\/","name":"Satira, libert\u00e0 di espressione e genialit\u00e0 - Associazione Culturale Civilt\u00e0 Laica","isPartOf":{"@id":"https:\/\/www.civiltalaica.it\/cms\/#website"},"primaryImageOfPage":{"@id":"https:\/\/www.civiltalaica.it\/cms\/satira-liberta-di-espressione-e-genialita\/#primaryimage"},"image":{"@id":"https:\/\/www.civiltalaica.it\/cms\/satira-liberta-di-espressione-e-genialita\/#primaryimage"},"thumbnailUrl":"http:\/\/www.lastampa.it\/multimedia\/italia\/12558_album\/11.jpg","datePublished":"2008-09-30T13:20:01+00:00","dateModified":"2010-10-17T00:54:17+00:00","author":{"@id":"https:\/\/www.civiltalaica.it\/cms\/#\/schema\/person\/500a52762e2620e007d6333aa121f5e5"},"breadcrumb":{"@id":"https:\/\/www.civiltalaica.it\/cms\/satira-liberta-di-espressione-e-genialita\/#breadcrumb"},"inLanguage":"it-IT","potentialAction":[{"@type":"ReadAction","target":["https:\/\/www.civiltalaica.it\/cms\/satira-liberta-di-espressione-e-genialita\/"]}]},{"@type":"ImageObject","inLanguage":"it-IT","@id":"https:\/\/www.civiltalaica.it\/cms\/satira-liberta-di-espressione-e-genialita\/#primaryimage","url":"http:\/\/www.lastampa.it\/multimedia\/italia\/12558_album\/11.jpg","contentUrl":"http:\/\/www.lastampa.it\/multimedia\/italia\/12558_album\/11.jpg"},{"@type":"BreadcrumbList","@id":"https:\/\/www.civiltalaica.it\/cms\/satira-liberta-di-espressione-e-genialita\/#breadcrumb","itemListElement":[{"@type":"ListItem","position":1,"name":"Home","item":"https:\/\/www.civiltalaica.it\/cms\/"},{"@type":"ListItem","position":2,"name":"Satira, libert\u00e0 di espressione e genialit\u00e0"}]},{"@type":"WebSite","@id":"https:\/\/www.civiltalaica.it\/cms\/#website","url":"https:\/\/www.civiltalaica.it\/cms\/","name":"Associazione Culturale Civilt\u00e0 Laica","description":"Per un movimento culturale volto a difendere la Laicit\u00e0 dello Stato.","potentialAction":[{"@type":"SearchAction","target":{"@type":"EntryPoint","urlTemplate":"https:\/\/www.civiltalaica.it\/cms\/?s={search_term_string}"},"query-input":{"@type":"PropertyValueSpecification","valueRequired":true,"valueName":"search_term_string"}}],"inLanguage":"it-IT"},{"@type":"Person","@id":"https:\/\/www.civiltalaica.it\/cms\/#\/schema\/person\/500a52762e2620e007d6333aa121f5e5","name":"cladmin","url":"https:\/\/www.civiltalaica.it\/cms\/author\/cladmin\/"}]}},"_links":{"self":[{"href":"https:\/\/www.civiltalaica.it\/cms\/wp-json\/wp\/v2\/posts\/2857","targetHints":{"allow":["GET"]}}],"collection":[{"href":"https:\/\/www.civiltalaica.it\/cms\/wp-json\/wp\/v2\/posts"}],"about":[{"href":"https:\/\/www.civiltalaica.it\/cms\/wp-json\/wp\/v2\/types\/post"}],"author":[{"embeddable":true,"href":"https:\/\/www.civiltalaica.it\/cms\/wp-json\/wp\/v2\/users\/1"}],"replies":[{"embeddable":true,"href":"https:\/\/www.civiltalaica.it\/cms\/wp-json\/wp\/v2\/comments?post=2857"}],"version-history":[{"count":0,"href":"https:\/\/www.civiltalaica.it\/cms\/wp-json\/wp\/v2\/posts\/2857\/revisions"}],"wp:attachment":[{"href":"https:\/\/www.civiltalaica.it\/cms\/wp-json\/wp\/v2\/media?parent=2857"}],"wp:term":[{"taxonomy":"category","embeddable":true,"href":"https:\/\/www.civiltalaica.it\/cms\/wp-json\/wp\/v2\/categories?post=2857"},{"taxonomy":"post_tag","embeddable":true,"href":"https:\/\/www.civiltalaica.it\/cms\/wp-json\/wp\/v2\/tags?post=2857"}],"curies":[{"name":"wp","href":"https:\/\/api.w.org\/{rel}","templated":true}]}}