{"id":28322,"date":"2024-02-02T11:27:21","date_gmt":"2024-02-02T11:27:21","guid":{"rendered":"https:\/\/www.civiltalaica.it\/cms\/?p=28322"},"modified":"2024-02-02T11:39:22","modified_gmt":"2024-02-02T11:39:22","slug":"le-imprescindibili-campagne-degli-anti-scelta","status":"publish","type":"post","link":"https:\/\/www.civiltalaica.it\/cms\/le-imprescindibili-campagne-degli-anti-scelta\/","title":{"rendered":"Le imprescindibili campagne degli Anti-Scelta"},"content":{"rendered":"<p><span style=\"font-family: Times New Roman, serif;\">Diciamo la verit\u00e0, a volte bisogna davvero ringraziare gli <b>anti-scelta<\/b>. <\/span><\/p>\n<p><span style=\"font-family: Times New Roman, serif;\"><a href=\"https:\/\/www.avvenire.it\/vita\/pagine\/diritti-al-concepito-un-embrione-nella-campagna-di-pro-vita-famiglia\">Grazie alla loro ultima campagna contro i diritti della donna<\/a> la gente finalmente sapr\u00e0 che un embrione* umano con il Dna umano (e di chi altri?) \u00e8 una forma di vita umana. Non suina, aracnide, bovina, canide, vegetale o rettiliana. No! \u00c8 umana,<b> e monsignor Lapalice muto<\/b>, verrebbe da dire.<\/span><\/p>\n<p><a href=\"https:\/\/www.civiltalaica.it\/cms\/wp-content\/uploads\/2024\/02\/gastrula.jpg\"><img loading=\"lazy\" decoding=\"async\" class=\"alignnone size-large wp-image-28324\" src=\"https:\/\/www.civiltalaica.it\/cms\/wp-content\/uploads\/2024\/02\/gastrula-1024x686.jpg\" alt=\"\" width=\"1024\" height=\"686\" srcset=\"https:\/\/www.civiltalaica.it\/cms\/wp-content\/uploads\/2024\/02\/gastrula-1024x686.jpg 1024w, https:\/\/www.civiltalaica.it\/cms\/wp-content\/uploads\/2024\/02\/gastrula-300x201.jpg 300w, https:\/\/www.civiltalaica.it\/cms\/wp-content\/uploads\/2024\/02\/gastrula-768x514.jpg 768w, https:\/\/www.civiltalaica.it\/cms\/wp-content\/uploads\/2024\/02\/gastrula-239x160.jpg 239w, https:\/\/www.civiltalaica.it\/cms\/wp-content\/uploads\/2024\/02\/gastrula.jpg 1280w\" sizes=\"auto, (max-width: 1024px) 100vw, 1024px\" \/><\/a><\/p>\n<p><span style=\"font-family: Times New Roman, serif;\">Altra informazione fondamentale della loro imprescindibile campagna di informazione \u00e8 la seguente: \u00e8 dalla fecondazione dell\u2019ovulo (umano) con lo spermatozoo (umano) che arriva la vita del nuovo umano o della nuova umana. Wow|! E pensare che sarebbe bastato non bloccare da parte degli anti-scelta l\u2019educazione sessuale nelle scuole che avrebbero risparmiato i soldi di questa campagna; vedi tante volte il karma?<\/span><\/p>\n<p><span style=\"font-family: Times New Roman, serif;\">Ma\u2026 e quindi? <\/span><\/p>\n<p><span style=\"font-family: Times New Roman, serif;\">E quindi secondo gli anti-scelta la donna non deve avere il diritto di abortire volontariamente. Perch\u00e9? Boh! Non \u00e8 dato saperlo.<b> La questione sulla legittim<\/b><b>it\u00e0<\/b><b> dell\u2019IVG <\/b>non \u00e8 mai stata infatti su \u201cquando inizia la vita\u201d ma sul fatto se la donna pu\u00f2 interamente disporre del suo corpo anche quando ospita una vita non autonoma e ad essa subordinata.<br \/>\nE su questo un laico pu\u00f2 solo rispondere s\u00ec (con alcuni limiti di legge previsti dalla 194) per molti motivi che, chi ha una vita guidata da malsani dogmi religiosi, non potr\u00e0 mai capire. Sintetizzando all\u2019estremo ricordiamo che \u00e8 pura follia e fanatismo mettere in conflitto i diritti dell\u2019embrione* con quelli della madre che lo ospita.<\/span><\/p>\n<p><span style=\"font-family: Times New Roman, serif;\">Punto. <\/span><\/p>\n<p><span style=\"font-family: Times New Roman, serif;\">Altri confronti con chi commissiona sondaggi con domande prive di senso e significato scientifico sono pleonastici. Lo sappiamo che gli anti-scelta non accetteranno mai di abortire e, pensate un po\u2019, nessuno li costringe a farlo. <\/span><\/p>\n<p><span style=\"font-family: Times New Roman, serif;\">Chiss\u00e0, magari la prossima protesta con questi dati alla mano la rivolgeranno contro il loro dio o contro la natura che, a prescindere dalla volont\u00e0 della donna, interrompe all\u2019incirca quattro gravidanze (umane) su dieci con un aborto naturale quanto casuale.<br \/>\nSe diventassero solo un poco pi\u00f9 fanatici sarebbero capaci di farlo.<\/span><\/p>\n<p>&nbsp;<\/p>\n<p><span style=\"font-family: Times New Roman, serif;\"><b>*Si definisce \u201cembrione\u201d il prodotto della fecondazione umana fino all\u2019ottava settimana di gravidanza circa. Dopo si chiama \u201cfeto\u201d<\/b>. La foto mostrata dalla campagna in oggetto mostra un feto in stato avanzato. Lo diciamo per informare i cari anti-scelta, non vorranno mica essere considerati cos\u00ec embrionofobi da non mostrare le foto di quando questo \u00e8 allo stadio di gastrula giusto? (foto sopra: ricostruzione embrione umano di tre settimane circa: Immagine Di Museum of Veterinary Anatomy FMVZ USP \/ name of the photographer when stated, CC BY-SA 4.0, https:\/\/commons.wikimedia.org\/w\/index.php?curid=52076372)\u00a0<\/span><\/p>\n<p>&nbsp;<\/p>\n<p>&nbsp;<\/p>\n<p><span style=\"font-family: Times New Roman, serif;\"><b>Alessandro Chiometti<\/b><\/span><\/p>\n<p><a href=\"https:\/\/www.civiltalaica.it\/cms\/wp-content\/uploads\/2024\/02\/ALEX-FOTO-FIRMA.jpg\"><img loading=\"lazy\" decoding=\"async\" class=\"alignnone size-medium wp-image-28323\" src=\"https:\/\/www.civiltalaica.it\/cms\/wp-content\/uploads\/2024\/02\/ALEX-FOTO-FIRMA-277x300.jpg\" alt=\"\" width=\"277\" height=\"300\" srcset=\"https:\/\/www.civiltalaica.it\/cms\/wp-content\/uploads\/2024\/02\/ALEX-FOTO-FIRMA-277x300.jpg 277w, https:\/\/www.civiltalaica.it\/cms\/wp-content\/uploads\/2024\/02\/ALEX-FOTO-FIRMA-945x1024.jpg 945w, https:\/\/www.civiltalaica.it\/cms\/wp-content\/uploads\/2024\/02\/ALEX-FOTO-FIRMA-768x832.jpg 768w, https:\/\/www.civiltalaica.it\/cms\/wp-content\/uploads\/2024\/02\/ALEX-FOTO-FIRMA-1418x1536.jpg 1418w, https:\/\/www.civiltalaica.it\/cms\/wp-content\/uploads\/2024\/02\/ALEX-FOTO-FIRMA-1890x2048.jpg 1890w, https:\/\/www.civiltalaica.it\/cms\/wp-content\/uploads\/2024\/02\/ALEX-FOTO-FIRMA-148x160.jpg 148w\" sizes=\"auto, (max-width: 277px) 100vw, 277px\" \/><\/a><\/p>\n<p>&nbsp;<\/p>\n<p>&nbsp;<\/p>\n<p>&nbsp;<\/p>\n","protected":false},"excerpt":{"rendered":"<p>Diciamo la verit\u00e0, a volte bisogna davvero ringraziare gli anti-scelta. Grazie alla loro ultima campagna contro i diritti della donna la gente finalmente sapr\u00e0 che un embrione* umano con il Dna umano (e di chi altri?) \u00e8 una forma di vita umana. Non suina, aracnide, bovina, canide, vegetale o rettiliana. No! \u00c8 umana, e monsignor [&hellip;]<\/p>\n","protected":false},"author":7,"featured_media":28324,"comment_status":"closed","ping_status":"closed","sticky":false,"template":"","format":"standard","meta":{"footnotes":""},"categories":[238,230],"tags":[196,79,2216,2219,2218,2217],"class_list":["post-28322","post","type-post","status-publish","format-standard","has-post-thumbnail","hentry","category-articoli","category-attualita","tag-aborto","tag-alessandro-chiometti","tag-anti-scelta","tag-buon-senso","tag-campagna-di-informazione","tag-ivg"],"yoast_head":"<!-- This site is optimized with the Yoast SEO plugin v27.1.1 - https:\/\/yoast.com\/product\/yoast-seo-wordpress\/ -->\n<title>Le imprescindibili campagne degli Anti-Scelta - Associazione Culturale Civilt\u00e0 Laica<\/title>\n<meta name=\"description\" content=\"Un embrione umano con il Dna umano \u00e8 una forma di vita umana. Ma v\u00e0? E monsignor Lapalice muto. verrebbe da dire!\" \/>\n<meta name=\"robots\" content=\"index, follow, max-snippet:-1, max-image-preview:large, max-video-preview:-1\" \/>\n<link rel=\"canonical\" href=\"https:\/\/www.civiltalaica.it\/cms\/le-imprescindibili-campagne-degli-anti-scelta\/\" \/>\n<meta property=\"og:locale\" content=\"it_IT\" \/>\n<meta property=\"og:type\" content=\"article\" \/>\n<meta property=\"og:title\" content=\"Le imprescindibili campagne degli Anti-Scelta - Associazione Culturale Civilt\u00e0 Laica\" \/>\n<meta property=\"og:description\" content=\"Un embrione umano con il Dna umano \u00e8 una forma di vita umana. Ma v\u00e0? E monsignor Lapalice muto. verrebbe da dire!\" \/>\n<meta property=\"og:url\" content=\"https:\/\/www.civiltalaica.it\/cms\/le-imprescindibili-campagne-degli-anti-scelta\/\" \/>\n<meta property=\"og:site_name\" content=\"Associazione Culturale Civilt\u00e0 Laica\" \/>\n<meta property=\"article:publisher\" content=\"https:\/\/www.facebook.com\/civiltalaica\" \/>\n<meta property=\"article:published_time\" content=\"2024-02-02T11:27:21+00:00\" \/>\n<meta property=\"article:modified_time\" content=\"2024-02-02T11:39:22+00:00\" \/>\n<meta property=\"og:image\" content=\"https:\/\/www.civiltalaica.it\/cms\/wp-content\/uploads\/2024\/02\/gastrula.jpg\" \/>\n\t<meta property=\"og:image:width\" content=\"1280\" \/>\n\t<meta property=\"og:image:height\" content=\"857\" \/>\n\t<meta property=\"og:image:type\" content=\"image\/jpeg\" \/>\n<meta name=\"author\" content=\"alexjc\" \/>\n<meta name=\"twitter:card\" content=\"summary_large_image\" \/>\n<meta name=\"twitter:label1\" content=\"Scritto da\" \/>\n\t<meta name=\"twitter:data1\" content=\"alexjc\" \/>\n\t<meta name=\"twitter:label2\" content=\"Tempo di lettura stimato\" \/>\n\t<meta name=\"twitter:data2\" content=\"3 minuti\" \/>\n<script type=\"application\/ld+json\" class=\"yoast-schema-graph\">{\"@context\":\"https:\/\/schema.org\",\"@graph\":[{\"@type\":\"Article\",\"@id\":\"https:\/\/www.civiltalaica.it\/cms\/le-imprescindibili-campagne-degli-anti-scelta\/#article\",\"isPartOf\":{\"@id\":\"https:\/\/www.civiltalaica.it\/cms\/le-imprescindibili-campagne-degli-anti-scelta\/\"},\"author\":{\"name\":\"alexjc\",\"@id\":\"https:\/\/www.civiltalaica.it\/cms\/#\/schema\/person\/4efef56f866329a1e0943eb27336df1d\"},\"headline\":\"Le imprescindibili campagne degli Anti-Scelta\",\"datePublished\":\"2024-02-02T11:27:21+00:00\",\"dateModified\":\"2024-02-02T11:39:22+00:00\",\"mainEntityOfPage\":{\"@id\":\"https:\/\/www.civiltalaica.it\/cms\/le-imprescindibili-campagne-degli-anti-scelta\/\"},\"wordCount\":430,\"image\":{\"@id\":\"https:\/\/www.civiltalaica.it\/cms\/le-imprescindibili-campagne-degli-anti-scelta\/#primaryimage\"},\"thumbnailUrl\":\"https:\/\/www.civiltalaica.it\/cms\/wp-content\/uploads\/2024\/02\/gastrula.jpg\",\"keywords\":[\"aborto\",\"alessandro chiometti\",\"anti scelta\",\"buon senso\",\"campagna di informazione\",\"ivg\"],\"articleSection\":[\"articoli\",\"attualit\u00e0\"],\"inLanguage\":\"it-IT\"},{\"@type\":\"WebPage\",\"@id\":\"https:\/\/www.civiltalaica.it\/cms\/le-imprescindibili-campagne-degli-anti-scelta\/\",\"url\":\"https:\/\/www.civiltalaica.it\/cms\/le-imprescindibili-campagne-degli-anti-scelta\/\",\"name\":\"Le imprescindibili campagne degli Anti-Scelta - Associazione Culturale Civilt\u00e0 Laica\",\"isPartOf\":{\"@id\":\"https:\/\/www.civiltalaica.it\/cms\/#website\"},\"primaryImageOfPage\":{\"@id\":\"https:\/\/www.civiltalaica.it\/cms\/le-imprescindibili-campagne-degli-anti-scelta\/#primaryimage\"},\"image\":{\"@id\":\"https:\/\/www.civiltalaica.it\/cms\/le-imprescindibili-campagne-degli-anti-scelta\/#primaryimage\"},\"thumbnailUrl\":\"https:\/\/www.civiltalaica.it\/cms\/wp-content\/uploads\/2024\/02\/gastrula.jpg\",\"datePublished\":\"2024-02-02T11:27:21+00:00\",\"dateModified\":\"2024-02-02T11:39:22+00:00\",\"author\":{\"@id\":\"https:\/\/www.civiltalaica.it\/cms\/#\/schema\/person\/4efef56f866329a1e0943eb27336df1d\"},\"description\":\"Un embrione umano con il Dna umano \u00e8 una forma di vita umana. Ma v\u00e0? E monsignor Lapalice muto. verrebbe da dire!\",\"breadcrumb\":{\"@id\":\"https:\/\/www.civiltalaica.it\/cms\/le-imprescindibili-campagne-degli-anti-scelta\/#breadcrumb\"},\"inLanguage\":\"it-IT\",\"potentialAction\":[{\"@type\":\"ReadAction\",\"target\":[\"https:\/\/www.civiltalaica.it\/cms\/le-imprescindibili-campagne-degli-anti-scelta\/\"]}]},{\"@type\":\"ImageObject\",\"inLanguage\":\"it-IT\",\"@id\":\"https:\/\/www.civiltalaica.it\/cms\/le-imprescindibili-campagne-degli-anti-scelta\/#primaryimage\",\"url\":\"https:\/\/www.civiltalaica.it\/cms\/wp-content\/uploads\/2024\/02\/gastrula.jpg\",\"contentUrl\":\"https:\/\/www.civiltalaica.it\/cms\/wp-content\/uploads\/2024\/02\/gastrula.jpg\",\"width\":1280,\"height\":857},{\"@type\":\"BreadcrumbList\",\"@id\":\"https:\/\/www.civiltalaica.it\/cms\/le-imprescindibili-campagne-degli-anti-scelta\/#breadcrumb\",\"itemListElement\":[{\"@type\":\"ListItem\",\"position\":1,\"name\":\"Home\",\"item\":\"https:\/\/www.civiltalaica.it\/cms\/\"},{\"@type\":\"ListItem\",\"position\":2,\"name\":\"Le imprescindibili campagne degli Anti-Scelta\"}]},{\"@type\":\"WebSite\",\"@id\":\"https:\/\/www.civiltalaica.it\/cms\/#website\",\"url\":\"https:\/\/www.civiltalaica.it\/cms\/\",\"name\":\"Associazione Culturale Civilt\u00e0 Laica\",\"description\":\"Per un movimento culturale volto a difendere la Laicit\u00e0 dello Stato.\",\"potentialAction\":[{\"@type\":\"SearchAction\",\"target\":{\"@type\":\"EntryPoint\",\"urlTemplate\":\"https:\/\/www.civiltalaica.it\/cms\/?s={search_term_string}\"},\"query-input\":{\"@type\":\"PropertyValueSpecification\",\"valueRequired\":true,\"valueName\":\"search_term_string\"}}],\"inLanguage\":\"it-IT\"},{\"@type\":\"Person\",\"@id\":\"https:\/\/www.civiltalaica.it\/cms\/#\/schema\/person\/4efef56f866329a1e0943eb27336df1d\",\"name\":\"alexjc\",\"url\":\"https:\/\/www.civiltalaica.it\/cms\/author\/alexjc\/\"}]}<\/script>\n<!-- \/ Yoast SEO plugin. -->","yoast_head_json":{"title":"Le imprescindibili campagne degli Anti-Scelta - Associazione Culturale Civilt\u00e0 Laica","description":"Un embrione umano con il Dna umano \u00e8 una forma di vita umana. Ma v\u00e0? E monsignor Lapalice muto. verrebbe da dire!","robots":{"index":"index","follow":"follow","max-snippet":"max-snippet:-1","max-image-preview":"max-image-preview:large","max-video-preview":"max-video-preview:-1"},"canonical":"https:\/\/www.civiltalaica.it\/cms\/le-imprescindibili-campagne-degli-anti-scelta\/","og_locale":"it_IT","og_type":"article","og_title":"Le imprescindibili campagne degli Anti-Scelta - Associazione Culturale Civilt\u00e0 Laica","og_description":"Un embrione umano con il Dna umano \u00e8 una forma di vita umana. Ma v\u00e0? E monsignor Lapalice muto. verrebbe da dire!","og_url":"https:\/\/www.civiltalaica.it\/cms\/le-imprescindibili-campagne-degli-anti-scelta\/","og_site_name":"Associazione Culturale Civilt\u00e0 Laica","article_publisher":"https:\/\/www.facebook.com\/civiltalaica","article_published_time":"2024-02-02T11:27:21+00:00","article_modified_time":"2024-02-02T11:39:22+00:00","og_image":[{"width":1280,"height":857,"url":"https:\/\/www.civiltalaica.it\/cms\/wp-content\/uploads\/2024\/02\/gastrula.jpg","type":"image\/jpeg"}],"author":"alexjc","twitter_card":"summary_large_image","twitter_misc":{"Scritto da":"alexjc","Tempo di lettura stimato":"3 minuti"},"schema":{"@context":"https:\/\/schema.org","@graph":[{"@type":"Article","@id":"https:\/\/www.civiltalaica.it\/cms\/le-imprescindibili-campagne-degli-anti-scelta\/#article","isPartOf":{"@id":"https:\/\/www.civiltalaica.it\/cms\/le-imprescindibili-campagne-degli-anti-scelta\/"},"author":{"name":"alexjc","@id":"https:\/\/www.civiltalaica.it\/cms\/#\/schema\/person\/4efef56f866329a1e0943eb27336df1d"},"headline":"Le imprescindibili campagne degli Anti-Scelta","datePublished":"2024-02-02T11:27:21+00:00","dateModified":"2024-02-02T11:39:22+00:00","mainEntityOfPage":{"@id":"https:\/\/www.civiltalaica.it\/cms\/le-imprescindibili-campagne-degli-anti-scelta\/"},"wordCount":430,"image":{"@id":"https:\/\/www.civiltalaica.it\/cms\/le-imprescindibili-campagne-degli-anti-scelta\/#primaryimage"},"thumbnailUrl":"https:\/\/www.civiltalaica.it\/cms\/wp-content\/uploads\/2024\/02\/gastrula.jpg","keywords":["aborto","alessandro chiometti","anti scelta","buon senso","campagna di informazione","ivg"],"articleSection":["articoli","attualit\u00e0"],"inLanguage":"it-IT"},{"@type":"WebPage","@id":"https:\/\/www.civiltalaica.it\/cms\/le-imprescindibili-campagne-degli-anti-scelta\/","url":"https:\/\/www.civiltalaica.it\/cms\/le-imprescindibili-campagne-degli-anti-scelta\/","name":"Le imprescindibili campagne degli Anti-Scelta - Associazione Culturale Civilt\u00e0 Laica","isPartOf":{"@id":"https:\/\/www.civiltalaica.it\/cms\/#website"},"primaryImageOfPage":{"@id":"https:\/\/www.civiltalaica.it\/cms\/le-imprescindibili-campagne-degli-anti-scelta\/#primaryimage"},"image":{"@id":"https:\/\/www.civiltalaica.it\/cms\/le-imprescindibili-campagne-degli-anti-scelta\/#primaryimage"},"thumbnailUrl":"https:\/\/www.civiltalaica.it\/cms\/wp-content\/uploads\/2024\/02\/gastrula.jpg","datePublished":"2024-02-02T11:27:21+00:00","dateModified":"2024-02-02T11:39:22+00:00","author":{"@id":"https:\/\/www.civiltalaica.it\/cms\/#\/schema\/person\/4efef56f866329a1e0943eb27336df1d"},"description":"Un embrione umano con il Dna umano \u00e8 una forma di vita umana. Ma v\u00e0? E monsignor Lapalice muto. verrebbe da dire!","breadcrumb":{"@id":"https:\/\/www.civiltalaica.it\/cms\/le-imprescindibili-campagne-degli-anti-scelta\/#breadcrumb"},"inLanguage":"it-IT","potentialAction":[{"@type":"ReadAction","target":["https:\/\/www.civiltalaica.it\/cms\/le-imprescindibili-campagne-degli-anti-scelta\/"]}]},{"@type":"ImageObject","inLanguage":"it-IT","@id":"https:\/\/www.civiltalaica.it\/cms\/le-imprescindibili-campagne-degli-anti-scelta\/#primaryimage","url":"https:\/\/www.civiltalaica.it\/cms\/wp-content\/uploads\/2024\/02\/gastrula.jpg","contentUrl":"https:\/\/www.civiltalaica.it\/cms\/wp-content\/uploads\/2024\/02\/gastrula.jpg","width":1280,"height":857},{"@type":"BreadcrumbList","@id":"https:\/\/www.civiltalaica.it\/cms\/le-imprescindibili-campagne-degli-anti-scelta\/#breadcrumb","itemListElement":[{"@type":"ListItem","position":1,"name":"Home","item":"https:\/\/www.civiltalaica.it\/cms\/"},{"@type":"ListItem","position":2,"name":"Le imprescindibili campagne degli Anti-Scelta"}]},{"@type":"WebSite","@id":"https:\/\/www.civiltalaica.it\/cms\/#website","url":"https:\/\/www.civiltalaica.it\/cms\/","name":"Associazione Culturale Civilt\u00e0 Laica","description":"Per un movimento culturale volto a difendere la Laicit\u00e0 dello Stato.","potentialAction":[{"@type":"SearchAction","target":{"@type":"EntryPoint","urlTemplate":"https:\/\/www.civiltalaica.it\/cms\/?s={search_term_string}"},"query-input":{"@type":"PropertyValueSpecification","valueRequired":true,"valueName":"search_term_string"}}],"inLanguage":"it-IT"},{"@type":"Person","@id":"https:\/\/www.civiltalaica.it\/cms\/#\/schema\/person\/4efef56f866329a1e0943eb27336df1d","name":"alexjc","url":"https:\/\/www.civiltalaica.it\/cms\/author\/alexjc\/"}]}},"_links":{"self":[{"href":"https:\/\/www.civiltalaica.it\/cms\/wp-json\/wp\/v2\/posts\/28322","targetHints":{"allow":["GET"]}}],"collection":[{"href":"https:\/\/www.civiltalaica.it\/cms\/wp-json\/wp\/v2\/posts"}],"about":[{"href":"https:\/\/www.civiltalaica.it\/cms\/wp-json\/wp\/v2\/types\/post"}],"author":[{"embeddable":true,"href":"https:\/\/www.civiltalaica.it\/cms\/wp-json\/wp\/v2\/users\/7"}],"replies":[{"embeddable":true,"href":"https:\/\/www.civiltalaica.it\/cms\/wp-json\/wp\/v2\/comments?post=28322"}],"version-history":[{"count":5,"href":"https:\/\/www.civiltalaica.it\/cms\/wp-json\/wp\/v2\/posts\/28322\/revisions"}],"predecessor-version":[{"id":28329,"href":"https:\/\/www.civiltalaica.it\/cms\/wp-json\/wp\/v2\/posts\/28322\/revisions\/28329"}],"wp:featuredmedia":[{"embeddable":true,"href":"https:\/\/www.civiltalaica.it\/cms\/wp-json\/wp\/v2\/media\/28324"}],"wp:attachment":[{"href":"https:\/\/www.civiltalaica.it\/cms\/wp-json\/wp\/v2\/media?parent=28322"}],"wp:term":[{"taxonomy":"category","embeddable":true,"href":"https:\/\/www.civiltalaica.it\/cms\/wp-json\/wp\/v2\/categories?post=28322"},{"taxonomy":"post_tag","embeddable":true,"href":"https:\/\/www.civiltalaica.it\/cms\/wp-json\/wp\/v2\/tags?post=28322"}],"curies":[{"name":"wp","href":"https:\/\/api.w.org\/{rel}","templated":true}]}}