{"id":27615,"date":"2023-10-26T15:22:15","date_gmt":"2023-10-26T15:22:15","guid":{"rendered":"https:\/\/www.civiltalaica.it\/cms\/?p=27615"},"modified":"2023-10-27T08:29:25","modified_gmt":"2023-10-27T08:29:25","slug":"voi-siete-qui","status":"publish","type":"post","link":"https:\/\/www.civiltalaica.it\/cms\/voi-siete-qui\/","title":{"rendered":"Voi siete qui"},"content":{"rendered":"<p><span style=\"font-family: Times New Roman, serif;\">Mi perdoner\u00e0 <b>Alessandro Robecchi<\/b> se prendo in prestito il titolo della sua rubrica ai tempi in cui scriveva per \u201cIl manifesto\u201d per\u00f2 penso che sia davvero adatto ad indicare dove \u00e8 sprofondata la nostra societ\u00e0.<\/span><\/p>\n<p><span style=\"font-family: Times New Roman, serif;\">Quando si incespica nel web, pi\u00f9 che altro sui social ovviamente, in cose miserrime viene sempre il dubbio se sia il caso di applicare la regola aurea del <strong>Sommo Poeta<\/strong> e passare oltre, oppure sottolineare ed evidenziare quello che hai avuto la sfortuna di vedere. <\/span><\/p>\n<p><span style=\"font-family: Times New Roman, serif;\"><strong>I motivi della prima scelta sono sensati e di certo in maggioranza<\/strong>: impiegare le energie per battaglie pi\u00f9 importanti, il costo di un bravo epatologo, il dovere di non diffondere il letame e di non stimolare il voyeurismo dello squallore.<\/span><\/p>\n<p><span style=\"font-family: Times New Roman, serif;\"><strong>Di contro<\/strong> c\u2019\u00e8 anche il dovere di condividere quello che evidenzia quanto la situazione del paese sia probabilmente irreparabile a quelle persone che magari ancora pensano: \u201c<em>ma no, non siamo messi cos\u00ec male, dai!<\/em>\u201d. <\/span><\/p>\n<p><span style=\"font-family: Times New Roman, serif;\">Questa volta prevale in me la seconda, ma cercher\u00f2 di ridurre al minimo la pubblicit\u00e0 al fenomeno di giornata. <\/span><\/p>\n<p>\u201c<span style=\"font-family: Times New Roman, serif;\"><em>Pu\u00f2 interessarti questa pagina<\/em>\u201d dice l\u2019invadente algoritmo di facebook. E la indicizza come pagina di <strong>satira e parodia<\/strong>. <\/span><\/p>\n<p><span style=\"font-family: Times New Roman, serif;\">Apro. <\/span><\/p>\n<p><span style=\"font-family: Times New Roman, serif;\"><strong>Due sgorbi<\/strong> (dalla Treccani: <i>Macchia d\u2019inchiostro, fatta per inavvertenza o per trascurataggine sulla carta da scrivere o su libri: un quaderno pieno di sgorb\u00ee; scarabocchio, parola scritta malamente: questi s. sono illeggibili; per estens., scritto, disegno mal fatto, mal riuscito: quello non \u00e8 un ritratto, \u00e8 uno sgorbio!<\/i>) con segni vagamente assimilabili alla bocca e ad un occhio di un volto animale visto di lato. Sono assimilabili solo perch\u00e9 il <b>sedicente artista <\/b>inserisce una nuvoletta con testo office sopra di loro, altrimenti sfiderei chiunque a indovinare che trattasi di due \u201cteste\u201d che si parlano. <\/span><\/p>\n<p><span style=\"font-family: Times New Roman, serif;\">Dato che ci sono esempi di grande satira fatta con disegni approssimativi da scuola elementare e testi eccellenti (viceversa si tratta di <b>Forattini<\/b>) diamo fiducia al testo. <\/span><\/p>\n<p><span style=\"font-family: Times New Roman, serif;\"><b>Sgorbio A-<\/b> Amico italiano perch\u00e9 dici che noi clandestini siamo diversi da voi italiani?? <i>(doppio punto interrogativo presente nell\u2019originale ndr) <\/i><\/span><\/p>\n<p><span style=\"font-family: Times New Roman, serif;\"><b>Sgorbio B- <\/b>Noi italiani e tutti gli europei ci siamo purificati attraverso due guerre mondiali! Voi clandestini invece scappate, non difendete la vostra terra, abbandonate la vostra famiglia!! Capito ora?<\/span><\/p>\n<p><a href=\"https:\/\/www.civiltalaica.it\/cms\/wp-content\/uploads\/2023\/10\/Paris_Tuileries_Garden_Facepalm_statue.jpg\"><img loading=\"lazy\" decoding=\"async\" class=\"alignnone size-full wp-image-27618\" src=\"https:\/\/www.civiltalaica.it\/cms\/wp-content\/uploads\/2023\/10\/Paris_Tuileries_Garden_Facepalm_statue.jpg\" alt=\"\" width=\"640\" height=\"427\" srcset=\"https:\/\/www.civiltalaica.it\/cms\/wp-content\/uploads\/2023\/10\/Paris_Tuileries_Garden_Facepalm_statue.jpg 640w, https:\/\/www.civiltalaica.it\/cms\/wp-content\/uploads\/2023\/10\/Paris_Tuileries_Garden_Facepalm_statue-300x200.jpg 300w, https:\/\/www.civiltalaica.it\/cms\/wp-content\/uploads\/2023\/10\/Paris_Tuileries_Garden_Facepalm_statue-240x160.jpg 240w\" sizes=\"auto, (max-width: 640px) 100vw, 640px\" \/><\/a><\/p>\n<p><span style=\"font-family: Times New Roman, serif;\">Respiro.<br \/>\nRespiro profondamente. Poi s<\/span><span style=\"font-family: 'Times New Roman', serif;\">corro la pagina.<\/span><\/p>\n<p><span style=\"font-family: Times New Roman, serif;\">Insulti e sproloqui contro il<strong> PD<\/strong> <strong>e la sinistra<\/strong> colpevoli di regalare l\u2019Italia agli immigrati, a <strong>Draghi<\/strong> e alle <strong>banche<\/strong> e di i<strong>mporre i pericolosissimi vaccini<\/strong>.<b> Insulti alla Schlein<\/b> (ovviamente), a <b>Mattarella<\/b>, agli elettori di sinistra (indicati usando l\u2019emoticon della cacca fornita da facebook, evidentemente per l\u2019artista disegnare la cacca era troppo difficile), vignette che non sono vignette ma solo insulti ed improperi, fake news e altre fesserie. <\/span><\/p>\n<p><span style=\"font-family: Times New Roman, serif;\"><b>Un vero e proprio catalogo di demenzialit\u00e0.<\/b> <\/span><\/p>\n<p><span style=\"font-family: Times New Roman, serif;\">C&#8217;\u00e8 un rimando al suo sito, dove il poveretto lamenta che la sua prima pagina facebook \u00e8 stata chiusa dalla censura. Quella che ho visto infatti \u00e8 la sua seconda pagina, denominata \u201c<b>Taldetali<\/b> &#8211; <b>La vendemmia<\/b>\u201d (battutona susseguente all\u2019uscita di \u201c<b>Rambo 2 \u2013 La vendetta<\/b>\u201d nel 1985; non faceva ridere neanche quarant\u2019anni fa per quanto era idiota ma che il sedicente comico, che fa satira anti-sinistra e contro le bugie della sinistra come ci tiene a specificare, usa con incredibile sprezzo del ridicolo).<br \/>\nQuesto suo sito contiene solo una piccola selezione del letame pubblicato sulla sua pagina facebook, \u00e8 un social-comico evidentemente, ma almeno si pu\u00f2 ammirare quella che probabilmente \u00e8 l\u2019unica battuta riuscita in tutta la sua carriera. Infatti nella sezione \u201cpadri nobili\u201d dichiara di ispirarsi ad <b>Altan<\/b>. <\/span><span style=\"font-family: 'Times New Roman', serif;\">Ah ah ah.\u00a0<\/span><\/p>\n<p><span style=\"font-family: Times New Roman, serif;\">Torniamo sul social alla prima vignetta in cui siamo inciampati. <\/span><\/p>\n<p><span style=\"font-family: Times New Roman, serif;\">Due righe di testo. <\/span><\/p>\n<p><span style=\"font-family: Times New Roman, serif;\">Oltre al razzismo verso \u201cil diverso\u201d c\u2019\u00e8 qui, in cos\u00ec poco testo un <b>riassunto espositivo quasi scientifico<\/b> di tutto ci\u00f2 che \u00e8 l\u2019idiozia umana. <\/span><\/p>\n<p>\u201c<span style=\"font-family: Times New Roman, serif;\"><em>Clandestini diversi dagli italiani\u201d<\/em>? Cosa vuol dire? Se avesse scritto \u201cimmigrati\u201d per lo meno c&#8217;era un senso logico; ma il clandestino \u00e8 una situazione legale.\u00a0 Anche un Italiano pu\u00f2 essere clandestino in Italia o altrove. Certo per comprendere questo occorre avere la conoscenza di <strong>Educazione Civica<\/strong> che ti da il completamento delle medie inferiori e magari non \u00e8 il caso dell\u2019artista, mica tutti ci riescono a completarle. <strong>Ma il resto?<\/strong><br \/>\n\u201c<em>Noi europei ci siamo purificati con le guerre mondiali<\/em>\u201d? A parte il fatto che se le guerre erano mondiali si \u00e8 \u201cpurificato\u201d tutto il mondo e non solo gli europei&#8230; <strong>ma cosa vuol dire purificato?<\/strong> Da quando in qua una guerra purifica? <strong>COSA C&#8230; PURIFICA UNA GUERRA?<\/strong><br \/>\nNeanche il <b>sergente maggiore Hartman<\/b> direbbe una cosa del genere oggi, possibile che si permetta di dirlo uno sfigato e disagiato aspirante comico? <\/span><\/p>\n<p><span style=\"font-family: Times New Roman, serif;\">E se fosse un bluff perch\u00e9 lui invece\u2026<strong> NO!<\/strong>\u00a0 \u201c<em>Voi scappate, non difendete la vostra terra!<\/em>\u201d <strong>Lo ribadisce di essere un totale ignorante<\/strong>. Come se nella guerra mondiale non ci fossero stati profughi italiani ed europei. Un individuo disagiato della peggior specie, di quelli che messi alla strette, quando poi devono render conto del loro odio e delle loro cattiverie assurde dicono \u201c<b>Ma \u00e8 satira!<\/b>\u201d appellandosi alla libert\u00e0 di espressione. <\/span><\/p>\n<p><span style=\"font-family: Times New Roman, serif;\">Satira un par de<em>\u2026<\/em>\u00a0verrebbe da dire.<strong> La libert\u00e0 di espressione non comporta l\u2019assoluzione per insulti, minacce, diffusione d\u2019odio attraverso notizie false e tendenziose. <\/strong><\/span><\/p>\n<p><span style=\"font-family: Times New Roman, serif;\">Confidiamo che sia una pagina da sfigati ma poi vediamo che ha <strong>11,327 follower<\/strong>. Non sono tanti. Sono gravi. <\/span><\/p>\n<p><span style=\"font-family: Times New Roman, serif;\">Segnaliamo la pagina per insulti, discriminazione, razzismo incitazione all\u2019odio. Nella notte arrivano le risposte degli algoritmi: \u201cAbbiamo dato un&#8217;occhiata alla segnalazione e abbiamo riscontrato che questo contenuto non viola i nostri Standard della community.\u201d<\/span><\/p>\n<p>\u201c<span style=\"font-family: Times New Roman, serif;\">Internet ha dato la parola a legioni di imbecilli!\u201d diceva Eco. I Social Network hanno armato queste legioni e stanno vincendo. <\/span><\/p>\n<p><span style=\"font-family: Times New Roman, serif;\">Forse \u00e8 davvero ora di uscirne. <\/span><\/p>\n<p>&nbsp;<\/p>\n<p><strong>Alessandro Chiometti<\/strong><\/p>\n<p>&nbsp;<\/p>\n<p><a href=\"https:\/\/www.civiltalaica.it\/cms\/wp-content\/uploads\/2020\/02\/alessandro-scaled.jpg\"><img loading=\"lazy\" decoding=\"async\" class=\"alignnone size-medium wp-image-16678\" src=\"https:\/\/www.civiltalaica.it\/cms\/wp-content\/uploads\/2020\/02\/alessandro-277x300.jpg\" alt=\"\" width=\"277\" height=\"300\" srcset=\"https:\/\/www.civiltalaica.it\/cms\/wp-content\/uploads\/2020\/02\/alessandro-277x300.jpg 277w, https:\/\/www.civiltalaica.it\/cms\/wp-content\/uploads\/2020\/02\/alessandro-945x1024.jpg 945w, https:\/\/www.civiltalaica.it\/cms\/wp-content\/uploads\/2020\/02\/alessandro-768x832.jpg 768w, https:\/\/www.civiltalaica.it\/cms\/wp-content\/uploads\/2020\/02\/alessandro-1418x1536.jpg 1418w, https:\/\/www.civiltalaica.it\/cms\/wp-content\/uploads\/2020\/02\/alessandro-1890x2048.jpg 1890w, https:\/\/www.civiltalaica.it\/cms\/wp-content\/uploads\/2020\/02\/alessandro-148x160.jpg 148w\" sizes=\"auto, (max-width: 277px) 100vw, 277px\" \/><\/a><\/p>\n","protected":false},"excerpt":{"rendered":"<p>Mi perdoner\u00e0 Alessandro Robecchi se prendo in prestito il titolo della sua rubrica ai tempi in cui scriveva per \u201cIl manifesto\u201d per\u00f2 penso che sia davvero adatto ad indicare dove \u00e8 sprofondata la nostra societ\u00e0. Quando si incespica nel web, pi\u00f9 che altro sui social ovviamente, in cose miserrime viene sempre il dubbio se sia [&hellip;]<\/p>\n","protected":false},"author":7,"featured_media":0,"comment_status":"closed","ping_status":"closed","sticky":false,"template":"","format":"standard","meta":{"footnotes":""},"categories":[238,232],"tags":[79,1151,2193,526,165,2192],"class_list":["post-27615","post","type-post","status-publish","format-standard","hentry","category-articoli","category-riflessioni-2","tag-alessandro-chiometti","tag-facebook","tag-idiozia","tag-liberta-di-espressione","tag-satira","tag-social-network"],"yoast_head":"<!-- This site is optimized with the Yoast SEO plugin v27.1.1 - https:\/\/yoast.com\/product\/yoast-seo-wordpress\/ -->\n<title>Voi siete qui - Associazione Culturale Civilt\u00e0 Laica<\/title>\n<meta name=\"description\" content=\"&quot;Internet ha dato la parola a legioni di imbecilli!\u201d diceva Eco. I Social Network hanno armato queste legioni e stanno vincendo.\" \/>\n<meta name=\"robots\" content=\"index, follow, max-snippet:-1, max-image-preview:large, max-video-preview:-1\" \/>\n<link rel=\"canonical\" href=\"https:\/\/www.civiltalaica.it\/cms\/voi-siete-qui\/\" \/>\n<meta property=\"og:locale\" content=\"it_IT\" \/>\n<meta property=\"og:type\" content=\"article\" \/>\n<meta property=\"og:title\" content=\"Voi siete qui - Associazione Culturale Civilt\u00e0 Laica\" \/>\n<meta property=\"og:description\" content=\"&quot;Internet ha dato la parola a legioni di imbecilli!\u201d diceva Eco. I Social Network hanno armato queste legioni e stanno vincendo.\" \/>\n<meta property=\"og:url\" content=\"https:\/\/www.civiltalaica.it\/cms\/voi-siete-qui\/\" \/>\n<meta property=\"og:site_name\" content=\"Associazione Culturale Civilt\u00e0 Laica\" \/>\n<meta property=\"article:publisher\" content=\"https:\/\/www.facebook.com\/civiltalaica\" \/>\n<meta property=\"article:published_time\" content=\"2023-10-26T15:22:15+00:00\" \/>\n<meta property=\"article:modified_time\" content=\"2023-10-27T08:29:25+00:00\" \/>\n<meta property=\"og:image\" content=\"https:\/\/www.civiltalaica.it\/cms\/wp-content\/uploads\/2023\/10\/Paris_Tuileries_Garden_Facepalm_statue.jpg\" \/>\n<meta name=\"author\" content=\"alexjc\" \/>\n<meta name=\"twitter:card\" content=\"summary_large_image\" \/>\n<meta name=\"twitter:label1\" content=\"Scritto da\" \/>\n\t<meta name=\"twitter:data1\" content=\"alexjc\" \/>\n\t<meta name=\"twitter:label2\" content=\"Tempo di lettura stimato\" \/>\n\t<meta name=\"twitter:data2\" content=\"6 minuti\" \/>\n<script type=\"application\/ld+json\" class=\"yoast-schema-graph\">{\"@context\":\"https:\/\/schema.org\",\"@graph\":[{\"@type\":\"Article\",\"@id\":\"https:\/\/www.civiltalaica.it\/cms\/voi-siete-qui\/#article\",\"isPartOf\":{\"@id\":\"https:\/\/www.civiltalaica.it\/cms\/voi-siete-qui\/\"},\"author\":{\"name\":\"alexjc\",\"@id\":\"https:\/\/www.civiltalaica.it\/cms\/#\/schema\/person\/4efef56f866329a1e0943eb27336df1d\"},\"headline\":\"Voi siete qui\",\"datePublished\":\"2023-10-26T15:22:15+00:00\",\"dateModified\":\"2023-10-27T08:29:25+00:00\",\"mainEntityOfPage\":{\"@id\":\"https:\/\/www.civiltalaica.it\/cms\/voi-siete-qui\/\"},\"wordCount\":934,\"image\":{\"@id\":\"https:\/\/www.civiltalaica.it\/cms\/voi-siete-qui\/#primaryimage\"},\"thumbnailUrl\":\"https:\/\/www.civiltalaica.it\/cms\/wp-content\/uploads\/2023\/10\/Paris_Tuileries_Garden_Facepalm_statue.jpg\",\"keywords\":[\"alessandro chiometti\",\"facebook\",\"idiozia\",\"libert\u00e0 di espressione\",\"satira\",\"social network\"],\"articleSection\":[\"articoli\",\"riflessioni\"],\"inLanguage\":\"it-IT\"},{\"@type\":\"WebPage\",\"@id\":\"https:\/\/www.civiltalaica.it\/cms\/voi-siete-qui\/\",\"url\":\"https:\/\/www.civiltalaica.it\/cms\/voi-siete-qui\/\",\"name\":\"Voi siete qui - Associazione Culturale Civilt\u00e0 Laica\",\"isPartOf\":{\"@id\":\"https:\/\/www.civiltalaica.it\/cms\/#website\"},\"primaryImageOfPage\":{\"@id\":\"https:\/\/www.civiltalaica.it\/cms\/voi-siete-qui\/#primaryimage\"},\"image\":{\"@id\":\"https:\/\/www.civiltalaica.it\/cms\/voi-siete-qui\/#primaryimage\"},\"thumbnailUrl\":\"https:\/\/www.civiltalaica.it\/cms\/wp-content\/uploads\/2023\/10\/Paris_Tuileries_Garden_Facepalm_statue.jpg\",\"datePublished\":\"2023-10-26T15:22:15+00:00\",\"dateModified\":\"2023-10-27T08:29:25+00:00\",\"author\":{\"@id\":\"https:\/\/www.civiltalaica.it\/cms\/#\/schema\/person\/4efef56f866329a1e0943eb27336df1d\"},\"description\":\"\\\"Internet ha dato la parola a legioni di imbecilli!\u201d diceva Eco. I Social Network hanno armato queste legioni e stanno vincendo.\",\"breadcrumb\":{\"@id\":\"https:\/\/www.civiltalaica.it\/cms\/voi-siete-qui\/#breadcrumb\"},\"inLanguage\":\"it-IT\",\"potentialAction\":[{\"@type\":\"ReadAction\",\"target\":[\"https:\/\/www.civiltalaica.it\/cms\/voi-siete-qui\/\"]}]},{\"@type\":\"ImageObject\",\"inLanguage\":\"it-IT\",\"@id\":\"https:\/\/www.civiltalaica.it\/cms\/voi-siete-qui\/#primaryimage\",\"url\":\"https:\/\/www.civiltalaica.it\/cms\/wp-content\/uploads\/2023\/10\/Paris_Tuileries_Garden_Facepalm_statue.jpg\",\"contentUrl\":\"https:\/\/www.civiltalaica.it\/cms\/wp-content\/uploads\/2023\/10\/Paris_Tuileries_Garden_Facepalm_statue.jpg\",\"width\":640,\"height\":427},{\"@type\":\"BreadcrumbList\",\"@id\":\"https:\/\/www.civiltalaica.it\/cms\/voi-siete-qui\/#breadcrumb\",\"itemListElement\":[{\"@type\":\"ListItem\",\"position\":1,\"name\":\"Home\",\"item\":\"https:\/\/www.civiltalaica.it\/cms\/\"},{\"@type\":\"ListItem\",\"position\":2,\"name\":\"Voi siete qui\"}]},{\"@type\":\"WebSite\",\"@id\":\"https:\/\/www.civiltalaica.it\/cms\/#website\",\"url\":\"https:\/\/www.civiltalaica.it\/cms\/\",\"name\":\"Associazione Culturale Civilt\u00e0 Laica\",\"description\":\"Per un movimento culturale volto a difendere la Laicit\u00e0 dello Stato.\",\"potentialAction\":[{\"@type\":\"SearchAction\",\"target\":{\"@type\":\"EntryPoint\",\"urlTemplate\":\"https:\/\/www.civiltalaica.it\/cms\/?s={search_term_string}\"},\"query-input\":{\"@type\":\"PropertyValueSpecification\",\"valueRequired\":true,\"valueName\":\"search_term_string\"}}],\"inLanguage\":\"it-IT\"},{\"@type\":\"Person\",\"@id\":\"https:\/\/www.civiltalaica.it\/cms\/#\/schema\/person\/4efef56f866329a1e0943eb27336df1d\",\"name\":\"alexjc\",\"url\":\"https:\/\/www.civiltalaica.it\/cms\/author\/alexjc\/\"}]}<\/script>\n<!-- \/ Yoast SEO plugin. -->","yoast_head_json":{"title":"Voi siete qui - Associazione Culturale Civilt\u00e0 Laica","description":"\"Internet ha dato la parola a legioni di imbecilli!\u201d diceva Eco. I Social Network hanno armato queste legioni e stanno vincendo.","robots":{"index":"index","follow":"follow","max-snippet":"max-snippet:-1","max-image-preview":"max-image-preview:large","max-video-preview":"max-video-preview:-1"},"canonical":"https:\/\/www.civiltalaica.it\/cms\/voi-siete-qui\/","og_locale":"it_IT","og_type":"article","og_title":"Voi siete qui - Associazione Culturale Civilt\u00e0 Laica","og_description":"\"Internet ha dato la parola a legioni di imbecilli!\u201d diceva Eco. I Social Network hanno armato queste legioni e stanno vincendo.","og_url":"https:\/\/www.civiltalaica.it\/cms\/voi-siete-qui\/","og_site_name":"Associazione Culturale Civilt\u00e0 Laica","article_publisher":"https:\/\/www.facebook.com\/civiltalaica","article_published_time":"2023-10-26T15:22:15+00:00","article_modified_time":"2023-10-27T08:29:25+00:00","og_image":[{"url":"https:\/\/www.civiltalaica.it\/cms\/wp-content\/uploads\/2023\/10\/Paris_Tuileries_Garden_Facepalm_statue.jpg","type":"","width":"","height":""}],"author":"alexjc","twitter_card":"summary_large_image","twitter_misc":{"Scritto da":"alexjc","Tempo di lettura stimato":"6 minuti"},"schema":{"@context":"https:\/\/schema.org","@graph":[{"@type":"Article","@id":"https:\/\/www.civiltalaica.it\/cms\/voi-siete-qui\/#article","isPartOf":{"@id":"https:\/\/www.civiltalaica.it\/cms\/voi-siete-qui\/"},"author":{"name":"alexjc","@id":"https:\/\/www.civiltalaica.it\/cms\/#\/schema\/person\/4efef56f866329a1e0943eb27336df1d"},"headline":"Voi siete qui","datePublished":"2023-10-26T15:22:15+00:00","dateModified":"2023-10-27T08:29:25+00:00","mainEntityOfPage":{"@id":"https:\/\/www.civiltalaica.it\/cms\/voi-siete-qui\/"},"wordCount":934,"image":{"@id":"https:\/\/www.civiltalaica.it\/cms\/voi-siete-qui\/#primaryimage"},"thumbnailUrl":"https:\/\/www.civiltalaica.it\/cms\/wp-content\/uploads\/2023\/10\/Paris_Tuileries_Garden_Facepalm_statue.jpg","keywords":["alessandro chiometti","facebook","idiozia","libert\u00e0 di espressione","satira","social network"],"articleSection":["articoli","riflessioni"],"inLanguage":"it-IT"},{"@type":"WebPage","@id":"https:\/\/www.civiltalaica.it\/cms\/voi-siete-qui\/","url":"https:\/\/www.civiltalaica.it\/cms\/voi-siete-qui\/","name":"Voi siete qui - Associazione Culturale Civilt\u00e0 Laica","isPartOf":{"@id":"https:\/\/www.civiltalaica.it\/cms\/#website"},"primaryImageOfPage":{"@id":"https:\/\/www.civiltalaica.it\/cms\/voi-siete-qui\/#primaryimage"},"image":{"@id":"https:\/\/www.civiltalaica.it\/cms\/voi-siete-qui\/#primaryimage"},"thumbnailUrl":"https:\/\/www.civiltalaica.it\/cms\/wp-content\/uploads\/2023\/10\/Paris_Tuileries_Garden_Facepalm_statue.jpg","datePublished":"2023-10-26T15:22:15+00:00","dateModified":"2023-10-27T08:29:25+00:00","author":{"@id":"https:\/\/www.civiltalaica.it\/cms\/#\/schema\/person\/4efef56f866329a1e0943eb27336df1d"},"description":"\"Internet ha dato la parola a legioni di imbecilli!\u201d diceva Eco. I Social Network hanno armato queste legioni e stanno vincendo.","breadcrumb":{"@id":"https:\/\/www.civiltalaica.it\/cms\/voi-siete-qui\/#breadcrumb"},"inLanguage":"it-IT","potentialAction":[{"@type":"ReadAction","target":["https:\/\/www.civiltalaica.it\/cms\/voi-siete-qui\/"]}]},{"@type":"ImageObject","inLanguage":"it-IT","@id":"https:\/\/www.civiltalaica.it\/cms\/voi-siete-qui\/#primaryimage","url":"https:\/\/www.civiltalaica.it\/cms\/wp-content\/uploads\/2023\/10\/Paris_Tuileries_Garden_Facepalm_statue.jpg","contentUrl":"https:\/\/www.civiltalaica.it\/cms\/wp-content\/uploads\/2023\/10\/Paris_Tuileries_Garden_Facepalm_statue.jpg","width":640,"height":427},{"@type":"BreadcrumbList","@id":"https:\/\/www.civiltalaica.it\/cms\/voi-siete-qui\/#breadcrumb","itemListElement":[{"@type":"ListItem","position":1,"name":"Home","item":"https:\/\/www.civiltalaica.it\/cms\/"},{"@type":"ListItem","position":2,"name":"Voi siete qui"}]},{"@type":"WebSite","@id":"https:\/\/www.civiltalaica.it\/cms\/#website","url":"https:\/\/www.civiltalaica.it\/cms\/","name":"Associazione Culturale Civilt\u00e0 Laica","description":"Per un movimento culturale volto a difendere la Laicit\u00e0 dello Stato.","potentialAction":[{"@type":"SearchAction","target":{"@type":"EntryPoint","urlTemplate":"https:\/\/www.civiltalaica.it\/cms\/?s={search_term_string}"},"query-input":{"@type":"PropertyValueSpecification","valueRequired":true,"valueName":"search_term_string"}}],"inLanguage":"it-IT"},{"@type":"Person","@id":"https:\/\/www.civiltalaica.it\/cms\/#\/schema\/person\/4efef56f866329a1e0943eb27336df1d","name":"alexjc","url":"https:\/\/www.civiltalaica.it\/cms\/author\/alexjc\/"}]}},"_links":{"self":[{"href":"https:\/\/www.civiltalaica.it\/cms\/wp-json\/wp\/v2\/posts\/27615","targetHints":{"allow":["GET"]}}],"collection":[{"href":"https:\/\/www.civiltalaica.it\/cms\/wp-json\/wp\/v2\/posts"}],"about":[{"href":"https:\/\/www.civiltalaica.it\/cms\/wp-json\/wp\/v2\/types\/post"}],"author":[{"embeddable":true,"href":"https:\/\/www.civiltalaica.it\/cms\/wp-json\/wp\/v2\/users\/7"}],"replies":[{"embeddable":true,"href":"https:\/\/www.civiltalaica.it\/cms\/wp-json\/wp\/v2\/comments?post=27615"}],"version-history":[{"count":6,"href":"https:\/\/www.civiltalaica.it\/cms\/wp-json\/wp\/v2\/posts\/27615\/revisions"}],"predecessor-version":[{"id":27624,"href":"https:\/\/www.civiltalaica.it\/cms\/wp-json\/wp\/v2\/posts\/27615\/revisions\/27624"}],"wp:attachment":[{"href":"https:\/\/www.civiltalaica.it\/cms\/wp-json\/wp\/v2\/media?parent=27615"}],"wp:term":[{"taxonomy":"category","embeddable":true,"href":"https:\/\/www.civiltalaica.it\/cms\/wp-json\/wp\/v2\/categories?post=27615"},{"taxonomy":"post_tag","embeddable":true,"href":"https:\/\/www.civiltalaica.it\/cms\/wp-json\/wp\/v2\/tags?post=27615"}],"curies":[{"name":"wp","href":"https:\/\/api.w.org\/{rel}","templated":true}]}}