{"id":27296,"date":"2023-09-04T12:53:55","date_gmt":"2023-09-04T12:53:55","guid":{"rendered":"https:\/\/www.civiltalaica.it\/cms\/?p=27296"},"modified":"2023-09-04T15:15:58","modified_gmt":"2023-09-04T15:15:58","slug":"una-storia-luciano-ligabue","status":"publish","type":"post","link":"https:\/\/www.civiltalaica.it\/cms\/una-storia-luciano-ligabue\/","title":{"rendered":"Una storia &#8211; Luciano Ligabue"},"content":{"rendered":"<p><a href=\"https:\/\/www.civiltalaica.it\/cms\/wp-content\/uploads\/2023\/09\/61vYCLOF2rL._AC_UL600_SR600600_.jpg\"><img loading=\"lazy\" decoding=\"async\" class=\"alignnone size-medium wp-image-27298\" src=\"https:\/\/www.civiltalaica.it\/cms\/wp-content\/uploads\/2023\/09\/61vYCLOF2rL._AC_UL600_SR600600_-300x300.jpg\" alt=\"\" width=\"300\" height=\"300\" srcset=\"https:\/\/www.civiltalaica.it\/cms\/wp-content\/uploads\/2023\/09\/61vYCLOF2rL._AC_UL600_SR600600_-300x300.jpg 300w, https:\/\/www.civiltalaica.it\/cms\/wp-content\/uploads\/2023\/09\/61vYCLOF2rL._AC_UL600_SR600600_-150x150.jpg 150w, https:\/\/www.civiltalaica.it\/cms\/wp-content\/uploads\/2023\/09\/61vYCLOF2rL._AC_UL600_SR600600_-160x160.jpg 160w, https:\/\/www.civiltalaica.it\/cms\/wp-content\/uploads\/2023\/09\/61vYCLOF2rL._AC_UL600_SR600600_.jpg 600w\" sizes=\"auto, (max-width: 300px) 100vw, 300px\" \/><\/a><\/p>\n<p><span style=\"font-family: Times New Roman, serif;\">Tra pochi giorni uscir\u00e0 il nuovo album di <strong>Luciano Ligabue<\/strong>, sono passati da un bel po\u2019 i tempi in cui si aggiungeva nelle frasi di lancio \u201c<strong>il Bruce Springsteen italiano<\/strong>\u201d per promuoverlo. Ormai non \u00e8 pi\u00f9 necessario.<\/span><\/p>\n<p><span style=\"font-family: Times New Roman, serif;\">Dopo i trent\u2019anni di carriera festeggiati con un \u201c+2\u201d di ritardo\u00a0 &#8211; causa covid &#8211; con il concerto al Campo Volo di Reggio Emilia dello scorso anno, davanti a centocinquemila persone che si erano tenute strette il biglietto per i due anni pandemici, <strong>\u201cDedicato a noi\u201d<\/strong> seguir\u00e0 i concerti di questa estate 2023 contrassegnati dal consueto sold out e preceder\u00e0 il tour invernale nei palasport a cui si continuano ad aggiungere date.<\/span><\/p>\n<p>&nbsp;<\/p>\n<p><span style=\"font-family: Times New Roman, serif;\">Se il titolo del nuovo album vi fa sorgere la domanda \u201c<strong>noi chi?<\/strong>\u201d \u00e8 ovvio che non fate parte della schiera dei fan del rocker emiliano e altrettanto ovviamente non avete ancora letto la sua autobiografia<strong> \u201cUna storia\u201d (ed. Mondadori, 2022).<\/strong><\/span><\/p>\n<p><span style=\"font-family: Times New Roman, serif;\">Questo \u00e8 un peccato perch\u00e9 al di l\u00e0 della sua attivit\u00e0 di cantante, che potete apprezzare o meno a seconda dei vostri gusti,\u00a0 \u00e8 un fatto oggettivo che Luciano Ligabue sia bravissimo nel raccontare storie, non solo in veste di cantautore ma anche come scrittore, come provato dalle sue raccolte di racconti o dal fumetto &#8220;<strong>La neve se ne frega<\/strong>&#8220;.<\/span><\/p>\n<p>\u201c<span style=\"font-family: Times New Roman, serif;\">Una storia\u201d per\u00f2 \u00e8 una sfida in pi\u00f9 per il rocker perch\u00e9 qui racconta la sua storia personale, dall\u2019infanzia fino ad oggi (prima di quest\u2019ultimo album) e come sua abitudine lo fa in modo totalmente sincero e senza risparmiare nulla.<\/span><\/p>\n<p><span style=\"font-family: Times New Roman, serif;\">Le biografie o l\u2019autobiografie in genere risultano essere o delle <strong>agiografie<\/strong> con un mero elenco di \u201cho fatto questo e quello\u201d molto superficiali di cui se ne pu\u00f2 quasi sempre fare a meno. <\/span><\/p>\n<p><span style=\"font-family: Times New Roman, serif;\">Questo libro invece dimostra una volta di pi\u00f9 perch\u00e9 il rapporto con i suoi fans (attraverso il club del Bar Mario gestito da suo fratello Marco) \u00e8 cos\u00ec stretto e pressoch\u00e9 unico. Liga non si risparmia mai e quando decide di raccontarsi lo fa fino in fondo senza nascondere nulla. La famiglia, le malattie, i lutti, le paure, le ragazzate, le superstizioni, i colleghi, gli impresari, le delusioni, i successi.<\/span><\/p>\n<p><span style=\"font-family: Times New Roman, serif;\">Quello che appare evidente \u00e8 la <strong>sincerit\u00e0<\/strong> di queste pagine che prima raccontano la formazione di Luciano Ligabue e poi spiegano le sue scelte artistiche, la genesi di alcune canzoni e album; altres\u00ec quindi si capisce come e perch\u00e9 i fan sono cos\u00ec attaccati ai suoi pezzi e alle sue strofe. &#8220;<strong>Ma come fate a sapere che sono cos\u00ec sincere?<\/strong>&#8221; Ovvio che non siamo onniscienti e non facendo parte di quella cerchia di persone citate nel libro non possiamo essere testimoni diretti. Ma, oltre ai riscontri che si possono comunque avere, qui si va sulla fiducia personale. Non esiste una scienza che ti dice perch\u00e9 Liga ha la nostra fiducia e altri no.\u00a0<\/span><\/p>\n<p><span style=\"font-family: Times New Roman, serif;\">Le motivazioni forse sono contenute nel monologo che Liga ha messo in bocca al suo alter ego Bruno su Radiofreccia mettendo le cose in chiaro una volta per tutte: \u201c<strong>Le canzoni non ti tradiscono<\/strong>. Anche chi le fa pu\u00f2 tradirti, ma le canzoni, le tue canzoni, quelle che per te hanno voluto dire qualcosa, le trovi sempre l\u00ec, quando tu vuoi trovarle. Intatte. Non importa se cambier\u00e0 chi le ha cantate. Se volete sapere la mia delle canzoni, delle vostre canzoni vi potete fidare.\u201d<\/span><\/p>\n<p><span style=\"font-family: Times New Roman, serif;\">Ecco, per molti di noi fan Luciano Ligabue e la sua arte rappresentano una confort zone, un posto dove ti puoi sentire tranquillo quasi come fossi a casa (un <strong>Heimat<\/strong>, il termine tedesco senza corrispondenza italiana) che ormai \u00e8 andato oltre le sue canzoni e la musica, proprio perch\u00e9 ha messo in chiaro di non essere n\u00e9 un santo n\u00e9 un profeta. <\/span><\/p>\n<p><span style=\"font-family: Times New Roman, serif;\">Forse un giorno ci tradir\u00e0 e ci deluder\u00e0 anche lui come hanno fatto molti altri, pu\u00f2 darsi.<br \/>\nSinceramente per\u00f2, dopo il regalo che ci ha fatto descrivendoci il suo viaggio onirico con G nell\u2019ultimo capitolo del libro, lo riteniamo oggi ancor pi\u00f9 improbabile.<\/span><\/p>\n<p><strong>Alessandro Chiometti<\/strong><\/p>\n<p>&nbsp;<\/p>\n<p><a href=\"https:\/\/www.civiltalaica.it\/cms\/wp-content\/uploads\/2020\/02\/alessandro-scaled.jpg\"><img loading=\"lazy\" decoding=\"async\" class=\"alignnone size-medium wp-image-16678\" src=\"https:\/\/www.civiltalaica.it\/cms\/wp-content\/uploads\/2020\/02\/alessandro-277x300.jpg\" alt=\"\" width=\"277\" height=\"300\" srcset=\"https:\/\/www.civiltalaica.it\/cms\/wp-content\/uploads\/2020\/02\/alessandro-277x300.jpg 277w, https:\/\/www.civiltalaica.it\/cms\/wp-content\/uploads\/2020\/02\/alessandro-945x1024.jpg 945w, https:\/\/www.civiltalaica.it\/cms\/wp-content\/uploads\/2020\/02\/alessandro-768x832.jpg 768w, https:\/\/www.civiltalaica.it\/cms\/wp-content\/uploads\/2020\/02\/alessandro-1418x1536.jpg 1418w, https:\/\/www.civiltalaica.it\/cms\/wp-content\/uploads\/2020\/02\/alessandro-1890x2048.jpg 1890w, https:\/\/www.civiltalaica.it\/cms\/wp-content\/uploads\/2020\/02\/alessandro-148x160.jpg 148w\" sizes=\"auto, (max-width: 277px) 100vw, 277px\" \/><\/a><\/p>\n","protected":false},"excerpt":{"rendered":"<p>Tra pochi giorni uscir\u00e0 il nuovo album di Luciano Ligabue, sono passati da un bel po\u2019 i tempi in cui si aggiungeva nelle frasi di lancio \u201cil Bruce Springsteen italiano\u201d per promuoverlo. Ormai non \u00e8 pi\u00f9 necessario. Dopo i trent\u2019anni di carriera festeggiati con un \u201c+2\u201d di ritardo\u00a0 &#8211; causa covid &#8211; con il concerto [&hellip;]<\/p>\n","protected":false},"author":7,"featured_media":0,"comment_status":"closed","ping_status":"closed","sticky":false,"template":"","format":"standard","meta":{"footnotes":""},"categories":[238,231],"tags":[79,163,1449,2188,475],"class_list":["post-27296","post","type-post","status-publish","format-standard","hentry","category-articoli","category-recensioni","tag-alessandro-chiometti","tag-canzoni","tag-libri","tag-ligabue","tag-musica"],"yoast_head":"<!-- This site is optimized with the Yoast SEO plugin v27.1.1 - https:\/\/yoast.com\/product\/yoast-seo-wordpress\/ -->\n<title>Una storia - Luciano Ligabue - Associazione Culturale Civilt\u00e0 Laica<\/title>\n<meta name=\"description\" content=\"\u201cLe canzoni non ti tradiscono. Anche chi le fa pu\u00f2 tradirti, ma le canzoni, quelle che per te hanno voluto dire qualcosa, le trovi sempre l\u00ec,\" \/>\n<meta name=\"robots\" content=\"index, follow, max-snippet:-1, max-image-preview:large, max-video-preview:-1\" \/>\n<link rel=\"canonical\" href=\"https:\/\/www.civiltalaica.it\/cms\/una-storia-luciano-ligabue\/\" \/>\n<meta property=\"og:locale\" content=\"it_IT\" \/>\n<meta property=\"og:type\" content=\"article\" \/>\n<meta property=\"og:title\" content=\"Una storia - Luciano Ligabue - Associazione Culturale Civilt\u00e0 Laica\" \/>\n<meta property=\"og:description\" content=\"\u201cLe canzoni non ti tradiscono. Anche chi le fa pu\u00f2 tradirti, ma le canzoni, quelle che per te hanno voluto dire qualcosa, le trovi sempre l\u00ec,\" \/>\n<meta property=\"og:url\" content=\"https:\/\/www.civiltalaica.it\/cms\/una-storia-luciano-ligabue\/\" \/>\n<meta property=\"og:site_name\" content=\"Associazione Culturale Civilt\u00e0 Laica\" \/>\n<meta property=\"article:publisher\" content=\"https:\/\/www.facebook.com\/civiltalaica\" \/>\n<meta property=\"article:published_time\" content=\"2023-09-04T12:53:55+00:00\" \/>\n<meta property=\"article:modified_time\" content=\"2023-09-04T15:15:58+00:00\" \/>\n<meta property=\"og:image\" content=\"https:\/\/www.civiltalaica.it\/cms\/wp-content\/uploads\/2023\/09\/61vYCLOF2rL._AC_UL600_SR600600_-300x300.jpg\" \/>\n<meta name=\"author\" content=\"alexjc\" \/>\n<meta name=\"twitter:card\" content=\"summary_large_image\" \/>\n<meta name=\"twitter:label1\" content=\"Scritto da\" \/>\n\t<meta name=\"twitter:data1\" content=\"alexjc\" \/>\n\t<meta name=\"twitter:label2\" content=\"Tempo di lettura stimato\" \/>\n\t<meta name=\"twitter:data2\" content=\"4 minuti\" \/>\n<script type=\"application\/ld+json\" class=\"yoast-schema-graph\">{\"@context\":\"https:\/\/schema.org\",\"@graph\":[{\"@type\":\"Article\",\"@id\":\"https:\/\/www.civiltalaica.it\/cms\/una-storia-luciano-ligabue\/#article\",\"isPartOf\":{\"@id\":\"https:\/\/www.civiltalaica.it\/cms\/una-storia-luciano-ligabue\/\"},\"author\":{\"name\":\"alexjc\",\"@id\":\"https:\/\/www.civiltalaica.it\/cms\/#\/schema\/person\/4efef56f866329a1e0943eb27336df1d\"},\"headline\":\"Una storia &#8211; Luciano Ligabue\",\"datePublished\":\"2023-09-04T12:53:55+00:00\",\"dateModified\":\"2023-09-04T15:15:58+00:00\",\"mainEntityOfPage\":{\"@id\":\"https:\/\/www.civiltalaica.it\/cms\/una-storia-luciano-ligabue\/\"},\"wordCount\":658,\"image\":{\"@id\":\"https:\/\/www.civiltalaica.it\/cms\/una-storia-luciano-ligabue\/#primaryimage\"},\"thumbnailUrl\":\"https:\/\/www.civiltalaica.it\/cms\/wp-content\/uploads\/2023\/09\/61vYCLOF2rL._AC_UL600_SR600600_-300x300.jpg\",\"keywords\":[\"alessandro chiometti\",\"canzoni\",\"Libri\",\"ligabue\",\"musica\"],\"articleSection\":[\"articoli\",\"recensioni\"],\"inLanguage\":\"it-IT\"},{\"@type\":\"WebPage\",\"@id\":\"https:\/\/www.civiltalaica.it\/cms\/una-storia-luciano-ligabue\/\",\"url\":\"https:\/\/www.civiltalaica.it\/cms\/una-storia-luciano-ligabue\/\",\"name\":\"Una storia - Luciano Ligabue - Associazione Culturale Civilt\u00e0 Laica\",\"isPartOf\":{\"@id\":\"https:\/\/www.civiltalaica.it\/cms\/#website\"},\"primaryImageOfPage\":{\"@id\":\"https:\/\/www.civiltalaica.it\/cms\/una-storia-luciano-ligabue\/#primaryimage\"},\"image\":{\"@id\":\"https:\/\/www.civiltalaica.it\/cms\/una-storia-luciano-ligabue\/#primaryimage\"},\"thumbnailUrl\":\"https:\/\/www.civiltalaica.it\/cms\/wp-content\/uploads\/2023\/09\/61vYCLOF2rL._AC_UL600_SR600600_-300x300.jpg\",\"datePublished\":\"2023-09-04T12:53:55+00:00\",\"dateModified\":\"2023-09-04T15:15:58+00:00\",\"author\":{\"@id\":\"https:\/\/www.civiltalaica.it\/cms\/#\/schema\/person\/4efef56f866329a1e0943eb27336df1d\"},\"description\":\"\u201cLe canzoni non ti tradiscono. Anche chi le fa pu\u00f2 tradirti, ma le canzoni, quelle che per te hanno voluto dire qualcosa, le trovi sempre l\u00ec,\",\"breadcrumb\":{\"@id\":\"https:\/\/www.civiltalaica.it\/cms\/una-storia-luciano-ligabue\/#breadcrumb\"},\"inLanguage\":\"it-IT\",\"potentialAction\":[{\"@type\":\"ReadAction\",\"target\":[\"https:\/\/www.civiltalaica.it\/cms\/una-storia-luciano-ligabue\/\"]}]},{\"@type\":\"ImageObject\",\"inLanguage\":\"it-IT\",\"@id\":\"https:\/\/www.civiltalaica.it\/cms\/una-storia-luciano-ligabue\/#primaryimage\",\"url\":\"https:\/\/www.civiltalaica.it\/cms\/wp-content\/uploads\/2023\/09\/61vYCLOF2rL._AC_UL600_SR600600_.jpg\",\"contentUrl\":\"https:\/\/www.civiltalaica.it\/cms\/wp-content\/uploads\/2023\/09\/61vYCLOF2rL._AC_UL600_SR600600_.jpg\",\"width\":600,\"height\":600},{\"@type\":\"BreadcrumbList\",\"@id\":\"https:\/\/www.civiltalaica.it\/cms\/una-storia-luciano-ligabue\/#breadcrumb\",\"itemListElement\":[{\"@type\":\"ListItem\",\"position\":1,\"name\":\"Home\",\"item\":\"https:\/\/www.civiltalaica.it\/cms\/\"},{\"@type\":\"ListItem\",\"position\":2,\"name\":\"Una storia &#8211; Luciano Ligabue\"}]},{\"@type\":\"WebSite\",\"@id\":\"https:\/\/www.civiltalaica.it\/cms\/#website\",\"url\":\"https:\/\/www.civiltalaica.it\/cms\/\",\"name\":\"Associazione Culturale Civilt\u00e0 Laica\",\"description\":\"Per un movimento culturale volto a difendere la Laicit\u00e0 dello Stato.\",\"potentialAction\":[{\"@type\":\"SearchAction\",\"target\":{\"@type\":\"EntryPoint\",\"urlTemplate\":\"https:\/\/www.civiltalaica.it\/cms\/?s={search_term_string}\"},\"query-input\":{\"@type\":\"PropertyValueSpecification\",\"valueRequired\":true,\"valueName\":\"search_term_string\"}}],\"inLanguage\":\"it-IT\"},{\"@type\":\"Person\",\"@id\":\"https:\/\/www.civiltalaica.it\/cms\/#\/schema\/person\/4efef56f866329a1e0943eb27336df1d\",\"name\":\"alexjc\",\"url\":\"https:\/\/www.civiltalaica.it\/cms\/author\/alexjc\/\"}]}<\/script>\n<!-- \/ Yoast SEO plugin. -->","yoast_head_json":{"title":"Una storia - Luciano Ligabue - Associazione Culturale Civilt\u00e0 Laica","description":"\u201cLe canzoni non ti tradiscono. Anche chi le fa pu\u00f2 tradirti, ma le canzoni, quelle che per te hanno voluto dire qualcosa, le trovi sempre l\u00ec,","robots":{"index":"index","follow":"follow","max-snippet":"max-snippet:-1","max-image-preview":"max-image-preview:large","max-video-preview":"max-video-preview:-1"},"canonical":"https:\/\/www.civiltalaica.it\/cms\/una-storia-luciano-ligabue\/","og_locale":"it_IT","og_type":"article","og_title":"Una storia - Luciano Ligabue - Associazione Culturale Civilt\u00e0 Laica","og_description":"\u201cLe canzoni non ti tradiscono. Anche chi le fa pu\u00f2 tradirti, ma le canzoni, quelle che per te hanno voluto dire qualcosa, le trovi sempre l\u00ec,","og_url":"https:\/\/www.civiltalaica.it\/cms\/una-storia-luciano-ligabue\/","og_site_name":"Associazione Culturale Civilt\u00e0 Laica","article_publisher":"https:\/\/www.facebook.com\/civiltalaica","article_published_time":"2023-09-04T12:53:55+00:00","article_modified_time":"2023-09-04T15:15:58+00:00","og_image":[{"url":"https:\/\/www.civiltalaica.it\/cms\/wp-content\/uploads\/2023\/09\/61vYCLOF2rL._AC_UL600_SR600600_-300x300.jpg","type":"","width":"","height":""}],"author":"alexjc","twitter_card":"summary_large_image","twitter_misc":{"Scritto da":"alexjc","Tempo di lettura stimato":"4 minuti"},"schema":{"@context":"https:\/\/schema.org","@graph":[{"@type":"Article","@id":"https:\/\/www.civiltalaica.it\/cms\/una-storia-luciano-ligabue\/#article","isPartOf":{"@id":"https:\/\/www.civiltalaica.it\/cms\/una-storia-luciano-ligabue\/"},"author":{"name":"alexjc","@id":"https:\/\/www.civiltalaica.it\/cms\/#\/schema\/person\/4efef56f866329a1e0943eb27336df1d"},"headline":"Una storia &#8211; Luciano Ligabue","datePublished":"2023-09-04T12:53:55+00:00","dateModified":"2023-09-04T15:15:58+00:00","mainEntityOfPage":{"@id":"https:\/\/www.civiltalaica.it\/cms\/una-storia-luciano-ligabue\/"},"wordCount":658,"image":{"@id":"https:\/\/www.civiltalaica.it\/cms\/una-storia-luciano-ligabue\/#primaryimage"},"thumbnailUrl":"https:\/\/www.civiltalaica.it\/cms\/wp-content\/uploads\/2023\/09\/61vYCLOF2rL._AC_UL600_SR600600_-300x300.jpg","keywords":["alessandro chiometti","canzoni","Libri","ligabue","musica"],"articleSection":["articoli","recensioni"],"inLanguage":"it-IT"},{"@type":"WebPage","@id":"https:\/\/www.civiltalaica.it\/cms\/una-storia-luciano-ligabue\/","url":"https:\/\/www.civiltalaica.it\/cms\/una-storia-luciano-ligabue\/","name":"Una storia - Luciano Ligabue - Associazione Culturale Civilt\u00e0 Laica","isPartOf":{"@id":"https:\/\/www.civiltalaica.it\/cms\/#website"},"primaryImageOfPage":{"@id":"https:\/\/www.civiltalaica.it\/cms\/una-storia-luciano-ligabue\/#primaryimage"},"image":{"@id":"https:\/\/www.civiltalaica.it\/cms\/una-storia-luciano-ligabue\/#primaryimage"},"thumbnailUrl":"https:\/\/www.civiltalaica.it\/cms\/wp-content\/uploads\/2023\/09\/61vYCLOF2rL._AC_UL600_SR600600_-300x300.jpg","datePublished":"2023-09-04T12:53:55+00:00","dateModified":"2023-09-04T15:15:58+00:00","author":{"@id":"https:\/\/www.civiltalaica.it\/cms\/#\/schema\/person\/4efef56f866329a1e0943eb27336df1d"},"description":"\u201cLe canzoni non ti tradiscono. Anche chi le fa pu\u00f2 tradirti, ma le canzoni, quelle che per te hanno voluto dire qualcosa, le trovi sempre l\u00ec,","breadcrumb":{"@id":"https:\/\/www.civiltalaica.it\/cms\/una-storia-luciano-ligabue\/#breadcrumb"},"inLanguage":"it-IT","potentialAction":[{"@type":"ReadAction","target":["https:\/\/www.civiltalaica.it\/cms\/una-storia-luciano-ligabue\/"]}]},{"@type":"ImageObject","inLanguage":"it-IT","@id":"https:\/\/www.civiltalaica.it\/cms\/una-storia-luciano-ligabue\/#primaryimage","url":"https:\/\/www.civiltalaica.it\/cms\/wp-content\/uploads\/2023\/09\/61vYCLOF2rL._AC_UL600_SR600600_.jpg","contentUrl":"https:\/\/www.civiltalaica.it\/cms\/wp-content\/uploads\/2023\/09\/61vYCLOF2rL._AC_UL600_SR600600_.jpg","width":600,"height":600},{"@type":"BreadcrumbList","@id":"https:\/\/www.civiltalaica.it\/cms\/una-storia-luciano-ligabue\/#breadcrumb","itemListElement":[{"@type":"ListItem","position":1,"name":"Home","item":"https:\/\/www.civiltalaica.it\/cms\/"},{"@type":"ListItem","position":2,"name":"Una storia &#8211; Luciano Ligabue"}]},{"@type":"WebSite","@id":"https:\/\/www.civiltalaica.it\/cms\/#website","url":"https:\/\/www.civiltalaica.it\/cms\/","name":"Associazione Culturale Civilt\u00e0 Laica","description":"Per un movimento culturale volto a difendere la Laicit\u00e0 dello Stato.","potentialAction":[{"@type":"SearchAction","target":{"@type":"EntryPoint","urlTemplate":"https:\/\/www.civiltalaica.it\/cms\/?s={search_term_string}"},"query-input":{"@type":"PropertyValueSpecification","valueRequired":true,"valueName":"search_term_string"}}],"inLanguage":"it-IT"},{"@type":"Person","@id":"https:\/\/www.civiltalaica.it\/cms\/#\/schema\/person\/4efef56f866329a1e0943eb27336df1d","name":"alexjc","url":"https:\/\/www.civiltalaica.it\/cms\/author\/alexjc\/"}]}},"_links":{"self":[{"href":"https:\/\/www.civiltalaica.it\/cms\/wp-json\/wp\/v2\/posts\/27296","targetHints":{"allow":["GET"]}}],"collection":[{"href":"https:\/\/www.civiltalaica.it\/cms\/wp-json\/wp\/v2\/posts"}],"about":[{"href":"https:\/\/www.civiltalaica.it\/cms\/wp-json\/wp\/v2\/types\/post"}],"author":[{"embeddable":true,"href":"https:\/\/www.civiltalaica.it\/cms\/wp-json\/wp\/v2\/users\/7"}],"replies":[{"embeddable":true,"href":"https:\/\/www.civiltalaica.it\/cms\/wp-json\/wp\/v2\/comments?post=27296"}],"version-history":[{"count":4,"href":"https:\/\/www.civiltalaica.it\/cms\/wp-json\/wp\/v2\/posts\/27296\/revisions"}],"predecessor-version":[{"id":27302,"href":"https:\/\/www.civiltalaica.it\/cms\/wp-json\/wp\/v2\/posts\/27296\/revisions\/27302"}],"wp:attachment":[{"href":"https:\/\/www.civiltalaica.it\/cms\/wp-json\/wp\/v2\/media?parent=27296"}],"wp:term":[{"taxonomy":"category","embeddable":true,"href":"https:\/\/www.civiltalaica.it\/cms\/wp-json\/wp\/v2\/categories?post=27296"},{"taxonomy":"post_tag","embeddable":true,"href":"https:\/\/www.civiltalaica.it\/cms\/wp-json\/wp\/v2\/tags?post=27296"}],"curies":[{"name":"wp","href":"https:\/\/api.w.org\/{rel}","templated":true}]}}