{"id":27155,"date":"2023-08-22T16:03:08","date_gmt":"2023-08-22T16:03:08","guid":{"rendered":"https:\/\/www.civiltalaica.it\/cms\/?p=27155"},"modified":"2023-08-22T21:55:04","modified_gmt":"2023-08-22T21:55:04","slug":"gesu-non-e-mai-esistito-e-neanche-john-f-kennedy","status":"publish","type":"post","link":"https:\/\/www.civiltalaica.it\/cms\/gesu-non-e-mai-esistito-e-neanche-john-f-kennedy\/","title":{"rendered":"Ges\u00f9 non \u00e8 mai esistito e neanche John F. Kennedy"},"content":{"rendered":"<p><span style=\"font-family: Times New Roman, serif;\">Negli ultimi tempi c\u2019\u00e8 un grande precipitarsi da parte degli intellettuali laici e umanisti a ribadire che l\u2019esistenza di Ges\u00f9 sia un fatto storicamente provato e che la discussione dal punto di vista accademico \u00e8 chiusa. <\/span><\/p>\n<p><span style=\"font-family: Times New Roman, serif;\">L\u2019ultimo in ordine di tempo \u00e8 il <a href=\"https:\/\/www.youtube.com\/watch?v=HEZauhfw7cw\"><b>Prof. <\/b><b>Alessandro <\/b><b>Barbero<\/b>\u00a0<\/a><\/span><span style=\"font-family: Times New Roman, serif;\">ma addirittura in casa della <a href=\"https:\/\/www.uaar.it\/libri\/gesu-davvero-esistito-inchiesta-storica\/\">pi\u00f9 grande associazione di atei italiani<\/a> la cosa non \u00e8 pi\u00f9 in discussione visto l\u2019abbraccio della posizione di <b>B<\/b><b>art D<\/b><b>. Erhman<\/b>.\u00a0<\/span><\/p>\n<p><a href=\"https:\/\/www.civiltalaica.it\/cms\/wp-content\/uploads\/2023\/08\/Alessandro_Barbero_al_Festival_del_Medioevo_2017.jpg\"><img loading=\"lazy\" decoding=\"async\" class=\"alignnone size-full wp-image-27158\" src=\"https:\/\/www.civiltalaica.it\/cms\/wp-content\/uploads\/2023\/08\/Alessandro_Barbero_al_Festival_del_Medioevo_2017.jpg\" alt=\"\" width=\"474\" height=\"513\" srcset=\"https:\/\/www.civiltalaica.it\/cms\/wp-content\/uploads\/2023\/08\/Alessandro_Barbero_al_Festival_del_Medioevo_2017.jpg 474w, https:\/\/www.civiltalaica.it\/cms\/wp-content\/uploads\/2023\/08\/Alessandro_Barbero_al_Festival_del_Medioevo_2017-277x300.jpg 277w, https:\/\/www.civiltalaica.it\/cms\/wp-content\/uploads\/2023\/08\/Alessandro_Barbero_al_Festival_del_Medioevo_2017-148x160.jpg 148w\" sizes=\"auto, (max-width: 474px) 100vw, 474px\" \/><\/a><\/p>\n<p>&nbsp;<\/p>\n<p><span style=\"font-family: Times New Roman, serif;\">Abbraccio che sembra sconfessare il loro presidente onorario <strong>Piergiorgio Odifreddi<\/strong> che anche<a href=\"https:\/\/www.pepeonline.it\/intervista-su-gesu-a-piergiorgio-odifreddi-cristo-non-esiste-e-nemmeno-la-liberta\/\"> in tempi recenti <\/a>\u00a0ha ribadito che per lui la figura di <\/span><span style=\"font-family: 'Times New Roman', serif;\">Ges\u00f9 sia un mito;<\/span><span style=\"font-family: 'Times New Roman', serif;\"> del resto a supporto della sua opinione cita<\/span><span style=\"font-family: 'Times New Roman', serif;\">\u00a0le parole di <a href=\"https:\/\/www.uaar.it\/uaar\/ateo\/archivio\/25\/venne-mito-chiamato-gesu\/\">Papa Leone X<\/a><\/span><span style=\"font-family: 'Times New Roman', serif;\"> rivolte al cardinal Bembo: <\/span><i style=\"font-family: 'Times New Roman', serif;\">\u00abLa storia ci insegna quanto ci abbia fruttato quella favola di Cristo\u00bb.\u00a0<\/i><\/p>\n<p><a href=\"https:\/\/www.civiltalaica.it\/cms\/wp-content\/uploads\/2023\/08\/Piergiorgio_Odifreddi_portrait.jpg\"><img loading=\"lazy\" decoding=\"async\" class=\"alignnone size-medium wp-image-27157\" src=\"https:\/\/www.civiltalaica.it\/cms\/wp-content\/uploads\/2023\/08\/Piergiorgio_Odifreddi_portrait-200x300.jpg\" alt=\"\" width=\"200\" height=\"300\" srcset=\"https:\/\/www.civiltalaica.it\/cms\/wp-content\/uploads\/2023\/08\/Piergiorgio_Odifreddi_portrait-200x300.jpg 200w, https:\/\/www.civiltalaica.it\/cms\/wp-content\/uploads\/2023\/08\/Piergiorgio_Odifreddi_portrait-683x1024.jpg 683w, https:\/\/www.civiltalaica.it\/cms\/wp-content\/uploads\/2023\/08\/Piergiorgio_Odifreddi_portrait-768x1152.jpg 768w, https:\/\/www.civiltalaica.it\/cms\/wp-content\/uploads\/2023\/08\/Piergiorgio_Odifreddi_portrait-107x160.jpg 107w, https:\/\/www.civiltalaica.it\/cms\/wp-content\/uploads\/2023\/08\/Piergiorgio_Odifreddi_portrait.jpg 800w\" sizes=\"auto, (max-width: 200px) 100vw, 200px\" \/><\/a><\/p>\n<p><span style=\"font-family: Times New Roman, serif;\">Ora a parte il fatto che, ambito accademico o meno, le posizioni pro-mito non ci sembrano poi cos\u00ec isolate visto che da Bruno Bauer in poi sono state condivise e supportate da nomi come Martinetti, Schwaitzer, Onfray, Carrier, Dubourg e Price; la posizione pi\u00f9 laicamente corretta sulla questione resta a nostro avviso quella di <b>K.H. Deschner<\/b> (autore della \u201c<b>Storia Criminale del Cristianesimo<\/b>\u201d Libri I-X ed. Ariele, 2000 \u2013 2013 dove ha sempre evidenziato come praticamente tutto ci\u00f2 che si considera cristianesimo andrebbe correttamente chiamato paolinismo, nel senso di attribuirlo a Paolo di Tarso ovviamente), secondo cui <b>pur non essendoci prove certe della reale esistenza di Ges\u00f9 Cristo, vista l\u2019esplosione e la diffusione cos\u00ec rapida di un movimento che portava il suo nome <\/b><b>pochi decenni dopo la sua presunta morte, \u00e8 estremamente probabile che una person<\/b><b>a<\/b><b> con quel nome sia effettivamente esistita<\/b>. <\/span><\/p>\n<p><span style=\"font-family: Times New Roman, serif;\">Discorso chiuso quindi? Tutt\u2019altro. Perch\u00e9 \u00e8 comunque storicamente vero (e per capire il senso di quest\u2019ultima parola vi rimandiamo al pamphlet \u201c<b>Che cos\u2019\u00e8 la verit\u00e0<\/b>\u201d di P. Odifreddi ed. Castelvecchi 2016)\u00a0 che \u00e8 <b>il Ges\u00f9 in cui i fedeli cattolici credono a non essere mai esistito. <\/b>Che poi ne sia esistito uno completamente diverso a quello della loro fede \u00e8 un altro paio di maniche.\u00a0<\/span><\/p>\n<p><span style=\"font-family: Times New Roman, serif;\">Secondo qualunque studio indipendente dalle varie chiese infatti, ci\u00f2 che viene tirato faticosamente fuori dai vangeli canonici e dagli altri documenti \u00e8 completamente diverso da ci\u00f2 che viene tramandato dal catechismo e dalla tradizione.<\/span><\/p>\n<p><span style=\"font-family: Times New Roman, serif;\">Si potrebbe cominciare dal fatto che Ges\u00f9 aveva dei fratelli (ormai lo negano solo in Vaticano), per arrivare alle discrepanze dei <b>vangeli sinottici<\/b> (quindi escludendo la problematica ellenizzazione di Cristo presente in Giovanni) che <b>non sono d\u2019accordo neanche sul nome e sul numero degli apostoli<\/b>, sui miracoli, o che non descrivono la resurrezione di Ges\u00f9 ma la citano come avvenuta e basta, la descrizione viene fatta solo in alcuni apocrifi. <\/span><\/p>\n<p><span style=\"font-family: Times New Roman, serif;\">Si potrebbe quindi prendere in esame il famigerato <b>Barabba<\/b>, fin dal suo nome si capisce che costui non era di certo un brigante; infatti <b>Bar-abb\u00e0<\/b> vuol dire \u201c<b>figlio del padre<\/b>\u201d, se poi ci aggiungiamo che in Matteo viene chiamato in modo completo <b>Yeshua<\/b> (ovvero Giosu\u00e8, ovvero Ges\u00f9) <b>Bar-Abb\u00e0<\/b> il quadro \u00e8 completo.<b> Alla popolazione di Gerusalemme fu chiesto di scegliere quale salvare dei due predicatori: Ges\u00f9 Cristo<\/b> (ovvero \u201cIl messia\u201d o \u201cl\u2019unto\u201d) <b>o Ges\u00f9 Figlio-del-Padre. <\/b> <\/span><\/p>\n<p><span style=\"font-family: Times New Roman, serif;\">Potete approfondire queste ed altre numerose questioni in numerosi saggi, solo per rimanere ai lavori italiani citiamo: le inchieste fatte da <b>Corrado <\/b><b>Augias<\/b> con <b>Mario <\/b><b>Pesce <\/b><b>e Remo Cacitti,<\/b> i libri divulgativi di<b> <\/b><b>Paolo Flores D\u2019Arcais <\/b><b>e Davide<\/b> <b>Donnini<\/b>.<b> <\/b>Se siete pigri e volete il riassunto possiamo anticiparvi che ben poco si sa su chi fosse veramente Ges\u00f9 Cristo e cosa abbia realmente detto. I punti fermi (spesso ottenuti con il<b> principio dell\u2019imbarazzo<\/b>, ovvero se sono imbarazzanti per coloro che li hanno propagandati allora probabilmente sono veri) sono i seguenti: era un fomentatore di rivolte anti-romane (ci sar\u00e0 pure un motivo se \u00e8 stato crocifisso e non lapidato); aveva certamente dei fratelli; era un integralista religioso a tal punto che si \u00e8 raccomandato pi\u00f9 volte di non predicare le sue parole ai gentili (cio\u00e8 ai non ebrei); probabilmente a Nazareth c\u2019\u00e8 stato ben poco per non dire mai\u00a0 di certo praticava esorcismi. Il \u201c<b>sermone della montagna<\/b>\u201d che tanto piace a noi di sinistra, probabilmente \u00e8 stata un aggiunta postuma per dargli un livello intellettuale pi\u00f9 elevato.<\/span><\/p>\n<p><span style=\"font-family: Times New Roman, serif;\">Potete verificare ci\u00f2 sui testi citati e molti altri, ma la domanda che a questo punto noi ci siamo posti \u00e8: <b>perch\u00e9 dobbiamo essere cos\u00ec ossessionati da questa figura dopo duemila anni?<\/b><\/span><\/p>\n<p><span style=\"font-family: Times New Roman, serif;\">Se ha detto, o gli sono state attribuite, delle frasi che possono ispirarci in positivo ricordiamocele e andiamo avanti.<\/span><\/p>\n<p><span style=\"font-family: Times New Roman, serif;\">Se ha detto fesserie, o gli sono state attribuite, lasciamole alle spalle e andiamo avanti.<\/span><\/p>\n<p><span style=\"font-family: Times New Roman, serif;\">Che uno storico voglia dedicare la vita a questo specifico mistero \u00e8 comprensibile. C\u2019\u00e8 chi \u00e8 affascinato da Archimede, chi da Giulio Cesare e chi dai popoli celti. Ogni studioso sceglie il suo campo di approfondimento. <\/span><\/p>\n<p><span style=\"font-family: Times New Roman, serif;\"><b>Ma \u00e8 cos\u00ec importante parlare oggi nell\u2019agor\u00e0 pubblica della figura storica del Cristo?<\/b> <\/span><\/p>\n<p><span style=\"font-family: Times New Roman, serif;\">Personalmente riteniamo che di alcuni importanti avvenimenti storici l\u2019importante sia capire il senso. Capire il contesto del perch\u00e9 sono accadute certe cose. Non il dettaglio. <\/span><\/p>\n<p><span style=\"font-family: Times New Roman, serif;\">Ad esempio, parlando di miti che in realt\u00e0 non sono mai esistiti, <b>J.F. <\/b><b>Kennedy \u00e8 stato ucciso da Oswald in solitaria o da un commando?<\/b> Il proiettile magico, il filmato di Zapruder, le pessime prestazioni di Oswald come tiratore\u2026 ma non \u00e8 pi\u00f9 importante capire ci\u00f2 che il film di Oliver Stone \u201cJFK\u201d non dice? Ovvero: <b>perch\u00e9 \u00e8 stato ucciso il presidente degli Stati Uniti?<\/b><\/span><\/p>\n<p><a href=\"https:\/\/www.civiltalaica.it\/cms\/wp-content\/uploads\/2023\/08\/John_F._Kennedy_White_House_color_photo_portrait.jpg\"><img loading=\"lazy\" decoding=\"async\" class=\"alignnone size-medium wp-image-27156\" src=\"https:\/\/www.civiltalaica.it\/cms\/wp-content\/uploads\/2023\/08\/John_F._Kennedy_White_House_color_photo_portrait-231x300.jpg\" alt=\"\" width=\"231\" height=\"300\" srcset=\"https:\/\/www.civiltalaica.it\/cms\/wp-content\/uploads\/2023\/08\/John_F._Kennedy_White_House_color_photo_portrait-231x300.jpg 231w, https:\/\/www.civiltalaica.it\/cms\/wp-content\/uploads\/2023\/08\/John_F._Kennedy_White_House_color_photo_portrait-790x1024.jpg 790w, https:\/\/www.civiltalaica.it\/cms\/wp-content\/uploads\/2023\/08\/John_F._Kennedy_White_House_color_photo_portrait-768x996.jpg 768w, https:\/\/www.civiltalaica.it\/cms\/wp-content\/uploads\/2023\/08\/John_F._Kennedy_White_House_color_photo_portrait-123x160.jpg 123w, https:\/\/www.civiltalaica.it\/cms\/wp-content\/uploads\/2023\/08\/John_F._Kennedy_White_House_color_photo_portrait.jpg 800w\" sizes=\"auto, (max-width: 231px) 100vw, 231px\" \/><\/a><\/p>\n<p><span style=\"font-family: Times New Roman, serif;\">Su questo oggi possiamo avere un\u2019idea molto verosimile: \u00e8 stato ucciso perch\u00e9 per essere eletto aveva stretto un patto con persone di \u201cdubbia legalit\u00e0\u201d garantendosi cos\u00ec i voti del sindacato di <strong>Jimmy Hoffa<\/strong> negli swinging states ribaltando quindi le previsioni; per\u00f2 poi, una volta presidente, <b>non ha mantenuto <\/b><b>quel patto che consisteva nel<\/b><b> supportare <\/b><b>militarmente<\/b><b> la contro-rivoluzione a Cuba <\/b><b>che \u00e8 finita alla Baia dei Porci<\/b>. Saputo questo cosa ci dovrebbe importare se Oswald abbia agito da solo o in gruppo? <\/span><\/p>\n<p>\u201c<span style=\"font-family: Times New Roman, serif;\"><i>L\u2019agiografia santifica politici contaballe e reinventa le loro gesta opportunistiche come momenti di grande spessore morale. La nostra narrazione ininterrotta \u00e8 confusa al di l\u00e0 di ogni verit\u00e0 o giudizio retrospettivo. Soltanto una verosomiglianza senza scrupoli \u00e8 in grado di rimettere tutto in prospettiva.<br \/>\n<\/i><\/span><span style=\"font-family: Times New Roman, serif;\"><i>La vera trinit\u00e0 di Camelot<\/i><i> <\/i><i>era Piacere, Spaccare il culo e Scopare. Jack Kennedy \u00e8 stata la punta di diamante di una fetta particolarmente succosa della storia. Spandeva merda in modo molto abile e aveva un taglio di capelli di gran classe. Era Bill Clinton senza l\u2019onnipresente scrutinio dei media e <\/i><i>senza <\/i><i>qualche rotolo di grasso.<\/i>\u201d <b>James Ellroy \u2013 American Tabloid.<\/b><\/span><\/p>\n<p><span style=\"font-family: Times New Roman, serif;\">Ecco, sosteniamo proprio <\/span><span style=\"font-family: Times New Roman, serif;\">questo: che una volta raccolte le informazioni a disposizione spesso sia molto pi\u00f9 utile la verosomiglianza del quadro generale che definire il dettaglio o il particolare. <\/span><\/p>\n<p><span style=\"font-family: Times New Roman, serif;\">Con buona pace di chi crede in miti mai esistiti. <\/span><\/p>\n<p><span style=\"font-family: Times New Roman, serif;\"><b>Alessandro Chiometti<\/b><\/span><\/p>\n<p>&nbsp;<\/p>\n<p><a href=\"https:\/\/www.civiltalaica.it\/cms\/wp-content\/uploads\/2020\/02\/alessandro-scaled.jpg\"><img loading=\"lazy\" decoding=\"async\" class=\"alignnone size-medium wp-image-16678\" src=\"https:\/\/www.civiltalaica.it\/cms\/wp-content\/uploads\/2020\/02\/alessandro-277x300.jpg\" alt=\"\" width=\"277\" height=\"300\" srcset=\"https:\/\/www.civiltalaica.it\/cms\/wp-content\/uploads\/2020\/02\/alessandro-277x300.jpg 277w, https:\/\/www.civiltalaica.it\/cms\/wp-content\/uploads\/2020\/02\/alessandro-945x1024.jpg 945w, https:\/\/www.civiltalaica.it\/cms\/wp-content\/uploads\/2020\/02\/alessandro-768x832.jpg 768w, https:\/\/www.civiltalaica.it\/cms\/wp-content\/uploads\/2020\/02\/alessandro-1418x1536.jpg 1418w, https:\/\/www.civiltalaica.it\/cms\/wp-content\/uploads\/2020\/02\/alessandro-1890x2048.jpg 1890w, https:\/\/www.civiltalaica.it\/cms\/wp-content\/uploads\/2020\/02\/alessandro-148x160.jpg 148w\" sizes=\"auto, (max-width: 277px) 100vw, 277px\" \/><\/a><\/p>\n","protected":false},"excerpt":{"rendered":"<p>Negli ultimi tempi c\u2019\u00e8 un grande precipitarsi da parte degli intellettuali laici e umanisti a ribadire che l\u2019esistenza di Ges\u00f9 sia un fatto storicamente provato e che la discussione dal punto di vista accademico \u00e8 chiusa. L\u2019ultimo in ordine di tempo \u00e8 il Prof. Alessandro Barbero\u00a0ma addirittura in casa della pi\u00f9 grande associazione di atei [&hellip;]<\/p>\n","protected":false},"author":7,"featured_media":0,"comment_status":"closed","ping_status":"closed","sticky":false,"template":"","format":"standard","meta":{"footnotes":""},"categories":[238,234],"tags":[79,2187,1935,2186,6],"class_list":["post-27155","post","type-post","status-publish","format-standard","hentry","category-articoli","category-storia","tag-alessandro-chiometti","tag-esistenza-storica","tag-kennedy","tag-mito-di-gesu","tag-storia"],"yoast_head":"<!-- This site is optimized with the Yoast SEO plugin v27.1.1 - https:\/\/yoast.com\/product\/yoast-seo-wordpress\/ -->\n<title>Ges\u00f9 non \u00e8 mai esistito e neanche John F. Kennedy - Associazione Culturale Civilt\u00e0 Laica<\/title>\n<meta name=\"description\" content=\"Bisogna capire il contesto storico, non il dettaglio. E&#039; esisto Ges\u00f9? Oswald ha ucciso Kennedy da solo? Meglio porsi domande diverse.\" \/>\n<meta name=\"robots\" content=\"index, follow, max-snippet:-1, max-image-preview:large, max-video-preview:-1\" \/>\n<link rel=\"canonical\" href=\"https:\/\/www.civiltalaica.it\/cms\/gesu-non-e-mai-esistito-e-neanche-john-f-kennedy\/\" \/>\n<meta property=\"og:locale\" content=\"it_IT\" \/>\n<meta property=\"og:type\" content=\"article\" \/>\n<meta property=\"og:title\" content=\"Ges\u00f9 non \u00e8 mai esistito e neanche John F. Kennedy - Associazione Culturale Civilt\u00e0 Laica\" \/>\n<meta property=\"og:description\" content=\"Bisogna capire il contesto storico, non il dettaglio. E&#039; esisto Ges\u00f9? Oswald ha ucciso Kennedy da solo? Meglio porsi domande diverse.\" \/>\n<meta property=\"og:url\" content=\"https:\/\/www.civiltalaica.it\/cms\/gesu-non-e-mai-esistito-e-neanche-john-f-kennedy\/\" \/>\n<meta property=\"og:site_name\" content=\"Associazione Culturale Civilt\u00e0 Laica\" \/>\n<meta property=\"article:publisher\" content=\"https:\/\/www.facebook.com\/civiltalaica\" \/>\n<meta property=\"article:published_time\" content=\"2023-08-22T16:03:08+00:00\" \/>\n<meta property=\"article:modified_time\" content=\"2023-08-22T21:55:04+00:00\" \/>\n<meta property=\"og:image\" content=\"https:\/\/www.civiltalaica.it\/cms\/wp-content\/uploads\/2023\/08\/Alessandro_Barbero_al_Festival_del_Medioevo_2017.jpg\" \/>\n<meta name=\"author\" content=\"alexjc\" \/>\n<meta name=\"twitter:card\" content=\"summary_large_image\" \/>\n<meta name=\"twitter:label1\" content=\"Scritto da\" \/>\n\t<meta name=\"twitter:data1\" content=\"alexjc\" \/>\n\t<meta name=\"twitter:label2\" content=\"Tempo di lettura stimato\" \/>\n\t<meta name=\"twitter:data2\" content=\"7 minuti\" \/>\n<script type=\"application\/ld+json\" class=\"yoast-schema-graph\">{\"@context\":\"https:\/\/schema.org\",\"@graph\":[{\"@type\":\"Article\",\"@id\":\"https:\/\/www.civiltalaica.it\/cms\/gesu-non-e-mai-esistito-e-neanche-john-f-kennedy\/#article\",\"isPartOf\":{\"@id\":\"https:\/\/www.civiltalaica.it\/cms\/gesu-non-e-mai-esistito-e-neanche-john-f-kennedy\/\"},\"author\":{\"name\":\"alexjc\",\"@id\":\"https:\/\/www.civiltalaica.it\/cms\/#\/schema\/person\/4efef56f866329a1e0943eb27336df1d\"},\"headline\":\"Ges\u00f9 non \u00e8 mai esistito e neanche John F. Kennedy\",\"datePublished\":\"2023-08-22T16:03:08+00:00\",\"dateModified\":\"2023-08-22T21:55:04+00:00\",\"mainEntityOfPage\":{\"@id\":\"https:\/\/www.civiltalaica.it\/cms\/gesu-non-e-mai-esistito-e-neanche-john-f-kennedy\/\"},\"wordCount\":1123,\"image\":{\"@id\":\"https:\/\/www.civiltalaica.it\/cms\/gesu-non-e-mai-esistito-e-neanche-john-f-kennedy\/#primaryimage\"},\"thumbnailUrl\":\"https:\/\/www.civiltalaica.it\/cms\/wp-content\/uploads\/2023\/08\/Alessandro_Barbero_al_Festival_del_Medioevo_2017.jpg\",\"keywords\":[\"alessandro chiometti\",\"esistenza storica\",\"kennedy\",\"mito di ges\u00f9\",\"Storia\"],\"articleSection\":[\"articoli\",\"storia\"],\"inLanguage\":\"it-IT\"},{\"@type\":\"WebPage\",\"@id\":\"https:\/\/www.civiltalaica.it\/cms\/gesu-non-e-mai-esistito-e-neanche-john-f-kennedy\/\",\"url\":\"https:\/\/www.civiltalaica.it\/cms\/gesu-non-e-mai-esistito-e-neanche-john-f-kennedy\/\",\"name\":\"Ges\u00f9 non \u00e8 mai esistito e neanche John F. Kennedy - Associazione Culturale Civilt\u00e0 Laica\",\"isPartOf\":{\"@id\":\"https:\/\/www.civiltalaica.it\/cms\/#website\"},\"primaryImageOfPage\":{\"@id\":\"https:\/\/www.civiltalaica.it\/cms\/gesu-non-e-mai-esistito-e-neanche-john-f-kennedy\/#primaryimage\"},\"image\":{\"@id\":\"https:\/\/www.civiltalaica.it\/cms\/gesu-non-e-mai-esistito-e-neanche-john-f-kennedy\/#primaryimage\"},\"thumbnailUrl\":\"https:\/\/www.civiltalaica.it\/cms\/wp-content\/uploads\/2023\/08\/Alessandro_Barbero_al_Festival_del_Medioevo_2017.jpg\",\"datePublished\":\"2023-08-22T16:03:08+00:00\",\"dateModified\":\"2023-08-22T21:55:04+00:00\",\"author\":{\"@id\":\"https:\/\/www.civiltalaica.it\/cms\/#\/schema\/person\/4efef56f866329a1e0943eb27336df1d\"},\"description\":\"Bisogna capire il contesto storico, non il dettaglio. E' esisto Ges\u00f9? Oswald ha ucciso Kennedy da solo? Meglio porsi domande diverse.\",\"breadcrumb\":{\"@id\":\"https:\/\/www.civiltalaica.it\/cms\/gesu-non-e-mai-esistito-e-neanche-john-f-kennedy\/#breadcrumb\"},\"inLanguage\":\"it-IT\",\"potentialAction\":[{\"@type\":\"ReadAction\",\"target\":[\"https:\/\/www.civiltalaica.it\/cms\/gesu-non-e-mai-esistito-e-neanche-john-f-kennedy\/\"]}]},{\"@type\":\"ImageObject\",\"inLanguage\":\"it-IT\",\"@id\":\"https:\/\/www.civiltalaica.it\/cms\/gesu-non-e-mai-esistito-e-neanche-john-f-kennedy\/#primaryimage\",\"url\":\"https:\/\/www.civiltalaica.it\/cms\/wp-content\/uploads\/2023\/08\/Alessandro_Barbero_al_Festival_del_Medioevo_2017.jpg\",\"contentUrl\":\"https:\/\/www.civiltalaica.it\/cms\/wp-content\/uploads\/2023\/08\/Alessandro_Barbero_al_Festival_del_Medioevo_2017.jpg\",\"width\":474,\"height\":513},{\"@type\":\"BreadcrumbList\",\"@id\":\"https:\/\/www.civiltalaica.it\/cms\/gesu-non-e-mai-esistito-e-neanche-john-f-kennedy\/#breadcrumb\",\"itemListElement\":[{\"@type\":\"ListItem\",\"position\":1,\"name\":\"Home\",\"item\":\"https:\/\/www.civiltalaica.it\/cms\/\"},{\"@type\":\"ListItem\",\"position\":2,\"name\":\"Ges\u00f9 non \u00e8 mai esistito e neanche John F. Kennedy\"}]},{\"@type\":\"WebSite\",\"@id\":\"https:\/\/www.civiltalaica.it\/cms\/#website\",\"url\":\"https:\/\/www.civiltalaica.it\/cms\/\",\"name\":\"Associazione Culturale Civilt\u00e0 Laica\",\"description\":\"Per un movimento culturale volto a difendere la Laicit\u00e0 dello Stato.\",\"potentialAction\":[{\"@type\":\"SearchAction\",\"target\":{\"@type\":\"EntryPoint\",\"urlTemplate\":\"https:\/\/www.civiltalaica.it\/cms\/?s={search_term_string}\"},\"query-input\":{\"@type\":\"PropertyValueSpecification\",\"valueRequired\":true,\"valueName\":\"search_term_string\"}}],\"inLanguage\":\"it-IT\"},{\"@type\":\"Person\",\"@id\":\"https:\/\/www.civiltalaica.it\/cms\/#\/schema\/person\/4efef56f866329a1e0943eb27336df1d\",\"name\":\"alexjc\",\"url\":\"https:\/\/www.civiltalaica.it\/cms\/author\/alexjc\/\"}]}<\/script>\n<!-- \/ Yoast SEO plugin. -->","yoast_head_json":{"title":"Ges\u00f9 non \u00e8 mai esistito e neanche John F. Kennedy - Associazione Culturale Civilt\u00e0 Laica","description":"Bisogna capire il contesto storico, non il dettaglio. E' esisto Ges\u00f9? Oswald ha ucciso Kennedy da solo? Meglio porsi domande diverse.","robots":{"index":"index","follow":"follow","max-snippet":"max-snippet:-1","max-image-preview":"max-image-preview:large","max-video-preview":"max-video-preview:-1"},"canonical":"https:\/\/www.civiltalaica.it\/cms\/gesu-non-e-mai-esistito-e-neanche-john-f-kennedy\/","og_locale":"it_IT","og_type":"article","og_title":"Ges\u00f9 non \u00e8 mai esistito e neanche John F. Kennedy - Associazione Culturale Civilt\u00e0 Laica","og_description":"Bisogna capire il contesto storico, non il dettaglio. E' esisto Ges\u00f9? Oswald ha ucciso Kennedy da solo? Meglio porsi domande diverse.","og_url":"https:\/\/www.civiltalaica.it\/cms\/gesu-non-e-mai-esistito-e-neanche-john-f-kennedy\/","og_site_name":"Associazione Culturale Civilt\u00e0 Laica","article_publisher":"https:\/\/www.facebook.com\/civiltalaica","article_published_time":"2023-08-22T16:03:08+00:00","article_modified_time":"2023-08-22T21:55:04+00:00","og_image":[{"url":"https:\/\/www.civiltalaica.it\/cms\/wp-content\/uploads\/2023\/08\/Alessandro_Barbero_al_Festival_del_Medioevo_2017.jpg","type":"","width":"","height":""}],"author":"alexjc","twitter_card":"summary_large_image","twitter_misc":{"Scritto da":"alexjc","Tempo di lettura stimato":"7 minuti"},"schema":{"@context":"https:\/\/schema.org","@graph":[{"@type":"Article","@id":"https:\/\/www.civiltalaica.it\/cms\/gesu-non-e-mai-esistito-e-neanche-john-f-kennedy\/#article","isPartOf":{"@id":"https:\/\/www.civiltalaica.it\/cms\/gesu-non-e-mai-esistito-e-neanche-john-f-kennedy\/"},"author":{"name":"alexjc","@id":"https:\/\/www.civiltalaica.it\/cms\/#\/schema\/person\/4efef56f866329a1e0943eb27336df1d"},"headline":"Ges\u00f9 non \u00e8 mai esistito e neanche John F. Kennedy","datePublished":"2023-08-22T16:03:08+00:00","dateModified":"2023-08-22T21:55:04+00:00","mainEntityOfPage":{"@id":"https:\/\/www.civiltalaica.it\/cms\/gesu-non-e-mai-esistito-e-neanche-john-f-kennedy\/"},"wordCount":1123,"image":{"@id":"https:\/\/www.civiltalaica.it\/cms\/gesu-non-e-mai-esistito-e-neanche-john-f-kennedy\/#primaryimage"},"thumbnailUrl":"https:\/\/www.civiltalaica.it\/cms\/wp-content\/uploads\/2023\/08\/Alessandro_Barbero_al_Festival_del_Medioevo_2017.jpg","keywords":["alessandro chiometti","esistenza storica","kennedy","mito di ges\u00f9","Storia"],"articleSection":["articoli","storia"],"inLanguage":"it-IT"},{"@type":"WebPage","@id":"https:\/\/www.civiltalaica.it\/cms\/gesu-non-e-mai-esistito-e-neanche-john-f-kennedy\/","url":"https:\/\/www.civiltalaica.it\/cms\/gesu-non-e-mai-esistito-e-neanche-john-f-kennedy\/","name":"Ges\u00f9 non \u00e8 mai esistito e neanche John F. Kennedy - Associazione Culturale Civilt\u00e0 Laica","isPartOf":{"@id":"https:\/\/www.civiltalaica.it\/cms\/#website"},"primaryImageOfPage":{"@id":"https:\/\/www.civiltalaica.it\/cms\/gesu-non-e-mai-esistito-e-neanche-john-f-kennedy\/#primaryimage"},"image":{"@id":"https:\/\/www.civiltalaica.it\/cms\/gesu-non-e-mai-esistito-e-neanche-john-f-kennedy\/#primaryimage"},"thumbnailUrl":"https:\/\/www.civiltalaica.it\/cms\/wp-content\/uploads\/2023\/08\/Alessandro_Barbero_al_Festival_del_Medioevo_2017.jpg","datePublished":"2023-08-22T16:03:08+00:00","dateModified":"2023-08-22T21:55:04+00:00","author":{"@id":"https:\/\/www.civiltalaica.it\/cms\/#\/schema\/person\/4efef56f866329a1e0943eb27336df1d"},"description":"Bisogna capire il contesto storico, non il dettaglio. E' esisto Ges\u00f9? Oswald ha ucciso Kennedy da solo? Meglio porsi domande diverse.","breadcrumb":{"@id":"https:\/\/www.civiltalaica.it\/cms\/gesu-non-e-mai-esistito-e-neanche-john-f-kennedy\/#breadcrumb"},"inLanguage":"it-IT","potentialAction":[{"@type":"ReadAction","target":["https:\/\/www.civiltalaica.it\/cms\/gesu-non-e-mai-esistito-e-neanche-john-f-kennedy\/"]}]},{"@type":"ImageObject","inLanguage":"it-IT","@id":"https:\/\/www.civiltalaica.it\/cms\/gesu-non-e-mai-esistito-e-neanche-john-f-kennedy\/#primaryimage","url":"https:\/\/www.civiltalaica.it\/cms\/wp-content\/uploads\/2023\/08\/Alessandro_Barbero_al_Festival_del_Medioevo_2017.jpg","contentUrl":"https:\/\/www.civiltalaica.it\/cms\/wp-content\/uploads\/2023\/08\/Alessandro_Barbero_al_Festival_del_Medioevo_2017.jpg","width":474,"height":513},{"@type":"BreadcrumbList","@id":"https:\/\/www.civiltalaica.it\/cms\/gesu-non-e-mai-esistito-e-neanche-john-f-kennedy\/#breadcrumb","itemListElement":[{"@type":"ListItem","position":1,"name":"Home","item":"https:\/\/www.civiltalaica.it\/cms\/"},{"@type":"ListItem","position":2,"name":"Ges\u00f9 non \u00e8 mai esistito e neanche John F. Kennedy"}]},{"@type":"WebSite","@id":"https:\/\/www.civiltalaica.it\/cms\/#website","url":"https:\/\/www.civiltalaica.it\/cms\/","name":"Associazione Culturale Civilt\u00e0 Laica","description":"Per un movimento culturale volto a difendere la Laicit\u00e0 dello Stato.","potentialAction":[{"@type":"SearchAction","target":{"@type":"EntryPoint","urlTemplate":"https:\/\/www.civiltalaica.it\/cms\/?s={search_term_string}"},"query-input":{"@type":"PropertyValueSpecification","valueRequired":true,"valueName":"search_term_string"}}],"inLanguage":"it-IT"},{"@type":"Person","@id":"https:\/\/www.civiltalaica.it\/cms\/#\/schema\/person\/4efef56f866329a1e0943eb27336df1d","name":"alexjc","url":"https:\/\/www.civiltalaica.it\/cms\/author\/alexjc\/"}]}},"_links":{"self":[{"href":"https:\/\/www.civiltalaica.it\/cms\/wp-json\/wp\/v2\/posts\/27155","targetHints":{"allow":["GET"]}}],"collection":[{"href":"https:\/\/www.civiltalaica.it\/cms\/wp-json\/wp\/v2\/posts"}],"about":[{"href":"https:\/\/www.civiltalaica.it\/cms\/wp-json\/wp\/v2\/types\/post"}],"author":[{"embeddable":true,"href":"https:\/\/www.civiltalaica.it\/cms\/wp-json\/wp\/v2\/users\/7"}],"replies":[{"embeddable":true,"href":"https:\/\/www.civiltalaica.it\/cms\/wp-json\/wp\/v2\/comments?post=27155"}],"version-history":[{"count":5,"href":"https:\/\/www.civiltalaica.it\/cms\/wp-json\/wp\/v2\/posts\/27155\/revisions"}],"predecessor-version":[{"id":27166,"href":"https:\/\/www.civiltalaica.it\/cms\/wp-json\/wp\/v2\/posts\/27155\/revisions\/27166"}],"wp:attachment":[{"href":"https:\/\/www.civiltalaica.it\/cms\/wp-json\/wp\/v2\/media?parent=27155"}],"wp:term":[{"taxonomy":"category","embeddable":true,"href":"https:\/\/www.civiltalaica.it\/cms\/wp-json\/wp\/v2\/categories?post=27155"},{"taxonomy":"post_tag","embeddable":true,"href":"https:\/\/www.civiltalaica.it\/cms\/wp-json\/wp\/v2\/tags?post=27155"}],"curies":[{"name":"wp","href":"https:\/\/api.w.org\/{rel}","templated":true}]}}