{"id":26979,"date":"2023-07-27T16:50:18","date_gmt":"2023-07-27T16:50:18","guid":{"rendered":"https:\/\/www.civiltalaica.it\/cms\/?p=26979"},"modified":"2023-07-28T07:36:05","modified_gmt":"2023-07-28T07:36:05","slug":"la-fine-del-potere-tampone","status":"publish","type":"post","link":"https:\/\/www.civiltalaica.it\/cms\/la-fine-del-potere-tampone\/","title":{"rendered":"La fine del potere tampone"},"content":{"rendered":"<p>In chimica viene definita \u201csoluzione tampone\u201d o \u201csistema tampone\u201d una soluzione acquosa di alcune sostanze che hanno il potere di opporsi alle variazioni di pH dovute all\u2019aggiunta di acidi o basi. Di &#8220;tamponarle&#8221; per l&#8217;appunto; queste variazioni sarebbero molto maggiori se aggiunte a una soluzione acquosa priva di sistema tampone.<\/p>\n<p>Tralasciando tutti gli approfondimenti necessari a capire il fenomeno, si pu\u00f2 semplificare al massimo il concetto in questo grafico di una<b> titolazione di un sistema tampone<\/b>. Nell\u2019asse delle ascisse troviamo la quantit\u00e0 di acido aggiunta, in quello di ordinate i valori del pH a seguito dell\u2019aggiunta.<\/p>\n<p><a href=\"https:\/\/www.civiltalaica.it\/cms\/wp-content\/uploads\/2023\/07\/TAMPONE.jpg\"><img loading=\"lazy\" decoding=\"async\" class=\"alignnone size-full wp-image-26980\" src=\"https:\/\/www.civiltalaica.it\/cms\/wp-content\/uploads\/2023\/07\/TAMPONE.jpg\" alt=\"\" width=\"496\" height=\"448\" srcset=\"https:\/\/www.civiltalaica.it\/cms\/wp-content\/uploads\/2023\/07\/TAMPONE.jpg 496w, https:\/\/www.civiltalaica.it\/cms\/wp-content\/uploads\/2023\/07\/TAMPONE-300x271.jpg 300w, https:\/\/www.civiltalaica.it\/cms\/wp-content\/uploads\/2023\/07\/TAMPONE-177x160.jpg 177w\" sizes=\"auto, (max-width: 496px) 100vw, 496px\" \/><\/a><\/p>\n<p>La soluzione tampone qui mostrata \u00e8 in grado di assicurare un pH stabile intorno al valore 9, se fossimo in presenza di soluzioni senza potere tampone il pH varierebbe sempre con la pendenza maggiore mostrata dal quadrato rosso.<\/p>\n<p>Perch\u00e9 riteniamo questo concetto cos\u00ec importante? Perch\u00e9 i \u201cmeccanismi tampone\u201d non sono solo un esercizio teorico o di laboratorio chimico, ma sono quelle che consentono l\u2019<b>omeostasi<\/b> in tutti i sistemi biologici; ovvero quei meccanismi che garantiscono di recuperare il proprio stato di equilibrio dopo una perturbazione di questo. <b>Sono meccanismi fondamentali per la vita<\/b>, animale o vegetale che sia, e non riguardano solo il pH ma per tutti i parametri fisiologici (temperatura corporea, saturazione dell\u2019ossigeno nel sangue, sostituzione delle cellule morte, riparazione dei danni epiteliali e cos\u00ec via).<\/p>\n<p>Ma il meccanismo di omeostasi va oltre gli organismi viventi, riguarda anche gli ecosistemi stessi. Ricordate quando durante il lockdown per la Covid ci meravigliamo di veder tornare l\u2019acqua dei canali di Venezia limpida? Semplicemente il meccanismo di omeostasi di quel sistema si era messo in moto e in poco tempo aveva cancellato l\u2019inquinamento dovuto alle attivit\u00e0 industriali e antropiche ripristinando la situazione di partenza.<\/p>\n<p>Era una buona notizia, il sistema funzionava ancora nonostante decenni di inquinamento. Ma per quanto forti e complessi siano questi sistemi hanno dei limiti e prima o poi questi vengono raggiunti se si persiste nella perturbazione.<\/p>\n<p><b>Il riscaldamento globale per cause antropiche<\/b><sup>[<\/sup><sup>1<\/sup><sup>]<\/sup> in atto (a cui la \u201cSesta estinzione di massa\u201d \u00e8 inevitabilmente collegata) comincia oggi a mostrare i suoi effetti pratici, tutti perfettamente teorizzati e preannunciati almeno fin dal 1972, nel primo rapporto del Club di Roma sull\u2019impatto ambientale dell\u2019uomo; ma a dirla tutta anche uno dei padri fondatori della chimica,<b> Svante Arrhenius<\/b> (1859-1927) aveva preannunciato con estrema precisione gli effetti dell\u2019aumento della CO<sub>2<\/sub> atmosferica sulla temperatura del pianeta.<sup>[<\/sup><sup>2<\/sup><sup>]<\/sup><\/p>\n<p>Eventi climatici estremi <b>fra desertificazione e tornad<\/b><b>o<\/b>, innalzamento del livello del mare, profughi climatici sempre pi\u00f9 numerosi, esaurimento dell\u2019acqua dolce per lo scioglimento dei ghiacciai, migrazioni di specie animali in zone non consuete con conseguenti conflitti con le specie autoctone, cambiamento delle culture vegetali (i vigneti nei deserti ce ne sono pochini), eccetera eccetera.<\/p>\n<p>Il problema \u00e8 che se stiamo cominciando a vedere con i nostri occhi queste cose, significa che siamo gi\u00e0 al punto in cui il sistema tampone non funziona pi\u00f9.<strong> Gli effetti del riscaldamento globale d&#8217;ora in poi saranno sempre pi\u00f9 rapidi, improvvisi e imprevedibili. Esattamente come il crollo del pH in una titolazione di una soluzione acquosa che ha finito il suo potere tampone.\u00a0<\/strong><\/p>\n<p><strong><br \/>\n<\/strong>I nostri governanti continuano a litigare sulle <strong>concessioni balneari<\/strong> quando probabilmente la mappa delle coste italiane fra pochi decenni sar\u00e0 completamente da ridisegnare; continuano a promuovere il consumo di<strong> vini italiani<\/strong> che probabilmente presto sar\u00e0 impossibile ottenere ancora nei nostri territori; continuano a parlare del prezzo della benzina mentre<b> per andare da Roma ad Ascoli con il treno ci vogliono 8 ore e <\/b>in venti anni non si \u00e8 spostato un solo cartone di materiale non deperibile dal trasporto su gomma a quello su rotaia e<strong> i Tir continuano a devastare le nostre strade<\/strong> con morti per incidenti e a distruggere il manto stradale con il loro enorme peso (peraltro percorrendo almeno la met\u00e0 dei viaggi completamente vuoti).<\/p>\n<p>Nel frattempo per\u00f2, gli stessi governanti, fanno arrestare gli attivisti di <strong>No Extinction\/Ultima Generazione<\/strong> che hanno il grave torto, pensate un po\u2019, di far perdere tempo agli automobilisti che devono correre a lavorare o a prendere l\u2019aereo per la vacanza.<\/p>\n<p><i>Ma v<\/i><i>a tutto bene madama la marchesa<\/i>, del resto anche per gli editori dei giornali progressisti (scusate il termine troppo ardito) il problema di questo paese sono i Lanzichenecchi nei treni &#8211; <i>che roba, contessa!<\/i> &#8211; e le testimonianze al congresso americano sugli Ufo (magari perch\u00e9 gli alieni si stanno preoccupando <b>per l\u2019istituzione del reato universale sulla Gpa<\/b> e potrebbero decidere di invaderci, chiss\u00e0!).<\/p>\n<p>Al solito, sorridiamo amaramente. Per\u00f2 intanto la gente muore: 10 morti nell\u2019alluvione delle Marche, 15 in quella dell\u2019Emilia, almeno 3 nell\u2019ultima in Lombardia e Veneto.<\/p>\n<p><i>E cosa ci potrebbe fare il governo tu che fai polemica?<\/i><\/p>\n<p>Alzare per precauzione l\u2019argine di tutti fiumi e mettere a punto piani di evacuazione rapida nelle zone a rischio basandosi sugli studi idrogeologici lasciati da tempo nei cassetti. Ah gi\u00e0, anche fermare la cementificazione selvaggia.<\/p>\n<p><i>Eh s\u00ec tu la fai facile, sei il solito tuttologo!<\/i><\/p>\n<p>Gi\u00e0 la colpa \u00e8 nostra che facciamo i tuttologi, non di chi risponde di fronte ai morti di lavoro per il caldo eccessivi (muratori, asfaltatori, bikers) \u201cFatevi l\u2019assicurazione!\u201d.<br \/>\nLa colpa \u00e8 nostra, finch\u00e9 ci limitiamo a sorridere amaramente.<\/p>\n<p><b>Alessandro Chiometti<\/b><\/p>\n<p><a href=\"https:\/\/www.civiltalaica.it\/cms\/wp-content\/uploads\/2020\/02\/alessandro-scaled.jpg\"><img loading=\"lazy\" decoding=\"async\" class=\"alignnone size-medium wp-image-16678\" src=\"https:\/\/www.civiltalaica.it\/cms\/wp-content\/uploads\/2020\/02\/alessandro-277x300.jpg\" alt=\"\" width=\"277\" height=\"300\" srcset=\"https:\/\/www.civiltalaica.it\/cms\/wp-content\/uploads\/2020\/02\/alessandro-277x300.jpg 277w, https:\/\/www.civiltalaica.it\/cms\/wp-content\/uploads\/2020\/02\/alessandro-945x1024.jpg 945w, https:\/\/www.civiltalaica.it\/cms\/wp-content\/uploads\/2020\/02\/alessandro-768x832.jpg 768w, https:\/\/www.civiltalaica.it\/cms\/wp-content\/uploads\/2020\/02\/alessandro-1418x1536.jpg 1418w, https:\/\/www.civiltalaica.it\/cms\/wp-content\/uploads\/2020\/02\/alessandro-1890x2048.jpg 1890w, https:\/\/www.civiltalaica.it\/cms\/wp-content\/uploads\/2020\/02\/alessandro-148x160.jpg 148w\" sizes=\"auto, (max-width: 277px) 100vw, 277px\" \/><\/a><\/p>\n<p><span style=\"font-size: small;\">[1] Come con i creazionisti e i no vax, abbiamo messo lo stop alla discussione con chi nega le evidenze scientifiche. <\/span><\/p>\n<p><span style=\"font-size: small;\">[2] Svante Arrhenius, all\u2019inizio del XX secolo aveva stilato il suo prospetto di aumento della temperatura del pianeta in funzione dell\u2019anidride carbonica in atmosfera (peraltro corretto) poi si era reso conto che per ottenere quella concentrazione la popolazione sarebbe dovuta essere di oltre cinque miliardi di individui e lo aveva messo da parte come esercizio teorico\u2026 <\/span><\/p>\n","protected":false},"excerpt":{"rendered":"<p>In chimica viene definita \u201csoluzione tampone\u201d o \u201csistema tampone\u201d una soluzione acquosa di alcune sostanze che hanno il potere di opporsi alle variazioni di pH dovute all\u2019aggiunta di acidi o basi. Di &#8220;tamponarle&#8221; per l&#8217;appunto; queste variazioni sarebbero molto maggiori se aggiunte a una soluzione acquosa priva di sistema tampone. Tralasciando tutti gli approfondimenti necessari [&hellip;]<\/p>\n","protected":false},"author":7,"featured_media":0,"comment_status":"closed","ping_status":"closed","sticky":false,"template":"","format":"standard","meta":{"footnotes":""},"categories":[238,232],"tags":[79,2183,2090,1569,2182],"class_list":["post-26979","post","type-post","status-publish","format-standard","hentry","category-articoli","category-riflessioni-2","tag-alessandro-chiometti","tag-alluvioni","tag-cambiamenti-climatici","tag-clima","tag-potere-tampone"],"yoast_head":"<!-- This site is optimized with the Yoast SEO plugin v27.1.1 - https:\/\/yoast.com\/product\/yoast-seo-wordpress\/ -->\n<title>La fine del potere tampone - Associazione Culturale Civilt\u00e0 Laica<\/title>\n<meta name=\"description\" content=\"Cominceremo presto a vedere gli effetti del cambiamento climatico sulla nostra pelle, ammonivano le solite cassandre dieci anni fa.\" \/>\n<meta name=\"robots\" content=\"index, follow, max-snippet:-1, max-image-preview:large, max-video-preview:-1\" \/>\n<link rel=\"canonical\" href=\"https:\/\/www.civiltalaica.it\/cms\/la-fine-del-potere-tampone\/\" \/>\n<meta property=\"og:locale\" content=\"it_IT\" \/>\n<meta property=\"og:type\" content=\"article\" \/>\n<meta property=\"og:title\" content=\"La fine del potere tampone - Associazione Culturale Civilt\u00e0 Laica\" \/>\n<meta property=\"og:description\" content=\"Cominceremo presto a vedere gli effetti del cambiamento climatico sulla nostra pelle, ammonivano le solite cassandre dieci anni fa.\" \/>\n<meta property=\"og:url\" content=\"https:\/\/www.civiltalaica.it\/cms\/la-fine-del-potere-tampone\/\" \/>\n<meta property=\"og:site_name\" content=\"Associazione Culturale Civilt\u00e0 Laica\" \/>\n<meta property=\"article:publisher\" content=\"https:\/\/www.facebook.com\/civiltalaica\" \/>\n<meta property=\"article:published_time\" content=\"2023-07-27T16:50:18+00:00\" \/>\n<meta property=\"article:modified_time\" content=\"2023-07-28T07:36:05+00:00\" \/>\n<meta property=\"og:image\" content=\"https:\/\/www.civiltalaica.it\/cms\/wp-content\/uploads\/2023\/07\/TAMPONE.jpg\" \/>\n<meta name=\"author\" content=\"alexjc\" \/>\n<meta name=\"twitter:card\" content=\"summary_large_image\" \/>\n<meta name=\"twitter:label1\" content=\"Scritto da\" \/>\n\t<meta name=\"twitter:data1\" content=\"alexjc\" \/>\n\t<meta name=\"twitter:label2\" content=\"Tempo di lettura stimato\" \/>\n\t<meta name=\"twitter:data2\" content=\"6 minuti\" \/>\n<script type=\"application\/ld+json\" class=\"yoast-schema-graph\">{\"@context\":\"https:\/\/schema.org\",\"@graph\":[{\"@type\":\"Article\",\"@id\":\"https:\/\/www.civiltalaica.it\/cms\/la-fine-del-potere-tampone\/#article\",\"isPartOf\":{\"@id\":\"https:\/\/www.civiltalaica.it\/cms\/la-fine-del-potere-tampone\/\"},\"author\":{\"name\":\"alexjc\",\"@id\":\"https:\/\/www.civiltalaica.it\/cms\/#\/schema\/person\/4efef56f866329a1e0943eb27336df1d\"},\"headline\":\"La fine del potere tampone\",\"datePublished\":\"2023-07-27T16:50:18+00:00\",\"dateModified\":\"2023-07-28T07:36:05+00:00\",\"mainEntityOfPage\":{\"@id\":\"https:\/\/www.civiltalaica.it\/cms\/la-fine-del-potere-tampone\/\"},\"wordCount\":949,\"image\":{\"@id\":\"https:\/\/www.civiltalaica.it\/cms\/la-fine-del-potere-tampone\/#primaryimage\"},\"thumbnailUrl\":\"https:\/\/www.civiltalaica.it\/cms\/wp-content\/uploads\/2023\/07\/TAMPONE.jpg\",\"keywords\":[\"alessandro chiometti\",\"alluvioni\",\"cambiamenti climatici\",\"clima\",\"potere tampone\"],\"articleSection\":[\"articoli\",\"riflessioni\"],\"inLanguage\":\"it-IT\"},{\"@type\":\"WebPage\",\"@id\":\"https:\/\/www.civiltalaica.it\/cms\/la-fine-del-potere-tampone\/\",\"url\":\"https:\/\/www.civiltalaica.it\/cms\/la-fine-del-potere-tampone\/\",\"name\":\"La fine del potere tampone - Associazione Culturale Civilt\u00e0 Laica\",\"isPartOf\":{\"@id\":\"https:\/\/www.civiltalaica.it\/cms\/#website\"},\"primaryImageOfPage\":{\"@id\":\"https:\/\/www.civiltalaica.it\/cms\/la-fine-del-potere-tampone\/#primaryimage\"},\"image\":{\"@id\":\"https:\/\/www.civiltalaica.it\/cms\/la-fine-del-potere-tampone\/#primaryimage\"},\"thumbnailUrl\":\"https:\/\/www.civiltalaica.it\/cms\/wp-content\/uploads\/2023\/07\/TAMPONE.jpg\",\"datePublished\":\"2023-07-27T16:50:18+00:00\",\"dateModified\":\"2023-07-28T07:36:05+00:00\",\"author\":{\"@id\":\"https:\/\/www.civiltalaica.it\/cms\/#\/schema\/person\/4efef56f866329a1e0943eb27336df1d\"},\"description\":\"Cominceremo presto a vedere gli effetti del cambiamento climatico sulla nostra pelle, ammonivano le solite cassandre dieci anni fa.\",\"breadcrumb\":{\"@id\":\"https:\/\/www.civiltalaica.it\/cms\/la-fine-del-potere-tampone\/#breadcrumb\"},\"inLanguage\":\"it-IT\",\"potentialAction\":[{\"@type\":\"ReadAction\",\"target\":[\"https:\/\/www.civiltalaica.it\/cms\/la-fine-del-potere-tampone\/\"]}]},{\"@type\":\"ImageObject\",\"inLanguage\":\"it-IT\",\"@id\":\"https:\/\/www.civiltalaica.it\/cms\/la-fine-del-potere-tampone\/#primaryimage\",\"url\":\"https:\/\/www.civiltalaica.it\/cms\/wp-content\/uploads\/2023\/07\/TAMPONE.jpg\",\"contentUrl\":\"https:\/\/www.civiltalaica.it\/cms\/wp-content\/uploads\/2023\/07\/TAMPONE.jpg\",\"width\":496,\"height\":448},{\"@type\":\"BreadcrumbList\",\"@id\":\"https:\/\/www.civiltalaica.it\/cms\/la-fine-del-potere-tampone\/#breadcrumb\",\"itemListElement\":[{\"@type\":\"ListItem\",\"position\":1,\"name\":\"Home\",\"item\":\"https:\/\/www.civiltalaica.it\/cms\/\"},{\"@type\":\"ListItem\",\"position\":2,\"name\":\"La fine del potere tampone\"}]},{\"@type\":\"WebSite\",\"@id\":\"https:\/\/www.civiltalaica.it\/cms\/#website\",\"url\":\"https:\/\/www.civiltalaica.it\/cms\/\",\"name\":\"Associazione Culturale Civilt\u00e0 Laica\",\"description\":\"Per un movimento culturale volto a difendere la Laicit\u00e0 dello Stato.\",\"potentialAction\":[{\"@type\":\"SearchAction\",\"target\":{\"@type\":\"EntryPoint\",\"urlTemplate\":\"https:\/\/www.civiltalaica.it\/cms\/?s={search_term_string}\"},\"query-input\":{\"@type\":\"PropertyValueSpecification\",\"valueRequired\":true,\"valueName\":\"search_term_string\"}}],\"inLanguage\":\"it-IT\"},{\"@type\":\"Person\",\"@id\":\"https:\/\/www.civiltalaica.it\/cms\/#\/schema\/person\/4efef56f866329a1e0943eb27336df1d\",\"name\":\"alexjc\",\"url\":\"https:\/\/www.civiltalaica.it\/cms\/author\/alexjc\/\"}]}<\/script>\n<!-- \/ Yoast SEO plugin. -->","yoast_head_json":{"title":"La fine del potere tampone - Associazione Culturale Civilt\u00e0 Laica","description":"Cominceremo presto a vedere gli effetti del cambiamento climatico sulla nostra pelle, ammonivano le solite cassandre dieci anni fa.","robots":{"index":"index","follow":"follow","max-snippet":"max-snippet:-1","max-image-preview":"max-image-preview:large","max-video-preview":"max-video-preview:-1"},"canonical":"https:\/\/www.civiltalaica.it\/cms\/la-fine-del-potere-tampone\/","og_locale":"it_IT","og_type":"article","og_title":"La fine del potere tampone - Associazione Culturale Civilt\u00e0 Laica","og_description":"Cominceremo presto a vedere gli effetti del cambiamento climatico sulla nostra pelle, ammonivano le solite cassandre dieci anni fa.","og_url":"https:\/\/www.civiltalaica.it\/cms\/la-fine-del-potere-tampone\/","og_site_name":"Associazione Culturale Civilt\u00e0 Laica","article_publisher":"https:\/\/www.facebook.com\/civiltalaica","article_published_time":"2023-07-27T16:50:18+00:00","article_modified_time":"2023-07-28T07:36:05+00:00","og_image":[{"url":"https:\/\/www.civiltalaica.it\/cms\/wp-content\/uploads\/2023\/07\/TAMPONE.jpg","type":"","width":"","height":""}],"author":"alexjc","twitter_card":"summary_large_image","twitter_misc":{"Scritto da":"alexjc","Tempo di lettura stimato":"6 minuti"},"schema":{"@context":"https:\/\/schema.org","@graph":[{"@type":"Article","@id":"https:\/\/www.civiltalaica.it\/cms\/la-fine-del-potere-tampone\/#article","isPartOf":{"@id":"https:\/\/www.civiltalaica.it\/cms\/la-fine-del-potere-tampone\/"},"author":{"name":"alexjc","@id":"https:\/\/www.civiltalaica.it\/cms\/#\/schema\/person\/4efef56f866329a1e0943eb27336df1d"},"headline":"La fine del potere tampone","datePublished":"2023-07-27T16:50:18+00:00","dateModified":"2023-07-28T07:36:05+00:00","mainEntityOfPage":{"@id":"https:\/\/www.civiltalaica.it\/cms\/la-fine-del-potere-tampone\/"},"wordCount":949,"image":{"@id":"https:\/\/www.civiltalaica.it\/cms\/la-fine-del-potere-tampone\/#primaryimage"},"thumbnailUrl":"https:\/\/www.civiltalaica.it\/cms\/wp-content\/uploads\/2023\/07\/TAMPONE.jpg","keywords":["alessandro chiometti","alluvioni","cambiamenti climatici","clima","potere tampone"],"articleSection":["articoli","riflessioni"],"inLanguage":"it-IT"},{"@type":"WebPage","@id":"https:\/\/www.civiltalaica.it\/cms\/la-fine-del-potere-tampone\/","url":"https:\/\/www.civiltalaica.it\/cms\/la-fine-del-potere-tampone\/","name":"La fine del potere tampone - Associazione Culturale Civilt\u00e0 Laica","isPartOf":{"@id":"https:\/\/www.civiltalaica.it\/cms\/#website"},"primaryImageOfPage":{"@id":"https:\/\/www.civiltalaica.it\/cms\/la-fine-del-potere-tampone\/#primaryimage"},"image":{"@id":"https:\/\/www.civiltalaica.it\/cms\/la-fine-del-potere-tampone\/#primaryimage"},"thumbnailUrl":"https:\/\/www.civiltalaica.it\/cms\/wp-content\/uploads\/2023\/07\/TAMPONE.jpg","datePublished":"2023-07-27T16:50:18+00:00","dateModified":"2023-07-28T07:36:05+00:00","author":{"@id":"https:\/\/www.civiltalaica.it\/cms\/#\/schema\/person\/4efef56f866329a1e0943eb27336df1d"},"description":"Cominceremo presto a vedere gli effetti del cambiamento climatico sulla nostra pelle, ammonivano le solite cassandre dieci anni fa.","breadcrumb":{"@id":"https:\/\/www.civiltalaica.it\/cms\/la-fine-del-potere-tampone\/#breadcrumb"},"inLanguage":"it-IT","potentialAction":[{"@type":"ReadAction","target":["https:\/\/www.civiltalaica.it\/cms\/la-fine-del-potere-tampone\/"]}]},{"@type":"ImageObject","inLanguage":"it-IT","@id":"https:\/\/www.civiltalaica.it\/cms\/la-fine-del-potere-tampone\/#primaryimage","url":"https:\/\/www.civiltalaica.it\/cms\/wp-content\/uploads\/2023\/07\/TAMPONE.jpg","contentUrl":"https:\/\/www.civiltalaica.it\/cms\/wp-content\/uploads\/2023\/07\/TAMPONE.jpg","width":496,"height":448},{"@type":"BreadcrumbList","@id":"https:\/\/www.civiltalaica.it\/cms\/la-fine-del-potere-tampone\/#breadcrumb","itemListElement":[{"@type":"ListItem","position":1,"name":"Home","item":"https:\/\/www.civiltalaica.it\/cms\/"},{"@type":"ListItem","position":2,"name":"La fine del potere tampone"}]},{"@type":"WebSite","@id":"https:\/\/www.civiltalaica.it\/cms\/#website","url":"https:\/\/www.civiltalaica.it\/cms\/","name":"Associazione Culturale Civilt\u00e0 Laica","description":"Per un movimento culturale volto a difendere la Laicit\u00e0 dello Stato.","potentialAction":[{"@type":"SearchAction","target":{"@type":"EntryPoint","urlTemplate":"https:\/\/www.civiltalaica.it\/cms\/?s={search_term_string}"},"query-input":{"@type":"PropertyValueSpecification","valueRequired":true,"valueName":"search_term_string"}}],"inLanguage":"it-IT"},{"@type":"Person","@id":"https:\/\/www.civiltalaica.it\/cms\/#\/schema\/person\/4efef56f866329a1e0943eb27336df1d","name":"alexjc","url":"https:\/\/www.civiltalaica.it\/cms\/author\/alexjc\/"}]}},"_links":{"self":[{"href":"https:\/\/www.civiltalaica.it\/cms\/wp-json\/wp\/v2\/posts\/26979","targetHints":{"allow":["GET"]}}],"collection":[{"href":"https:\/\/www.civiltalaica.it\/cms\/wp-json\/wp\/v2\/posts"}],"about":[{"href":"https:\/\/www.civiltalaica.it\/cms\/wp-json\/wp\/v2\/types\/post"}],"author":[{"embeddable":true,"href":"https:\/\/www.civiltalaica.it\/cms\/wp-json\/wp\/v2\/users\/7"}],"replies":[{"embeddable":true,"href":"https:\/\/www.civiltalaica.it\/cms\/wp-json\/wp\/v2\/comments?post=26979"}],"version-history":[{"count":3,"href":"https:\/\/www.civiltalaica.it\/cms\/wp-json\/wp\/v2\/posts\/26979\/revisions"}],"predecessor-version":[{"id":26988,"href":"https:\/\/www.civiltalaica.it\/cms\/wp-json\/wp\/v2\/posts\/26979\/revisions\/26988"}],"wp:attachment":[{"href":"https:\/\/www.civiltalaica.it\/cms\/wp-json\/wp\/v2\/media?parent=26979"}],"wp:term":[{"taxonomy":"category","embeddable":true,"href":"https:\/\/www.civiltalaica.it\/cms\/wp-json\/wp\/v2\/categories?post=26979"},{"taxonomy":"post_tag","embeddable":true,"href":"https:\/\/www.civiltalaica.it\/cms\/wp-json\/wp\/v2\/tags?post=26979"}],"curies":[{"name":"wp","href":"https:\/\/api.w.org\/{rel}","templated":true}]}}