{"id":26522,"date":"2023-05-18T18:19:57","date_gmt":"2023-05-18T18:19:57","guid":{"rendered":"https:\/\/www.civiltalaica.it\/cms\/?p=26522"},"modified":"2023-05-18T20:04:08","modified_gmt":"2023-05-18T20:04:08","slug":"amministrative-2023-a-terni-il-consueto-inaspettato-boom-elettorale","status":"publish","type":"post","link":"https:\/\/www.civiltalaica.it\/cms\/amministrative-2023-a-terni-il-consueto-inaspettato-boom-elettorale\/","title":{"rendered":"Amministrative 2023 a Terni: il consueto inaspettato boom elettorale"},"content":{"rendered":"<p><a href=\"https:\/\/www.civiltalaica.it\/cms\/wp-content\/uploads\/2023\/05\/Monty_Python-settanta.jpg\"><img loading=\"lazy\" decoding=\"async\" class=\"alignnone size-full wp-image-26523\" src=\"https:\/\/www.civiltalaica.it\/cms\/wp-content\/uploads\/2023\/05\/Monty_Python-settanta.jpg\" alt=\"\" width=\"540\" height=\"390\" srcset=\"https:\/\/www.civiltalaica.it\/cms\/wp-content\/uploads\/2023\/05\/Monty_Python-settanta.jpg 540w, https:\/\/www.civiltalaica.it\/cms\/wp-content\/uploads\/2023\/05\/Monty_Python-settanta-300x217.jpg 300w, https:\/\/www.civiltalaica.it\/cms\/wp-content\/uploads\/2023\/05\/Monty_Python-settanta-222x160.jpg 222w\" sizes=\"auto, (max-width: 540px) 100vw, 540px\" \/><\/a><\/p>\n<p>&nbsp;<\/p>\n<p>\u201c<b>Nessuno si aspetta l\u2019inquisizione spagnola!\u201d<\/b> ammonivano i Monty Python in uno dei loro sketch pi\u00f9 celebri.<\/p>\n<p>Cos\u00ec nelle elezioni italiane nessuno si aspetta mai i boom elettorali estemporanei nonostante ormai ci siano praticamente ad ogni elezione. Che si parli di Berlusconi, Sinistra radicale, 5 stelle, Lega, Fratelli d\u2019Italia e in ultimo (per ora confinato come fenomeno locale) Bandecchi.<\/p>\n<p>Questo ovviamente per quel che riguarda le sonnolente segreterie di partito che continuano a pensare che sia sufficiente attivarsi un paio di mesi prima delle elezioni per confermare i voti presi anni prima (chi ha governato) o recuperare quelli persi (chi ha fatto oppos\u2026 no niente scusate).<\/p>\n<p>In realt\u00e0 a chi aveva dato uno sguardo al tessuto sociale sconquassato dalla demenziale gestione nazionale e locale della Covid aveva ben chiaro quello che stava succedendo.<\/p>\n<p>Al di l\u00e0 del folkloristico comportamento dell\u2019istrionico imprenditore livornese e delle risposte date a <i>pendula canis<\/i> (perdonatoci il latinorum) ai giornalisti nazionali sulla sua gestione dell\u2019Unicusano, Bandecchi non poteva non incassare il lavoro fatto a testa bassa (a differenza dei partiti) sulla citt\u00e0 negli ultimi tre anni.<\/p>\n<p>Tralasciando la discutibile gestione con alti e bassi nei risultati della squadra di calcio locale (<b>se la Ternana fosse stata in zona play off per la serie A probabilmente l\u2019imprenditore sarebbe gi\u00e0 sindaco dopo il primo turno<\/b>), i pacchi alimentari regalati a migliaia di famiglie in difficolt\u00e0 durante la covid, l\u2019acquisizione di aziende che stavano chiudendo e salvando cos\u00ec il posto di lavoro di molti lavoratori, la beneficenza cospicua per le associazioni di solidariet\u00e0 e anche per quelle culturali (si parla di 150mila euro dati a Narni sotterranea solo per aver apprezzato la visita), hanno dato il loro frutto, ovvero il 28,1% (13600 voti) che lo manda alla sfida del ballottaggio con la destra locale.<\/p>\n<p>&nbsp;<\/p>\n<p><a href=\"https:\/\/www.civiltalaica.it\/cms\/wp-content\/uploads\/2023\/05\/DSC07202.jpg\"><img loading=\"lazy\" decoding=\"async\" class=\"alignnone size-full wp-image-26526\" src=\"https:\/\/www.civiltalaica.it\/cms\/wp-content\/uploads\/2023\/05\/DSC07202.jpg\" alt=\"\" width=\"1556\" height=\"1167\" srcset=\"https:\/\/www.civiltalaica.it\/cms\/wp-content\/uploads\/2023\/05\/DSC07202.jpg 1556w, https:\/\/www.civiltalaica.it\/cms\/wp-content\/uploads\/2023\/05\/DSC07202-300x225.jpg 300w, https:\/\/www.civiltalaica.it\/cms\/wp-content\/uploads\/2023\/05\/DSC07202-1024x768.jpg 1024w, https:\/\/www.civiltalaica.it\/cms\/wp-content\/uploads\/2023\/05\/DSC07202-768x576.jpg 768w, https:\/\/www.civiltalaica.it\/cms\/wp-content\/uploads\/2023\/05\/DSC07202-1536x1152.jpg 1536w, https:\/\/www.civiltalaica.it\/cms\/wp-content\/uploads\/2023\/05\/DSC07202-213x160.jpg 213w\" sizes=\"auto, (max-width: 1556px) 100vw, 1556px\" \/><\/a><\/p>\n<p><b>Se Stefano Bandecchi \u00e8 un liberale imprenditore fin troppo amante del self made man,<\/b> la destra locale \u00e8 invece legata a ideologie ed estremismi quasi incostituzionali che l\u2019hanno paralizzata (e ridicolizzata) in questi cinque anni dopo la conquista del \u201cfortino rosso\u201d. <b>Non a caso neanche questo Masselli, come Latini cinque anni prima <\/b>e nessuno degli altri assessori circolati in questo tempo \u00e8 mai riuscito a dichiararsi antifascista e antirazzista, nel rispetto della Costituzione Italiana come pure gli \u00e8 stato ripetutamente chiesto.<\/p>\n<p>Di certo poi, il sindaco Latini non sar\u00e0 stato un fulmine di guerra (\u00e8 riuscito a farsi prendere in giro anche da Barbara D\u2019Urso), ma il suo accoltellamento alla schiena per lanciare l\u2019assessore al bilancio Masselli (geniale la sua idea di aumentare la Taric dell\u20198% dieci giorni prima delle elezioni) di certo ha portato ad un crollo senza precedenti di una giunta che esce dai primi cinque anni di governo.<\/p>\n<p>Un crollo paragonabile, sia nei numeri che nella stranezza, solo a quello dei 5 stelle con cui si erano sfidati al ballottaggio nelle elezioni precedenti.<\/p>\n<p>Il centrosinistra,<b> tornato quasi unito grazie all\u2019effetto Schlein,<\/b> recupera un poco ma non abbastanza per tornare a contendere lo scranno del primo cittadino.<\/p>\n<p>Veniamo ai numeri un poco arrotondati (ricordo che preferiamo parlare dei numeri totali dei voti e delle loro variazioni in quanto le percentuali con, un affluenza cos\u00ec bassa sono poco indicative e non rendono molto l\u2019idea di quel che succede). Le variazioni rispetto al 2018 sono sempre riferite al primo turno.<\/p>\n<p><b>La Destra locale riesce a perdere oltre 8000 elettori dei 25500 che l\u2019avevano votata cinque anni fa;<\/b> i ternani improvvisamente si ricordano di non essere in Padania e cos\u00ec la Lega passa da 14800 voti ad appena 1900. Un -87% di cui non c\u2019\u00e8 memoria di simili eventi.<\/p>\n<p><b>La traslazione di voti guidata dalle strategie nazionali verso i meloniani Fratelli d\u2019Italia<\/b> (per inciso, l\u2019amministrazione locale il 25 aprile non ha fatto suonare alla banda Bellaciao perch\u00e9 c\u2019era una lista con lo stesso nome\u2026 dell\u2019inno nazionale invece nessuno si \u00e8 posto il problema) \u00e8 riuscita solo in parte, con quel partito che ha aumentato i suoi voti di 4600 unit\u00e0 arrivando a 8000 circa). <b>Anche Forza Italia continua a perdere terreno<\/b> passando da 4700 a 2900 voti (-38%), le liste civiche di destra compensano un po\u2019 guadagnando 2500 voti circa.<\/p>\n<p><b>La rimonta del redivivo centrosinistra<\/b> riesce in minima parte. Il candidato Kenny prende 10600 voti (+3000 rispetto all\u2019Angeletti di cinque anni prima), ma il PD guadagna solo 400 voti (da 6300 a 6700). L\u2019aumento avviene grazie alla fine dell\u2019esperienza di Senso Civico e il ritorno di Sel e altri nell\u2019ovile, ritorno <b>che per\u00f2 non li premia<\/b> visto che raccolgono 1500 voti contro i 2000 circa dell\u2019esperienza di cinque anni prima. Le liste di sinistra raccolgono quasi 1000 voti in meno del candidato, a causa del voto disgiunto (anche questo un segnale abbastanza chiaro per chi lo sa cogliere).<\/p>\n<p>Il disastro della Lega \u00e8 sfiorato <b>dal quasi scomparso Movimento 5 stelle<\/b> che come lista passa da 12300 voti a 2900 (-76%) mentre il candidato Fiorelli si ferma a 5200 voti (T. De Luca cinque anni prima ne prese 13000). La nuova lista di sinistra radicale <b>Bellaciao<\/b> (Rifondazione Comunista e PDCI) prende 1100 voti che non sono sufficienti per eleggere, cos\u00ec come la lista civica (600 voti) Terni Conta.<\/p>\n<p>Dell\u2019exploit di Stefano Bandecchi che raccoglie tutti i voti persi da 5 stelle e destra abbiamo gi\u00e0 detto, gli altri (<b>Pap <\/b>che presentava l\u2019unica donna Silvia Tobia, l\u2019ex leghista Fiorini, gli innovatori di Paolo Cianfoni) arrivano tutti intorno a 500-700 voti e non eleggeranno in nessun caso.<\/p>\n<p>Quello che appare evidente, <b>in una citt\u00e0 che si contendeva il titolo di Stalingrado d\u2019Italia con le roccaforti rosse dell\u2019Emilia, <\/b>\u00e8 la totale mancanza di un progetto a sinistra di lungo termine e in questi giorni l\u2019unica auto-pseudo-critica che si sente da quelle parti \u00e8 chi si prender\u00e0 la colpa fra 5 stelle e PD di aver rotto l\u2019asse delle forze progressiste del bene (<b>di Conte-bissiana memoria<\/b>).<\/p>\n<p>Nessuno che sembri aver compreso la situazione di <strong>pericolo democratico<\/strong> che comporta un astensionismo del 50%, nessuno che sembri aver compreso la disperazione economica di contratti a 400-500 euro al mese, nessuno che sembri aver compreso il disastro sanitario con sempre pi\u00f9 persone che hanno bisogno di migliaia di euro per andarsi a curare in cliniche decenti. Tutta gente che \u00e8 alla merc\u00e9 della beneficenza del salvatore di turno, che pu\u00f2 essere anche una brava persona o meno, ma a cui servirebbe un welfare per cui possano fare a meno dei salvatori. <strong>Che siano laici o divini<\/strong>.<\/p>\n<p>Di cosa parleranno le segreterie dei partiti <i>left oriented<\/i> &#8211; oltre a tentare di rispondere alla domanda \u201ca chi diamo la colpa?\u201d &#8211; nei prossimi mesi? Di un progetto che non guardi solo alla fine del proprio naso magari anche prendendo spunto dalla lezione che la <b>consueta inaspettata<\/b> alluvione nei tropici mediterranei ha dato in Romagna, o di come mettere le chiappe al caldo su qualche scranno in regione l\u2019anno prossimo? Chiss\u00e0 perch\u00e9, ma abbiamo un vago sospetto&#8230;<\/p>\n<p><strong>Alessandro Chiometti<\/strong><\/p>\n<p>&nbsp;<\/p>\n<p>&nbsp;<\/p>\n<p><a href=\"https:\/\/www.civiltalaica.it\/cms\/wp-content\/uploads\/2020\/02\/alessandro-scaled.jpg\"><img loading=\"lazy\" decoding=\"async\" class=\"alignnone wp-image-16678\" src=\"https:\/\/www.civiltalaica.it\/cms\/wp-content\/uploads\/2020\/02\/alessandro-scaled.jpg\" alt=\"\" width=\"262\" height=\"284\" srcset=\"https:\/\/www.civiltalaica.it\/cms\/wp-content\/uploads\/2020\/02\/alessandro-scaled.jpg 2363w, https:\/\/www.civiltalaica.it\/cms\/wp-content\/uploads\/2020\/02\/alessandro-277x300.jpg 277w, https:\/\/www.civiltalaica.it\/cms\/wp-content\/uploads\/2020\/02\/alessandro-945x1024.jpg 945w, https:\/\/www.civiltalaica.it\/cms\/wp-content\/uploads\/2020\/02\/alessandro-768x832.jpg 768w, https:\/\/www.civiltalaica.it\/cms\/wp-content\/uploads\/2020\/02\/alessandro-1418x1536.jpg 1418w, https:\/\/www.civiltalaica.it\/cms\/wp-content\/uploads\/2020\/02\/alessandro-1890x2048.jpg 1890w, https:\/\/www.civiltalaica.it\/cms\/wp-content\/uploads\/2020\/02\/alessandro-148x160.jpg 148w\" sizes=\"auto, (max-width: 262px) 100vw, 262px\" \/><\/a><\/p>\n","protected":false},"excerpt":{"rendered":"<p>&nbsp; \u201cNessuno si aspetta l\u2019inquisizione spagnola!\u201d ammonivano i Monty Python in uno dei loro sketch pi\u00f9 celebri. Cos\u00ec nelle elezioni italiane nessuno si aspetta mai i boom elettorali estemporanei nonostante ormai ci siano praticamente ad ogni elezione. Che si parli di Berlusconi, Sinistra radicale, 5 stelle, Lega, Fratelli d\u2019Italia e in ultimo (per ora confinato [&hellip;]<\/p>\n","protected":false},"author":7,"featured_media":0,"comment_status":"closed","ping_status":"closed","sticky":false,"template":"","format":"standard","meta":{"footnotes":""},"categories":[238,235],"tags":[79,2176,151,2175,155,2177,1056,127],"class_list":["post-26522","post","type-post","status-publish","format-standard","hentry","category-articoli","category-andata","tag-alessandro-chiometti","tag-bandecchi","tag-elezioni","tag-elezioni-comunali","tag-elezioni-terni","tag-masselli-kenny","tag-pd","tag-terni"],"yoast_head":"<!-- This site is optimized with the Yoast SEO plugin v27.1.1 - https:\/\/yoast.com\/product\/yoast-seo-wordpress\/ -->\n<title>Amministrative 2023 a Terni: il consueto inaspettato boom elettorale - Associazione Culturale Civilt\u00e0 Laica<\/title>\n<meta name=\"description\" content=\"Di cosa parleranno le segreterie dei partiti left oriented - oltre a tentare di rispondere alla domanda \u201ca chi diamo la colpa?\u201d\" \/>\n<meta name=\"robots\" content=\"index, follow, max-snippet:-1, max-image-preview:large, max-video-preview:-1\" \/>\n<link rel=\"canonical\" href=\"https:\/\/www.civiltalaica.it\/cms\/amministrative-2023-a-terni-il-consueto-inaspettato-boom-elettorale\/\" \/>\n<meta property=\"og:locale\" content=\"it_IT\" \/>\n<meta property=\"og:type\" content=\"article\" \/>\n<meta property=\"og:title\" content=\"Amministrative 2023 a Terni: il consueto inaspettato boom elettorale - Associazione Culturale Civilt\u00e0 Laica\" \/>\n<meta property=\"og:description\" content=\"Di cosa parleranno le segreterie dei partiti left oriented - oltre a tentare di rispondere alla domanda \u201ca chi diamo la colpa?\u201d\" \/>\n<meta property=\"og:url\" content=\"https:\/\/www.civiltalaica.it\/cms\/amministrative-2023-a-terni-il-consueto-inaspettato-boom-elettorale\/\" \/>\n<meta property=\"og:site_name\" content=\"Associazione Culturale Civilt\u00e0 Laica\" \/>\n<meta property=\"article:publisher\" content=\"https:\/\/www.facebook.com\/civiltalaica\" \/>\n<meta property=\"article:published_time\" content=\"2023-05-18T18:19:57+00:00\" \/>\n<meta property=\"article:modified_time\" content=\"2023-05-18T20:04:08+00:00\" \/>\n<meta property=\"og:image\" content=\"https:\/\/www.civiltalaica.it\/cms\/wp-content\/uploads\/2023\/05\/Monty_Python-settanta.jpg\" \/>\n<meta name=\"author\" content=\"alexjc\" \/>\n<meta name=\"twitter:card\" content=\"summary_large_image\" \/>\n<meta name=\"twitter:label1\" content=\"Scritto da\" \/>\n\t<meta name=\"twitter:data1\" content=\"alexjc\" \/>\n\t<meta name=\"twitter:label2\" content=\"Tempo di lettura stimato\" \/>\n\t<meta name=\"twitter:data2\" content=\"7 minuti\" \/>\n<script type=\"application\/ld+json\" class=\"yoast-schema-graph\">{\"@context\":\"https:\/\/schema.org\",\"@graph\":[{\"@type\":\"Article\",\"@id\":\"https:\/\/www.civiltalaica.it\/cms\/amministrative-2023-a-terni-il-consueto-inaspettato-boom-elettorale\/#article\",\"isPartOf\":{\"@id\":\"https:\/\/www.civiltalaica.it\/cms\/amministrative-2023-a-terni-il-consueto-inaspettato-boom-elettorale\/\"},\"author\":{\"name\":\"alexjc\",\"@id\":\"https:\/\/www.civiltalaica.it\/cms\/#\/schema\/person\/4efef56f866329a1e0943eb27336df1d\"},\"headline\":\"Amministrative 2023 a Terni: il consueto inaspettato boom elettorale\",\"datePublished\":\"2023-05-18T18:19:57+00:00\",\"dateModified\":\"2023-05-18T20:04:08+00:00\",\"mainEntityOfPage\":{\"@id\":\"https:\/\/www.civiltalaica.it\/cms\/amministrative-2023-a-terni-il-consueto-inaspettato-boom-elettorale\/\"},\"wordCount\":1138,\"image\":{\"@id\":\"https:\/\/www.civiltalaica.it\/cms\/amministrative-2023-a-terni-il-consueto-inaspettato-boom-elettorale\/#primaryimage\"},\"thumbnailUrl\":\"https:\/\/www.civiltalaica.it\/cms\/wp-content\/uploads\/2023\/05\/Monty_Python-settanta.jpg\",\"keywords\":[\"alessandro chiometti\",\"Bandecchi\",\"elezioni\",\"elezioni comunali\",\"elezioni terni\",\"Masselli Kenny\",\"pd\",\"terni\"],\"articleSection\":[\"articoli\",\"come \u00e8 andata?\"],\"inLanguage\":\"it-IT\"},{\"@type\":\"WebPage\",\"@id\":\"https:\/\/www.civiltalaica.it\/cms\/amministrative-2023-a-terni-il-consueto-inaspettato-boom-elettorale\/\",\"url\":\"https:\/\/www.civiltalaica.it\/cms\/amministrative-2023-a-terni-il-consueto-inaspettato-boom-elettorale\/\",\"name\":\"Amministrative 2023 a Terni: il consueto inaspettato boom elettorale - Associazione Culturale Civilt\u00e0 Laica\",\"isPartOf\":{\"@id\":\"https:\/\/www.civiltalaica.it\/cms\/#website\"},\"primaryImageOfPage\":{\"@id\":\"https:\/\/www.civiltalaica.it\/cms\/amministrative-2023-a-terni-il-consueto-inaspettato-boom-elettorale\/#primaryimage\"},\"image\":{\"@id\":\"https:\/\/www.civiltalaica.it\/cms\/amministrative-2023-a-terni-il-consueto-inaspettato-boom-elettorale\/#primaryimage\"},\"thumbnailUrl\":\"https:\/\/www.civiltalaica.it\/cms\/wp-content\/uploads\/2023\/05\/Monty_Python-settanta.jpg\",\"datePublished\":\"2023-05-18T18:19:57+00:00\",\"dateModified\":\"2023-05-18T20:04:08+00:00\",\"author\":{\"@id\":\"https:\/\/www.civiltalaica.it\/cms\/#\/schema\/person\/4efef56f866329a1e0943eb27336df1d\"},\"description\":\"Di cosa parleranno le segreterie dei partiti left oriented - oltre a tentare di rispondere alla domanda \u201ca chi diamo la colpa?\u201d\",\"breadcrumb\":{\"@id\":\"https:\/\/www.civiltalaica.it\/cms\/amministrative-2023-a-terni-il-consueto-inaspettato-boom-elettorale\/#breadcrumb\"},\"inLanguage\":\"it-IT\",\"potentialAction\":[{\"@type\":\"ReadAction\",\"target\":[\"https:\/\/www.civiltalaica.it\/cms\/amministrative-2023-a-terni-il-consueto-inaspettato-boom-elettorale\/\"]}]},{\"@type\":\"ImageObject\",\"inLanguage\":\"it-IT\",\"@id\":\"https:\/\/www.civiltalaica.it\/cms\/amministrative-2023-a-terni-il-consueto-inaspettato-boom-elettorale\/#primaryimage\",\"url\":\"https:\/\/www.civiltalaica.it\/cms\/wp-content\/uploads\/2023\/05\/Monty_Python-settanta.jpg\",\"contentUrl\":\"https:\/\/www.civiltalaica.it\/cms\/wp-content\/uploads\/2023\/05\/Monty_Python-settanta.jpg\",\"width\":540,\"height\":390},{\"@type\":\"BreadcrumbList\",\"@id\":\"https:\/\/www.civiltalaica.it\/cms\/amministrative-2023-a-terni-il-consueto-inaspettato-boom-elettorale\/#breadcrumb\",\"itemListElement\":[{\"@type\":\"ListItem\",\"position\":1,\"name\":\"Home\",\"item\":\"https:\/\/www.civiltalaica.it\/cms\/\"},{\"@type\":\"ListItem\",\"position\":2,\"name\":\"Amministrative 2023 a Terni: il consueto inaspettato boom elettorale\"}]},{\"@type\":\"WebSite\",\"@id\":\"https:\/\/www.civiltalaica.it\/cms\/#website\",\"url\":\"https:\/\/www.civiltalaica.it\/cms\/\",\"name\":\"Associazione Culturale Civilt\u00e0 Laica\",\"description\":\"Per un movimento culturale volto a difendere la Laicit\u00e0 dello Stato.\",\"potentialAction\":[{\"@type\":\"SearchAction\",\"target\":{\"@type\":\"EntryPoint\",\"urlTemplate\":\"https:\/\/www.civiltalaica.it\/cms\/?s={search_term_string}\"},\"query-input\":{\"@type\":\"PropertyValueSpecification\",\"valueRequired\":true,\"valueName\":\"search_term_string\"}}],\"inLanguage\":\"it-IT\"},{\"@type\":\"Person\",\"@id\":\"https:\/\/www.civiltalaica.it\/cms\/#\/schema\/person\/4efef56f866329a1e0943eb27336df1d\",\"name\":\"alexjc\",\"url\":\"https:\/\/www.civiltalaica.it\/cms\/author\/alexjc\/\"}]}<\/script>\n<!-- \/ Yoast SEO plugin. -->","yoast_head_json":{"title":"Amministrative 2023 a Terni: il consueto inaspettato boom elettorale - Associazione Culturale Civilt\u00e0 Laica","description":"Di cosa parleranno le segreterie dei partiti left oriented - oltre a tentare di rispondere alla domanda \u201ca chi diamo la colpa?\u201d","robots":{"index":"index","follow":"follow","max-snippet":"max-snippet:-1","max-image-preview":"max-image-preview:large","max-video-preview":"max-video-preview:-1"},"canonical":"https:\/\/www.civiltalaica.it\/cms\/amministrative-2023-a-terni-il-consueto-inaspettato-boom-elettorale\/","og_locale":"it_IT","og_type":"article","og_title":"Amministrative 2023 a Terni: il consueto inaspettato boom elettorale - Associazione Culturale Civilt\u00e0 Laica","og_description":"Di cosa parleranno le segreterie dei partiti left oriented - oltre a tentare di rispondere alla domanda \u201ca chi diamo la colpa?\u201d","og_url":"https:\/\/www.civiltalaica.it\/cms\/amministrative-2023-a-terni-il-consueto-inaspettato-boom-elettorale\/","og_site_name":"Associazione Culturale Civilt\u00e0 Laica","article_publisher":"https:\/\/www.facebook.com\/civiltalaica","article_published_time":"2023-05-18T18:19:57+00:00","article_modified_time":"2023-05-18T20:04:08+00:00","og_image":[{"url":"https:\/\/www.civiltalaica.it\/cms\/wp-content\/uploads\/2023\/05\/Monty_Python-settanta.jpg","type":"","width":"","height":""}],"author":"alexjc","twitter_card":"summary_large_image","twitter_misc":{"Scritto da":"alexjc","Tempo di lettura stimato":"7 minuti"},"schema":{"@context":"https:\/\/schema.org","@graph":[{"@type":"Article","@id":"https:\/\/www.civiltalaica.it\/cms\/amministrative-2023-a-terni-il-consueto-inaspettato-boom-elettorale\/#article","isPartOf":{"@id":"https:\/\/www.civiltalaica.it\/cms\/amministrative-2023-a-terni-il-consueto-inaspettato-boom-elettorale\/"},"author":{"name":"alexjc","@id":"https:\/\/www.civiltalaica.it\/cms\/#\/schema\/person\/4efef56f866329a1e0943eb27336df1d"},"headline":"Amministrative 2023 a Terni: il consueto inaspettato boom elettorale","datePublished":"2023-05-18T18:19:57+00:00","dateModified":"2023-05-18T20:04:08+00:00","mainEntityOfPage":{"@id":"https:\/\/www.civiltalaica.it\/cms\/amministrative-2023-a-terni-il-consueto-inaspettato-boom-elettorale\/"},"wordCount":1138,"image":{"@id":"https:\/\/www.civiltalaica.it\/cms\/amministrative-2023-a-terni-il-consueto-inaspettato-boom-elettorale\/#primaryimage"},"thumbnailUrl":"https:\/\/www.civiltalaica.it\/cms\/wp-content\/uploads\/2023\/05\/Monty_Python-settanta.jpg","keywords":["alessandro chiometti","Bandecchi","elezioni","elezioni comunali","elezioni terni","Masselli Kenny","pd","terni"],"articleSection":["articoli","come \u00e8 andata?"],"inLanguage":"it-IT"},{"@type":"WebPage","@id":"https:\/\/www.civiltalaica.it\/cms\/amministrative-2023-a-terni-il-consueto-inaspettato-boom-elettorale\/","url":"https:\/\/www.civiltalaica.it\/cms\/amministrative-2023-a-terni-il-consueto-inaspettato-boom-elettorale\/","name":"Amministrative 2023 a Terni: il consueto inaspettato boom elettorale - Associazione Culturale Civilt\u00e0 Laica","isPartOf":{"@id":"https:\/\/www.civiltalaica.it\/cms\/#website"},"primaryImageOfPage":{"@id":"https:\/\/www.civiltalaica.it\/cms\/amministrative-2023-a-terni-il-consueto-inaspettato-boom-elettorale\/#primaryimage"},"image":{"@id":"https:\/\/www.civiltalaica.it\/cms\/amministrative-2023-a-terni-il-consueto-inaspettato-boom-elettorale\/#primaryimage"},"thumbnailUrl":"https:\/\/www.civiltalaica.it\/cms\/wp-content\/uploads\/2023\/05\/Monty_Python-settanta.jpg","datePublished":"2023-05-18T18:19:57+00:00","dateModified":"2023-05-18T20:04:08+00:00","author":{"@id":"https:\/\/www.civiltalaica.it\/cms\/#\/schema\/person\/4efef56f866329a1e0943eb27336df1d"},"description":"Di cosa parleranno le segreterie dei partiti left oriented - oltre a tentare di rispondere alla domanda \u201ca chi diamo la colpa?\u201d","breadcrumb":{"@id":"https:\/\/www.civiltalaica.it\/cms\/amministrative-2023-a-terni-il-consueto-inaspettato-boom-elettorale\/#breadcrumb"},"inLanguage":"it-IT","potentialAction":[{"@type":"ReadAction","target":["https:\/\/www.civiltalaica.it\/cms\/amministrative-2023-a-terni-il-consueto-inaspettato-boom-elettorale\/"]}]},{"@type":"ImageObject","inLanguage":"it-IT","@id":"https:\/\/www.civiltalaica.it\/cms\/amministrative-2023-a-terni-il-consueto-inaspettato-boom-elettorale\/#primaryimage","url":"https:\/\/www.civiltalaica.it\/cms\/wp-content\/uploads\/2023\/05\/Monty_Python-settanta.jpg","contentUrl":"https:\/\/www.civiltalaica.it\/cms\/wp-content\/uploads\/2023\/05\/Monty_Python-settanta.jpg","width":540,"height":390},{"@type":"BreadcrumbList","@id":"https:\/\/www.civiltalaica.it\/cms\/amministrative-2023-a-terni-il-consueto-inaspettato-boom-elettorale\/#breadcrumb","itemListElement":[{"@type":"ListItem","position":1,"name":"Home","item":"https:\/\/www.civiltalaica.it\/cms\/"},{"@type":"ListItem","position":2,"name":"Amministrative 2023 a Terni: il consueto inaspettato boom elettorale"}]},{"@type":"WebSite","@id":"https:\/\/www.civiltalaica.it\/cms\/#website","url":"https:\/\/www.civiltalaica.it\/cms\/","name":"Associazione Culturale Civilt\u00e0 Laica","description":"Per un movimento culturale volto a difendere la Laicit\u00e0 dello Stato.","potentialAction":[{"@type":"SearchAction","target":{"@type":"EntryPoint","urlTemplate":"https:\/\/www.civiltalaica.it\/cms\/?s={search_term_string}"},"query-input":{"@type":"PropertyValueSpecification","valueRequired":true,"valueName":"search_term_string"}}],"inLanguage":"it-IT"},{"@type":"Person","@id":"https:\/\/www.civiltalaica.it\/cms\/#\/schema\/person\/4efef56f866329a1e0943eb27336df1d","name":"alexjc","url":"https:\/\/www.civiltalaica.it\/cms\/author\/alexjc\/"}]}},"_links":{"self":[{"href":"https:\/\/www.civiltalaica.it\/cms\/wp-json\/wp\/v2\/posts\/26522","targetHints":{"allow":["GET"]}}],"collection":[{"href":"https:\/\/www.civiltalaica.it\/cms\/wp-json\/wp\/v2\/posts"}],"about":[{"href":"https:\/\/www.civiltalaica.it\/cms\/wp-json\/wp\/v2\/types\/post"}],"author":[{"embeddable":true,"href":"https:\/\/www.civiltalaica.it\/cms\/wp-json\/wp\/v2\/users\/7"}],"replies":[{"embeddable":true,"href":"https:\/\/www.civiltalaica.it\/cms\/wp-json\/wp\/v2\/comments?post=26522"}],"version-history":[{"count":4,"href":"https:\/\/www.civiltalaica.it\/cms\/wp-json\/wp\/v2\/posts\/26522\/revisions"}],"predecessor-version":[{"id":26531,"href":"https:\/\/www.civiltalaica.it\/cms\/wp-json\/wp\/v2\/posts\/26522\/revisions\/26531"}],"wp:attachment":[{"href":"https:\/\/www.civiltalaica.it\/cms\/wp-json\/wp\/v2\/media?parent=26522"}],"wp:term":[{"taxonomy":"category","embeddable":true,"href":"https:\/\/www.civiltalaica.it\/cms\/wp-json\/wp\/v2\/categories?post=26522"},{"taxonomy":"post_tag","embeddable":true,"href":"https:\/\/www.civiltalaica.it\/cms\/wp-json\/wp\/v2\/tags?post=26522"}],"curies":[{"name":"wp","href":"https:\/\/api.w.org\/{rel}","templated":true}]}}