{"id":26191,"date":"2023-04-04T16:59:50","date_gmt":"2023-04-04T16:59:50","guid":{"rendered":"https:\/\/www.civiltalaica.it\/cms\/?p=26191"},"modified":"2023-04-05T06:23:26","modified_gmt":"2023-04-05T06:23:26","slug":"darwinofobia","status":"publish","type":"post","link":"https:\/\/www.civiltalaica.it\/cms\/darwinofobia\/","title":{"rendered":"Darwinofobia!"},"content":{"rendered":"<p>\u201c<span style=\"font-family: Times New Roman, serif;\"><i>Creazionismo ed evoluzionismo per me sono due facce della stessa medaglia. Il fanatismo di <\/i><i>chi<\/i><i> crede <\/i><i>nei dogmi religiosi<\/i><i> \u00e8 lo stesso di quello <\/i><i>di <\/i><i>ch<\/i><i>i<\/i><i> crede nella scienza!<\/i>\u201d<\/span><\/p>\n<p><span style=\"font-family: Times New Roman, serif;\">Cos\u00ec, un filosofo locale, terminava qualche giorno fa la presentazione di un suo libro di poesie e riflessioni in un piccolo locale cittadino.<br \/>\n<\/span><span style=\"font-family: Times New Roman, serif;\">Essendoci trovati l\u00ec in una ristretta situazione quasi familiare, quasi per caso, non ce la siamo sentita di intervenire e ci siamo limitati ad alzarci con discrezione e prendere la via dell\u2019uscio prima dello sviluppo di una discussione probabilmente inutile. <\/span><\/p>\n<p><span style=\"font-family: Times New Roman, serif;\">Avremmo potuto anche avviare un confronto socratico con un \u201camante della sapienza\u201d, ma a cosa sarebbe servito?<br \/>\n<\/span><span style=\"font-family: Times New Roman, serif;\">Se abbiamo capito qualcosa negli ultimi tempi \u00e8 che <b>il dibattito ha senso se si condividono e si rispettano le stesse regole<\/b><b>. <\/b>Altrimenti \u00e8 come giocare una partita di scacchi con un avversario che vuol muovere i pedoni come se fossero regine.<br \/>\nQuando una persona rifiuta, o ignora volutamente, i principi stessi di cui si discute, il confronto \u00e8 totalmente inutile e peraltro deleterio per se stessi se non si riesce a controllare la propria arrabbiatura di fronte alle inevitabili castronerie.<br \/>\nSe un filosofo rifiuta di riconoscere che il metodo scientifico \u00e8 il migliore mezzo che abbiamo per conoscere la realt\u00e0 in modo condivisibile<sup>[1]<\/sup>, non pu\u00f2 esserci dialogo.<\/span><\/p>\n<p>Ma perch\u00e9 fa ancora cos\u00ec paura Sir Charles Darwin? In un mondo in cui non ci spaventano le chat GPT che autoaccrescono il loro sapere possibile che la lunga barba del pacato naturalista inglese faccia ancora paura?<sup>[2]<\/sup><\/p>\n<p>S\u00ec. Perch\u00e9 Darwin pi\u00f9 di ogni altro ha colto profondamente nel solco psicologico di una delle nostre pi\u00f9 antiche paure: <b>quella di non essere la specie preferita d<\/b><b>a<\/b><b> un qualche dio<\/b>.<\/p>\n<p><strong>Darwin<\/strong> con <b>Galileo<\/b> e <b>Freud<\/b> forma quel trittico di pensatori critici che hanno distrutto in modo pressoch\u00e9 irreversibile <b>l\u2019antropocentrismo<\/b> e tutti i suoi dogmi assolutistici.<\/p>\n<p><a href=\"https:\/\/www.civiltalaica.it\/cms\/wp-content\/uploads\/2023\/04\/tris.jpg\"><img loading=\"lazy\" decoding=\"async\" class=\"alignnone size-full wp-image-26201\" src=\"https:\/\/www.civiltalaica.it\/cms\/wp-content\/uploads\/2023\/04\/tris.jpg\" alt=\"\" width=\"669\" height=\"335\" srcset=\"https:\/\/www.civiltalaica.it\/cms\/wp-content\/uploads\/2023\/04\/tris.jpg 669w, https:\/\/www.civiltalaica.it\/cms\/wp-content\/uploads\/2023\/04\/tris-300x150.jpg 300w, https:\/\/www.civiltalaica.it\/cms\/wp-content\/uploads\/2023\/04\/tris-280x140.jpg 280w\" sizes=\"auto, (max-width: 669px) 100vw, 669px\" \/><\/a><\/p>\n<p>A questi andrebbero aggiunti <b>Einstein<\/b> che ha reso relativo e il tempo ed <b>Heisemberg,<\/b>\u00a0in rappresentanza di tutti i fisici quantistici, che hanno reso relativa anche la materia.<\/p>\n<p>Tuttavia la paura che sia il caso a governare, non solo le nostre vite, ma <b>la Vita stessa<\/b> (quella di cui non sappiamo ancora oggi dare una definizione intrinseca<sup>[3]<\/sup>) trova il suo concretizzarsi soprattutto nella comprensione dell\u2019Evoluzione Biologica concepita da Darwin.<\/p>\n<p><b>Pensateci<\/b>.<\/p>\n<p>Galileo Galilei \u00e8 stato ormai ampiamente accettato da qualunque teleologia e annessa cosmogonia (con eccezione dei <b>terrapiattisti,<\/b>\u00a0ma non era nostra intenzione scrivere un articolo umoristico); <b>nessuno sano di mente <\/b><b>oggi<\/b><b> metter<\/b><b>e<\/b><b>bbe in dubbio che <\/b><b>sia <\/b><b>la terra <\/b><b>a <\/b><b>ruota<\/b><b>re<\/b><b> intorno al sole<\/b>. Certo, si ignora volutamente il fatto che non era quella la rivoluzione galileiana (che non a caso si chiama <b>copernicana<\/b>) a mettere tanta paura a <b>Bellarmino<\/b> ma la creazione del primo metodo scientifico della storia. <i>Transeat,<\/i> Galileo \u00e8 sdoganato! E non \u00e8 escluso che fra tre o quattro papi ce lo ritroveremo pure santo.<\/p>\n<p>Sigmund Freud, ultimo del tritico ha tolto l\u2019uomo anche dall\u2019essere al \u201ccentro\u201d di se stesso, dopo che Galileo lo aveva tolto dal centro del Cosmo e Darwin da quello della Natura. Brutta botta per ogni concezione divina. Per\u00f2.<br \/>\nPer\u00f2 la psicanalisi non \u00e8 scienza e non essendo scienza c\u2019\u00e8 chi, andando sul mistico ha recuperato il concetto divino con essa.<\/p>\n<p>Einstein e i fisici quantistici. Ovvio che tutto il loro lavoro renda molto difficile pensare a un dio che non governa neanche pi\u00f9 il tempo visto che questo \u00e8 funzione della velocit\u00e0 e della massa dei corpi o che giochi cos\u00ec tanto con i dadi per cui le particelle subatomiche obbediscono a leggi diverse da quelle macroscopiche. Beh\u2026 non \u00e8 una cosa che piace sentir dire agli scienziati ma nessuno, al di fuori delle universit\u00e0, ha mai capito molto della relativit\u00e0 e della quantistica. E allora \u201c<i>Stamo <\/i><i>a parla\u2019 de tutto e de niente!<\/i>\u201d come direbbe il guzzantiano Padre Pizzarro.<\/p>\n<p><b>Ma con Darwin no.<\/b> Non ci si riesce proprio a passare oltre.<\/p>\n<p>La sua evoluzione biologica, o per meglio dire il nucleo darwiniano di questa, variazione \u2013 adattamento \u2013 trasmissione, funziona troppo bene e, accidenti, \u00e8 stato confermato da ogni scoperta scientifica successiva!<br \/>\nE c\u2019\u00e8 di pi\u00f9, una volta accettato il cambio di paradigma non ci vogliono complicatissime equazioni differenziali per capirla; certo \u00e8 una teoria controintuitiva, come il 99% di ci\u00f2 che \u00e8 scienza, ma passato il primo approccio si spiega che \u00e8 una meraviglia.<br \/>\n\u00c8 rivoluzionaria, ed \u00e8 per questo che affascina. <b>Noi, poveri Homo Sapiens, da soli contro una natura-universo che non solo non ci ha creati ma che non ci aveva neanche previsto! <\/b><\/p>\n<p>\u00c8 noto che la figura narrativa che rende meglio l\u2019idea della Natura darwiniana \u00e8 quella data dal Leopardi: il povero islandese incontra per caso la Natura e le chiede perch\u00e9 costringe gli umani a soffrire. La risposta di questa \u00e8 atroce: \u201c<i>Immaginavi tu forse che il mondo fosse fatto per causa vostra? <\/i><i>[\u2026.]<\/i><i> Quando io vi offendo in qualunque modo e con qual si sia mezzo, io non me n&#8217;avveggo, se non rarissime volte: come, ordinariamente, se io vi diletto o vi benefico, io non lo so; e non ho fatto, come credete voi, quelle tali cose, o non fo quelle tali azioni, per dilettarvi o giovarvi. E finalmente, se anche mi avvenisse di estinguere tutta la vostra specie, io non me ne avvedrei.\u201d<\/i><\/p>\n<p>Atroce, certo! Ma ammettiamolo, in fondo ci piace questa figura del capitano Acab che sfida le forze della natura maligna in mezzo ai flutti di un mare invincibile. Oppure quella del capitano Kirk, che invita i suoi uomini ad esplorare il misterioso universo dicendo: \u201c<i>Seconda stella a destra e poi dritto fino al mattino!<\/i>\u201d<\/p>\n<p><a href=\"https:\/\/www.civiltalaica.it\/cms\/wp-content\/uploads\/2023\/04\/ALS3346-scaled.jpg\"><img loading=\"lazy\" decoding=\"async\" class=\"alignnone wp-image-26202\" src=\"https:\/\/www.civiltalaica.it\/cms\/wp-content\/uploads\/2023\/04\/ALS3346-1024x680.jpg\" alt=\"\" width=\"638\" height=\"424\" srcset=\"https:\/\/www.civiltalaica.it\/cms\/wp-content\/uploads\/2023\/04\/ALS3346-1024x680.jpg 1024w, https:\/\/www.civiltalaica.it\/cms\/wp-content\/uploads\/2023\/04\/ALS3346-300x199.jpg 300w, https:\/\/www.civiltalaica.it\/cms\/wp-content\/uploads\/2023\/04\/ALS3346-768x510.jpg 768w, https:\/\/www.civiltalaica.it\/cms\/wp-content\/uploads\/2023\/04\/ALS3346-1536x1020.jpg 1536w, https:\/\/www.civiltalaica.it\/cms\/wp-content\/uploads\/2023\/04\/ALS3346-2048x1360.jpg 2048w, https:\/\/www.civiltalaica.it\/cms\/wp-content\/uploads\/2023\/04\/ALS3346-241x160.jpg 241w\" sizes=\"auto, (max-width: 638px) 100vw, 638px\" \/><\/a><\/p>\n<p>Homo Sapiens contro qualunque cosa e che, comunque, va avanti e riesce a conquistare la Terra; poi magari l\u2019Universo.<br \/>\nEcco, occorrerebbe spiegare a molti (ancora troppi purtroppo) che non \u00e8 il caso distruggere il pianeta Terra per vendicarci della Natura matrigna ed indifferente&#8230; \u00e8 un po\u2019 come segare il ramo sui cui si \u00e8 seduti. Bisognerebbe trovare un modo pacifico di conviverci prima di farla arrabbiare e che questa mandi i suoi leoni a sbranarci. Ma non riapriamo qui i discorsi inevitabilmente pessimisti sul futuro prossimo.<\/p>\n<p>Per\u00f2 \u00e8 evidente che gli uomini non sono tutti uguali, e molti non sono in grado di raccogliere questa sfida cosmica. Preferiscono consolarsi con un confortevole creazionismo o Disegno intelligente che dir si voglia; \u201c<i>Se siamo qui c\u2019\u00e8 un motivo e un giorno lo scopriremo!<\/i>\u201d, sostengono. <b>In bocca al lupo, anzi al leopardiano leone.<\/b><\/p>\n<p>Per\u00f2 davvero non \u00e8 il caso che, voi che non accettate la solitudine e la finitudine di Homo Sapiens, continuiate in modo davvero ottuso a riciclare periodicamente argomentazioni ridicole.<\/p>\n<p>Lo diciamo perch\u00e9 ci \u00e8 capitato di dare uno sguardo al nuovo fenomenale testo creazionista di italica produzione: <a href=\"https:\/\/bookstore.despar.it\/Libro\/2675890\/einstein-non-credeva-a-darwin-il-dogma-infranto-dellevoluzionismo\/peluffo\/9788865882344?or=10\">Einstein non credeva a Darwin.<\/a><br \/>\nVerrebbe da dire: e quindi? Se \u00e8 per questo Einstein non credeva, sbagliandosi, neanche a Bohr ad Heisemberg e Shroedinger. Dovrebbe essere un&#8217;argomentazione? Per l&#8217;autore lo \u00e8, ed anche la pi\u00f9 importante. E va bene tutto caro giovine autore creazionista, uno capisce tutto, necessit\u00e0 di acchiappare i click, voglia di fama o paura di essere soli nell&#8217;universo. Ma <a href=\"https:\/\/gognablog.sherpa-gate.com\/sul-fallimento-del-darwinismo\/\">recensirsi il libro da soli no!<\/a><br \/>\nSuvvia, che almeno si usi un po\u2019 di creazionistica creativit\u00e0.<\/p>\n<p><b>Alessandro Chiometti<\/b><\/p>\n<p><a href=\"https:\/\/www.civiltalaica.it\/cms\/wp-content\/uploads\/2020\/02\/alessandro-scaled.jpg\"><img loading=\"lazy\" decoding=\"async\" class=\"alignnone wp-image-16678\" src=\"https:\/\/www.civiltalaica.it\/cms\/wp-content\/uploads\/2020\/02\/alessandro-945x1024.jpg\" alt=\"\" width=\"291\" height=\"315\" srcset=\"https:\/\/www.civiltalaica.it\/cms\/wp-content\/uploads\/2020\/02\/alessandro-945x1024.jpg 945w, https:\/\/www.civiltalaica.it\/cms\/wp-content\/uploads\/2020\/02\/alessandro-277x300.jpg 277w, https:\/\/www.civiltalaica.it\/cms\/wp-content\/uploads\/2020\/02\/alessandro-768x832.jpg 768w, https:\/\/www.civiltalaica.it\/cms\/wp-content\/uploads\/2020\/02\/alessandro-1418x1536.jpg 1418w, https:\/\/www.civiltalaica.it\/cms\/wp-content\/uploads\/2020\/02\/alessandro-1890x2048.jpg 1890w, https:\/\/www.civiltalaica.it\/cms\/wp-content\/uploads\/2020\/02\/alessandro-148x160.jpg 148w\" sizes=\"auto, (max-width: 291px) 100vw, 291px\" \/><\/a><\/p>\n<p>[1] Non \u00e8 l&#8217;unico metodo per conoscere la realt\u00e0 ma l&#8217;unico pienamente condivisibile. Bene ribadirlo.<\/p>\n<p>[2] Ci informano ora che ai governanti dell&#8217;Assurdistan le Chat GPT fanno paura. Errata corrige.<\/p>\n<p>[3] Ovvero: alla domanda &#8220;cosa \u00e8 la vita&#8221; possiamo rispondere solo con una serie di caratteristiche di cui nessuna \u00e8 peculiare.<\/p>\n","protected":false},"excerpt":{"rendered":"<p>\u201cCreazionismo ed evoluzionismo per me sono due facce della stessa medaglia. Il fanatismo di chi crede nei dogmi religiosi \u00e8 lo stesso di quello di chi crede nella scienza!\u201d Cos\u00ec, un filosofo locale, terminava qualche giorno fa la presentazione di un suo libro di poesie e riflessioni in un piccolo locale cittadino. Essendoci trovati l\u00ec [&hellip;]<\/p>\n","protected":false},"author":7,"featured_media":26201,"comment_status":"closed","ping_status":"closed","sticky":false,"template":"","format":"standard","meta":{"footnotes":""},"categories":[238,233],"tags":[79,2163,519,409,2164,1227],"class_list":["post-26191","post","type-post","status-publish","format-standard","has-post-thumbnail","hentry","category-articoli","category-filosofia-2","tag-alessandro-chiometti","tag-antievoluzionisti","tag-creazionismo","tag-darwin","tag-darwinofobia","tag-evoluzione"],"yoast_head":"<!-- This site is optimized with the Yoast SEO plugin v27.1.1 - https:\/\/yoast.com\/product\/yoast-seo-wordpress\/ -->\n<title>Darwinofobia! - Associazione Culturale Civilt\u00e0 Laica<\/title>\n<meta name=\"description\" content=\"poveri Homo Sapiens, da soli contro una natura-universo che non solo non ci ha creati ma che non ci aveva neanche previsto!\" \/>\n<meta name=\"robots\" content=\"index, follow, max-snippet:-1, max-image-preview:large, max-video-preview:-1\" \/>\n<link rel=\"canonical\" href=\"https:\/\/www.civiltalaica.it\/cms\/darwinofobia\/\" \/>\n<meta property=\"og:locale\" content=\"it_IT\" \/>\n<meta property=\"og:type\" content=\"article\" \/>\n<meta property=\"og:title\" content=\"Darwinofobia! - Associazione Culturale Civilt\u00e0 Laica\" \/>\n<meta property=\"og:description\" content=\"poveri Homo Sapiens, da soli contro una natura-universo che non solo non ci ha creati ma che non ci aveva neanche previsto!\" \/>\n<meta property=\"og:url\" content=\"https:\/\/www.civiltalaica.it\/cms\/darwinofobia\/\" \/>\n<meta property=\"og:site_name\" content=\"Associazione Culturale Civilt\u00e0 Laica\" \/>\n<meta property=\"article:publisher\" content=\"https:\/\/www.facebook.com\/civiltalaica\" \/>\n<meta property=\"article:published_time\" content=\"2023-04-04T16:59:50+00:00\" \/>\n<meta property=\"article:modified_time\" content=\"2023-04-05T06:23:26+00:00\" \/>\n<meta property=\"og:image\" content=\"https:\/\/www.civiltalaica.it\/cms\/wp-content\/uploads\/2023\/04\/tris.jpg\" \/>\n\t<meta property=\"og:image:width\" content=\"669\" \/>\n\t<meta property=\"og:image:height\" content=\"335\" \/>\n\t<meta property=\"og:image:type\" content=\"image\/jpeg\" \/>\n<meta name=\"author\" content=\"alexjc\" \/>\n<meta name=\"twitter:card\" content=\"summary_large_image\" \/>\n<meta name=\"twitter:label1\" content=\"Scritto da\" \/>\n\t<meta name=\"twitter:data1\" content=\"alexjc\" \/>\n\t<meta name=\"twitter:label2\" content=\"Tempo di lettura stimato\" \/>\n\t<meta name=\"twitter:data2\" content=\"8 minuti\" \/>\n<script type=\"application\/ld+json\" class=\"yoast-schema-graph\">{\"@context\":\"https:\/\/schema.org\",\"@graph\":[{\"@type\":\"Article\",\"@id\":\"https:\/\/www.civiltalaica.it\/cms\/darwinofobia\/#article\",\"isPartOf\":{\"@id\":\"https:\/\/www.civiltalaica.it\/cms\/darwinofobia\/\"},\"author\":{\"name\":\"alexjc\",\"@id\":\"https:\/\/www.civiltalaica.it\/cms\/#\/schema\/person\/4efef56f866329a1e0943eb27336df1d\"},\"headline\":\"Darwinofobia!\",\"datePublished\":\"2023-04-04T16:59:50+00:00\",\"dateModified\":\"2023-04-05T06:23:26+00:00\",\"mainEntityOfPage\":{\"@id\":\"https:\/\/www.civiltalaica.it\/cms\/darwinofobia\/\"},\"wordCount\":1226,\"image\":{\"@id\":\"https:\/\/www.civiltalaica.it\/cms\/darwinofobia\/#primaryimage\"},\"thumbnailUrl\":\"https:\/\/www.civiltalaica.it\/cms\/wp-content\/uploads\/2023\/04\/tris.jpg\",\"keywords\":[\"alessandro chiometti\",\"antievoluzionisti\",\"creazionismo\",\"darwin\",\"darwinofobia\",\"evoluzione\"],\"articleSection\":[\"articoli\",\"filosofia e scienza\"],\"inLanguage\":\"it-IT\"},{\"@type\":\"WebPage\",\"@id\":\"https:\/\/www.civiltalaica.it\/cms\/darwinofobia\/\",\"url\":\"https:\/\/www.civiltalaica.it\/cms\/darwinofobia\/\",\"name\":\"Darwinofobia! - Associazione Culturale Civilt\u00e0 Laica\",\"isPartOf\":{\"@id\":\"https:\/\/www.civiltalaica.it\/cms\/#website\"},\"primaryImageOfPage\":{\"@id\":\"https:\/\/www.civiltalaica.it\/cms\/darwinofobia\/#primaryimage\"},\"image\":{\"@id\":\"https:\/\/www.civiltalaica.it\/cms\/darwinofobia\/#primaryimage\"},\"thumbnailUrl\":\"https:\/\/www.civiltalaica.it\/cms\/wp-content\/uploads\/2023\/04\/tris.jpg\",\"datePublished\":\"2023-04-04T16:59:50+00:00\",\"dateModified\":\"2023-04-05T06:23:26+00:00\",\"author\":{\"@id\":\"https:\/\/www.civiltalaica.it\/cms\/#\/schema\/person\/4efef56f866329a1e0943eb27336df1d\"},\"description\":\"poveri Homo Sapiens, da soli contro una natura-universo che non solo non ci ha creati ma che non ci aveva neanche previsto!\",\"breadcrumb\":{\"@id\":\"https:\/\/www.civiltalaica.it\/cms\/darwinofobia\/#breadcrumb\"},\"inLanguage\":\"it-IT\",\"potentialAction\":[{\"@type\":\"ReadAction\",\"target\":[\"https:\/\/www.civiltalaica.it\/cms\/darwinofobia\/\"]}]},{\"@type\":\"ImageObject\",\"inLanguage\":\"it-IT\",\"@id\":\"https:\/\/www.civiltalaica.it\/cms\/darwinofobia\/#primaryimage\",\"url\":\"https:\/\/www.civiltalaica.it\/cms\/wp-content\/uploads\/2023\/04\/tris.jpg\",\"contentUrl\":\"https:\/\/www.civiltalaica.it\/cms\/wp-content\/uploads\/2023\/04\/tris.jpg\",\"width\":669,\"height\":335},{\"@type\":\"BreadcrumbList\",\"@id\":\"https:\/\/www.civiltalaica.it\/cms\/darwinofobia\/#breadcrumb\",\"itemListElement\":[{\"@type\":\"ListItem\",\"position\":1,\"name\":\"Home\",\"item\":\"https:\/\/www.civiltalaica.it\/cms\/\"},{\"@type\":\"ListItem\",\"position\":2,\"name\":\"Darwinofobia!\"}]},{\"@type\":\"WebSite\",\"@id\":\"https:\/\/www.civiltalaica.it\/cms\/#website\",\"url\":\"https:\/\/www.civiltalaica.it\/cms\/\",\"name\":\"Associazione Culturale Civilt\u00e0 Laica\",\"description\":\"Per un movimento culturale volto a difendere la Laicit\u00e0 dello Stato.\",\"potentialAction\":[{\"@type\":\"SearchAction\",\"target\":{\"@type\":\"EntryPoint\",\"urlTemplate\":\"https:\/\/www.civiltalaica.it\/cms\/?s={search_term_string}\"},\"query-input\":{\"@type\":\"PropertyValueSpecification\",\"valueRequired\":true,\"valueName\":\"search_term_string\"}}],\"inLanguage\":\"it-IT\"},{\"@type\":\"Person\",\"@id\":\"https:\/\/www.civiltalaica.it\/cms\/#\/schema\/person\/4efef56f866329a1e0943eb27336df1d\",\"name\":\"alexjc\",\"url\":\"https:\/\/www.civiltalaica.it\/cms\/author\/alexjc\/\"}]}<\/script>\n<!-- \/ Yoast SEO plugin. -->","yoast_head_json":{"title":"Darwinofobia! - Associazione Culturale Civilt\u00e0 Laica","description":"poveri Homo Sapiens, da soli contro una natura-universo che non solo non ci ha creati ma che non ci aveva neanche previsto!","robots":{"index":"index","follow":"follow","max-snippet":"max-snippet:-1","max-image-preview":"max-image-preview:large","max-video-preview":"max-video-preview:-1"},"canonical":"https:\/\/www.civiltalaica.it\/cms\/darwinofobia\/","og_locale":"it_IT","og_type":"article","og_title":"Darwinofobia! - Associazione Culturale Civilt\u00e0 Laica","og_description":"poveri Homo Sapiens, da soli contro una natura-universo che non solo non ci ha creati ma che non ci aveva neanche previsto!","og_url":"https:\/\/www.civiltalaica.it\/cms\/darwinofobia\/","og_site_name":"Associazione Culturale Civilt\u00e0 Laica","article_publisher":"https:\/\/www.facebook.com\/civiltalaica","article_published_time":"2023-04-04T16:59:50+00:00","article_modified_time":"2023-04-05T06:23:26+00:00","og_image":[{"width":669,"height":335,"url":"https:\/\/www.civiltalaica.it\/cms\/wp-content\/uploads\/2023\/04\/tris.jpg","type":"image\/jpeg"}],"author":"alexjc","twitter_card":"summary_large_image","twitter_misc":{"Scritto da":"alexjc","Tempo di lettura stimato":"8 minuti"},"schema":{"@context":"https:\/\/schema.org","@graph":[{"@type":"Article","@id":"https:\/\/www.civiltalaica.it\/cms\/darwinofobia\/#article","isPartOf":{"@id":"https:\/\/www.civiltalaica.it\/cms\/darwinofobia\/"},"author":{"name":"alexjc","@id":"https:\/\/www.civiltalaica.it\/cms\/#\/schema\/person\/4efef56f866329a1e0943eb27336df1d"},"headline":"Darwinofobia!","datePublished":"2023-04-04T16:59:50+00:00","dateModified":"2023-04-05T06:23:26+00:00","mainEntityOfPage":{"@id":"https:\/\/www.civiltalaica.it\/cms\/darwinofobia\/"},"wordCount":1226,"image":{"@id":"https:\/\/www.civiltalaica.it\/cms\/darwinofobia\/#primaryimage"},"thumbnailUrl":"https:\/\/www.civiltalaica.it\/cms\/wp-content\/uploads\/2023\/04\/tris.jpg","keywords":["alessandro chiometti","antievoluzionisti","creazionismo","darwin","darwinofobia","evoluzione"],"articleSection":["articoli","filosofia e scienza"],"inLanguage":"it-IT"},{"@type":"WebPage","@id":"https:\/\/www.civiltalaica.it\/cms\/darwinofobia\/","url":"https:\/\/www.civiltalaica.it\/cms\/darwinofobia\/","name":"Darwinofobia! - Associazione Culturale Civilt\u00e0 Laica","isPartOf":{"@id":"https:\/\/www.civiltalaica.it\/cms\/#website"},"primaryImageOfPage":{"@id":"https:\/\/www.civiltalaica.it\/cms\/darwinofobia\/#primaryimage"},"image":{"@id":"https:\/\/www.civiltalaica.it\/cms\/darwinofobia\/#primaryimage"},"thumbnailUrl":"https:\/\/www.civiltalaica.it\/cms\/wp-content\/uploads\/2023\/04\/tris.jpg","datePublished":"2023-04-04T16:59:50+00:00","dateModified":"2023-04-05T06:23:26+00:00","author":{"@id":"https:\/\/www.civiltalaica.it\/cms\/#\/schema\/person\/4efef56f866329a1e0943eb27336df1d"},"description":"poveri Homo Sapiens, da soli contro una natura-universo che non solo non ci ha creati ma che non ci aveva neanche previsto!","breadcrumb":{"@id":"https:\/\/www.civiltalaica.it\/cms\/darwinofobia\/#breadcrumb"},"inLanguage":"it-IT","potentialAction":[{"@type":"ReadAction","target":["https:\/\/www.civiltalaica.it\/cms\/darwinofobia\/"]}]},{"@type":"ImageObject","inLanguage":"it-IT","@id":"https:\/\/www.civiltalaica.it\/cms\/darwinofobia\/#primaryimage","url":"https:\/\/www.civiltalaica.it\/cms\/wp-content\/uploads\/2023\/04\/tris.jpg","contentUrl":"https:\/\/www.civiltalaica.it\/cms\/wp-content\/uploads\/2023\/04\/tris.jpg","width":669,"height":335},{"@type":"BreadcrumbList","@id":"https:\/\/www.civiltalaica.it\/cms\/darwinofobia\/#breadcrumb","itemListElement":[{"@type":"ListItem","position":1,"name":"Home","item":"https:\/\/www.civiltalaica.it\/cms\/"},{"@type":"ListItem","position":2,"name":"Darwinofobia!"}]},{"@type":"WebSite","@id":"https:\/\/www.civiltalaica.it\/cms\/#website","url":"https:\/\/www.civiltalaica.it\/cms\/","name":"Associazione Culturale Civilt\u00e0 Laica","description":"Per un movimento culturale volto a difendere la Laicit\u00e0 dello Stato.","potentialAction":[{"@type":"SearchAction","target":{"@type":"EntryPoint","urlTemplate":"https:\/\/www.civiltalaica.it\/cms\/?s={search_term_string}"},"query-input":{"@type":"PropertyValueSpecification","valueRequired":true,"valueName":"search_term_string"}}],"inLanguage":"it-IT"},{"@type":"Person","@id":"https:\/\/www.civiltalaica.it\/cms\/#\/schema\/person\/4efef56f866329a1e0943eb27336df1d","name":"alexjc","url":"https:\/\/www.civiltalaica.it\/cms\/author\/alexjc\/"}]}},"_links":{"self":[{"href":"https:\/\/www.civiltalaica.it\/cms\/wp-json\/wp\/v2\/posts\/26191","targetHints":{"allow":["GET"]}}],"collection":[{"href":"https:\/\/www.civiltalaica.it\/cms\/wp-json\/wp\/v2\/posts"}],"about":[{"href":"https:\/\/www.civiltalaica.it\/cms\/wp-json\/wp\/v2\/types\/post"}],"author":[{"embeddable":true,"href":"https:\/\/www.civiltalaica.it\/cms\/wp-json\/wp\/v2\/users\/7"}],"replies":[{"embeddable":true,"href":"https:\/\/www.civiltalaica.it\/cms\/wp-json\/wp\/v2\/comments?post=26191"}],"version-history":[{"count":5,"href":"https:\/\/www.civiltalaica.it\/cms\/wp-json\/wp\/v2\/posts\/26191\/revisions"}],"predecessor-version":[{"id":26205,"href":"https:\/\/www.civiltalaica.it\/cms\/wp-json\/wp\/v2\/posts\/26191\/revisions\/26205"}],"wp:featuredmedia":[{"embeddable":true,"href":"https:\/\/www.civiltalaica.it\/cms\/wp-json\/wp\/v2\/media\/26201"}],"wp:attachment":[{"href":"https:\/\/www.civiltalaica.it\/cms\/wp-json\/wp\/v2\/media?parent=26191"}],"wp:term":[{"taxonomy":"category","embeddable":true,"href":"https:\/\/www.civiltalaica.it\/cms\/wp-json\/wp\/v2\/categories?post=26191"},{"taxonomy":"post_tag","embeddable":true,"href":"https:\/\/www.civiltalaica.it\/cms\/wp-json\/wp\/v2\/tags?post=26191"}],"curies":[{"name":"wp","href":"https:\/\/api.w.org\/{rel}","templated":true}]}}