{"id":24117,"date":"2022-07-30T08:58:18","date_gmt":"2022-07-30T08:58:18","guid":{"rendered":"https:\/\/www.civiltalaica.it\/cms\/?p=24117"},"modified":"2022-07-30T13:08:11","modified_gmt":"2022-07-30T13:08:11","slug":"e-si-credono-assolti","status":"publish","type":"post","link":"https:\/\/www.civiltalaica.it\/cms\/e-si-credono-assolti\/","title":{"rendered":"E si credono assolti"},"content":{"rendered":"<p>Puntualmente, quando la merda e l&#8217;odio che i mass media ci propongono in modo unificate mostrano i loro effetti concreti (in Usa con le sparatorie nelle scuole ad esempio, qui con gli omicidi per futili motivi in strada o fra le mura domestiche) il mass media buono, quello &#8220;<i>liberal-ma-per-l&#8217;amor-di-dio-non-comunista&#8221; <\/i>prova a tirarsi fuori e a ribadire la propria superiorit\u00e0 morale.<\/p>\n<p>Ed eccola qua l&#8217;home page del principe dei giornali buoni d&#8217;Italia, repubblica.it, &#8220;il giorno dopo&#8221; l&#8217;ennesimo fatto di sangue che colpisce la nuova non-normalit\u00e0 italica, in un estate tranquillamente fuori controllo dal punto di vista climatico (ovunque) e (qui anche) democratico.<\/p>\n<p><a href=\"https:\/\/www.civiltalaica.it\/cms\/wp-content\/uploads\/2022\/07\/repubblica-30.7.22.jpg\"><img loading=\"lazy\" decoding=\"async\" class=\"alignnone size-large wp-image-24116\" src=\"https:\/\/www.civiltalaica.it\/cms\/wp-content\/uploads\/2022\/07\/repubblica-30.7.22-1024x835.jpg\" alt=\"\" width=\"1024\" height=\"835\" srcset=\"https:\/\/www.civiltalaica.it\/cms\/wp-content\/uploads\/2022\/07\/repubblica-30.7.22-1024x835.jpg 1024w, https:\/\/www.civiltalaica.it\/cms\/wp-content\/uploads\/2022\/07\/repubblica-30.7.22-300x245.jpg 300w, https:\/\/www.civiltalaica.it\/cms\/wp-content\/uploads\/2022\/07\/repubblica-30.7.22-768x626.jpg 768w, https:\/\/www.civiltalaica.it\/cms\/wp-content\/uploads\/2022\/07\/repubblica-30.7.22-196x160.jpg 196w, https:\/\/www.civiltalaica.it\/cms\/wp-content\/uploads\/2022\/07\/repubblica-30.7.22.jpg 1147w\" sizes=\"auto, (max-width: 1024px) 100vw, 1024px\" \/><\/a><\/p>\n<p>&nbsp;<\/p>\n<p>&nbsp;<\/p>\n<p>1) <strong>Oggi<\/strong> repubblica.it se lo ricorda, parliamo di <b>uomini<\/b>. E anche &#8220;questi&#8221; uomini hanno moglie e figli che, quando muoiono in tragedie assurde, si chiedono piangendo e disperandosi &#8220;perch\u00e9?&#8221;. Gli altri giorni per i <em>mass media<\/em> non sono uomini ma, a seconda dei casi: immigrati, immigrati di seconda generazione, aspiranti italiani, immigrati pi\u00f9 o meno integrati, musulmani, vu cumpr\u00e0, irregolari, regolarizzati, rifugiati con documenti\/senza documenti, etc.<\/p>\n<p>Ma oggi no, oggi \u00e8 bene dirlo che <strong>Alika<\/strong> <b>era<\/b> <strong>un uomo<\/strong> e, come spesso succede, un uomo ha anche una moglie. Ecco, qui si dimostra la grande democraticit\u00e0 di repubblica.it, in questi casi le mogli e i parenti, di qualunque tipologia di uomo si parli, non vanno lasciati in pace nel loro dolore per il tempo minimo necessario a metabolizzarlo decentemente. No.<\/p>\n<p>La disperazione della moglie serve a fare audience e va quindi sbattuta in prima pagina. Lei e il suo grido umano di dolore che chiede: &#8220;Lo voglio vedere in faccia!&#8221;. Peccato che non abbia detto &#8220;Ci vorrebbe la pena di morte&#8221; sarebbe stato perfetto per l&#8217;articolo odierno dello sciacallo di turno.<br \/>\nNon sia mai che un mass media, importante per giunta, si comporti in modo responsabile. Se c&#8217;\u00e8 una donna che ha perso il marito per strada per mano di un razzista, di un fascista, o di qualcun altro affetto da altre simili formi di demenza, va sbattuta in prima pagina. Lei e il suo dolore.<\/p>\n<p>2) <strong>Video ripresi dai telefonini. Di un uomo che muore.<\/strong> Sfocati quel tanto che basta per non aver problemi con la privacy, hai visto mai. E magari (supponiamo&#8230; scusateci, ma non ci clicchiamo sopra) pubblicati con la scritta &#8220;<i>attenzione le immagini che seguono potrebbero urtare la vostra sensibili<\/i>t\u00e0&#8221;.<\/p>\n<p>Sciacalli dicevamo. Sciacalli che per\u00f2 quando sbranano il loro pasto si mettono il bavaglino per non sporcare la giacca di <i>liberal<\/i>-lino.<\/p>\n<p>Che non sia mai che il pi\u00f9 letto dei quotidiani <b>sinceramente democratici<\/b> italioti si ponga la domanda &#8220;Sar\u00e0 il caso di mostrarle certe cose o andrebbero messe da parte per approfondimenti su specifici programmi di approfondimento e lasciare certo voyeurismo agli youtuber?&#8221;<\/p>\n<p>E no, non si pu\u00f2, hai visto mai che si perdano click.<\/p>\n<p>3) <strong>Arrivano le analisi di approfondimento<\/strong>. L&#8217;immancabile Don Qualunque che ci ricorda il male umano, l&#8217;odio, il razzismo, la rabbia. Forse, parafrasando l&#8217;analisi della societ\u00e0 americana che<b> Stephen King fa su Guns<\/b>, \u00e8 ancora troppo presto per parlare dei danni della cultura nichilista. Ma forse anche no, dipende dal commentatore. Ad ogni modo il primo doveroso contributo per ribadire l&#8217;etica superiore di repubblica.it \u00e8 pubblicato.<\/p>\n<p>4) Altro commento di approfondimento: <strong>l&#8217;intellettuale che ci parla della societ\u00e0<\/strong>. Oggi tocca a Chiara Valerio (ottima e simpatica scrittrice peraltro) che scopre con indignazione (ci fermiamo al titolo e all&#8217;occhiello lasciando il resto agli abbonati) che &#8220;gli spettatori&#8221; non sono stati in grado di fermare la violenza ma solo di filmare la scena.<\/p>\n<p>A parte il fatto curioso \u00e8 che lo scriva sullo stesso giornale che pubblica i filmati incriminati, la domanda che ci preme \u00e8: ma siamo davvero ridotti cos\u00ec male che ci chiediamo <b>dov&#8217;era l&#8217;eroe?<\/b><\/p>\n<p>Per carit\u00e0 il dovere civico, l&#8217;umanit\u00e0, l&#8217;empatia e quant&#8217;altro. Ma mettetevi voi che avete cos\u00ec tanto coraggio (postumo, dietro la tastiera) in mezzo ad una lite, per strada o in discoteca di persone che si odiano davvero. E poi? Quando va male e invece degli encomi prendete la coltellata che doveva finire all&#8217;altro che succede?<\/p>\n<p>Per carit\u00e0, nessuno qui invita le persone a farsi gli affari propri, ci mancherebbe altro! Ma chiedersi &#8220;Perch\u00e9 nessuno \u00e8 intervenuto?&#8221; (come fa oggi non certo solo la Valerio) ci pare totalmente fuori luogo. Quale dovrebbe essere la risposta? <b>Bruce Wayne era in costume da bagno e Capitan America aveva lo scudo nella valigia che \u00e8 andata persa all&#8217;aeroporto?<\/b><\/p>\n<p>Ma cari leoni-moralizzatori da tastiera, ci vogliamo invece domandare dove cazzo sono i vari poliziotti di quartiere, i vigili dotati di <em>taser<\/em>, le security private che bisogna assumere anche per organizzare il concerto dello zecchino d&#8217;oro? Chi governa (liberal o reazionario che sia) si riempie la bocca con questi provvedimenti in ogni tornata elettorale, dirotta verso di queste i soldi pubblici&#8230; e poi? Dove sono queste forze dell&#8217;ordine? <strong>Magari in caserma perch\u00e9 non hanno la benzina?<\/strong><\/p>\n<p>Siamo al punto che invece di &#8220;La polizia dov&#8217;\u00e8?&#8221; ci chiediamo &#8220;Batman dov&#8217;\u00e8?&#8221;; siamo davvero ridotti cos\u00ec male?<br \/>\n<strong>La risposta \u00e8 inevitabilmente s\u00ec.\u00a0<\/strong><\/p>\n<p>5) Link di rimando all&#8217;articolo originale. Qui gli uomini sono gi\u00e0 finiti. Il morto era <b>nigeriano<\/b> l&#8217;aggressore \u00e8 <b>italiano<\/b>. E come insegna l&#8217;esempio <i>uomo morde cane<\/i>, questa s\u00ec che \u00e8 una notizia, giusto? Ma vi capiamo cari Gedi, \u00e8 necessario&#8230; altrimenti il lettore potrebbe diventare troppo umano e magari cominciare a trovar di pessimo il vostro giornalis&#8230; no niente scusate, <strong>ci stava per uscire una parola grossa.<\/strong><\/p>\n<p>*) <strong>Bonus<\/strong>. Il tutto ovviamente condito sapientemente con le solite insopportabili pubblicit\u00e0 <b>google-grande fratello<\/b> che ci ricordano che ieri sera abbiamo parlato al telefono di un piatto doccia da montare in bagno. Ma c&#8217;\u00e8 da capirli questi poveracci, sono un blog di sciacallaggio qualunque in cerca di soldi facili, mica l&#8217;home page del pi\u00f9 importante giornale <i>liberal-ma-per-l&#8217;amor-di-dio-non-comunista<\/i>, giusto?<\/p>\n<p>Poi <i>succede di nuovo e ricomincia tutto da capo. Ecco come vanno le cose. (<\/i>da<i> Guns, S. King)<\/i><\/p>\n<p><strong>Alessandro Chiometti<\/strong><\/p>\n<p>&nbsp;<\/p>\n<p><a href=\"https:\/\/www.civiltalaica.it\/cms\/wp-content\/uploads\/2020\/02\/alessandro-scaled.jpg\"><img loading=\"lazy\" decoding=\"async\" class=\"alignnone wp-image-16678\" src=\"https:\/\/www.civiltalaica.it\/cms\/wp-content\/uploads\/2020\/02\/alessandro-945x1024.jpg\" alt=\"\" width=\"334\" height=\"362\" srcset=\"https:\/\/www.civiltalaica.it\/cms\/wp-content\/uploads\/2020\/02\/alessandro-945x1024.jpg 945w, https:\/\/www.civiltalaica.it\/cms\/wp-content\/uploads\/2020\/02\/alessandro-277x300.jpg 277w, https:\/\/www.civiltalaica.it\/cms\/wp-content\/uploads\/2020\/02\/alessandro-768x832.jpg 768w, https:\/\/www.civiltalaica.it\/cms\/wp-content\/uploads\/2020\/02\/alessandro-1418x1536.jpg 1418w, https:\/\/www.civiltalaica.it\/cms\/wp-content\/uploads\/2020\/02\/alessandro-1890x2048.jpg 1890w, https:\/\/www.civiltalaica.it\/cms\/wp-content\/uploads\/2020\/02\/alessandro-148x160.jpg 148w\" sizes=\"auto, (max-width: 334px) 100vw, 334px\" \/><\/a><\/p>\n","protected":false},"excerpt":{"rendered":"<p>Puntualmente, quando la merda e l&#8217;odio che i mass media ci propongono in modo unificate mostrano i loro effetti concreti (in Usa con le sparatorie nelle scuole ad esempio, qui con gli omicidi per futili motivi in strada o fra le mura domestiche) il mass media buono, quello &#8220;liberal-ma-per-l&#8217;amor-di-dio-non-comunista&#8221; prova a tirarsi fuori e a [&hellip;]<\/p>\n","protected":false},"author":7,"featured_media":24116,"comment_status":"closed","ping_status":"closed","sticky":false,"template":"","format":"standard","meta":{"footnotes":""},"categories":[238,230],"tags":[79,2129,864,2128,175,108],"class_list":["post-24117","post","type-post","status-publish","format-standard","has-post-thumbnail","hentry","category-articoli","category-attualita","tag-alessandro-chiometti","tag-alika","tag-etica","tag-omcidio-civitanova-marche","tag-repubblica","tag-violenza"],"yoast_head":"<!-- This site is optimized with the Yoast SEO plugin v27.1.1 - https:\/\/yoast.com\/product\/yoast-seo-wordpress\/ -->\n<title>E si credono assolti - Associazione Culturale Civilt\u00e0 Laica<\/title>\n<meta name=\"description\" content=\"Poi succede di nuovo e ricomincia tutto da capo. Ecco come vanno le cose.\" \/>\n<meta name=\"robots\" content=\"index, follow, max-snippet:-1, max-image-preview:large, max-video-preview:-1\" \/>\n<link rel=\"canonical\" href=\"https:\/\/www.civiltalaica.it\/cms\/e-si-credono-assolti\/\" \/>\n<meta property=\"og:locale\" content=\"it_IT\" \/>\n<meta property=\"og:type\" content=\"article\" \/>\n<meta property=\"og:title\" content=\"E si credono assolti - Associazione Culturale Civilt\u00e0 Laica\" \/>\n<meta property=\"og:description\" content=\"Poi succede di nuovo e ricomincia tutto da capo. Ecco come vanno le cose.\" \/>\n<meta property=\"og:url\" content=\"https:\/\/www.civiltalaica.it\/cms\/e-si-credono-assolti\/\" \/>\n<meta property=\"og:site_name\" content=\"Associazione Culturale Civilt\u00e0 Laica\" \/>\n<meta property=\"article:publisher\" content=\"https:\/\/www.facebook.com\/civiltalaica\" \/>\n<meta property=\"article:published_time\" content=\"2022-07-30T08:58:18+00:00\" \/>\n<meta property=\"article:modified_time\" content=\"2022-07-30T13:08:11+00:00\" \/>\n<meta property=\"og:image\" content=\"https:\/\/www.civiltalaica.it\/cms\/wp-content\/uploads\/2022\/07\/repubblica-30.7.22.jpg\" \/>\n\t<meta property=\"og:image:width\" content=\"1147\" \/>\n\t<meta property=\"og:image:height\" content=\"935\" \/>\n\t<meta property=\"og:image:type\" content=\"image\/jpeg\" \/>\n<meta name=\"author\" content=\"alexjc\" \/>\n<meta name=\"twitter:card\" content=\"summary_large_image\" \/>\n<meta name=\"twitter:label1\" content=\"Scritto da\" \/>\n\t<meta name=\"twitter:data1\" content=\"alexjc\" \/>\n\t<meta name=\"twitter:label2\" content=\"Tempo di lettura stimato\" \/>\n\t<meta name=\"twitter:data2\" content=\"6 minuti\" \/>\n<script type=\"application\/ld+json\" class=\"yoast-schema-graph\">{\"@context\":\"https:\/\/schema.org\",\"@graph\":[{\"@type\":\"Article\",\"@id\":\"https:\/\/www.civiltalaica.it\/cms\/e-si-credono-assolti\/#article\",\"isPartOf\":{\"@id\":\"https:\/\/www.civiltalaica.it\/cms\/e-si-credono-assolti\/\"},\"author\":{\"name\":\"alexjc\",\"@id\":\"https:\/\/www.civiltalaica.it\/cms\/#\/schema\/person\/4efef56f866329a1e0943eb27336df1d\"},\"headline\":\"E si credono assolti\",\"datePublished\":\"2022-07-30T08:58:18+00:00\",\"dateModified\":\"2022-07-30T13:08:11+00:00\",\"mainEntityOfPage\":{\"@id\":\"https:\/\/www.civiltalaica.it\/cms\/e-si-credono-assolti\/\"},\"wordCount\":965,\"image\":{\"@id\":\"https:\/\/www.civiltalaica.it\/cms\/e-si-credono-assolti\/#primaryimage\"},\"thumbnailUrl\":\"https:\/\/www.civiltalaica.it\/cms\/wp-content\/uploads\/2022\/07\/repubblica-30.7.22.jpg\",\"keywords\":[\"alessandro chiometti\",\"Alika\",\"etica\",\"omcidio civitanova marche\",\"repubblica\",\"violenza\"],\"articleSection\":[\"articoli\",\"attualit\u00e0\"],\"inLanguage\":\"it-IT\"},{\"@type\":\"WebPage\",\"@id\":\"https:\/\/www.civiltalaica.it\/cms\/e-si-credono-assolti\/\",\"url\":\"https:\/\/www.civiltalaica.it\/cms\/e-si-credono-assolti\/\",\"name\":\"E si credono assolti - Associazione Culturale Civilt\u00e0 Laica\",\"isPartOf\":{\"@id\":\"https:\/\/www.civiltalaica.it\/cms\/#website\"},\"primaryImageOfPage\":{\"@id\":\"https:\/\/www.civiltalaica.it\/cms\/e-si-credono-assolti\/#primaryimage\"},\"image\":{\"@id\":\"https:\/\/www.civiltalaica.it\/cms\/e-si-credono-assolti\/#primaryimage\"},\"thumbnailUrl\":\"https:\/\/www.civiltalaica.it\/cms\/wp-content\/uploads\/2022\/07\/repubblica-30.7.22.jpg\",\"datePublished\":\"2022-07-30T08:58:18+00:00\",\"dateModified\":\"2022-07-30T13:08:11+00:00\",\"author\":{\"@id\":\"https:\/\/www.civiltalaica.it\/cms\/#\/schema\/person\/4efef56f866329a1e0943eb27336df1d\"},\"description\":\"Poi succede di nuovo e ricomincia tutto da capo. Ecco come vanno le cose.\",\"breadcrumb\":{\"@id\":\"https:\/\/www.civiltalaica.it\/cms\/e-si-credono-assolti\/#breadcrumb\"},\"inLanguage\":\"it-IT\",\"potentialAction\":[{\"@type\":\"ReadAction\",\"target\":[\"https:\/\/www.civiltalaica.it\/cms\/e-si-credono-assolti\/\"]}]},{\"@type\":\"ImageObject\",\"inLanguage\":\"it-IT\",\"@id\":\"https:\/\/www.civiltalaica.it\/cms\/e-si-credono-assolti\/#primaryimage\",\"url\":\"https:\/\/www.civiltalaica.it\/cms\/wp-content\/uploads\/2022\/07\/repubblica-30.7.22.jpg\",\"contentUrl\":\"https:\/\/www.civiltalaica.it\/cms\/wp-content\/uploads\/2022\/07\/repubblica-30.7.22.jpg\",\"width\":1147,\"height\":935},{\"@type\":\"BreadcrumbList\",\"@id\":\"https:\/\/www.civiltalaica.it\/cms\/e-si-credono-assolti\/#breadcrumb\",\"itemListElement\":[{\"@type\":\"ListItem\",\"position\":1,\"name\":\"Home\",\"item\":\"https:\/\/www.civiltalaica.it\/cms\/\"},{\"@type\":\"ListItem\",\"position\":2,\"name\":\"E si credono assolti\"}]},{\"@type\":\"WebSite\",\"@id\":\"https:\/\/www.civiltalaica.it\/cms\/#website\",\"url\":\"https:\/\/www.civiltalaica.it\/cms\/\",\"name\":\"Associazione Culturale Civilt\u00e0 Laica\",\"description\":\"Per un movimento culturale volto a difendere la Laicit\u00e0 dello Stato.\",\"potentialAction\":[{\"@type\":\"SearchAction\",\"target\":{\"@type\":\"EntryPoint\",\"urlTemplate\":\"https:\/\/www.civiltalaica.it\/cms\/?s={search_term_string}\"},\"query-input\":{\"@type\":\"PropertyValueSpecification\",\"valueRequired\":true,\"valueName\":\"search_term_string\"}}],\"inLanguage\":\"it-IT\"},{\"@type\":\"Person\",\"@id\":\"https:\/\/www.civiltalaica.it\/cms\/#\/schema\/person\/4efef56f866329a1e0943eb27336df1d\",\"name\":\"alexjc\",\"url\":\"https:\/\/www.civiltalaica.it\/cms\/author\/alexjc\/\"}]}<\/script>\n<!-- \/ Yoast SEO plugin. -->","yoast_head_json":{"title":"E si credono assolti - Associazione Culturale Civilt\u00e0 Laica","description":"Poi succede di nuovo e ricomincia tutto da capo. Ecco come vanno le cose.","robots":{"index":"index","follow":"follow","max-snippet":"max-snippet:-1","max-image-preview":"max-image-preview:large","max-video-preview":"max-video-preview:-1"},"canonical":"https:\/\/www.civiltalaica.it\/cms\/e-si-credono-assolti\/","og_locale":"it_IT","og_type":"article","og_title":"E si credono assolti - Associazione Culturale Civilt\u00e0 Laica","og_description":"Poi succede di nuovo e ricomincia tutto da capo. Ecco come vanno le cose.","og_url":"https:\/\/www.civiltalaica.it\/cms\/e-si-credono-assolti\/","og_site_name":"Associazione Culturale Civilt\u00e0 Laica","article_publisher":"https:\/\/www.facebook.com\/civiltalaica","article_published_time":"2022-07-30T08:58:18+00:00","article_modified_time":"2022-07-30T13:08:11+00:00","og_image":[{"width":1147,"height":935,"url":"https:\/\/www.civiltalaica.it\/cms\/wp-content\/uploads\/2022\/07\/repubblica-30.7.22.jpg","type":"image\/jpeg"}],"author":"alexjc","twitter_card":"summary_large_image","twitter_misc":{"Scritto da":"alexjc","Tempo di lettura stimato":"6 minuti"},"schema":{"@context":"https:\/\/schema.org","@graph":[{"@type":"Article","@id":"https:\/\/www.civiltalaica.it\/cms\/e-si-credono-assolti\/#article","isPartOf":{"@id":"https:\/\/www.civiltalaica.it\/cms\/e-si-credono-assolti\/"},"author":{"name":"alexjc","@id":"https:\/\/www.civiltalaica.it\/cms\/#\/schema\/person\/4efef56f866329a1e0943eb27336df1d"},"headline":"E si credono assolti","datePublished":"2022-07-30T08:58:18+00:00","dateModified":"2022-07-30T13:08:11+00:00","mainEntityOfPage":{"@id":"https:\/\/www.civiltalaica.it\/cms\/e-si-credono-assolti\/"},"wordCount":965,"image":{"@id":"https:\/\/www.civiltalaica.it\/cms\/e-si-credono-assolti\/#primaryimage"},"thumbnailUrl":"https:\/\/www.civiltalaica.it\/cms\/wp-content\/uploads\/2022\/07\/repubblica-30.7.22.jpg","keywords":["alessandro chiometti","Alika","etica","omcidio civitanova marche","repubblica","violenza"],"articleSection":["articoli","attualit\u00e0"],"inLanguage":"it-IT"},{"@type":"WebPage","@id":"https:\/\/www.civiltalaica.it\/cms\/e-si-credono-assolti\/","url":"https:\/\/www.civiltalaica.it\/cms\/e-si-credono-assolti\/","name":"E si credono assolti - Associazione Culturale Civilt\u00e0 Laica","isPartOf":{"@id":"https:\/\/www.civiltalaica.it\/cms\/#website"},"primaryImageOfPage":{"@id":"https:\/\/www.civiltalaica.it\/cms\/e-si-credono-assolti\/#primaryimage"},"image":{"@id":"https:\/\/www.civiltalaica.it\/cms\/e-si-credono-assolti\/#primaryimage"},"thumbnailUrl":"https:\/\/www.civiltalaica.it\/cms\/wp-content\/uploads\/2022\/07\/repubblica-30.7.22.jpg","datePublished":"2022-07-30T08:58:18+00:00","dateModified":"2022-07-30T13:08:11+00:00","author":{"@id":"https:\/\/www.civiltalaica.it\/cms\/#\/schema\/person\/4efef56f866329a1e0943eb27336df1d"},"description":"Poi succede di nuovo e ricomincia tutto da capo. Ecco come vanno le cose.","breadcrumb":{"@id":"https:\/\/www.civiltalaica.it\/cms\/e-si-credono-assolti\/#breadcrumb"},"inLanguage":"it-IT","potentialAction":[{"@type":"ReadAction","target":["https:\/\/www.civiltalaica.it\/cms\/e-si-credono-assolti\/"]}]},{"@type":"ImageObject","inLanguage":"it-IT","@id":"https:\/\/www.civiltalaica.it\/cms\/e-si-credono-assolti\/#primaryimage","url":"https:\/\/www.civiltalaica.it\/cms\/wp-content\/uploads\/2022\/07\/repubblica-30.7.22.jpg","contentUrl":"https:\/\/www.civiltalaica.it\/cms\/wp-content\/uploads\/2022\/07\/repubblica-30.7.22.jpg","width":1147,"height":935},{"@type":"BreadcrumbList","@id":"https:\/\/www.civiltalaica.it\/cms\/e-si-credono-assolti\/#breadcrumb","itemListElement":[{"@type":"ListItem","position":1,"name":"Home","item":"https:\/\/www.civiltalaica.it\/cms\/"},{"@type":"ListItem","position":2,"name":"E si credono assolti"}]},{"@type":"WebSite","@id":"https:\/\/www.civiltalaica.it\/cms\/#website","url":"https:\/\/www.civiltalaica.it\/cms\/","name":"Associazione Culturale Civilt\u00e0 Laica","description":"Per un movimento culturale volto a difendere la Laicit\u00e0 dello Stato.","potentialAction":[{"@type":"SearchAction","target":{"@type":"EntryPoint","urlTemplate":"https:\/\/www.civiltalaica.it\/cms\/?s={search_term_string}"},"query-input":{"@type":"PropertyValueSpecification","valueRequired":true,"valueName":"search_term_string"}}],"inLanguage":"it-IT"},{"@type":"Person","@id":"https:\/\/www.civiltalaica.it\/cms\/#\/schema\/person\/4efef56f866329a1e0943eb27336df1d","name":"alexjc","url":"https:\/\/www.civiltalaica.it\/cms\/author\/alexjc\/"}]}},"_links":{"self":[{"href":"https:\/\/www.civiltalaica.it\/cms\/wp-json\/wp\/v2\/posts\/24117","targetHints":{"allow":["GET"]}}],"collection":[{"href":"https:\/\/www.civiltalaica.it\/cms\/wp-json\/wp\/v2\/posts"}],"about":[{"href":"https:\/\/www.civiltalaica.it\/cms\/wp-json\/wp\/v2\/types\/post"}],"author":[{"embeddable":true,"href":"https:\/\/www.civiltalaica.it\/cms\/wp-json\/wp\/v2\/users\/7"}],"replies":[{"embeddable":true,"href":"https:\/\/www.civiltalaica.it\/cms\/wp-json\/wp\/v2\/comments?post=24117"}],"version-history":[{"count":12,"href":"https:\/\/www.civiltalaica.it\/cms\/wp-json\/wp\/v2\/posts\/24117\/revisions"}],"predecessor-version":[{"id":24131,"href":"https:\/\/www.civiltalaica.it\/cms\/wp-json\/wp\/v2\/posts\/24117\/revisions\/24131"}],"wp:featuredmedia":[{"embeddable":true,"href":"https:\/\/www.civiltalaica.it\/cms\/wp-json\/wp\/v2\/media\/24116"}],"wp:attachment":[{"href":"https:\/\/www.civiltalaica.it\/cms\/wp-json\/wp\/v2\/media?parent=24117"}],"wp:term":[{"taxonomy":"category","embeddable":true,"href":"https:\/\/www.civiltalaica.it\/cms\/wp-json\/wp\/v2\/categories?post=24117"},{"taxonomy":"post_tag","embeddable":true,"href":"https:\/\/www.civiltalaica.it\/cms\/wp-json\/wp\/v2\/tags?post=24117"}],"curies":[{"name":"wp","href":"https:\/\/api.w.org\/{rel}","templated":true}]}}