{"id":21959,"date":"2021-12-15T12:04:30","date_gmt":"2021-12-15T12:04:30","guid":{"rendered":"https:\/\/www.civiltalaica.it\/cms\/?p=21959"},"modified":"2021-12-15T12:04:30","modified_gmt":"2021-12-15T12:04:30","slug":"redzone","status":"publish","type":"post","link":"https:\/\/www.civiltalaica.it\/cms\/redzone\/","title":{"rendered":"REDZONE- storie di resistenze future"},"content":{"rendered":"<p><a href=\"https:\/\/www.civiltalaica.it\/cms\/wp-content\/uploads\/2021\/12\/TUTTI.jpg\"><img loading=\"lazy\" decoding=\"async\" class=\"alignnone size-full wp-image-21962\" src=\"https:\/\/www.civiltalaica.it\/cms\/wp-content\/uploads\/2021\/12\/TUTTI.jpg\" alt=\"\" width=\"2048\" height=\"1536\" srcset=\"https:\/\/www.civiltalaica.it\/cms\/wp-content\/uploads\/2021\/12\/TUTTI.jpg 2048w, https:\/\/www.civiltalaica.it\/cms\/wp-content\/uploads\/2021\/12\/TUTTI-300x225.jpg 300w, https:\/\/www.civiltalaica.it\/cms\/wp-content\/uploads\/2021\/12\/TUTTI-1024x768.jpg 1024w, https:\/\/www.civiltalaica.it\/cms\/wp-content\/uploads\/2021\/12\/TUTTI-768x576.jpg 768w, https:\/\/www.civiltalaica.it\/cms\/wp-content\/uploads\/2021\/12\/TUTTI-1536x1152.jpg 1536w, https:\/\/www.civiltalaica.it\/cms\/wp-content\/uploads\/2021\/12\/TUTTI-213x160.jpg 213w\" sizes=\"auto, (max-width: 2048px) 100vw, 2048px\" \/><\/a><\/p>\n<p>Quattro degli autori del Collettivo di Scrittura <strong>&#8220;Senza Confine&#8221;<\/strong> sono stati ospiti della nostra iniziativa realizzata in collaborazione con <strong>Terni Valley<\/strong> e il <strong>Progetto Mandela<\/strong>.<\/p>\n<p>Senza Confine \u00e8 un tentativo di <em>narrativa solidale,<\/em> come qualcuno l&#8217;ha definito, con degli autori che prestano le loro penne per la realizzazione di antologie di racconti fantasy (alla domanda: &#8220;Perch\u00e9 il Fantasy?&#8221; rispondono &#8220;Perch\u00e9 \u00e8 quel che ci piace e quel che pensiamo sappiamo scrivere meglio&#8221;) i cui proventi andranno interamente ad associazioni che ritengono meritevoli.<\/p>\n<p>Se nel 2020 l&#8217;antologia &#8220;<strong>Mari Aperti<\/strong>&#8221; l&#8217;ispirazione per il tema veniva dal mare come protagonista del fenomeno migratorio di cui si (s)parla in continuazione ed era stata individuata l&#8217;Ong Open Arms come destinataria dei fondi; nel 2021 l&#8217;ispirazione viene dal fatto che questo&#8217;anno \u00e8 il ventesimo anniversario del <strong>G8 di Genova 2001<\/strong> e dei tristi fatti ad esso collegati.<br \/>\nIl risultato cos\u00ec non pu\u00f2 quindi che essere questa <strong>REDZONE &#8211; Storie di resistente future<\/strong>, con una fantascienza quanto mai distopica (se non totalmente horror) con paure di controllo e repressione da parte degli Stati o delle Corporazioni Economiche che li hanno sostituiti.<\/p>\n<p><a href=\"https:\/\/www.civiltalaica.it\/cms\/wp-content\/uploads\/2021\/12\/MMAF.jpg\"><img loading=\"lazy\" decoding=\"async\" class=\"alignnone size-full wp-image-21960\" src=\"https:\/\/www.civiltalaica.it\/cms\/wp-content\/uploads\/2021\/12\/MMAF.jpg\" alt=\"\" width=\"2048\" height=\"1536\" srcset=\"https:\/\/www.civiltalaica.it\/cms\/wp-content\/uploads\/2021\/12\/MMAF.jpg 2048w, https:\/\/www.civiltalaica.it\/cms\/wp-content\/uploads\/2021\/12\/MMAF-300x225.jpg 300w, https:\/\/www.civiltalaica.it\/cms\/wp-content\/uploads\/2021\/12\/MMAF-1024x768.jpg 1024w, https:\/\/www.civiltalaica.it\/cms\/wp-content\/uploads\/2021\/12\/MMAF-768x576.jpg 768w, https:\/\/www.civiltalaica.it\/cms\/wp-content\/uploads\/2021\/12\/MMAF-1536x1152.jpg 1536w, https:\/\/www.civiltalaica.it\/cms\/wp-content\/uploads\/2021\/12\/MMAF-213x160.jpg 213w\" sizes=\"auto, (max-width: 2048px) 100vw, 2048px\" \/><\/a><\/p>\n<p>Un progetto gestito totalmente dal basso, autopubblicato come ebook\u00a0 e stampato tramite Amazon (se avete critiche su questa scelta chiedete direttamente agli autori) e che, a proposito del sito di Bezos \u00e8 riuscito a scalare le sue classifiche arrivando fino al primo posto dei libri di fantascienza&#8230;\u00a0 &#8220;<strong>Si pu\u00f2 fare!<\/strong>&#8221; verrebbe da dire per rimanere nel fantasy.<\/p>\n<p><strong>Maikel Maryn<\/strong> e <strong>Andrea Marinucci Foa<\/strong>, ideatori del collettivo, insieme ad <strong>Alessandro Chiometti<\/strong> e <strong>Francesca Cappelli<\/strong> hanno parlato dei loro racconti e dei loro ricordi di Genova 2001 in un pomeriggio che \u00e8 servito soprattutto a ritrovare amici ed associazioni amiche per ripartire insieme, pandemia o non pandemia.<\/p>\n<p><a href=\"https:\/\/www.civiltalaica.it\/cms\/wp-content\/uploads\/2021\/12\/FC.jpg\"><img loading=\"lazy\" decoding=\"async\" class=\"alignnone size-full wp-image-21961\" src=\"https:\/\/www.civiltalaica.it\/cms\/wp-content\/uploads\/2021\/12\/FC.jpg\" alt=\"\" width=\"1536\" height=\"2048\" srcset=\"https:\/\/www.civiltalaica.it\/cms\/wp-content\/uploads\/2021\/12\/FC.jpg 1536w, https:\/\/www.civiltalaica.it\/cms\/wp-content\/uploads\/2021\/12\/FC-225x300.jpg 225w, https:\/\/www.civiltalaica.it\/cms\/wp-content\/uploads\/2021\/12\/FC-768x1024.jpg 768w, https:\/\/www.civiltalaica.it\/cms\/wp-content\/uploads\/2021\/12\/FC-1152x1536.jpg 1152w, https:\/\/www.civiltalaica.it\/cms\/wp-content\/uploads\/2021\/12\/FC-120x160.jpg 120w\" sizes=\"auto, (max-width: 1536px) 100vw, 1536px\" \/><\/a><br \/>\nPerch\u00e9 se nel 2001 si diceva che un altro mondo \u00e8 possibile oggi dovrebbe essere quanto meno <strong>necessario<\/strong>.<\/p>\n<p>Eppure, laicamente parlando, \u00e8 sempre pi\u00f9 triste vedere come alcuni riescano ad usare un pensiero libero e critico solo quando si parla di dogmi religiosi e non riescano a capire che la laicit\u00e0 \u00e8 un metodo di &#8220;lavoro&#8221; che vale per ogni tassello della societ\u00e0 umana.<\/p>\n","protected":false},"excerpt":{"rendered":"<p>Quattro degli autori del Collettivo di Scrittura &#8220;Senza Confine&#8221; sono stati ospiti della nostra iniziativa realizzata in collaborazione con Terni Valley e il Progetto Mandela. Senza Confine \u00e8 un tentativo di narrativa solidale, come qualcuno l&#8217;ha definito, con degli autori che prestano le loro penne per la realizzazione di antologie di racconti fantasy (alla domanda: [&hellip;]<\/p>\n","protected":false},"author":7,"featured_media":21962,"comment_status":"closed","ping_status":"closed","sticky":false,"template":"","format":"standard","meta":{"footnotes":""},"categories":[238,235],"tags":[2096,1029,2095,2020],"class_list":["post-21959","post","type-post","status-publish","format-standard","has-post-thumbnail","hentry","category-articoli","category-andata","tag-associazioni","tag-incontri","tag-redzone","tag-senza-confine"],"yoast_head":"<!-- This site is optimized with the Yoast SEO plugin v27.1.1 - https:\/\/yoast.com\/product\/yoast-seo-wordpress\/ -->\n<title>REDZONE- storie di resistenze future - Associazione Culturale Civilt\u00e0 Laica<\/title>\n<meta name=\"description\" content=\"REDZONE - Storie di resistente future una fantascienza quanto mai angosciante e distopica (se non totalmente horror)\" \/>\n<meta name=\"robots\" content=\"index, follow, max-snippet:-1, max-image-preview:large, max-video-preview:-1\" \/>\n<link rel=\"canonical\" href=\"https:\/\/www.civiltalaica.it\/cms\/redzone\/\" \/>\n<meta property=\"og:locale\" content=\"it_IT\" \/>\n<meta property=\"og:type\" content=\"article\" \/>\n<meta property=\"og:title\" content=\"REDZONE- storie di resistenze future - Associazione Culturale Civilt\u00e0 Laica\" \/>\n<meta property=\"og:description\" content=\"REDZONE - Storie di resistente future una fantascienza quanto mai angosciante e distopica (se non totalmente horror)\" \/>\n<meta property=\"og:url\" content=\"https:\/\/www.civiltalaica.it\/cms\/redzone\/\" \/>\n<meta property=\"og:site_name\" content=\"Associazione Culturale Civilt\u00e0 Laica\" \/>\n<meta property=\"article:publisher\" content=\"https:\/\/www.facebook.com\/civiltalaica\" \/>\n<meta property=\"article:published_time\" content=\"2021-12-15T12:04:30+00:00\" \/>\n<meta property=\"og:image\" content=\"https:\/\/www.civiltalaica.it\/cms\/wp-content\/uploads\/2021\/12\/TUTTI.jpg\" \/>\n\t<meta property=\"og:image:width\" content=\"2048\" \/>\n\t<meta property=\"og:image:height\" content=\"1536\" \/>\n\t<meta property=\"og:image:type\" content=\"image\/jpeg\" \/>\n<meta name=\"author\" content=\"alexjc\" \/>\n<meta name=\"twitter:card\" content=\"summary_large_image\" \/>\n<meta name=\"twitter:label1\" content=\"Scritto da\" \/>\n\t<meta name=\"twitter:data1\" content=\"alexjc\" \/>\n\t<meta name=\"twitter:label2\" content=\"Tempo di lettura stimato\" \/>\n\t<meta name=\"twitter:data2\" content=\"3 minuti\" \/>\n<script type=\"application\/ld+json\" class=\"yoast-schema-graph\">{\"@context\":\"https:\/\/schema.org\",\"@graph\":[{\"@type\":\"Article\",\"@id\":\"https:\/\/www.civiltalaica.it\/cms\/redzone\/#article\",\"isPartOf\":{\"@id\":\"https:\/\/www.civiltalaica.it\/cms\/redzone\/\"},\"author\":{\"name\":\"alexjc\",\"@id\":\"https:\/\/www.civiltalaica.it\/cms\/#\/schema\/person\/4efef56f866329a1e0943eb27336df1d\"},\"headline\":\"REDZONE- storie di resistenze future\",\"datePublished\":\"2021-12-15T12:04:30+00:00\",\"mainEntityOfPage\":{\"@id\":\"https:\/\/www.civiltalaica.it\/cms\/redzone\/\"},\"wordCount\":346,\"image\":{\"@id\":\"https:\/\/www.civiltalaica.it\/cms\/redzone\/#primaryimage\"},\"thumbnailUrl\":\"https:\/\/www.civiltalaica.it\/cms\/wp-content\/uploads\/2021\/12\/TUTTI.jpg\",\"keywords\":[\"associazioni\",\"incontri\",\"redzone\",\"senza confine\"],\"articleSection\":[\"articoli\",\"come \u00e8 andata?\"],\"inLanguage\":\"it-IT\"},{\"@type\":\"WebPage\",\"@id\":\"https:\/\/www.civiltalaica.it\/cms\/redzone\/\",\"url\":\"https:\/\/www.civiltalaica.it\/cms\/redzone\/\",\"name\":\"REDZONE- storie di resistenze future - Associazione Culturale Civilt\u00e0 Laica\",\"isPartOf\":{\"@id\":\"https:\/\/www.civiltalaica.it\/cms\/#website\"},\"primaryImageOfPage\":{\"@id\":\"https:\/\/www.civiltalaica.it\/cms\/redzone\/#primaryimage\"},\"image\":{\"@id\":\"https:\/\/www.civiltalaica.it\/cms\/redzone\/#primaryimage\"},\"thumbnailUrl\":\"https:\/\/www.civiltalaica.it\/cms\/wp-content\/uploads\/2021\/12\/TUTTI.jpg\",\"datePublished\":\"2021-12-15T12:04:30+00:00\",\"author\":{\"@id\":\"https:\/\/www.civiltalaica.it\/cms\/#\/schema\/person\/4efef56f866329a1e0943eb27336df1d\"},\"description\":\"REDZONE - Storie di resistente future una fantascienza quanto mai angosciante e distopica (se non totalmente horror)\",\"breadcrumb\":{\"@id\":\"https:\/\/www.civiltalaica.it\/cms\/redzone\/#breadcrumb\"},\"inLanguage\":\"it-IT\",\"potentialAction\":[{\"@type\":\"ReadAction\",\"target\":[\"https:\/\/www.civiltalaica.it\/cms\/redzone\/\"]}]},{\"@type\":\"ImageObject\",\"inLanguage\":\"it-IT\",\"@id\":\"https:\/\/www.civiltalaica.it\/cms\/redzone\/#primaryimage\",\"url\":\"https:\/\/www.civiltalaica.it\/cms\/wp-content\/uploads\/2021\/12\/TUTTI.jpg\",\"contentUrl\":\"https:\/\/www.civiltalaica.it\/cms\/wp-content\/uploads\/2021\/12\/TUTTI.jpg\",\"width\":2048,\"height\":1536},{\"@type\":\"BreadcrumbList\",\"@id\":\"https:\/\/www.civiltalaica.it\/cms\/redzone\/#breadcrumb\",\"itemListElement\":[{\"@type\":\"ListItem\",\"position\":1,\"name\":\"Home\",\"item\":\"https:\/\/www.civiltalaica.it\/cms\/\"},{\"@type\":\"ListItem\",\"position\":2,\"name\":\"REDZONE- storie di resistenze future\"}]},{\"@type\":\"WebSite\",\"@id\":\"https:\/\/www.civiltalaica.it\/cms\/#website\",\"url\":\"https:\/\/www.civiltalaica.it\/cms\/\",\"name\":\"Associazione Culturale Civilt\u00e0 Laica\",\"description\":\"Per un movimento culturale volto a difendere la Laicit\u00e0 dello Stato.\",\"potentialAction\":[{\"@type\":\"SearchAction\",\"target\":{\"@type\":\"EntryPoint\",\"urlTemplate\":\"https:\/\/www.civiltalaica.it\/cms\/?s={search_term_string}\"},\"query-input\":{\"@type\":\"PropertyValueSpecification\",\"valueRequired\":true,\"valueName\":\"search_term_string\"}}],\"inLanguage\":\"it-IT\"},{\"@type\":\"Person\",\"@id\":\"https:\/\/www.civiltalaica.it\/cms\/#\/schema\/person\/4efef56f866329a1e0943eb27336df1d\",\"name\":\"alexjc\",\"url\":\"https:\/\/www.civiltalaica.it\/cms\/author\/alexjc\/\"}]}<\/script>\n<!-- \/ Yoast SEO plugin. -->","yoast_head_json":{"title":"REDZONE- storie di resistenze future - Associazione Culturale Civilt\u00e0 Laica","description":"REDZONE - Storie di resistente future una fantascienza quanto mai angosciante e distopica (se non totalmente horror)","robots":{"index":"index","follow":"follow","max-snippet":"max-snippet:-1","max-image-preview":"max-image-preview:large","max-video-preview":"max-video-preview:-1"},"canonical":"https:\/\/www.civiltalaica.it\/cms\/redzone\/","og_locale":"it_IT","og_type":"article","og_title":"REDZONE- storie di resistenze future - Associazione Culturale Civilt\u00e0 Laica","og_description":"REDZONE - Storie di resistente future una fantascienza quanto mai angosciante e distopica (se non totalmente horror)","og_url":"https:\/\/www.civiltalaica.it\/cms\/redzone\/","og_site_name":"Associazione Culturale Civilt\u00e0 Laica","article_publisher":"https:\/\/www.facebook.com\/civiltalaica","article_published_time":"2021-12-15T12:04:30+00:00","og_image":[{"width":2048,"height":1536,"url":"https:\/\/www.civiltalaica.it\/cms\/wp-content\/uploads\/2021\/12\/TUTTI.jpg","type":"image\/jpeg"}],"author":"alexjc","twitter_card":"summary_large_image","twitter_misc":{"Scritto da":"alexjc","Tempo di lettura stimato":"3 minuti"},"schema":{"@context":"https:\/\/schema.org","@graph":[{"@type":"Article","@id":"https:\/\/www.civiltalaica.it\/cms\/redzone\/#article","isPartOf":{"@id":"https:\/\/www.civiltalaica.it\/cms\/redzone\/"},"author":{"name":"alexjc","@id":"https:\/\/www.civiltalaica.it\/cms\/#\/schema\/person\/4efef56f866329a1e0943eb27336df1d"},"headline":"REDZONE- storie di resistenze future","datePublished":"2021-12-15T12:04:30+00:00","mainEntityOfPage":{"@id":"https:\/\/www.civiltalaica.it\/cms\/redzone\/"},"wordCount":346,"image":{"@id":"https:\/\/www.civiltalaica.it\/cms\/redzone\/#primaryimage"},"thumbnailUrl":"https:\/\/www.civiltalaica.it\/cms\/wp-content\/uploads\/2021\/12\/TUTTI.jpg","keywords":["associazioni","incontri","redzone","senza confine"],"articleSection":["articoli","come \u00e8 andata?"],"inLanguage":"it-IT"},{"@type":"WebPage","@id":"https:\/\/www.civiltalaica.it\/cms\/redzone\/","url":"https:\/\/www.civiltalaica.it\/cms\/redzone\/","name":"REDZONE- storie di resistenze future - Associazione Culturale Civilt\u00e0 Laica","isPartOf":{"@id":"https:\/\/www.civiltalaica.it\/cms\/#website"},"primaryImageOfPage":{"@id":"https:\/\/www.civiltalaica.it\/cms\/redzone\/#primaryimage"},"image":{"@id":"https:\/\/www.civiltalaica.it\/cms\/redzone\/#primaryimage"},"thumbnailUrl":"https:\/\/www.civiltalaica.it\/cms\/wp-content\/uploads\/2021\/12\/TUTTI.jpg","datePublished":"2021-12-15T12:04:30+00:00","author":{"@id":"https:\/\/www.civiltalaica.it\/cms\/#\/schema\/person\/4efef56f866329a1e0943eb27336df1d"},"description":"REDZONE - Storie di resistente future una fantascienza quanto mai angosciante e distopica (se non totalmente horror)","breadcrumb":{"@id":"https:\/\/www.civiltalaica.it\/cms\/redzone\/#breadcrumb"},"inLanguage":"it-IT","potentialAction":[{"@type":"ReadAction","target":["https:\/\/www.civiltalaica.it\/cms\/redzone\/"]}]},{"@type":"ImageObject","inLanguage":"it-IT","@id":"https:\/\/www.civiltalaica.it\/cms\/redzone\/#primaryimage","url":"https:\/\/www.civiltalaica.it\/cms\/wp-content\/uploads\/2021\/12\/TUTTI.jpg","contentUrl":"https:\/\/www.civiltalaica.it\/cms\/wp-content\/uploads\/2021\/12\/TUTTI.jpg","width":2048,"height":1536},{"@type":"BreadcrumbList","@id":"https:\/\/www.civiltalaica.it\/cms\/redzone\/#breadcrumb","itemListElement":[{"@type":"ListItem","position":1,"name":"Home","item":"https:\/\/www.civiltalaica.it\/cms\/"},{"@type":"ListItem","position":2,"name":"REDZONE- storie di resistenze future"}]},{"@type":"WebSite","@id":"https:\/\/www.civiltalaica.it\/cms\/#website","url":"https:\/\/www.civiltalaica.it\/cms\/","name":"Associazione Culturale Civilt\u00e0 Laica","description":"Per un movimento culturale volto a difendere la Laicit\u00e0 dello Stato.","potentialAction":[{"@type":"SearchAction","target":{"@type":"EntryPoint","urlTemplate":"https:\/\/www.civiltalaica.it\/cms\/?s={search_term_string}"},"query-input":{"@type":"PropertyValueSpecification","valueRequired":true,"valueName":"search_term_string"}}],"inLanguage":"it-IT"},{"@type":"Person","@id":"https:\/\/www.civiltalaica.it\/cms\/#\/schema\/person\/4efef56f866329a1e0943eb27336df1d","name":"alexjc","url":"https:\/\/www.civiltalaica.it\/cms\/author\/alexjc\/"}]}},"_links":{"self":[{"href":"https:\/\/www.civiltalaica.it\/cms\/wp-json\/wp\/v2\/posts\/21959","targetHints":{"allow":["GET"]}}],"collection":[{"href":"https:\/\/www.civiltalaica.it\/cms\/wp-json\/wp\/v2\/posts"}],"about":[{"href":"https:\/\/www.civiltalaica.it\/cms\/wp-json\/wp\/v2\/types\/post"}],"author":[{"embeddable":true,"href":"https:\/\/www.civiltalaica.it\/cms\/wp-json\/wp\/v2\/users\/7"}],"replies":[{"embeddable":true,"href":"https:\/\/www.civiltalaica.it\/cms\/wp-json\/wp\/v2\/comments?post=21959"}],"version-history":[{"count":1,"href":"https:\/\/www.civiltalaica.it\/cms\/wp-json\/wp\/v2\/posts\/21959\/revisions"}],"predecessor-version":[{"id":21963,"href":"https:\/\/www.civiltalaica.it\/cms\/wp-json\/wp\/v2\/posts\/21959\/revisions\/21963"}],"wp:featuredmedia":[{"embeddable":true,"href":"https:\/\/www.civiltalaica.it\/cms\/wp-json\/wp\/v2\/media\/21962"}],"wp:attachment":[{"href":"https:\/\/www.civiltalaica.it\/cms\/wp-json\/wp\/v2\/media?parent=21959"}],"wp:term":[{"taxonomy":"category","embeddable":true,"href":"https:\/\/www.civiltalaica.it\/cms\/wp-json\/wp\/v2\/categories?post=21959"},{"taxonomy":"post_tag","embeddable":true,"href":"https:\/\/www.civiltalaica.it\/cms\/wp-json\/wp\/v2\/tags?post=21959"}],"curies":[{"name":"wp","href":"https:\/\/api.w.org\/{rel}","templated":true}]}}