{"id":20834,"date":"2021-08-09T22:42:09","date_gmt":"2021-08-09T22:42:09","guid":{"rendered":"https:\/\/www.civiltalaica.it\/cms\/?p=20834"},"modified":"2021-08-11T08:40:50","modified_gmt":"2021-08-11T08:40:50","slug":"a-li-conti-famo-li-pianti-anche-in-assurdistan","status":"publish","type":"post","link":"https:\/\/www.civiltalaica.it\/cms\/a-li-conti-famo-li-pianti-anche-in-assurdistan\/","title":{"rendered":"&#8220;A li conti famo li pianti&#8221;&#8230; anche in Assurdistan"},"content":{"rendered":"<p>Dopo quasi un anno e mezzo di pandemia possiamo dire di avere dei dati abbastanza chiari, l&#8217;Italia (l&#8217;Assurdistan per gli amici) \u00e8 stato il paese del \u201cmondo occidentale\u201d ad aver gestito peggio la pandemia dopo il Belgio. Le loro <b>mortalit\u00e0, <\/b>rispettivamente di 212 e 220 morti <b>per centomila abitanti<\/b> sono ben superiori alla media UE di 167 e lontanissime dai paesi occidentali l&#8217;hanno gestita meglio (per esempio la\u00a0 Danimarca con i suoi 43 morti per centomila abitanti o la\u00a0 Norvegia con 17 per esempio, <em>en passant<\/em> due dei paesi che hanno in assoluto &#8220;chiuso&#8221; di meno al loro interno).<br \/>\nQualcuno che partecipa alla dittatura degli inetti fin dai tempi del <strong>Conte delle bimbe <\/strong>continua a sminuire questo disastro dicendo che siamo stati il primo paese ad affrontare la pandemia. Peccato che la maggior parte dei decessi si \u00e8 avuta con la seconda ondata iniziata a ottobre 2020.<br \/>\nNell&#8217;est dell&#8217;UE si salvano in pochi, solo Polonia e Serbia praticamente, per il resto un vero disastro a cominciare dall&#8217;Ungheria di Orban che con la sua mortalit\u00e0 a 307 su centomila abitanti si aggiudica per ora il secondo posto nel mondo&#8230;il Peru fa corsa solitaria con il suo terrificante dato di 606 morti per centomila abitanti.<\/p>\n<p>L&#8217;Asia invece da uno spaccato completamente diverso: Giappone, South Korea, Taiwan, Vietnam&#8230; sono stati solo sfiorati da questa pandemia e sull&#8217;efficacia dei loro sistemi di TTT abbiamo gi\u00e0 detto tutto.<\/p>\n<p>Fino a qualche mese fa poco cambiava se invece della mortalit\u00e0 si prendevano in esame i dati della <b>letalit\u00e0<\/b> (morti su contagi) del virus. Su questo parametro oggi invece influisce pesantemente la diffusione dei vaccini.<\/p>\n<p>Per rendersi conto di quanto siano importanti questi rispetto ad ogni tipo di azione di \u201cepidemiologia difensiva\u201d (chiusure, distanziamenti, mascherine etc.) basta vedere l&#8217;andamento di contagi e paragonarlo a quello dei morti in UK in questo anno e mezzo.<br \/>\nSe per 70 casi \/100mila abitanti a gennaio 2021 corrispondevano 2 morti \/100mila abitanti (letalit\u00e0 = 3% circa) oggi, agosto 2021, a 70 casi \/ 100mila abitanti corrispondono 0.15 morti\/100mila abitanti (letalit\u00e0 =0.2% circa)<\/p>\n<p>Dovrebbero bastare questi due grafici a tacitare ogni discussione sui vaccini e convincere chiunque abbia un paio di neuroni funzionanti a correre al pi\u00f9 vicino centro vaccinale.<\/p>\n<p><a href=\"https:\/\/www.civiltalaica.it\/cms\/index.php\/a-li-conti-famo-li-pianti-anche-in-assurdistan.html\/uk-ago-21-casi\" rel=\"attachment wp-att-20835\"><img loading=\"lazy\" decoding=\"async\" class=\"alignleft size-large wp-image-20835\" src=\"https:\/\/www.civiltalaica.it\/cms\/wp-content\/uploads\/2021\/08\/uk-ago-21-casi-1024x653.jpg\" alt=\"\" width=\"1024\" height=\"653\" srcset=\"https:\/\/www.civiltalaica.it\/cms\/wp-content\/uploads\/2021\/08\/uk-ago-21-casi-1024x653.jpg 1024w, https:\/\/www.civiltalaica.it\/cms\/wp-content\/uploads\/2021\/08\/uk-ago-21-casi-300x191.jpg 300w, https:\/\/www.civiltalaica.it\/cms\/wp-content\/uploads\/2021\/08\/uk-ago-21-casi-768x490.jpg 768w, https:\/\/www.civiltalaica.it\/cms\/wp-content\/uploads\/2021\/08\/uk-ago-21-casi-251x160.jpg 251w, https:\/\/www.civiltalaica.it\/cms\/wp-content\/uploads\/2021\/08\/uk-ago-21-casi.jpg 1137w\" sizes=\"auto, (max-width: 1024px) 100vw, 1024px\" \/><\/a> <a href=\"https:\/\/www.civiltalaica.it\/cms\/index.php\/a-li-conti-famo-li-pianti-anche-in-assurdistan.html\/uk-ago21-morti\" rel=\"attachment wp-att-20836\"><img loading=\"lazy\" decoding=\"async\" class=\"alignleft size-large wp-image-20836\" src=\"https:\/\/www.civiltalaica.it\/cms\/wp-content\/uploads\/2021\/08\/uk-ago21-morti-1024x643.jpg\" alt=\"\" width=\"1024\" height=\"643\" srcset=\"https:\/\/www.civiltalaica.it\/cms\/wp-content\/uploads\/2021\/08\/uk-ago21-morti-1024x643.jpg 1024w, https:\/\/www.civiltalaica.it\/cms\/wp-content\/uploads\/2021\/08\/uk-ago21-morti-300x188.jpg 300w, https:\/\/www.civiltalaica.it\/cms\/wp-content\/uploads\/2021\/08\/uk-ago21-morti-768x482.jpg 768w, https:\/\/www.civiltalaica.it\/cms\/wp-content\/uploads\/2021\/08\/uk-ago21-morti-255x160.jpg 255w, https:\/\/www.civiltalaica.it\/cms\/wp-content\/uploads\/2021\/08\/uk-ago21-morti.jpg 1133w\" sizes=\"auto, (max-width: 1024px) 100vw, 1024px\" \/><\/a><\/p>\n<p>Ma ovviamente in <b>Assurdistan<\/b> non pu\u00f2 essere cos\u00ec, perch\u00e9 da un anno e mezzo si diffondono fake news scientifiche sul virus e di conseguenza anche sui vaccini e,<a href=\"https:\/\/www.civiltalaica.it\/cms\/index.php\/lutile-idiozia.html\"> sar\u00e0 pure brutto autocitarsi<\/a>, ma ci sembra il caso di ricordarlo che lo avevamo chiaramente detto che la follia chiusurista di Speranza &amp; Co. derivava tutta dal modo di pensare antiscientifico dei no-vax.<\/p>\n<p>Del resto se tu mandi in giro sedicenti esperti a dire che \u201c<a href=\"https:\/\/www.repubblica.it\/salute\/2020\/09\/28\/news\/le_mascherine_funzionano_un_po_da_vaccino-268479434\/\">Le mascherine funzionano come i vaccini<\/a>\u201d perch\u00e9 dovremmo meravigliarci se qualcuno poi chiede \u201cChe mi devo vaccinare a fare se porto la mascherina?\u201d.<\/p>\n<p>Capita cos\u00ec che di fronte al primo provvedimento che abbia un certo senso (pur con tutti gli inevitabili strascichi di incongruenze dopo un anno e mezzo di follia) riassumibile in una <i>moral suasion<\/i> verso il vaccino o un obbligo <i>de facto<\/i> come lo definisce qualcuno (che pure lascia l&#8217;alternativa a chi non vuole vaccinarsi almeno di controllarsi con un tampone rapido per frequentare luoghi pubblici) questo diventi <b>LA<\/b> questione per cui si scende in piazza con argomentazioni per lo pi\u00f9 ridicole.<\/p>\n<p><b>I vaccini non sono la soluzione<\/b>. Scarsetti in farmacologia eh? S\u00ec, per i virus i vaccini sono la soluzione, quasi sempre l&#8217;unica e comunque l&#8217;unica definitiva (vedi malattie come l&#8217;Aids per cui ancora non c&#8217;\u00e8 un vaccino purtroppo). Per le prove che questi funzionano a dovere vedi i grafici sopra.<\/p>\n<p><b>\u00c8 un mezzo di controllo<\/b>. Ovvio perch\u00e9 in un mondo dove acquisto tutto con la carta di credito o il bancomat e se parlo al telefono dicendo che devo comprare un nuovo aspirapolvere mi arriva la pubblicit\u00e0 del Dyson per due mesi, i PoteriForti&#x2122; hanno bisogno del Green Pass per controllarci.<br \/>\nSe poi gli stessi a fare questa critica sono coloro che rimpiangevano il modo nippo-coreano della gestione della pandemia e non si rendono conto che quello \u00e8 un livello di controllo molto pi\u00f9 invasivo che dire&#8230; forse non abbiamo capito i meccanismi di arginamento del contagio.<\/p>\n<p><b>\u00c8 un mezzo per discriminare sul lavoro<\/b>. Allora chiariamoci: sul lavoro (soprattutto certi tipi di lavoro, filiere alimentari, infermieri, medici, etc.) gli obblighi vaccinali ci sono sempre stati, se poi in certi casi si \u00e8 soprasseduto forse si \u00e8 peccato di eccesso di tolleranza.<br \/>\nE del resto la filiera produttiva, quella che nessun sedicente lockdown ha mai fermato, non faceva i tamponi a inizio turno da quasi un anno a questa parte? E allora, perch\u00e9 non dovremmo adottare quelli stessi principi che hanno funzionato bene per mandare avanti le fabbriche anche per il resto della societ\u00e0?<\/p>\n<p>Ci sono decine di motivi validi per scendere in piazza&#8230; e ci riferiamo solo alla gestione della pandemia. I vaccini o il green pass non esautorano il governo dal dover raddoppiare i posti in terapia intensiva e in corsia (obiettivo ancora lontanissimo), di sistemare la sicurezza dei trasporti locali, di non spendere il Recovery Fund per fesserie inutili come Tav o Ponti sullo stretto di Messina. Si dovrebbe protestare perch\u00e9 con il Green Pass si tolgano le altre restrizioni come hanno fatto in UK e in Usa, si cancellino le assurde zone gialle ed arancioni di Speranza, si concedano controlli gratuiti per chi non pu\u00f2 fare il vaccino per motivi fisiologici e non ideologici.<br \/>\nMa no, noi scendiamo in piazza contro il Green Pass perch\u00e9 \u00e8 un mezzo di controllo del potere. E per far questo ci diamo l&#8217;appuntamento su facebook magari.<\/p>\n<p>Del resto siamo o non siamo in Assurdistan? Pensavate di esserne immuni?<\/p>\n<p><b>Alessandro Chiometti<\/b><\/p>\n<p>&nbsp;<\/p>\n<p><a href=\"https:\/\/www.civiltalaica.it\/cms\/index.php\/the-new-pope-e-il-solito-sorrentino.html\/alessandro\" rel=\"attachment wp-att-16678\"><img loading=\"lazy\" decoding=\"async\" class=\"alignleft wp-image-16678\" src=\"https:\/\/www.civiltalaica.it\/cms\/wp-content\/uploads\/2020\/02\/alessandro-945x1024.jpg\" alt=\"\" width=\"371\" height=\"402\" srcset=\"https:\/\/www.civiltalaica.it\/cms\/wp-content\/uploads\/2020\/02\/alessandro-945x1024.jpg 945w, https:\/\/www.civiltalaica.it\/cms\/wp-content\/uploads\/2020\/02\/alessandro-277x300.jpg 277w, https:\/\/www.civiltalaica.it\/cms\/wp-content\/uploads\/2020\/02\/alessandro-768x832.jpg 768w, https:\/\/www.civiltalaica.it\/cms\/wp-content\/uploads\/2020\/02\/alessandro-1418x1536.jpg 1418w, https:\/\/www.civiltalaica.it\/cms\/wp-content\/uploads\/2020\/02\/alessandro-1890x2048.jpg 1890w, https:\/\/www.civiltalaica.it\/cms\/wp-content\/uploads\/2020\/02\/alessandro-148x160.jpg 148w\" sizes=\"auto, (max-width: 371px) 100vw, 371px\" \/><\/a><\/p>\n","protected":false},"excerpt":{"rendered":"<p>Dopo quasi un anno e mezzo di pandemia possiamo dire di avere dei dati abbastanza chiari, l&#8217;Italia (l&#8217;Assurdistan per gli amici) \u00e8 stato il paese del \u201cmondo occidentale\u201d ad aver gestito peggio la pandemia dopo il Belgio. Le loro mortalit\u00e0, rispettivamente di 212 e 220 morti per centomila abitanti sono ben superiori alla media UE [&hellip;]<\/p>\n","protected":false},"author":7,"featured_media":0,"comment_status":"closed","ping_status":"closed","sticky":false,"template":"","format":"standard","meta":{"footnotes":""},"categories":[238,230],"tags":[79,1968,2006,2080,1069],"class_list":["post-20834","post","type-post","status-publish","format-standard","hentry","category-articoli","category-attualita","tag-alessandro-chiometti","tag-covid19","tag-dati","tag-green-pass","tag-vaccini"],"yoast_head":"<!-- This site is optimized with the Yoast SEO plugin v27.1.1 - https:\/\/yoast.com\/product\/yoast-seo-wordpress\/ -->\n<title>&quot;A li conti famo li pianti&quot;... anche in Assurdistan - Associazione Culturale Civilt\u00e0 Laica<\/title>\n<meta name=\"description\" content=\"un anno e mezzo di dati, tutto confermato gestione pessima in Italia. E nonostante i dati ancora si hanno dubbi sui vaccini.\" \/>\n<meta name=\"robots\" content=\"index, follow, max-snippet:-1, max-image-preview:large, max-video-preview:-1\" \/>\n<link rel=\"canonical\" href=\"https:\/\/www.civiltalaica.it\/cms\/a-li-conti-famo-li-pianti-anche-in-assurdistan\/\" \/>\n<meta property=\"og:locale\" content=\"it_IT\" \/>\n<meta property=\"og:type\" content=\"article\" \/>\n<meta property=\"og:title\" content=\"&quot;A li conti famo li pianti&quot;... anche in Assurdistan - Associazione Culturale Civilt\u00e0 Laica\" \/>\n<meta property=\"og:description\" content=\"un anno e mezzo di dati, tutto confermato gestione pessima in Italia. E nonostante i dati ancora si hanno dubbi sui vaccini.\" \/>\n<meta property=\"og:url\" content=\"https:\/\/www.civiltalaica.it\/cms\/a-li-conti-famo-li-pianti-anche-in-assurdistan\/\" \/>\n<meta property=\"og:site_name\" content=\"Associazione Culturale Civilt\u00e0 Laica\" \/>\n<meta property=\"article:publisher\" content=\"https:\/\/www.facebook.com\/civiltalaica\" \/>\n<meta property=\"article:published_time\" content=\"2021-08-09T22:42:09+00:00\" \/>\n<meta property=\"article:modified_time\" content=\"2021-08-11T08:40:50+00:00\" \/>\n<meta property=\"og:image\" content=\"https:\/\/www.civiltalaica.it\/cms\/wp-content\/uploads\/2021\/08\/uk-ago-21-casi-1024x653.jpg\" \/>\n<meta name=\"author\" content=\"alexjc\" \/>\n<meta name=\"twitter:card\" content=\"summary_large_image\" \/>\n<meta name=\"twitter:label1\" content=\"Scritto da\" \/>\n\t<meta name=\"twitter:data1\" content=\"alexjc\" \/>\n\t<meta name=\"twitter:label2\" content=\"Tempo di lettura stimato\" \/>\n\t<meta name=\"twitter:data2\" content=\"5 minuti\" \/>\n<script type=\"application\/ld+json\" class=\"yoast-schema-graph\">{\"@context\":\"https:\/\/schema.org\",\"@graph\":[{\"@type\":\"Article\",\"@id\":\"https:\/\/www.civiltalaica.it\/cms\/a-li-conti-famo-li-pianti-anche-in-assurdistan\/#article\",\"isPartOf\":{\"@id\":\"https:\/\/www.civiltalaica.it\/cms\/a-li-conti-famo-li-pianti-anche-in-assurdistan\/\"},\"author\":{\"name\":\"alexjc\",\"@id\":\"https:\/\/www.civiltalaica.it\/cms\/#\/schema\/person\/4efef56f866329a1e0943eb27336df1d\"},\"headline\":\"&#8220;A li conti famo li pianti&#8221;&#8230; anche in Assurdistan\",\"datePublished\":\"2021-08-09T22:42:09+00:00\",\"dateModified\":\"2021-08-11T08:40:50+00:00\",\"mainEntityOfPage\":{\"@id\":\"https:\/\/www.civiltalaica.it\/cms\/a-li-conti-famo-li-pianti-anche-in-assurdistan\/\"},\"wordCount\":931,\"image\":{\"@id\":\"https:\/\/www.civiltalaica.it\/cms\/a-li-conti-famo-li-pianti-anche-in-assurdistan\/#primaryimage\"},\"thumbnailUrl\":\"https:\/\/www.civiltalaica.it\/cms\/wp-content\/uploads\/2021\/08\/uk-ago-21-casi-1024x653.jpg\",\"keywords\":[\"alessandro chiometti\",\"covid19\",\"dati\",\"green pass\",\"vaccini\"],\"articleSection\":[\"articoli\",\"attualit\u00e0\"],\"inLanguage\":\"it-IT\"},{\"@type\":\"WebPage\",\"@id\":\"https:\/\/www.civiltalaica.it\/cms\/a-li-conti-famo-li-pianti-anche-in-assurdistan\/\",\"url\":\"https:\/\/www.civiltalaica.it\/cms\/a-li-conti-famo-li-pianti-anche-in-assurdistan\/\",\"name\":\"\\\"A li conti famo li pianti\\\"... anche in Assurdistan - Associazione Culturale Civilt\u00e0 Laica\",\"isPartOf\":{\"@id\":\"https:\/\/www.civiltalaica.it\/cms\/#website\"},\"primaryImageOfPage\":{\"@id\":\"https:\/\/www.civiltalaica.it\/cms\/a-li-conti-famo-li-pianti-anche-in-assurdistan\/#primaryimage\"},\"image\":{\"@id\":\"https:\/\/www.civiltalaica.it\/cms\/a-li-conti-famo-li-pianti-anche-in-assurdistan\/#primaryimage\"},\"thumbnailUrl\":\"https:\/\/www.civiltalaica.it\/cms\/wp-content\/uploads\/2021\/08\/uk-ago-21-casi-1024x653.jpg\",\"datePublished\":\"2021-08-09T22:42:09+00:00\",\"dateModified\":\"2021-08-11T08:40:50+00:00\",\"author\":{\"@id\":\"https:\/\/www.civiltalaica.it\/cms\/#\/schema\/person\/4efef56f866329a1e0943eb27336df1d\"},\"description\":\"un anno e mezzo di dati, tutto confermato gestione pessima in Italia. E nonostante i dati ancora si hanno dubbi sui vaccini.\",\"breadcrumb\":{\"@id\":\"https:\/\/www.civiltalaica.it\/cms\/a-li-conti-famo-li-pianti-anche-in-assurdistan\/#breadcrumb\"},\"inLanguage\":\"it-IT\",\"potentialAction\":[{\"@type\":\"ReadAction\",\"target\":[\"https:\/\/www.civiltalaica.it\/cms\/a-li-conti-famo-li-pianti-anche-in-assurdistan\/\"]}]},{\"@type\":\"ImageObject\",\"inLanguage\":\"it-IT\",\"@id\":\"https:\/\/www.civiltalaica.it\/cms\/a-li-conti-famo-li-pianti-anche-in-assurdistan\/#primaryimage\",\"url\":\"https:\/\/www.civiltalaica.it\/cms\/wp-content\/uploads\/2021\/08\/uk-ago-21-casi.jpg\",\"contentUrl\":\"https:\/\/www.civiltalaica.it\/cms\/wp-content\/uploads\/2021\/08\/uk-ago-21-casi.jpg\",\"width\":1137,\"height\":725},{\"@type\":\"BreadcrumbList\",\"@id\":\"https:\/\/www.civiltalaica.it\/cms\/a-li-conti-famo-li-pianti-anche-in-assurdistan\/#breadcrumb\",\"itemListElement\":[{\"@type\":\"ListItem\",\"position\":1,\"name\":\"Home\",\"item\":\"https:\/\/www.civiltalaica.it\/cms\/\"},{\"@type\":\"ListItem\",\"position\":2,\"name\":\"&#8220;A li conti famo li pianti&#8221;&#8230; anche in Assurdistan\"}]},{\"@type\":\"WebSite\",\"@id\":\"https:\/\/www.civiltalaica.it\/cms\/#website\",\"url\":\"https:\/\/www.civiltalaica.it\/cms\/\",\"name\":\"Associazione Culturale Civilt\u00e0 Laica\",\"description\":\"Per un movimento culturale volto a difendere la Laicit\u00e0 dello Stato.\",\"potentialAction\":[{\"@type\":\"SearchAction\",\"target\":{\"@type\":\"EntryPoint\",\"urlTemplate\":\"https:\/\/www.civiltalaica.it\/cms\/?s={search_term_string}\"},\"query-input\":{\"@type\":\"PropertyValueSpecification\",\"valueRequired\":true,\"valueName\":\"search_term_string\"}}],\"inLanguage\":\"it-IT\"},{\"@type\":\"Person\",\"@id\":\"https:\/\/www.civiltalaica.it\/cms\/#\/schema\/person\/4efef56f866329a1e0943eb27336df1d\",\"name\":\"alexjc\",\"url\":\"https:\/\/www.civiltalaica.it\/cms\/author\/alexjc\/\"}]}<\/script>\n<!-- \/ Yoast SEO plugin. -->","yoast_head_json":{"title":"\"A li conti famo li pianti\"... anche in Assurdistan - Associazione Culturale Civilt\u00e0 Laica","description":"un anno e mezzo di dati, tutto confermato gestione pessima in Italia. E nonostante i dati ancora si hanno dubbi sui vaccini.","robots":{"index":"index","follow":"follow","max-snippet":"max-snippet:-1","max-image-preview":"max-image-preview:large","max-video-preview":"max-video-preview:-1"},"canonical":"https:\/\/www.civiltalaica.it\/cms\/a-li-conti-famo-li-pianti-anche-in-assurdistan\/","og_locale":"it_IT","og_type":"article","og_title":"\"A li conti famo li pianti\"... anche in Assurdistan - Associazione Culturale Civilt\u00e0 Laica","og_description":"un anno e mezzo di dati, tutto confermato gestione pessima in Italia. E nonostante i dati ancora si hanno dubbi sui vaccini.","og_url":"https:\/\/www.civiltalaica.it\/cms\/a-li-conti-famo-li-pianti-anche-in-assurdistan\/","og_site_name":"Associazione Culturale Civilt\u00e0 Laica","article_publisher":"https:\/\/www.facebook.com\/civiltalaica","article_published_time":"2021-08-09T22:42:09+00:00","article_modified_time":"2021-08-11T08:40:50+00:00","og_image":[{"url":"https:\/\/www.civiltalaica.it\/cms\/wp-content\/uploads\/2021\/08\/uk-ago-21-casi-1024x653.jpg","type":"","width":"","height":""}],"author":"alexjc","twitter_card":"summary_large_image","twitter_misc":{"Scritto da":"alexjc","Tempo di lettura stimato":"5 minuti"},"schema":{"@context":"https:\/\/schema.org","@graph":[{"@type":"Article","@id":"https:\/\/www.civiltalaica.it\/cms\/a-li-conti-famo-li-pianti-anche-in-assurdistan\/#article","isPartOf":{"@id":"https:\/\/www.civiltalaica.it\/cms\/a-li-conti-famo-li-pianti-anche-in-assurdistan\/"},"author":{"name":"alexjc","@id":"https:\/\/www.civiltalaica.it\/cms\/#\/schema\/person\/4efef56f866329a1e0943eb27336df1d"},"headline":"&#8220;A li conti famo li pianti&#8221;&#8230; anche in Assurdistan","datePublished":"2021-08-09T22:42:09+00:00","dateModified":"2021-08-11T08:40:50+00:00","mainEntityOfPage":{"@id":"https:\/\/www.civiltalaica.it\/cms\/a-li-conti-famo-li-pianti-anche-in-assurdistan\/"},"wordCount":931,"image":{"@id":"https:\/\/www.civiltalaica.it\/cms\/a-li-conti-famo-li-pianti-anche-in-assurdistan\/#primaryimage"},"thumbnailUrl":"https:\/\/www.civiltalaica.it\/cms\/wp-content\/uploads\/2021\/08\/uk-ago-21-casi-1024x653.jpg","keywords":["alessandro chiometti","covid19","dati","green pass","vaccini"],"articleSection":["articoli","attualit\u00e0"],"inLanguage":"it-IT"},{"@type":"WebPage","@id":"https:\/\/www.civiltalaica.it\/cms\/a-li-conti-famo-li-pianti-anche-in-assurdistan\/","url":"https:\/\/www.civiltalaica.it\/cms\/a-li-conti-famo-li-pianti-anche-in-assurdistan\/","name":"\"A li conti famo li pianti\"... anche in Assurdistan - Associazione Culturale Civilt\u00e0 Laica","isPartOf":{"@id":"https:\/\/www.civiltalaica.it\/cms\/#website"},"primaryImageOfPage":{"@id":"https:\/\/www.civiltalaica.it\/cms\/a-li-conti-famo-li-pianti-anche-in-assurdistan\/#primaryimage"},"image":{"@id":"https:\/\/www.civiltalaica.it\/cms\/a-li-conti-famo-li-pianti-anche-in-assurdistan\/#primaryimage"},"thumbnailUrl":"https:\/\/www.civiltalaica.it\/cms\/wp-content\/uploads\/2021\/08\/uk-ago-21-casi-1024x653.jpg","datePublished":"2021-08-09T22:42:09+00:00","dateModified":"2021-08-11T08:40:50+00:00","author":{"@id":"https:\/\/www.civiltalaica.it\/cms\/#\/schema\/person\/4efef56f866329a1e0943eb27336df1d"},"description":"un anno e mezzo di dati, tutto confermato gestione pessima in Italia. E nonostante i dati ancora si hanno dubbi sui vaccini.","breadcrumb":{"@id":"https:\/\/www.civiltalaica.it\/cms\/a-li-conti-famo-li-pianti-anche-in-assurdistan\/#breadcrumb"},"inLanguage":"it-IT","potentialAction":[{"@type":"ReadAction","target":["https:\/\/www.civiltalaica.it\/cms\/a-li-conti-famo-li-pianti-anche-in-assurdistan\/"]}]},{"@type":"ImageObject","inLanguage":"it-IT","@id":"https:\/\/www.civiltalaica.it\/cms\/a-li-conti-famo-li-pianti-anche-in-assurdistan\/#primaryimage","url":"https:\/\/www.civiltalaica.it\/cms\/wp-content\/uploads\/2021\/08\/uk-ago-21-casi.jpg","contentUrl":"https:\/\/www.civiltalaica.it\/cms\/wp-content\/uploads\/2021\/08\/uk-ago-21-casi.jpg","width":1137,"height":725},{"@type":"BreadcrumbList","@id":"https:\/\/www.civiltalaica.it\/cms\/a-li-conti-famo-li-pianti-anche-in-assurdistan\/#breadcrumb","itemListElement":[{"@type":"ListItem","position":1,"name":"Home","item":"https:\/\/www.civiltalaica.it\/cms\/"},{"@type":"ListItem","position":2,"name":"&#8220;A li conti famo li pianti&#8221;&#8230; anche in Assurdistan"}]},{"@type":"WebSite","@id":"https:\/\/www.civiltalaica.it\/cms\/#website","url":"https:\/\/www.civiltalaica.it\/cms\/","name":"Associazione Culturale Civilt\u00e0 Laica","description":"Per un movimento culturale volto a difendere la Laicit\u00e0 dello Stato.","potentialAction":[{"@type":"SearchAction","target":{"@type":"EntryPoint","urlTemplate":"https:\/\/www.civiltalaica.it\/cms\/?s={search_term_string}"},"query-input":{"@type":"PropertyValueSpecification","valueRequired":true,"valueName":"search_term_string"}}],"inLanguage":"it-IT"},{"@type":"Person","@id":"https:\/\/www.civiltalaica.it\/cms\/#\/schema\/person\/4efef56f866329a1e0943eb27336df1d","name":"alexjc","url":"https:\/\/www.civiltalaica.it\/cms\/author\/alexjc\/"}]}},"_links":{"self":[{"href":"https:\/\/www.civiltalaica.it\/cms\/wp-json\/wp\/v2\/posts\/20834","targetHints":{"allow":["GET"]}}],"collection":[{"href":"https:\/\/www.civiltalaica.it\/cms\/wp-json\/wp\/v2\/posts"}],"about":[{"href":"https:\/\/www.civiltalaica.it\/cms\/wp-json\/wp\/v2\/types\/post"}],"author":[{"embeddable":true,"href":"https:\/\/www.civiltalaica.it\/cms\/wp-json\/wp\/v2\/users\/7"}],"replies":[{"embeddable":true,"href":"https:\/\/www.civiltalaica.it\/cms\/wp-json\/wp\/v2\/comments?post=20834"}],"version-history":[{"count":6,"href":"https:\/\/www.civiltalaica.it\/cms\/wp-json\/wp\/v2\/posts\/20834\/revisions"}],"predecessor-version":[{"id":20847,"href":"https:\/\/www.civiltalaica.it\/cms\/wp-json\/wp\/v2\/posts\/20834\/revisions\/20847"}],"wp:attachment":[{"href":"https:\/\/www.civiltalaica.it\/cms\/wp-json\/wp\/v2\/media?parent=20834"}],"wp:term":[{"taxonomy":"category","embeddable":true,"href":"https:\/\/www.civiltalaica.it\/cms\/wp-json\/wp\/v2\/categories?post=20834"},{"taxonomy":"post_tag","embeddable":true,"href":"https:\/\/www.civiltalaica.it\/cms\/wp-json\/wp\/v2\/tags?post=20834"}],"curies":[{"name":"wp","href":"https:\/\/api.w.org\/{rel}","templated":true}]}}