{"id":206,"date":"2008-02-21T18:29:03","date_gmt":"2008-02-21T18:29:03","guid":{"rendered":""},"modified":"2011-01-26T09:42:09","modified_gmt":"2011-01-26T09:42:09","slug":"finanza-bianca-la-chiesa-i-soldi-il-potere","status":"publish","type":"post","link":"https:\/\/www.civiltalaica.it\/cms\/finanza-bianca-la-chiesa-i-soldi-il-potere\/","title":{"rendered":"Finanza bianca. La chiesa, i soldi, il potere"},"content":{"rendered":"<p>AGGIORNAMENTO:<br \/>il libro ora risulta disponibile (<a href=\"http:\/\/www.lafeltrinelli.it\/products\/1894726|2.html?aut=220920&#038;cat1=1&#038;page=1\" target=\"_blank\">lafeltrinelli<\/a>, <a target=\"_blank\" href=\"http:\/\/www.internetbookshop.it\/code\/9788804512622\/galli-giancarlo\/finanza-bianca-chiesa.html\">ibs<\/a>).<\/p>\n<p>*<\/p>\n<p>Giancarlo Galli: &#39;Finanza bianca&#39;<br \/>\ndi <a href=\"http:\/\/chiesa.espresso.repubblica.it\/\" target=\"_blank\">Sandro Magister<\/a><\/p>\n<p>Non s&#39;\u00e8 mai occupato di soldi, non ha un proprio conto in banca e tanto<br \/>\nmeno s&#39;\u00e8 arricchito. Ma Giovanni Paolo II lascer\u00e0 al suo successore una<br \/>\nlauta eredit\u00e0: un Vaticano rimesso a nuovo, con i conti a posto, i<br \/>\nprofitti floridi, gli amministratori fidati.<\/p>\n<p><!--more--><br \/>Sono quattro, in Vaticano,<br \/>\ngli uffici finanziari chiave. In ordine di importanza sono lo Ior,<br \/>\nIstituto per le Opere di Religione; l&#39;Apsa, Amministrazione del<br \/>\nPatrimonio della Sede Apostolica; il Governatorato dello Stato della<br \/>\nCitt\u00e0 del Vaticano; la Prefettura degli Affari Economici. A capo di<br \/>\nciascuno c&#39;\u00e8 un cardinale.<\/p>\n<p>Ma con un&#39;avvertenza. Perch\u00e9 allo Ior, la banca vaticana, c&#39;\u00e8 s\u00ec una commissione cardinalizia di vigilanza, con alla testa il segretario di stato Angelo Sodano, ma il vero uomo di comando \u00e8 un&#39;eminenza laica di 64 anni venuto dalla Lombardia, con moglie inglese e due figli, il banchiere Angelo Caloia.<\/p>\n<p>Caloia \u00e8 una leggenda di riservatezza ed \u00e8 personaggio ai pi\u00f9 sconosciuto. Ma per la finanza vaticana \u00e8 il parallelo perfetto di quel che \u00e8 il cardinale Camillo Ruini per il governo della Chiesa in Italia: l&#39;uno e l&#39;altro autori di una doppia rivoluzione. Anche nelle date i due hanno sempre viaggiato in parallelo. Diventano l&#39;uno presidente dello Ior e l&#39;altro presidente della conferenza episcopale all&#39;inizio degli anni Novanta e, riconfermati di quinquennio in quinquennio, sono tuttora alla testa dei rispettivi organismi. Entrambi hanno cominciato le loro battaglie isolati, con molti pi\u00f9 avversari che amici. Entrambi hanno vinto. La differenza \u00e8 che oggi Caloia ha deciso di rompere il silenzio: con tanto di nomi, giudizi, retroscena sulla sua storia di banchiere del papa, per la prima volta messi nero su bianco.<\/p>\n<p>L&#39;outing di Caloia \u00e8 in un libro scritto da un suo amico e collaboratore d&#39;antica data, Giancarlo Galli. Lo pubblica Mondadori a ruota del bestseller del papa, ed \u00e8 in vendita dal 22 giugno. Il titolo \u00e8 Finanza bianca e si riferisce a quell&#39;insieme di banche e banchieri cattolici che a Roma e in Italia hanno oggi accumulato un potere senza precedenti: con Antonio Fazio governatore della Banca d&#39;Italia, con Cesare Geronzi dominus di Capitalia, con Giovanni Bazoli presidente di Banca Intesa, con i templi della finanza laica caduti nelle loro mani o assediati.<\/p>\n<p>Caloia \u00e8 parte di questa finanza bianca, \u00e8 da l\u00ec che \u00e8 venuto. Ma nel libro non la esalta per gli attuali trionfi. Anzi. La accusa d&#39;aver venduto l&#39;anima per ottenerli, d&#39;aver smarrito la sua &#39;identit\u00e0 cristiana&#39;. La prova \u00e8 nel coinvolgimento delle banche cattoliche nei colossali disastri di Parmalat, Cirio e simili: una &#39;Caporetto etica&#39; dalla quale invece, dice, \u00e8 rimasto immune lo Ior. Partito isolato nella sua battaglia per ripulire e rilanciare la banca vaticana, Caloia lamenta oggi di ritrovarsi di nuovo solo, unico baluardo di una finanza moralmente corretta.<\/p>\n<p>Quando Caloia inizia la sua lunga marcia, nei primi anni Ottanta, il Vaticano \u00e8 in pieno dissesto, al pari dei finanzieri cattolici con i quali aveva fatto i suoi pessimi affari: Michele Sindona e Roberto Calvi. Alla testa dello Ior regnano un arcivescovo americano, Paul Marcinkus, che Caloia definisce &quot;facilone, pressappochista, mal consigliato&quot;, e un prelato italiano che \u00e8 tra gli autori di questi cattivi consigli, Donato De Bonis. Lo Ior \u00e8 assediato dai creditori, e nel 1984 il cardinale Agostino Casaroli, il segretario di Stato dell&#39;epoca, li tacita una volta per tutte versando 406 milioni di dollari a titolo di &#39;contributo volontario&#39;, sfidando il parere contrario non solo di Marcinkus e De Bonis, ma di quasi tutti i dirigenti vaticani.<\/p>\n<p>Quello stesso anno, a Milano, anche la buona finanza cattolica decide di risalire la china. Lo fa dando vita a un Gruppo Cultura Etica Finanza. Si riunisce in via Broletto, a pochi passi dal Duomo, e di esso fa parte anche un vescovo, Attilio Nicora, ausiliare del cardinale Carlo Maria Martini. Tra i banchieri, Bazoli \u00e8 il predicatore pi\u00f9 acceso della crociata contro la finanza laica e il suo nume Enrico Cuccia. A coordinare il tutto \u00e8 Caloia, con Galli segretario.<\/p>\n<p>Caloia \u00e8 presidente del Mediocredito Lombardo e punta pi\u00f9 in alto, alla Cariplo, una delle pi\u00f9 grosse Casse di Risparmio del mondo. Ma tra i cattolici c&#39;\u00e8 chi gli sbarra la strada, e nella curia di Milano gli rema contro monsignor Giuseppe Merisi. &quot;Nemo propheta in patria&quot;, dice oggi Caloia rievocando quella battaglia perduta. Perch\u00e9 invece che a Milano il suo futuro \u00e8 a Roma. Nel 1987 e poi nel 1988 si presentano da lui emissari del Vaticano. A nome del cardinale Casaroli vogliono che prenda in pugno lo Ior.<\/p>\n<p>Non solo. Casaroli gli chiede di riscriverne gli statuti. Caloia accetta e si mette al lavoro. \u00c8 fatta. Nel 1990 Giovanni Paolo II promulga i nuovi statuti, Marcinkus lascia Roma e si ritira in una parrocchia dell&#39;Illinois, Caloia diventa presidente del nuovo consiglio di sovrintendenza dello Ior. A nominarlo sono gli altri quattro banchieri del consiglio: un tedesco, uno svizzero, uno spagnolo e un americano. Lo svizzero \u00e8 Philippe De Weck, ex presidente della banca Ubs, vicino all&#39;Opus Dei e frequentatore a Milano del Gruppo Cultura Etica Finanza. \u00c8 lui il grande elettore di Caloia.<\/p>\n<p>Ma alla macchina dello Ior resiste la vecchia guardia: il prelato De Bonis, il direttore generale Luigi Mennini, il ragioniere capo Pellegrino De Strobel. Questi due sono i primi a saltare. De Bonis non cede. A norma del nuovo statuto dovrebbe fare solo assistenza spirituale, in realt\u00e0 continua i suoi affari come in passato. Si allea in Vaticano con l&#39;allora presidente dell&#39;Apsa, il cardinale Rosalio Jos\u00e9 Castillo Lara, e col segretario di quell&#39;organismo, monsignor Gianni Danzi, e manovra per sostituire Caloia, al termine del suo primo quinquennio di presidenza, con un suo candidato, l&#39;americano Virgil C. Dechant, ex presidente dei Cavalieri di Colombo e grande finanziatore di Solidarnosc in Polonia. Castillo Lara e Danzi premono anche perch\u00e9 lo Ior faccia merchandising religioso. Caloia rifiuta e riceve dal cardinale una raffica di lettere al veleno. Ma alla fine la spunta. De Bonis \u00e8 spedito a far da cappellano ai Cavalieri di Malta, Caloia \u00e8 riconfermato presidente nel 1995 per altri cinque anni e Castillo Lara lascer\u00e0 presto l&#39;Apsa.<\/p>\n<p>Nel 1999, altra manovra. Questa volta il candidato a rimpiazzare Caloia \u00e8 nientemeno che il presidente uscente della Bundesbank, Hans Tietmeyer. E il suo promotore \u00e8 il cardinale americano Edmund Casimir Szoka, all&#39;epoca presidente della Prefettura degli Affari Economici del Vaticano. A mettere sull&#39;allarme Caloia \u00e8 monsignor Renato Dardozzi, dell&#39;Opus Dei. A una conferenza di Tietmeyer alla Pontificia Accademia delle Scienze Caloia si alza a criticarne le tesi ultraliberiste. Tra i due scoppiano scintille. Ma di nuovo \u00e8 Caloia a vincere la sfida, forte anche dell&#39;appoggio del segretario personale del papa, Stanislaw Dziwisz. Nel 2000 \u00e8 riconfermato presidente. L&#39;ultima parola l&#39;avrebbe detta Giovanni Paolo II: &quot;Finch\u00e9 vivo io, mai un tedesco alle finanze vaticane&quot;. Ma pi\u00f9 che il cuore polacco, a convincere il papa sono i proventi dello Ior a lui devoluti ogni anno per opere di bene. Erano 15 miliardi di lire nel 1990, all&#39;inizio della gestione Caloia. Oggi sono &quot;molti, molti di pi\u00f9&quot;.<\/p>\n<p>Nel 2005 scadr\u00e0 il terzo quinquennio di Caloia, e nessuno questa volta trama pi\u00f9 contro di lui. All&#39;Apsa c&#39;\u00e8 il suo amico Nicora, divenuto cardinale, con segretario Claudio Maria Celli, uomo di Casaroli e Sodano. Al Governatorato Szoka ha passato i limiti d&#39;et\u00e0 e un candidato a succedergli \u00e8 Carlo Maria Vigan\u00f2, legatissimo a Sodano e Nicora. Resti o no presidente Caloia, il suo Ior, almeno questo, non passer\u00e0 certo al nemico.<\/p>\n<p>L&#39;Ior<\/p>\n<p>L&#39;Istituto per le Opere di Religione opera in tutto il mondo da un&#39;unica sede, nel torrione di Niccol\u00f2 V addossato al palazzo del papa. Non fa prestiti e non emette assegni propri. Il suo scopo essenziale \u00e8 far fruttare i patrimoni. Una parte cospicua delle rendite \u00e8 devoluta al papa. I depositanti sono diocesi, parrocchie, ordini soprattutto femminili, enti e privati con finalit\u00e0 religiose. Lo Ior investe soprattutto in obbligazioni e opera su dollaro, yen ed euro. Vanta risultati &quot;d&#39;assoluto rispetto anche in periodi difficili per i mercati finanziari&quot;. Ha smobilitato tutte le sue passate partecipazioni azionarie tranne una: quella in Banca Intesa, di cui detiene oggi lo 0,8 per cento, tramite la finanziaria Mittel. Quando la banca presieduta da Giovanni Bazoli era sotto l&#39;assedio di Mediobanca, lo Ior l&#39;aiut\u00f2 portando temporaneamente la sua quota al 2 per cento. Ma oggi Angelo Caloia, presidente della banca vaticana, \u00e8 molto critico nei confronti di Banca Intesa. L&#39;accusa di &quot;gigantismo&quot; e di &quot;distruggere ricchezza anzich\u00e9 crearne&quot;. Nel 2002 la caduta in Borsa del titolo &quot;comport\u00f2 una decurtazione del contributo dello Ior al Santo Padre nell&#39;ordine di qualche decina di miliardi di lire&quot;. <\/p>\n","protected":false},"excerpt":{"rendered":"<p>AGGIORNAMENTO:il libro ora risulta disponibile (lafeltrinelli, ibs). * Giancarlo Galli: &#39;Finanza bianca&#39; di Sandro Magister Non s&#39;\u00e8 mai occupato di soldi, non ha un proprio conto in banca e tanto meno s&#39;\u00e8 arricchito. Ma Giovanni Paolo II lascer\u00e0 al suo successore una lauta eredit\u00e0: un Vaticano rimesso a nuovo, con i conti a posto, i [&hellip;]<\/p>\n","protected":false},"author":1,"featured_media":0,"comment_status":"closed","ping_status":"closed","sticky":false,"template":"","format":"standard","meta":{"footnotes":""},"categories":[238],"tags":[18],"class_list":["post-206","post","type-post","status-publish","format-standard","hentry","category-articoli","tag-annunci"],"yoast_head":"<!-- This site is optimized with the Yoast SEO plugin v27.1.1 - https:\/\/yoast.com\/product\/yoast-seo-wordpress\/ -->\n<title>Finanza bianca. La chiesa, i soldi, il potere - Associazione Culturale Civilt\u00e0 Laica<\/title>\n<meta name=\"robots\" content=\"index, follow, max-snippet:-1, max-image-preview:large, max-video-preview:-1\" \/>\n<link rel=\"canonical\" href=\"https:\/\/www.civiltalaica.it\/cms\/finanza-bianca-la-chiesa-i-soldi-il-potere\/\" \/>\n<meta property=\"og:locale\" content=\"it_IT\" \/>\n<meta property=\"og:type\" content=\"article\" \/>\n<meta property=\"og:title\" content=\"Finanza bianca. La chiesa, i soldi, il potere - Associazione Culturale Civilt\u00e0 Laica\" \/>\n<meta property=\"og:description\" content=\"AGGIORNAMENTO:il libro ora risulta disponibile (lafeltrinelli, ibs). * Giancarlo Galli: &#039;Finanza bianca&#039; di Sandro Magister Non s&#039;\u00e8 mai occupato di soldi, non ha un proprio conto in banca e tanto meno s&#039;\u00e8 arricchito. Ma Giovanni Paolo II lascer\u00e0 al suo successore una lauta eredit\u00e0: un Vaticano rimesso a nuovo, con i conti a posto, i [&hellip;]\" \/>\n<meta property=\"og:url\" content=\"https:\/\/www.civiltalaica.it\/cms\/finanza-bianca-la-chiesa-i-soldi-il-potere\/\" \/>\n<meta property=\"og:site_name\" content=\"Associazione Culturale Civilt\u00e0 Laica\" \/>\n<meta property=\"article:publisher\" content=\"https:\/\/www.facebook.com\/civiltalaica\" \/>\n<meta property=\"article:published_time\" content=\"2008-02-21T18:29:03+00:00\" \/>\n<meta property=\"article:modified_time\" content=\"2011-01-26T09:42:09+00:00\" \/>\n<meta property=\"og:image\" content=\"https:\/\/www.civiltalaica.it\/cms\/wp-content\/uploads\/2017\/06\/logo-cl.png\" \/>\n\t<meta property=\"og:image:width\" content=\"400\" \/>\n\t<meta property=\"og:image:height\" content=\"180\" \/>\n\t<meta property=\"og:image:type\" content=\"image\/png\" \/>\n<meta name=\"author\" content=\"cladmin\" \/>\n<meta name=\"twitter:card\" content=\"summary_large_image\" \/>\n<meta name=\"twitter:label1\" content=\"Scritto da\" \/>\n\t<meta name=\"twitter:data1\" content=\"cladmin\" \/>\n\t<meta name=\"twitter:label2\" content=\"Tempo di lettura stimato\" \/>\n\t<meta name=\"twitter:data2\" content=\"7 minuti\" \/>\n<script type=\"application\/ld+json\" class=\"yoast-schema-graph\">{\"@context\":\"https:\/\/schema.org\",\"@graph\":[{\"@type\":\"Article\",\"@id\":\"https:\/\/www.civiltalaica.it\/cms\/finanza-bianca-la-chiesa-i-soldi-il-potere\/#article\",\"isPartOf\":{\"@id\":\"https:\/\/www.civiltalaica.it\/cms\/finanza-bianca-la-chiesa-i-soldi-il-potere\/\"},\"author\":{\"name\":\"cladmin\",\"@id\":\"https:\/\/www.civiltalaica.it\/cms\/#\/schema\/person\/500a52762e2620e007d6333aa121f5e5\"},\"headline\":\"Finanza bianca. La chiesa, i soldi, il potere\",\"datePublished\":\"2008-02-21T18:29:03+00:00\",\"dateModified\":\"2011-01-26T09:42:09+00:00\",\"mainEntityOfPage\":{\"@id\":\"https:\/\/www.civiltalaica.it\/cms\/finanza-bianca-la-chiesa-i-soldi-il-potere\/\"},\"wordCount\":1460,\"keywords\":[\"Annunci\"],\"articleSection\":[\"articoli\"],\"inLanguage\":\"it-IT\"},{\"@type\":\"WebPage\",\"@id\":\"https:\/\/www.civiltalaica.it\/cms\/finanza-bianca-la-chiesa-i-soldi-il-potere\/\",\"url\":\"https:\/\/www.civiltalaica.it\/cms\/finanza-bianca-la-chiesa-i-soldi-il-potere\/\",\"name\":\"Finanza bianca. La chiesa, i soldi, il potere - Associazione Culturale Civilt\u00e0 Laica\",\"isPartOf\":{\"@id\":\"https:\/\/www.civiltalaica.it\/cms\/#website\"},\"datePublished\":\"2008-02-21T18:29:03+00:00\",\"dateModified\":\"2011-01-26T09:42:09+00:00\",\"author\":{\"@id\":\"https:\/\/www.civiltalaica.it\/cms\/#\/schema\/person\/500a52762e2620e007d6333aa121f5e5\"},\"breadcrumb\":{\"@id\":\"https:\/\/www.civiltalaica.it\/cms\/finanza-bianca-la-chiesa-i-soldi-il-potere\/#breadcrumb\"},\"inLanguage\":\"it-IT\",\"potentialAction\":[{\"@type\":\"ReadAction\",\"target\":[\"https:\/\/www.civiltalaica.it\/cms\/finanza-bianca-la-chiesa-i-soldi-il-potere\/\"]}]},{\"@type\":\"BreadcrumbList\",\"@id\":\"https:\/\/www.civiltalaica.it\/cms\/finanza-bianca-la-chiesa-i-soldi-il-potere\/#breadcrumb\",\"itemListElement\":[{\"@type\":\"ListItem\",\"position\":1,\"name\":\"Home\",\"item\":\"https:\/\/www.civiltalaica.it\/cms\/\"},{\"@type\":\"ListItem\",\"position\":2,\"name\":\"L&#8217;ultima predica\",\"item\":\"https:\/\/www.civiltalaica.it\/cms\/lultima-predica\/\"},{\"@type\":\"ListItem\",\"position\":3,\"name\":\"Finanza bianca. La chiesa, i soldi, il potere\"}]},{\"@type\":\"WebSite\",\"@id\":\"https:\/\/www.civiltalaica.it\/cms\/#website\",\"url\":\"https:\/\/www.civiltalaica.it\/cms\/\",\"name\":\"Associazione Culturale Civilt\u00e0 Laica\",\"description\":\"Per un movimento culturale volto a difendere la Laicit\u00e0 dello Stato.\",\"potentialAction\":[{\"@type\":\"SearchAction\",\"target\":{\"@type\":\"EntryPoint\",\"urlTemplate\":\"https:\/\/www.civiltalaica.it\/cms\/?s={search_term_string}\"},\"query-input\":{\"@type\":\"PropertyValueSpecification\",\"valueRequired\":true,\"valueName\":\"search_term_string\"}}],\"inLanguage\":\"it-IT\"},{\"@type\":\"Person\",\"@id\":\"https:\/\/www.civiltalaica.it\/cms\/#\/schema\/person\/500a52762e2620e007d6333aa121f5e5\",\"name\":\"cladmin\",\"url\":\"https:\/\/www.civiltalaica.it\/cms\/author\/cladmin\/\"}]}<\/script>\n<!-- \/ Yoast SEO plugin. -->","yoast_head_json":{"title":"Finanza bianca. La chiesa, i soldi, il potere - Associazione Culturale Civilt\u00e0 Laica","robots":{"index":"index","follow":"follow","max-snippet":"max-snippet:-1","max-image-preview":"max-image-preview:large","max-video-preview":"max-video-preview:-1"},"canonical":"https:\/\/www.civiltalaica.it\/cms\/finanza-bianca-la-chiesa-i-soldi-il-potere\/","og_locale":"it_IT","og_type":"article","og_title":"Finanza bianca. La chiesa, i soldi, il potere - Associazione Culturale Civilt\u00e0 Laica","og_description":"AGGIORNAMENTO:il libro ora risulta disponibile (lafeltrinelli, ibs). * Giancarlo Galli: &#39;Finanza bianca&#39; di Sandro Magister Non s&#39;\u00e8 mai occupato di soldi, non ha un proprio conto in banca e tanto meno s&#39;\u00e8 arricchito. Ma Giovanni Paolo II lascer\u00e0 al suo successore una lauta eredit\u00e0: un Vaticano rimesso a nuovo, con i conti a posto, i [&hellip;]","og_url":"https:\/\/www.civiltalaica.it\/cms\/finanza-bianca-la-chiesa-i-soldi-il-potere\/","og_site_name":"Associazione Culturale Civilt\u00e0 Laica","article_publisher":"https:\/\/www.facebook.com\/civiltalaica","article_published_time":"2008-02-21T18:29:03+00:00","article_modified_time":"2011-01-26T09:42:09+00:00","og_image":[{"width":400,"height":180,"url":"https:\/\/www.civiltalaica.it\/cms\/wp-content\/uploads\/2017\/06\/logo-cl.png","type":"image\/png"}],"author":"cladmin","twitter_card":"summary_large_image","twitter_misc":{"Scritto da":"cladmin","Tempo di lettura stimato":"7 minuti"},"schema":{"@context":"https:\/\/schema.org","@graph":[{"@type":"Article","@id":"https:\/\/www.civiltalaica.it\/cms\/finanza-bianca-la-chiesa-i-soldi-il-potere\/#article","isPartOf":{"@id":"https:\/\/www.civiltalaica.it\/cms\/finanza-bianca-la-chiesa-i-soldi-il-potere\/"},"author":{"name":"cladmin","@id":"https:\/\/www.civiltalaica.it\/cms\/#\/schema\/person\/500a52762e2620e007d6333aa121f5e5"},"headline":"Finanza bianca. La chiesa, i soldi, il potere","datePublished":"2008-02-21T18:29:03+00:00","dateModified":"2011-01-26T09:42:09+00:00","mainEntityOfPage":{"@id":"https:\/\/www.civiltalaica.it\/cms\/finanza-bianca-la-chiesa-i-soldi-il-potere\/"},"wordCount":1460,"keywords":["Annunci"],"articleSection":["articoli"],"inLanguage":"it-IT"},{"@type":"WebPage","@id":"https:\/\/www.civiltalaica.it\/cms\/finanza-bianca-la-chiesa-i-soldi-il-potere\/","url":"https:\/\/www.civiltalaica.it\/cms\/finanza-bianca-la-chiesa-i-soldi-il-potere\/","name":"Finanza bianca. La chiesa, i soldi, il potere - Associazione Culturale Civilt\u00e0 Laica","isPartOf":{"@id":"https:\/\/www.civiltalaica.it\/cms\/#website"},"datePublished":"2008-02-21T18:29:03+00:00","dateModified":"2011-01-26T09:42:09+00:00","author":{"@id":"https:\/\/www.civiltalaica.it\/cms\/#\/schema\/person\/500a52762e2620e007d6333aa121f5e5"},"breadcrumb":{"@id":"https:\/\/www.civiltalaica.it\/cms\/finanza-bianca-la-chiesa-i-soldi-il-potere\/#breadcrumb"},"inLanguage":"it-IT","potentialAction":[{"@type":"ReadAction","target":["https:\/\/www.civiltalaica.it\/cms\/finanza-bianca-la-chiesa-i-soldi-il-potere\/"]}]},{"@type":"BreadcrumbList","@id":"https:\/\/www.civiltalaica.it\/cms\/finanza-bianca-la-chiesa-i-soldi-il-potere\/#breadcrumb","itemListElement":[{"@type":"ListItem","position":1,"name":"Home","item":"https:\/\/www.civiltalaica.it\/cms\/"},{"@type":"ListItem","position":2,"name":"L&#8217;ultima predica","item":"https:\/\/www.civiltalaica.it\/cms\/lultima-predica\/"},{"@type":"ListItem","position":3,"name":"Finanza bianca. La chiesa, i soldi, il potere"}]},{"@type":"WebSite","@id":"https:\/\/www.civiltalaica.it\/cms\/#website","url":"https:\/\/www.civiltalaica.it\/cms\/","name":"Associazione Culturale Civilt\u00e0 Laica","description":"Per un movimento culturale volto a difendere la Laicit\u00e0 dello Stato.","potentialAction":[{"@type":"SearchAction","target":{"@type":"EntryPoint","urlTemplate":"https:\/\/www.civiltalaica.it\/cms\/?s={search_term_string}"},"query-input":{"@type":"PropertyValueSpecification","valueRequired":true,"valueName":"search_term_string"}}],"inLanguage":"it-IT"},{"@type":"Person","@id":"https:\/\/www.civiltalaica.it\/cms\/#\/schema\/person\/500a52762e2620e007d6333aa121f5e5","name":"cladmin","url":"https:\/\/www.civiltalaica.it\/cms\/author\/cladmin\/"}]}},"_links":{"self":[{"href":"https:\/\/www.civiltalaica.it\/cms\/wp-json\/wp\/v2\/posts\/206","targetHints":{"allow":["GET"]}}],"collection":[{"href":"https:\/\/www.civiltalaica.it\/cms\/wp-json\/wp\/v2\/posts"}],"about":[{"href":"https:\/\/www.civiltalaica.it\/cms\/wp-json\/wp\/v2\/types\/post"}],"author":[{"embeddable":true,"href":"https:\/\/www.civiltalaica.it\/cms\/wp-json\/wp\/v2\/users\/1"}],"replies":[{"embeddable":true,"href":"https:\/\/www.civiltalaica.it\/cms\/wp-json\/wp\/v2\/comments?post=206"}],"version-history":[{"count":0,"href":"https:\/\/www.civiltalaica.it\/cms\/wp-json\/wp\/v2\/posts\/206\/revisions"}],"wp:attachment":[{"href":"https:\/\/www.civiltalaica.it\/cms\/wp-json\/wp\/v2\/media?parent=206"}],"wp:term":[{"taxonomy":"category","embeddable":true,"href":"https:\/\/www.civiltalaica.it\/cms\/wp-json\/wp\/v2\/categories?post=206"},{"taxonomy":"post_tag","embeddable":true,"href":"https:\/\/www.civiltalaica.it\/cms\/wp-json\/wp\/v2\/tags?post=206"}],"curies":[{"name":"wp","href":"https:\/\/api.w.org\/{rel}","templated":true}]}}