{"id":203,"date":"2008-02-06T11:26:59","date_gmt":"2008-02-06T11:26:59","guid":{"rendered":""},"modified":"2011-01-26T09:42:33","modified_gmt":"2011-01-26T09:42:33","slug":"sulliniziativa-nonviolenta-entra-in-azione","status":"publish","type":"post","link":"https:\/\/www.civiltalaica.it\/cms\/sulliniziativa-nonviolenta-entra-in-azione\/","title":{"rendered":"Sull&#8217;iniziativa nonviolenta entra in azione&#8230;"},"content":{"rendered":"<p>di <a href=\"http:\/\/it.wikipedia.org\/wiki\/Marco_Cappato\" target=\"_blank\">Marco Cappato<\/a>, dell&#39;<a href=\"http:\/\/www.lucacoscioni.it\" target=\"_blank\">associzione Luca Coscioni<\/a><\/p>\n<p>Carissimi,<\/p>\n<p>dalla mezzanotte di gioved\u00ec 31 gennaio, Mina Welby, Lucio Bert\u00e8,<br \/>\nDominique Velati e io stesso siamo in digiuno di dialogo con il<br \/>\nMinistro Livia Turco. Non assumiamo cibo e ci limitiamo all&#39;apporto<br \/>\ncalorico di tre cappuccini al giorno per trasferire un po&#39; di energia a<br \/>\nLivia Turco affinch\u00e9 assuma decisioni immediate per i diritti delle<br \/>\npersone disabili, dei portatori di malattie genetiche e di tutti i<br \/>\ncittadini. Si tratta in alcuni casi di &quot;atti obbligati&quot;, in altri di<br \/>\nprovvedimenti pronti ormai da mesi sui quali vi \u00e8 consenso generale e<br \/>\nche attendono solo la firma del Ministro:<\/p>\n<p><!--more--><br \/>1 &#8211; l&#39;aggiornamento del nomenclatore tariffario, cio\u00e8 l&#39;elenco delle strumentazioni rimborsabili che consentono di recuperare facolt\u00e0 perdute, in particolare quella di parola e comunicazione;<\/p>\n<p>2 &#8211; l&#39;adozione delle norme che obbligano le aziende ospedaliere a dotarsi di Unit\u00e0 di Gestione del Rischio Clinico e di Servizi di Ingegneria Clinica per tutelare la sicurezza degli impianti e limitare gli errori clinici;<\/p>\n<p>3 &#8211; l&#39;aggiornamento delle linee guida della legge sulla fecondazione assistita, scadute il 4 agosto 2007, con particolare riferimento ai diritti dei portatori di malattie genetiche;<\/p>\n<p>4 &#8211; emanare il decreto attuativo della Convenzione del Consiglio d&#39; Europa sulla biomedicina, ratificata nel 2001 (cosiddetta Convenzione di Oviedo)<\/p>\n<p>Con la nostra iniziativa nonviolenta non vogliamo condizionare il Ministro nel merito dei singoli provvedimenti, ma vogliamo aiutare Livia Turco a rispettare la legge e a superare resistenze di ogni tipo. Ci pare che ci\u00f2 sia necessario in un momento in cui la crisi di Governo rischia di distogliere ogni attenzione dai problemi delle persone malate e disabili, che meno agevolmente di altre possono organizzarsi per far sentire la propria voce.<\/p>\n<p>Se sei interessato a dare una mano a questi obiettivi, puoi:<\/p>\n<p>&#8211; scrivere al Ministro Livia Turco<br \/>&#8211; scrivere ai giornali-radio-tv della tua citt\u00e0<br \/>&#8211; contattare associazioni e persone potenzialmente interessate<\/p>\n<p>Anche la partecipazione all&#39;azione nonviolenta \u00e8 &quot;aperta&quot;, ma \u00e8 innanzitutto importante comunicare all&#39;esterno l&#39;iniziativa.<br \/>Un saluto,<\/p>\n<p>Marco Cappato<\/p>\n","protected":false},"excerpt":{"rendered":"<p>di Marco Cappato, dell&#39;associzione Luca Coscioni Carissimi, dalla mezzanotte di gioved\u00ec 31 gennaio, Mina Welby, Lucio Bert\u00e8, Dominique Velati e io stesso siamo in digiuno di dialogo con il Ministro Livia Turco. Non assumiamo cibo e ci limitiamo all&#39;apporto calorico di tre cappuccini al giorno per trasferire un po&#39; di energia a Livia Turco affinch\u00e9 [&hellip;]<\/p>\n","protected":false},"author":1,"featured_media":0,"comment_status":"closed","ping_status":"closed","sticky":false,"template":"","format":"standard","meta":{"footnotes":""},"categories":[238],"tags":[18],"class_list":["post-203","post","type-post","status-publish","format-standard","hentry","category-articoli","tag-annunci"],"yoast_head":"<!-- This site is optimized with the Yoast SEO plugin v27.1.1 - https:\/\/yoast.com\/product\/yoast-seo-wordpress\/ -->\n<title>Sull&#039;iniziativa nonviolenta entra in azione... - Associazione Culturale Civilt\u00e0 Laica<\/title>\n<meta name=\"robots\" content=\"index, follow, max-snippet:-1, max-image-preview:large, max-video-preview:-1\" \/>\n<link rel=\"canonical\" href=\"https:\/\/www.civiltalaica.it\/cms\/sulliniziativa-nonviolenta-entra-in-azione\/\" \/>\n<meta property=\"og:locale\" content=\"it_IT\" \/>\n<meta property=\"og:type\" content=\"article\" \/>\n<meta property=\"og:title\" content=\"Sull&#039;iniziativa nonviolenta entra in azione... - Associazione Culturale Civilt\u00e0 Laica\" \/>\n<meta property=\"og:description\" content=\"di Marco Cappato, dell&#039;associzione Luca Coscioni Carissimi, dalla mezzanotte di gioved\u00ec 31 gennaio, Mina Welby, Lucio Bert\u00e8, Dominique Velati e io stesso siamo in digiuno di dialogo con il Ministro Livia Turco. Non assumiamo cibo e ci limitiamo all&#039;apporto calorico di tre cappuccini al giorno per trasferire un po&#039; di energia a Livia Turco affinch\u00e9 [&hellip;]\" \/>\n<meta property=\"og:url\" content=\"https:\/\/www.civiltalaica.it\/cms\/sulliniziativa-nonviolenta-entra-in-azione\/\" \/>\n<meta property=\"og:site_name\" content=\"Associazione Culturale Civilt\u00e0 Laica\" \/>\n<meta property=\"article:publisher\" content=\"https:\/\/www.facebook.com\/civiltalaica\" \/>\n<meta property=\"article:published_time\" content=\"2008-02-06T11:26:59+00:00\" \/>\n<meta property=\"article:modified_time\" content=\"2011-01-26T09:42:33+00:00\" \/>\n<meta property=\"og:image\" content=\"https:\/\/www.civiltalaica.it\/cms\/wp-content\/uploads\/2017\/06\/logo-cl.png\" \/>\n\t<meta property=\"og:image:width\" content=\"400\" \/>\n\t<meta property=\"og:image:height\" content=\"180\" \/>\n\t<meta property=\"og:image:type\" content=\"image\/png\" \/>\n<meta name=\"author\" content=\"cladmin\" \/>\n<meta name=\"twitter:card\" content=\"summary_large_image\" \/>\n<meta name=\"twitter:label1\" content=\"Scritto da\" \/>\n\t<meta name=\"twitter:data1\" content=\"cladmin\" \/>\n\t<meta name=\"twitter:label2\" content=\"Tempo di lettura stimato\" \/>\n\t<meta name=\"twitter:data2\" content=\"2 minuti\" \/>\n<script type=\"application\/ld+json\" class=\"yoast-schema-graph\">{\"@context\":\"https:\/\/schema.org\",\"@graph\":[{\"@type\":\"Article\",\"@id\":\"https:\/\/www.civiltalaica.it\/cms\/sulliniziativa-nonviolenta-entra-in-azione\/#article\",\"isPartOf\":{\"@id\":\"https:\/\/www.civiltalaica.it\/cms\/sulliniziativa-nonviolenta-entra-in-azione\/\"},\"author\":{\"name\":\"cladmin\",\"@id\":\"https:\/\/www.civiltalaica.it\/cms\/#\/schema\/person\/500a52762e2620e007d6333aa121f5e5\"},\"headline\":\"Sull&#8217;iniziativa nonviolenta entra in azione&#8230;\",\"datePublished\":\"2008-02-06T11:26:59+00:00\",\"dateModified\":\"2011-01-26T09:42:33+00:00\",\"mainEntityOfPage\":{\"@id\":\"https:\/\/www.civiltalaica.it\/cms\/sulliniziativa-nonviolenta-entra-in-azione\/\"},\"wordCount\":337,\"keywords\":[\"Annunci\"],\"articleSection\":[\"articoli\"],\"inLanguage\":\"it-IT\"},{\"@type\":\"WebPage\",\"@id\":\"https:\/\/www.civiltalaica.it\/cms\/sulliniziativa-nonviolenta-entra-in-azione\/\",\"url\":\"https:\/\/www.civiltalaica.it\/cms\/sulliniziativa-nonviolenta-entra-in-azione\/\",\"name\":\"Sull'iniziativa nonviolenta entra in azione... - Associazione Culturale Civilt\u00e0 Laica\",\"isPartOf\":{\"@id\":\"https:\/\/www.civiltalaica.it\/cms\/#website\"},\"datePublished\":\"2008-02-06T11:26:59+00:00\",\"dateModified\":\"2011-01-26T09:42:33+00:00\",\"author\":{\"@id\":\"https:\/\/www.civiltalaica.it\/cms\/#\/schema\/person\/500a52762e2620e007d6333aa121f5e5\"},\"breadcrumb\":{\"@id\":\"https:\/\/www.civiltalaica.it\/cms\/sulliniziativa-nonviolenta-entra-in-azione\/#breadcrumb\"},\"inLanguage\":\"it-IT\",\"potentialAction\":[{\"@type\":\"ReadAction\",\"target\":[\"https:\/\/www.civiltalaica.it\/cms\/sulliniziativa-nonviolenta-entra-in-azione\/\"]}]},{\"@type\":\"BreadcrumbList\",\"@id\":\"https:\/\/www.civiltalaica.it\/cms\/sulliniziativa-nonviolenta-entra-in-azione\/#breadcrumb\",\"itemListElement\":[{\"@type\":\"ListItem\",\"position\":1,\"name\":\"Home\",\"item\":\"https:\/\/www.civiltalaica.it\/cms\/\"},{\"@type\":\"ListItem\",\"position\":2,\"name\":\"L&#8217;ultima predica\",\"item\":\"https:\/\/www.civiltalaica.it\/cms\/lultima-predica\/\"},{\"@type\":\"ListItem\",\"position\":3,\"name\":\"Sull&#8217;iniziativa nonviolenta entra in azione&#8230;\"}]},{\"@type\":\"WebSite\",\"@id\":\"https:\/\/www.civiltalaica.it\/cms\/#website\",\"url\":\"https:\/\/www.civiltalaica.it\/cms\/\",\"name\":\"Associazione Culturale Civilt\u00e0 Laica\",\"description\":\"Per un movimento culturale volto a difendere la Laicit\u00e0 dello Stato.\",\"potentialAction\":[{\"@type\":\"SearchAction\",\"target\":{\"@type\":\"EntryPoint\",\"urlTemplate\":\"https:\/\/www.civiltalaica.it\/cms\/?s={search_term_string}\"},\"query-input\":{\"@type\":\"PropertyValueSpecification\",\"valueRequired\":true,\"valueName\":\"search_term_string\"}}],\"inLanguage\":\"it-IT\"},{\"@type\":\"Person\",\"@id\":\"https:\/\/www.civiltalaica.it\/cms\/#\/schema\/person\/500a52762e2620e007d6333aa121f5e5\",\"name\":\"cladmin\",\"url\":\"https:\/\/www.civiltalaica.it\/cms\/author\/cladmin\/\"}]}<\/script>\n<!-- \/ Yoast SEO plugin. -->","yoast_head_json":{"title":"Sull'iniziativa nonviolenta entra in azione... - Associazione Culturale Civilt\u00e0 Laica","robots":{"index":"index","follow":"follow","max-snippet":"max-snippet:-1","max-image-preview":"max-image-preview:large","max-video-preview":"max-video-preview:-1"},"canonical":"https:\/\/www.civiltalaica.it\/cms\/sulliniziativa-nonviolenta-entra-in-azione\/","og_locale":"it_IT","og_type":"article","og_title":"Sull'iniziativa nonviolenta entra in azione... - Associazione Culturale Civilt\u00e0 Laica","og_description":"di Marco Cappato, dell&#39;associzione Luca Coscioni Carissimi, dalla mezzanotte di gioved\u00ec 31 gennaio, Mina Welby, Lucio Bert\u00e8, Dominique Velati e io stesso siamo in digiuno di dialogo con il Ministro Livia Turco. Non assumiamo cibo e ci limitiamo all&#39;apporto calorico di tre cappuccini al giorno per trasferire un po&#39; di energia a Livia Turco affinch\u00e9 [&hellip;]","og_url":"https:\/\/www.civiltalaica.it\/cms\/sulliniziativa-nonviolenta-entra-in-azione\/","og_site_name":"Associazione Culturale Civilt\u00e0 Laica","article_publisher":"https:\/\/www.facebook.com\/civiltalaica","article_published_time":"2008-02-06T11:26:59+00:00","article_modified_time":"2011-01-26T09:42:33+00:00","og_image":[{"width":400,"height":180,"url":"https:\/\/www.civiltalaica.it\/cms\/wp-content\/uploads\/2017\/06\/logo-cl.png","type":"image\/png"}],"author":"cladmin","twitter_card":"summary_large_image","twitter_misc":{"Scritto da":"cladmin","Tempo di lettura stimato":"2 minuti"},"schema":{"@context":"https:\/\/schema.org","@graph":[{"@type":"Article","@id":"https:\/\/www.civiltalaica.it\/cms\/sulliniziativa-nonviolenta-entra-in-azione\/#article","isPartOf":{"@id":"https:\/\/www.civiltalaica.it\/cms\/sulliniziativa-nonviolenta-entra-in-azione\/"},"author":{"name":"cladmin","@id":"https:\/\/www.civiltalaica.it\/cms\/#\/schema\/person\/500a52762e2620e007d6333aa121f5e5"},"headline":"Sull&#8217;iniziativa nonviolenta entra in azione&#8230;","datePublished":"2008-02-06T11:26:59+00:00","dateModified":"2011-01-26T09:42:33+00:00","mainEntityOfPage":{"@id":"https:\/\/www.civiltalaica.it\/cms\/sulliniziativa-nonviolenta-entra-in-azione\/"},"wordCount":337,"keywords":["Annunci"],"articleSection":["articoli"],"inLanguage":"it-IT"},{"@type":"WebPage","@id":"https:\/\/www.civiltalaica.it\/cms\/sulliniziativa-nonviolenta-entra-in-azione\/","url":"https:\/\/www.civiltalaica.it\/cms\/sulliniziativa-nonviolenta-entra-in-azione\/","name":"Sull'iniziativa nonviolenta entra in azione... - Associazione Culturale Civilt\u00e0 Laica","isPartOf":{"@id":"https:\/\/www.civiltalaica.it\/cms\/#website"},"datePublished":"2008-02-06T11:26:59+00:00","dateModified":"2011-01-26T09:42:33+00:00","author":{"@id":"https:\/\/www.civiltalaica.it\/cms\/#\/schema\/person\/500a52762e2620e007d6333aa121f5e5"},"breadcrumb":{"@id":"https:\/\/www.civiltalaica.it\/cms\/sulliniziativa-nonviolenta-entra-in-azione\/#breadcrumb"},"inLanguage":"it-IT","potentialAction":[{"@type":"ReadAction","target":["https:\/\/www.civiltalaica.it\/cms\/sulliniziativa-nonviolenta-entra-in-azione\/"]}]},{"@type":"BreadcrumbList","@id":"https:\/\/www.civiltalaica.it\/cms\/sulliniziativa-nonviolenta-entra-in-azione\/#breadcrumb","itemListElement":[{"@type":"ListItem","position":1,"name":"Home","item":"https:\/\/www.civiltalaica.it\/cms\/"},{"@type":"ListItem","position":2,"name":"L&#8217;ultima predica","item":"https:\/\/www.civiltalaica.it\/cms\/lultima-predica\/"},{"@type":"ListItem","position":3,"name":"Sull&#8217;iniziativa nonviolenta entra in azione&#8230;"}]},{"@type":"WebSite","@id":"https:\/\/www.civiltalaica.it\/cms\/#website","url":"https:\/\/www.civiltalaica.it\/cms\/","name":"Associazione Culturale Civilt\u00e0 Laica","description":"Per un movimento culturale volto a difendere la Laicit\u00e0 dello Stato.","potentialAction":[{"@type":"SearchAction","target":{"@type":"EntryPoint","urlTemplate":"https:\/\/www.civiltalaica.it\/cms\/?s={search_term_string}"},"query-input":{"@type":"PropertyValueSpecification","valueRequired":true,"valueName":"search_term_string"}}],"inLanguage":"it-IT"},{"@type":"Person","@id":"https:\/\/www.civiltalaica.it\/cms\/#\/schema\/person\/500a52762e2620e007d6333aa121f5e5","name":"cladmin","url":"https:\/\/www.civiltalaica.it\/cms\/author\/cladmin\/"}]}},"_links":{"self":[{"href":"https:\/\/www.civiltalaica.it\/cms\/wp-json\/wp\/v2\/posts\/203","targetHints":{"allow":["GET"]}}],"collection":[{"href":"https:\/\/www.civiltalaica.it\/cms\/wp-json\/wp\/v2\/posts"}],"about":[{"href":"https:\/\/www.civiltalaica.it\/cms\/wp-json\/wp\/v2\/types\/post"}],"author":[{"embeddable":true,"href":"https:\/\/www.civiltalaica.it\/cms\/wp-json\/wp\/v2\/users\/1"}],"replies":[{"embeddable":true,"href":"https:\/\/www.civiltalaica.it\/cms\/wp-json\/wp\/v2\/comments?post=203"}],"version-history":[{"count":0,"href":"https:\/\/www.civiltalaica.it\/cms\/wp-json\/wp\/v2\/posts\/203\/revisions"}],"wp:attachment":[{"href":"https:\/\/www.civiltalaica.it\/cms\/wp-json\/wp\/v2\/media?parent=203"}],"wp:term":[{"taxonomy":"category","embeddable":true,"href":"https:\/\/www.civiltalaica.it\/cms\/wp-json\/wp\/v2\/categories?post=203"},{"taxonomy":"post_tag","embeddable":true,"href":"https:\/\/www.civiltalaica.it\/cms\/wp-json\/wp\/v2\/tags?post=203"}],"curies":[{"name":"wp","href":"https:\/\/api.w.org\/{rel}","templated":true}]}}