{"id":20084,"date":"2021-04-08T09:56:04","date_gmt":"2021-04-08T09:56:04","guid":{"rendered":"https:\/\/www.civiltalaica.it\/cms\/?p=20084"},"modified":"2021-04-09T08:41:34","modified_gmt":"2021-04-09T08:41:34","slug":"la-brutalita-dei-dati-usa-sulla-covid19","status":"publish","type":"post","link":"https:\/\/www.civiltalaica.it\/cms\/la-brutalita-dei-dati-usa-sulla-covid19\/","title":{"rendered":"La brutalit\u00e0 dei dati Usa sulla Covid19"},"content":{"rendered":"<p>Dicevamo pochi giorni fa che la mole di informazioni a disposizione di un utente web \u00e8 praticamente infinita. Forse un infinito di ordine inferiore alla stupidit\u00e0 umana, ma tant&#8217;\u00e8.<\/p>\n<p>Basta un poco di tempo da dedicare alle domande che abbiamo in mente e quasi sempre giungono dei dati in nostro aiuto che possono aiutarci a formulare delle risposte.<\/p>\n<p>Del resto lo ripetiamo dall&#8217;inizio della pandemia agli addetti ai lavori: <b>basta opinioni, fornite i dati. <\/b><\/p>\n<p>Quindi ci siamo chiesti perch\u00e9 non andiamo a dare un occhiata a quello che raccontano i numeri degli stati Usa, faro eterno della democrazia occidentale e della sua esportazione? Vista l&#8217;estremizzazione dell&#8217;odio partitico causato dal (brutto) fenomeno Trump sicuramente, fra i 51 che compongono l&#8217;Unione, ci saranno degli stati abbastanza omogenei che hanno preso provvedimenti diversi. Verificando i dati si pu\u00f2 avere una buona idea sul funzionamento di questi.<\/p>\n<p><a href=\"https:\/\/edition.cnn.com\/2020\/11\/09\/us\/biden-mask-mandate-nationwide-trnd\/index.html\">Quest&#8217;articolo della CNN<\/a> ad esempio ci permette ad esempio di distinguere quali stati hanno messo l&#8217;obbligo delle mascherine e quali no.<br \/>\nAttenzione, per \u201cmask required\u201d si intende (a quanto abbiamo capito e non escludendo provvedimenti diversi localizzati) l&#8217;obbligo della mascherina in ambienti pubblici chiusi (bar, uffici e trasporti) o al limite in zone a \u201crischio assembramento\u201d, a quanto ci risulta nessun stato ha messo norme che obblighino a portare la mascherina ovunque all&#8217;esterno.<\/p>\n<p><b>Alcune ulteriori delucidazioni preventive<\/b>.<\/p>\n<p>1) Quando parliamo di uno stato a bassa densit\u00e0 abitativa (abbiamo preso il valore limite di 20 ab\/kmq) come ad esempio il Nevada (10,9 ab\/kmq) bisogna esser coscienti del fatto che in quel numero ci sono anche i valori della citt\u00e0 di Las Vegas che ha una densit\u00e0 abitativa di oltre duemila ab\/kmq. Questo pu\u00f2 dar luogo a fenomeni localizzati completamente diversi e opposti alla filosofia della nostra divisione arbitraria (stati con alta densit\u00e0, maggiore facilit\u00e0 di diffusione del virus).<br \/>\n2) Abbiamo quindi messo a confronto gli stati a media densit\u00e0 abitativa (Tra 20,1 e 130 ab\/kmq). Questi valori sono stati scelti per permettere un confronto decente fra un buon numero di stati, perch\u00e9 nessuno degli stati \u201cno mask required\u201d ha una densit\u00e0 maggiore di 126 ab\/kmq e fare ulteriori suddivisioni rendeva il confronto quasi inutile.<br \/>\n3) Ne consegue che gli stati ad alta densit\u00e0 abitativa (maggiore di 130 ab\/kmq) come New York (tutti \u201cmask required\u201d) non fanno quindi parte di questo confronto. Altres\u00ec<b> abbiamo arbitrariamente escluso le Hawaii e l&#8217;Alaska<\/b> per le loro peculiarit\u00e0 geografiche.<\/p>\n<p>4) Parliamo di stati \u201cmask required\u201d e di stati \u201cno mask required\u201d ma \u00e8 lecito supporre che oltre alle mascherine anche le altre misure di epidemiologia difensiva (il famigerato distanziamento sociale) siano pi\u00f9 rigide negli stati in cui c&#8217;\u00e8 questo obbligo. Tuttavia tralasciamo qui di quantificarle perch\u00e9 scendere nel dettaglio dei singoli stati Usa \u00e8 arduo e non ci \u00e8 qui di aiuto neanche <a href=\"https:\/\/www.bsg.ox.ac.uk\/research\/research-projects\/covid-19-government-response-tracker\">l&#8217;indice di Oxford<\/a> sulle misure restrittive visto che riporta solo gli Usa nel suo complesso.<\/p>\n<p>5) i dati della densit\u00e0 abitativa degli stati uniti sono presi dalle pagine di wikipedia, i dati dei contagi e dei decessi (<b>aggiornati al 5 aprile 2021<\/b>) dalle pagine interattive del Financial Times che a sua volta li prende dalla John Hopkins University.<\/p>\n<p><a href=\"https:\/\/www.civiltalaica.it\/cms\/index.php\/la-brutalita-dei-dati-usa-sulla-covid19.html\/stati-usa-media-densita-mask-no-mask\" rel=\"attachment wp-att-20085\"><img loading=\"lazy\" decoding=\"async\" class=\"alignleft wp-image-20085\" src=\"https:\/\/www.civiltalaica.it\/cms\/wp-content\/uploads\/2021\/04\/STATI-USA-MEDIA-DENSITA-MASK-NO-MASK.png\" alt=\"\" width=\"744\" height=\"380\" srcset=\"https:\/\/www.civiltalaica.it\/cms\/wp-content\/uploads\/2021\/04\/STATI-USA-MEDIA-DENSITA-MASK-NO-MASK.png 1520w, https:\/\/www.civiltalaica.it\/cms\/wp-content\/uploads\/2021\/04\/STATI-USA-MEDIA-DENSITA-MASK-NO-MASK-300x153.png 300w, https:\/\/www.civiltalaica.it\/cms\/wp-content\/uploads\/2021\/04\/STATI-USA-MEDIA-DENSITA-MASK-NO-MASK-1024x523.png 1024w, https:\/\/www.civiltalaica.it\/cms\/wp-content\/uploads\/2021\/04\/STATI-USA-MEDIA-DENSITA-MASK-NO-MASK-768x393.png 768w, https:\/\/www.civiltalaica.it\/cms\/wp-content\/uploads\/2021\/04\/STATI-USA-MEDIA-DENSITA-MASK-NO-MASK-280x143.png 280w\" sizes=\"auto, (max-width: 744px) 100vw, 744px\" \/><\/a><\/p>\n<p><a href=\"https:\/\/www.civiltalaica.it\/cms\/index.php\/la-brutalita-dei-dati-usa-sulla-covid19.html\/stati-usa-bassa-densita-mask-no-mask\" rel=\"attachment wp-att-20086\"><img loading=\"lazy\" decoding=\"async\" class=\"alignleft wp-image-20086\" src=\"https:\/\/www.civiltalaica.it\/cms\/wp-content\/uploads\/2021\/04\/STATI-USA-BASSA-DENSITA-MASK-NO-MASK.jpg\" alt=\"\" width=\"735\" height=\"352\" srcset=\"https:\/\/www.civiltalaica.it\/cms\/wp-content\/uploads\/2021\/04\/STATI-USA-BASSA-DENSITA-MASK-NO-MASK.jpg 1634w, https:\/\/www.civiltalaica.it\/cms\/wp-content\/uploads\/2021\/04\/STATI-USA-BASSA-DENSITA-MASK-NO-MASK-300x144.jpg 300w, https:\/\/www.civiltalaica.it\/cms\/wp-content\/uploads\/2021\/04\/STATI-USA-BASSA-DENSITA-MASK-NO-MASK-1024x491.jpg 1024w, https:\/\/www.civiltalaica.it\/cms\/wp-content\/uploads\/2021\/04\/STATI-USA-BASSA-DENSITA-MASK-NO-MASK-768x368.jpg 768w, https:\/\/www.civiltalaica.it\/cms\/wp-content\/uploads\/2021\/04\/STATI-USA-BASSA-DENSITA-MASK-NO-MASK-1536x736.jpg 1536w, https:\/\/www.civiltalaica.it\/cms\/wp-content\/uploads\/2021\/04\/STATI-USA-BASSA-DENSITA-MASK-NO-MASK-280x134.jpg 280w\" sizes=\"auto, (max-width: 735px) 100vw, 735px\" \/><\/a><\/p>\n<p>Da questi dati abbiamo una conferma e una sorpresa.<\/p>\n<p><b>La conferma<\/b> \u00e8 che l&#8217;uso delle \u201cmascherine\u201d (non consideriamo il tipo di queste) nei luoghi chiusi hanno un effetto molto moderato sulla riduzione del numero dei contagi. Questi numeri indicano un valore intorno al 20% su cui, del resto, si orientano anche altri confronti su ci\u00f2 che riguarda l&#8217;epidemiologia difensiva in genere.<\/p>\n<p><b>La sorpresa<\/b> \u00e8 che sembrano avere un maggiore efficacia negli stati a bassa densit\u00e0 abitativa, cosa che ci sembra assolutamente contro-intuitiva, seppur con tutti i limiti di questa \u201cvalutazione dati\u201d di cui abbiamo gi\u00e0 detto.<\/p>\n<p>Ci asteniamo a formulare ipotesi in merito perch\u00e9 bisognerebbe entrare davvero nel dettaglio di ogni stato; ci limitiamo a far notare che la rumorosit\u00e0 dei dati \u00e8 tale che, mascherine o meno, ci sono stati \u201cno mask required\u201d con\u00a0 meno contagi di uno stato \u201cmask required&#8221; a densit\u00e0 paragonabile (vedi ad es. Idaho e Utah).<\/p>\n<p><b>La brutalit\u00e0 dei dati economici<\/b><br \/>\nDobbiamo invece dire che non siamo rimasti per nulla sorpresi quando abbiamo unito l&#8217;andamento i numeri dei morti per Covid19 negli stati Usa al rispettivo <i>ranking<\/i> per ci\u00f2 che riguarda la qualit\u00e0 dell&#8217;<em>health care<\/em>. <a href=\"https:\/\/www.usnews.com\/news\/best-states\/rankings\/health-care\">La classifica \u00e8 stata stilata da U.S. News.<\/a><\/p>\n<p><a href=\"https:\/\/www.civiltalaica.it\/cms\/index.php\/la-brutalita-dei-dati-usa-sulla-covid19.html\/usa-morti-per-health-care\" rel=\"attachment wp-att-20087\"><img loading=\"lazy\" decoding=\"async\" class=\"alignleft size-full wp-image-20087\" src=\"https:\/\/www.civiltalaica.it\/cms\/wp-content\/uploads\/2021\/04\/usa-morti-per-health-care.jpg\" alt=\"\" width=\"1585\" height=\"770\" srcset=\"https:\/\/www.civiltalaica.it\/cms\/wp-content\/uploads\/2021\/04\/usa-morti-per-health-care.jpg 1585w, https:\/\/www.civiltalaica.it\/cms\/wp-content\/uploads\/2021\/04\/usa-morti-per-health-care-300x146.jpg 300w, https:\/\/www.civiltalaica.it\/cms\/wp-content\/uploads\/2021\/04\/usa-morti-per-health-care-1024x497.jpg 1024w, https:\/\/www.civiltalaica.it\/cms\/wp-content\/uploads\/2021\/04\/usa-morti-per-health-care-768x373.jpg 768w, https:\/\/www.civiltalaica.it\/cms\/wp-content\/uploads\/2021\/04\/usa-morti-per-health-care-1536x746.jpg 1536w, https:\/\/www.civiltalaica.it\/cms\/wp-content\/uploads\/2021\/04\/usa-morti-per-health-care-280x136.jpg 280w\" sizes=\"auto, (max-width: 1585px) 100vw, 1585px\" \/><\/a><\/p>\n<p>Gi\u00e0 ci risulta chiaro come l&#8217;andamento del numero di morti in un epidemia sia fondamentalmente legato alla qualit\u00e0 del sistema sanitario (per maggiori informazioni su come sia stata stilata la classifica leggere lo studio sopra citato).<\/p>\n<p>Se l&#8217;associazione di questo grafico sembra un po&#8217; debole proviamo ad evidenziarla con una correzione arbitraria. Ovvero togliamo l&#8217;anomalia degli stati Usa dove la pandemia si \u00e8 sviluppata prima che negli altri (<b>New York, New Jersey, Rhode Island, Connecticut, Massachussets<\/b>).<\/p>\n<p>Questo perch\u00e9 \u00e8 lecito, secondo noi, supporre che nella prima fase dell&#8217;emergenza gli stessi problemi nel trattamento dei malati gravi si sono riscontrate anche in Usa, quindi i medici di questi stati (pur ai vertici del ranking nella qualit\u00e0 del loro <em>health care<\/em>) abbiano avuto difficolt\u00e0 che nella seconda fase di espansione della pandemia poi si sono superate.<\/p>\n<p><a href=\"https:\/\/www.civiltalaica.it\/cms\/index.php\/la-brutalita-dei-dati-usa-sulla-covid19.html\/usa-morti-vs-healthe-care-correzione\" rel=\"attachment wp-att-20088\"><img loading=\"lazy\" decoding=\"async\" class=\"alignleft size-full wp-image-20088\" src=\"https:\/\/www.civiltalaica.it\/cms\/wp-content\/uploads\/2021\/04\/usa-morti-vs-healthe-care-correzione.jpg\" alt=\"\" width=\"1482\" height=\"749\" srcset=\"https:\/\/www.civiltalaica.it\/cms\/wp-content\/uploads\/2021\/04\/usa-morti-vs-healthe-care-correzione.jpg 1482w, https:\/\/www.civiltalaica.it\/cms\/wp-content\/uploads\/2021\/04\/usa-morti-vs-healthe-care-correzione-300x152.jpg 300w, https:\/\/www.civiltalaica.it\/cms\/wp-content\/uploads\/2021\/04\/usa-morti-vs-healthe-care-correzione-1024x518.jpg 1024w, https:\/\/www.civiltalaica.it\/cms\/wp-content\/uploads\/2021\/04\/usa-morti-vs-healthe-care-correzione-768x388.jpg 768w, https:\/\/www.civiltalaica.it\/cms\/wp-content\/uploads\/2021\/04\/usa-morti-vs-healthe-care-correzione-280x142.jpg 280w\" sizes=\"auto, (max-width: 1482px) 100vw, 1482px\" \/><\/a><\/p>\n<p>La fortissima associazione rende evidente come la differenza fra avere un sistema sanitario pi\u00f9 o meno di qualit\u00e0 (e sottolineiamo di essere comunque all&#8217;interno del contesto degli stati Usa, non stiamo certo confrontando la Germania con il Sudan) possa fare la differenza nel numero di decessi (che poi \u00e8 quello che ci interessa) addirittura in un fattore 2. Ovvero, in estrema e brutale sintesi, questi numeri ci stanno dicendo che, in una pandemia virale di questo tipo, uno stato come il Mississippi all&#8217;ultimo posto del ranking usa per <em>health care<\/em>, molto probabilmente andr\u00e0 incontro al doppio dei morti (in proporzione al numero di abitanti) che avranno le Hawaii.<\/p>\n<p>Questo magari sarebbe da tenere a mente quando leggete gli articoli in cui il (mancato) salvatore del paese, <b>Mario Draghi<\/b>, sta presentando un piano di spesa del Recovery Fund che, semmai davvero arriver\u00e0, sar\u00e0 speso solo in minima parte per ripristinare il Sistema Sanitario Nazionale ma sar\u00e0 nuovamente sperperato in edilizia (nonostante il numero di case italiane non abitate e delle propriet\u00e0 demaniali abbandonate) e Grandi Opere (Tav e altre follie) secondo la consueta usanza italica di fare buche e richiuderle con la scusa di pagare lo stipendio a qualcuno, mentre i soliti si spartiscono l&#8217;appalto subappaltato.<\/p>\n<p><i>En passant<\/i>, abbiamo scritto \u201cse mai arriver\u00e0\u201d non in omaggio al nostro pessimismo cosmico ma perch\u00e9 attualmente il Recovery Fund \u00e8 in attesa della decisione della <b>Corte Costituzionale Tedesca di Karlsruhe<\/b> la quale ha accolto il ricorso di un partito di nazionalista. La Germania infatti, costituzionalmente parlando, non pu\u00f2 essere esposta a rischi economici derivanti dall&#8217;insolvenza di altri Stati. Cosa che invece con il Recovery Fund accade. <b>Angela Merkel<\/b> consapevole di questo fatto ha convinto il parlamento a far approvare il RF assicurando che sar\u00e0 una cosa straordinaria e non ripetibile. Tuttavia la corte ha preso tempo per esaminare tutte le carte, i rischi, e i piani di ogni singolo stato. Quindi state tranquilli e. come si suol dire, mettetevi comodi perch\u00e9 non sembra che sia una questione di ore e neanche di giorni per la sentenza. Si parla di mesi.<\/p>\n<p><b>Obbedisco!<\/b><\/p>\n<p>Ci sono 27 stati Usa governati dal <b>Great Old Party<\/b> (Repubblicani) e 24 dai <b>Democratici<\/b> in questa pandemia, sorprende un poco vedere che mentre i democratici hanno adottato tutti la stessa linea in termini di \u201cmask required\u201d (24 su 24 hanno messo l&#8217;obbligo) ogni governatore repubblicano ha fatto di testa sua (16 non hanno messo l&#8217;obbligo e 11 s\u00ec).<\/p>\n<p>La battaglia politica contro Trump ha senz&#8217;altro avuto i suoi effetti e l&#8217;impresentabile <i>tycoon<\/i> da tempo aveva spaccato il GOP probabilmente molto pi\u00f9 a fondo di quello che pure hanno detto le recenti elezioni.<\/p>\n<p>Tuttavia, non riusciamo proprio a ritenere ammissibile che impostare battaglie politiche sulla gestione di un emergenza sanitaria rientri nei confini di ci\u00f2 che pensiamo essere Democrazia.<\/p>\n<p>Ci piacerebbe pensare che tutto quello che sia successo ci abbia reso \u201cmigliori\u201d come pretendevano alcuni slogan di un anno fa. Tuttavia il nostro essere realisti che ci portava a guardare ci\u00f2 che succedeva con molto allarme per tutto ci\u00f2 che riguardava diritti civili, cultura, lavoro ed economia e quindi (di conseguenza) gestione stessa del virus, che molti consideravano \u201cpessimismo\u201d si sta rivelando essere stato di gran lunga ottimista.<\/p>\n<p>In questo momento storico riteniamo che il nostro compito possa essere solo quello di lasciare testimonianze per i posteri. Testimonianze sul fatto che non tutti ci siamo fatti sommergere dalla disinformazione dilagante (che definire <b>terrorista<\/b> sembra pure riduttivo, dopo il disastro mediatico che ha portato anche all&#8217;assurda sospensione del vaccino AstraZeneca) ma in molti abbiamo continuato a usare quelle celluline grigie tanto care a Hercule Poirot.<\/p>\n<p>Perch\u00e9 forse non possiamo sapere quanti colpi di coda ci riserver\u00e0 ancora questa pandemia ma, statene certi,\u00a0 fra qualche decennio, leggendo le cronache di quello che \u00e8 successo, qualcuno prima o poi chieder\u00e0 ai superstiti: \u201c<b>ma eravate tutti rincoglioniti?<\/b>\u201d<\/p>\n<p><b>Alessandro Chiometti<\/b><\/p>\n<p><a href=\"https:\/\/www.civiltalaica.it\/cms\/index.php\/the-new-pope-e-il-solito-sorrentino.html\/alessandro\" rel=\"attachment wp-att-16678\"><img loading=\"lazy\" decoding=\"async\" class=\"alignleft wp-image-16678\" src=\"https:\/\/www.civiltalaica.it\/cms\/wp-content\/uploads\/2020\/02\/alessandro-scaled.jpg\" alt=\"\" width=\"249\" height=\"269\" srcset=\"https:\/\/www.civiltalaica.it\/cms\/wp-content\/uploads\/2020\/02\/alessandro-scaled.jpg 2363w, https:\/\/www.civiltalaica.it\/cms\/wp-content\/uploads\/2020\/02\/alessandro-277x300.jpg 277w, https:\/\/www.civiltalaica.it\/cms\/wp-content\/uploads\/2020\/02\/alessandro-945x1024.jpg 945w, https:\/\/www.civiltalaica.it\/cms\/wp-content\/uploads\/2020\/02\/alessandro-768x832.jpg 768w, https:\/\/www.civiltalaica.it\/cms\/wp-content\/uploads\/2020\/02\/alessandro-1418x1536.jpg 1418w, https:\/\/www.civiltalaica.it\/cms\/wp-content\/uploads\/2020\/02\/alessandro-1890x2048.jpg 1890w, https:\/\/www.civiltalaica.it\/cms\/wp-content\/uploads\/2020\/02\/alessandro-148x160.jpg 148w\" sizes=\"auto, (max-width: 249px) 100vw, 249px\" \/><\/a><\/p>\n","protected":false},"excerpt":{"rendered":"<p>Dicevamo pochi giorni fa che la mole di informazioni a disposizione di un utente web \u00e8 praticamente infinita. Forse un infinito di ordine inferiore alla stupidit\u00e0 umana, ma tant&#8217;\u00e8. Basta un poco di tempo da dedicare alle domande che abbiamo in mente e quasi sempre giungono dei dati in nostro aiuto che possono aiutarci a [&hellip;]<\/p>\n","protected":false},"author":7,"featured_media":0,"comment_status":"closed","ping_status":"closed","sticky":false,"template":"","format":"standard","meta":{"footnotes":""},"categories":[238,230],"tags":[79,1968,2006,2065,2047,1891,202],"class_list":["post-20084","post","type-post","status-publish","format-standard","hentry","category-articoli","category-attualita","tag-alessandro-chiometti","tag-covid19","tag-dati","tag-health-care","tag-pandemia","tag-sanita","tag-usa"],"yoast_head":"<!-- This site is optimized with the Yoast SEO plugin v27.1.1 - https:\/\/yoast.com\/product\/yoast-seo-wordpress\/ -->\n<title>La brutalit\u00e0 dei dati Usa sulla Covid19 - Associazione Culturale Civilt\u00e0 Laica<\/title>\n<meta name=\"description\" content=\"Calcoliamo pure l&#039;efficacia dei provvedimenti, ma i sistemi sanitari non buoni causano il doppio dei morti fra i diversi stati usa\" \/>\n<meta name=\"robots\" content=\"index, follow, max-snippet:-1, max-image-preview:large, max-video-preview:-1\" \/>\n<link rel=\"canonical\" href=\"https:\/\/www.civiltalaica.it\/cms\/la-brutalita-dei-dati-usa-sulla-covid19\/\" \/>\n<meta property=\"og:locale\" content=\"it_IT\" \/>\n<meta property=\"og:type\" content=\"article\" \/>\n<meta property=\"og:title\" content=\"La brutalit\u00e0 dei dati Usa sulla Covid19 - Associazione Culturale Civilt\u00e0 Laica\" \/>\n<meta property=\"og:description\" content=\"Calcoliamo pure l&#039;efficacia dei provvedimenti, ma i sistemi sanitari non buoni causano il doppio dei morti fra i diversi stati usa\" \/>\n<meta property=\"og:url\" content=\"https:\/\/www.civiltalaica.it\/cms\/la-brutalita-dei-dati-usa-sulla-covid19\/\" \/>\n<meta property=\"og:site_name\" content=\"Associazione Culturale Civilt\u00e0 Laica\" \/>\n<meta property=\"article:publisher\" content=\"https:\/\/www.facebook.com\/civiltalaica\" \/>\n<meta property=\"article:published_time\" content=\"2021-04-08T09:56:04+00:00\" \/>\n<meta property=\"article:modified_time\" content=\"2021-04-09T08:41:34+00:00\" \/>\n<meta property=\"og:image\" content=\"https:\/\/www.civiltalaica.it\/cms\/wp-content\/uploads\/2021\/04\/STATI-USA-MEDIA-DENSITA-MASK-NO-MASK.png\" \/>\n<meta name=\"author\" content=\"alexjc\" \/>\n<meta name=\"twitter:card\" content=\"summary_large_image\" \/>\n<meta name=\"twitter:label1\" content=\"Scritto da\" \/>\n\t<meta name=\"twitter:data1\" content=\"alexjc\" \/>\n\t<meta name=\"twitter:label2\" content=\"Tempo di lettura stimato\" \/>\n\t<meta name=\"twitter:data2\" content=\"8 minuti\" \/>\n<script type=\"application\/ld+json\" class=\"yoast-schema-graph\">{\"@context\":\"https:\/\/schema.org\",\"@graph\":[{\"@type\":\"Article\",\"@id\":\"https:\/\/www.civiltalaica.it\/cms\/la-brutalita-dei-dati-usa-sulla-covid19\/#article\",\"isPartOf\":{\"@id\":\"https:\/\/www.civiltalaica.it\/cms\/la-brutalita-dei-dati-usa-sulla-covid19\/\"},\"author\":{\"name\":\"alexjc\",\"@id\":\"https:\/\/www.civiltalaica.it\/cms\/#\/schema\/person\/4efef56f866329a1e0943eb27336df1d\"},\"headline\":\"La brutalit\u00e0 dei dati Usa sulla Covid19\",\"datePublished\":\"2021-04-08T09:56:04+00:00\",\"dateModified\":\"2021-04-09T08:41:34+00:00\",\"mainEntityOfPage\":{\"@id\":\"https:\/\/www.civiltalaica.it\/cms\/la-brutalita-dei-dati-usa-sulla-covid19\/\"},\"wordCount\":1471,\"image\":{\"@id\":\"https:\/\/www.civiltalaica.it\/cms\/la-brutalita-dei-dati-usa-sulla-covid19\/#primaryimage\"},\"thumbnailUrl\":\"https:\/\/www.civiltalaica.it\/cms\/wp-content\/uploads\/2021\/04\/STATI-USA-MEDIA-DENSITA-MASK-NO-MASK.png\",\"keywords\":[\"alessandro chiometti\",\"covid19\",\"dati\",\"health care\",\"pandemia\",\"sanit\u00e0\",\"usa\"],\"articleSection\":[\"articoli\",\"attualit\u00e0\"],\"inLanguage\":\"it-IT\"},{\"@type\":\"WebPage\",\"@id\":\"https:\/\/www.civiltalaica.it\/cms\/la-brutalita-dei-dati-usa-sulla-covid19\/\",\"url\":\"https:\/\/www.civiltalaica.it\/cms\/la-brutalita-dei-dati-usa-sulla-covid19\/\",\"name\":\"La brutalit\u00e0 dei dati Usa sulla Covid19 - Associazione Culturale Civilt\u00e0 Laica\",\"isPartOf\":{\"@id\":\"https:\/\/www.civiltalaica.it\/cms\/#website\"},\"primaryImageOfPage\":{\"@id\":\"https:\/\/www.civiltalaica.it\/cms\/la-brutalita-dei-dati-usa-sulla-covid19\/#primaryimage\"},\"image\":{\"@id\":\"https:\/\/www.civiltalaica.it\/cms\/la-brutalita-dei-dati-usa-sulla-covid19\/#primaryimage\"},\"thumbnailUrl\":\"https:\/\/www.civiltalaica.it\/cms\/wp-content\/uploads\/2021\/04\/STATI-USA-MEDIA-DENSITA-MASK-NO-MASK.png\",\"datePublished\":\"2021-04-08T09:56:04+00:00\",\"dateModified\":\"2021-04-09T08:41:34+00:00\",\"author\":{\"@id\":\"https:\/\/www.civiltalaica.it\/cms\/#\/schema\/person\/4efef56f866329a1e0943eb27336df1d\"},\"description\":\"Calcoliamo pure l'efficacia dei provvedimenti, ma i sistemi sanitari non buoni causano il doppio dei morti fra i diversi stati usa\",\"breadcrumb\":{\"@id\":\"https:\/\/www.civiltalaica.it\/cms\/la-brutalita-dei-dati-usa-sulla-covid19\/#breadcrumb\"},\"inLanguage\":\"it-IT\",\"potentialAction\":[{\"@type\":\"ReadAction\",\"target\":[\"https:\/\/www.civiltalaica.it\/cms\/la-brutalita-dei-dati-usa-sulla-covid19\/\"]}]},{\"@type\":\"ImageObject\",\"inLanguage\":\"it-IT\",\"@id\":\"https:\/\/www.civiltalaica.it\/cms\/la-brutalita-dei-dati-usa-sulla-covid19\/#primaryimage\",\"url\":\"https:\/\/www.civiltalaica.it\/cms\/wp-content\/uploads\/2021\/04\/STATI-USA-MEDIA-DENSITA-MASK-NO-MASK.png\",\"contentUrl\":\"https:\/\/www.civiltalaica.it\/cms\/wp-content\/uploads\/2021\/04\/STATI-USA-MEDIA-DENSITA-MASK-NO-MASK.png\",\"width\":1520,\"height\":777},{\"@type\":\"BreadcrumbList\",\"@id\":\"https:\/\/www.civiltalaica.it\/cms\/la-brutalita-dei-dati-usa-sulla-covid19\/#breadcrumb\",\"itemListElement\":[{\"@type\":\"ListItem\",\"position\":1,\"name\":\"Home\",\"item\":\"https:\/\/www.civiltalaica.it\/cms\/\"},{\"@type\":\"ListItem\",\"position\":2,\"name\":\"La brutalit\u00e0 dei dati Usa sulla Covid19\"}]},{\"@type\":\"WebSite\",\"@id\":\"https:\/\/www.civiltalaica.it\/cms\/#website\",\"url\":\"https:\/\/www.civiltalaica.it\/cms\/\",\"name\":\"Associazione Culturale Civilt\u00e0 Laica\",\"description\":\"Per un movimento culturale volto a difendere la Laicit\u00e0 dello Stato.\",\"potentialAction\":[{\"@type\":\"SearchAction\",\"target\":{\"@type\":\"EntryPoint\",\"urlTemplate\":\"https:\/\/www.civiltalaica.it\/cms\/?s={search_term_string}\"},\"query-input\":{\"@type\":\"PropertyValueSpecification\",\"valueRequired\":true,\"valueName\":\"search_term_string\"}}],\"inLanguage\":\"it-IT\"},{\"@type\":\"Person\",\"@id\":\"https:\/\/www.civiltalaica.it\/cms\/#\/schema\/person\/4efef56f866329a1e0943eb27336df1d\",\"name\":\"alexjc\",\"url\":\"https:\/\/www.civiltalaica.it\/cms\/author\/alexjc\/\"}]}<\/script>\n<!-- \/ Yoast SEO plugin. -->","yoast_head_json":{"title":"La brutalit\u00e0 dei dati Usa sulla Covid19 - Associazione Culturale Civilt\u00e0 Laica","description":"Calcoliamo pure l'efficacia dei provvedimenti, ma i sistemi sanitari non buoni causano il doppio dei morti fra i diversi stati usa","robots":{"index":"index","follow":"follow","max-snippet":"max-snippet:-1","max-image-preview":"max-image-preview:large","max-video-preview":"max-video-preview:-1"},"canonical":"https:\/\/www.civiltalaica.it\/cms\/la-brutalita-dei-dati-usa-sulla-covid19\/","og_locale":"it_IT","og_type":"article","og_title":"La brutalit\u00e0 dei dati Usa sulla Covid19 - Associazione Culturale Civilt\u00e0 Laica","og_description":"Calcoliamo pure l'efficacia dei provvedimenti, ma i sistemi sanitari non buoni causano il doppio dei morti fra i diversi stati usa","og_url":"https:\/\/www.civiltalaica.it\/cms\/la-brutalita-dei-dati-usa-sulla-covid19\/","og_site_name":"Associazione Culturale Civilt\u00e0 Laica","article_publisher":"https:\/\/www.facebook.com\/civiltalaica","article_published_time":"2021-04-08T09:56:04+00:00","article_modified_time":"2021-04-09T08:41:34+00:00","og_image":[{"url":"https:\/\/www.civiltalaica.it\/cms\/wp-content\/uploads\/2021\/04\/STATI-USA-MEDIA-DENSITA-MASK-NO-MASK.png","type":"","width":"","height":""}],"author":"alexjc","twitter_card":"summary_large_image","twitter_misc":{"Scritto da":"alexjc","Tempo di lettura stimato":"8 minuti"},"schema":{"@context":"https:\/\/schema.org","@graph":[{"@type":"Article","@id":"https:\/\/www.civiltalaica.it\/cms\/la-brutalita-dei-dati-usa-sulla-covid19\/#article","isPartOf":{"@id":"https:\/\/www.civiltalaica.it\/cms\/la-brutalita-dei-dati-usa-sulla-covid19\/"},"author":{"name":"alexjc","@id":"https:\/\/www.civiltalaica.it\/cms\/#\/schema\/person\/4efef56f866329a1e0943eb27336df1d"},"headline":"La brutalit\u00e0 dei dati Usa sulla Covid19","datePublished":"2021-04-08T09:56:04+00:00","dateModified":"2021-04-09T08:41:34+00:00","mainEntityOfPage":{"@id":"https:\/\/www.civiltalaica.it\/cms\/la-brutalita-dei-dati-usa-sulla-covid19\/"},"wordCount":1471,"image":{"@id":"https:\/\/www.civiltalaica.it\/cms\/la-brutalita-dei-dati-usa-sulla-covid19\/#primaryimage"},"thumbnailUrl":"https:\/\/www.civiltalaica.it\/cms\/wp-content\/uploads\/2021\/04\/STATI-USA-MEDIA-DENSITA-MASK-NO-MASK.png","keywords":["alessandro chiometti","covid19","dati","health care","pandemia","sanit\u00e0","usa"],"articleSection":["articoli","attualit\u00e0"],"inLanguage":"it-IT"},{"@type":"WebPage","@id":"https:\/\/www.civiltalaica.it\/cms\/la-brutalita-dei-dati-usa-sulla-covid19\/","url":"https:\/\/www.civiltalaica.it\/cms\/la-brutalita-dei-dati-usa-sulla-covid19\/","name":"La brutalit\u00e0 dei dati Usa sulla Covid19 - Associazione Culturale Civilt\u00e0 Laica","isPartOf":{"@id":"https:\/\/www.civiltalaica.it\/cms\/#website"},"primaryImageOfPage":{"@id":"https:\/\/www.civiltalaica.it\/cms\/la-brutalita-dei-dati-usa-sulla-covid19\/#primaryimage"},"image":{"@id":"https:\/\/www.civiltalaica.it\/cms\/la-brutalita-dei-dati-usa-sulla-covid19\/#primaryimage"},"thumbnailUrl":"https:\/\/www.civiltalaica.it\/cms\/wp-content\/uploads\/2021\/04\/STATI-USA-MEDIA-DENSITA-MASK-NO-MASK.png","datePublished":"2021-04-08T09:56:04+00:00","dateModified":"2021-04-09T08:41:34+00:00","author":{"@id":"https:\/\/www.civiltalaica.it\/cms\/#\/schema\/person\/4efef56f866329a1e0943eb27336df1d"},"description":"Calcoliamo pure l'efficacia dei provvedimenti, ma i sistemi sanitari non buoni causano il doppio dei morti fra i diversi stati usa","breadcrumb":{"@id":"https:\/\/www.civiltalaica.it\/cms\/la-brutalita-dei-dati-usa-sulla-covid19\/#breadcrumb"},"inLanguage":"it-IT","potentialAction":[{"@type":"ReadAction","target":["https:\/\/www.civiltalaica.it\/cms\/la-brutalita-dei-dati-usa-sulla-covid19\/"]}]},{"@type":"ImageObject","inLanguage":"it-IT","@id":"https:\/\/www.civiltalaica.it\/cms\/la-brutalita-dei-dati-usa-sulla-covid19\/#primaryimage","url":"https:\/\/www.civiltalaica.it\/cms\/wp-content\/uploads\/2021\/04\/STATI-USA-MEDIA-DENSITA-MASK-NO-MASK.png","contentUrl":"https:\/\/www.civiltalaica.it\/cms\/wp-content\/uploads\/2021\/04\/STATI-USA-MEDIA-DENSITA-MASK-NO-MASK.png","width":1520,"height":777},{"@type":"BreadcrumbList","@id":"https:\/\/www.civiltalaica.it\/cms\/la-brutalita-dei-dati-usa-sulla-covid19\/#breadcrumb","itemListElement":[{"@type":"ListItem","position":1,"name":"Home","item":"https:\/\/www.civiltalaica.it\/cms\/"},{"@type":"ListItem","position":2,"name":"La brutalit\u00e0 dei dati Usa sulla Covid19"}]},{"@type":"WebSite","@id":"https:\/\/www.civiltalaica.it\/cms\/#website","url":"https:\/\/www.civiltalaica.it\/cms\/","name":"Associazione Culturale Civilt\u00e0 Laica","description":"Per un movimento culturale volto a difendere la Laicit\u00e0 dello Stato.","potentialAction":[{"@type":"SearchAction","target":{"@type":"EntryPoint","urlTemplate":"https:\/\/www.civiltalaica.it\/cms\/?s={search_term_string}"},"query-input":{"@type":"PropertyValueSpecification","valueRequired":true,"valueName":"search_term_string"}}],"inLanguage":"it-IT"},{"@type":"Person","@id":"https:\/\/www.civiltalaica.it\/cms\/#\/schema\/person\/4efef56f866329a1e0943eb27336df1d","name":"alexjc","url":"https:\/\/www.civiltalaica.it\/cms\/author\/alexjc\/"}]}},"_links":{"self":[{"href":"https:\/\/www.civiltalaica.it\/cms\/wp-json\/wp\/v2\/posts\/20084","targetHints":{"allow":["GET"]}}],"collection":[{"href":"https:\/\/www.civiltalaica.it\/cms\/wp-json\/wp\/v2\/posts"}],"about":[{"href":"https:\/\/www.civiltalaica.it\/cms\/wp-json\/wp\/v2\/types\/post"}],"author":[{"embeddable":true,"href":"https:\/\/www.civiltalaica.it\/cms\/wp-json\/wp\/v2\/users\/7"}],"replies":[{"embeddable":true,"href":"https:\/\/www.civiltalaica.it\/cms\/wp-json\/wp\/v2\/comments?post=20084"}],"version-history":[{"count":7,"href":"https:\/\/www.civiltalaica.it\/cms\/wp-json\/wp\/v2\/posts\/20084\/revisions"}],"predecessor-version":[{"id":20099,"href":"https:\/\/www.civiltalaica.it\/cms\/wp-json\/wp\/v2\/posts\/20084\/revisions\/20099"}],"wp:attachment":[{"href":"https:\/\/www.civiltalaica.it\/cms\/wp-json\/wp\/v2\/media?parent=20084"}],"wp:term":[{"taxonomy":"category","embeddable":true,"href":"https:\/\/www.civiltalaica.it\/cms\/wp-json\/wp\/v2\/categories?post=20084"},{"taxonomy":"post_tag","embeddable":true,"href":"https:\/\/www.civiltalaica.it\/cms\/wp-json\/wp\/v2\/tags?post=20084"}],"curies":[{"name":"wp","href":"https:\/\/api.w.org\/{rel}","templated":true}]}}