{"id":19806,"date":"2021-02-26T08:56:01","date_gmt":"2021-02-26T08:56:01","guid":{"rendered":"https:\/\/www.civiltalaica.it\/cms\/?p=19806"},"modified":"2021-02-26T09:09:09","modified_gmt":"2021-02-26T09:09:09","slug":"il-nuovo-medioevo-occidentale-e-la-vera-pandemia","status":"publish","type":"post","link":"https:\/\/www.civiltalaica.it\/cms\/il-nuovo-medioevo-occidentale-e-la-vera-pandemia\/","title":{"rendered":"Il nuovo medioevo occidentale \u00e8 la vera pandemia"},"content":{"rendered":"<p><a href=\"https:\/\/www.civiltalaica.it\/cms\/index.php\/il-nuovo-medioevo-occidentale-e-la-vera-pandemia.html\/confronto-eur-us-asia-26-2-2021\" rel=\"attachment wp-att-19807\"><img loading=\"lazy\" decoding=\"async\" class=\"alignleft size-full wp-image-19807\" src=\"https:\/\/www.civiltalaica.it\/cms\/wp-content\/uploads\/2021\/02\/confronto-eur-us-asia-26.2.2021.jpg\" alt=\"\" width=\"1258\" height=\"819\" srcset=\"https:\/\/www.civiltalaica.it\/cms\/wp-content\/uploads\/2021\/02\/confronto-eur-us-asia-26.2.2021.jpg 1258w, https:\/\/www.civiltalaica.it\/cms\/wp-content\/uploads\/2021\/02\/confronto-eur-us-asia-26.2.2021-300x195.jpg 300w, https:\/\/www.civiltalaica.it\/cms\/wp-content\/uploads\/2021\/02\/confronto-eur-us-asia-26.2.2021-1024x667.jpg 1024w, https:\/\/www.civiltalaica.it\/cms\/wp-content\/uploads\/2021\/02\/confronto-eur-us-asia-26.2.2021-768x500.jpg 768w, https:\/\/www.civiltalaica.it\/cms\/wp-content\/uploads\/2021\/02\/confronto-eur-us-asia-26.2.2021-246x160.jpg 246w, https:\/\/www.civiltalaica.it\/cms\/wp-content\/uploads\/2021\/02\/confronto-eur-us-asia-26.2.2021-430x280.jpg 430w\" sizes=\"auto, (max-width: 1258px) 100vw, 1258px\" \/><\/a><\/p>\n<p>Saranno forse soddisfatti i nostalgici dei \u201csecoli bui\u201d che a sentir loro non erano tanto bui, ma noi non possiamo che sottolineare, di nuovo, che s\u00ec, ve l&#8217;avevamo detto. E anche numerose volte.<\/p>\n<p>Il modello di chiusure insensate di stampo medievale che dal nostro paese si \u00e8 diffuso, come un virus, quasi ovunque in occidente, conquistando anche paesi come la Germania che pure avevano iniziato in maniera diversa e poi si sono dati la zappa sui piedi copiandoci \u00e8 <strong>perdente<\/strong>.<\/p>\n<p>E s\u00ec, lo diciamo con una certa arroganza, quella che deriva da tonnellate di dati e di numeri che pure molti \u201cscienziati\u201d si ostinano a non vedere.<\/p>\n<p>I numeri parlano chiaro, i paesi che hanno scelto di seguire il sistema <strong>TTT (Testing Tracing Therapy)<\/strong> e isolando i malati in apposite strutture (<strong>Covid Hospital<\/strong>) non hanno praticamente avuto seconde o terze ondate di Cdvid19 al confronto con l&#8217;occidente. E questo senza l&#8217;ausilio dei vaccini.<\/p>\n<p>L&#8217;Europa e gli Usa che hanno pensato di poter contrastare l&#8217;epidemia a costo zero o gi\u00f9 di l\u00ec chiedendo sacrifici ai cittadini e applicando ci\u00f2 che si chiama \u201cEpidemiologia difensiva\u201d hanno causato centinaia di migliaia di morti che potevano essere tranquillamente evitati se si fosse seguita la scienza. Quella attuale, non quella del medioevo che pensava di salvare le citt\u00e0 alzando i ponti levatoi ma in realt\u00e0 non le salvava mai.<\/p>\n<p>Con il sistemi TTT nei decenni passati in Italia e in Europa abbiamo cancellato Tifo, Malaria, Colera, Poliomelite tanto per dire. Senza smartphone, senza web, e all&#8217;inizio anche senza telefoni. Il fatto che non ci fosse la Tv e i suoi giornalai rendeva le cose un poco pi\u00f9 facili, ma certo ci\u00f2 non basta a giustificare la <strong>debacle<\/strong> in corso.<\/p>\n<p>Il confronto \u00e8 impietoso e il grafico non necessita di domande se non una sola: <strong>perch\u00e9?<\/strong><\/p>\n<p>E di fronte a ci\u00f2 oggi si aggiunge il clamoroso ritardo europeo sui vaccini. Almeno in quello gli Stati Uniti non ci hanno seguito vaccinando gi\u00e0 quasi il 20% della popolazione con risultati evidenti.<\/p>\n<p>L&#8217;Europa delle banche, questo ormai appare evidente, ha cercato di risparmiare i soldi perch\u00e9 fare il TTT e i Covid Hospital costa. Mentre chiudere la gente in casa no. Se non in termini di crisi economica ovvio, <a href=\"https:\/\/www.corriere.it\/dataroom-milena-gabanelli\/covid-miliardari-sempre-piu-ricchi-pandemia-soldi-bezos\/5f1ec2f6-115c-11eb-99ad-021205b8ee1e-va.shtml\">ma \u00e8 noto che quello non sia poi un grande problema per chi di soldi ne ha gi\u00e0 tanti.\u00a0<\/a><\/p>\n<p>E adesso il <strong>recovery fund<\/strong> lo impiegheremo per altro, non certo per rilanciare la sanit\u00e0 visto che l&#8217;emergenza volge alla fine (meno della met\u00e0 i casi di contagi da inizio anno su scala mondiale). Lo impiegheremo per \u201cgrandi opere\u201d, nuove autostrade, nuovi palazzi residenziali. <strong>Perch\u00e9 chi se ne frega della sanit\u00e0 quando non c&#8217;\u00e8 un epidemia in corso?<\/strong><\/p>\n<p>In questi giorni di \u201cterza ondata italiana\u201d i giornalai pubblicano foto di qualche centinaio di ragazzi che si affolla per strada con una birra in mano sfruttando qualche concessione dei vassalli delle banche e si chiedono \u201c<strong>possibile che ancora nessuno ha capito nulla?<\/strong>\u201d non accorgendosi dell&#8217;ironia della cosa.<\/p>\n<p>Non ci avete capito nulla voi e tanto meno chi governa (per non parlare poi dei sedicenti comitati tecnici scientifici) ci dovrebbero capire qualcosa i ragazzi di vent&#8217;anni?<\/p>\n<p>Ma siatene contenti che non ci capiscono nulla i ragazzi, che se questo scempio di governo e di (dis)informazione fosse avvenuto in presenza di una maggiore coesione e una maggiore consapevolezza sociale il 2020 lo avreste ricordato come \u201c<strong>L&#8217;anno al cui confronto il 1968 sembrava una discussione socratica<\/strong>\u201d.<\/p>\n<p>&nbsp;<\/p>\n<p><b>Alessandro Chiometti<\/b><\/p>\n<p>&nbsp;<\/p>\n<p>Nota: grafico preso dalla pagina interattiva del Financial Times: https:\/\/ig.ft.com\/coronavirus-chart\/?areas=jpn&amp;areas=kor&amp;areas=chn&amp;areas=usa&amp;areas=eur&amp;areasRegional=usny&amp;areasRegional=usnj&amp;cumulative=1&amp;logScale=0&amp;per100K=1&amp;startDate=2020-03-01&amp;values=cases<\/p>\n<p><a href=\"https:\/\/www.civiltalaica.it\/cms\/index.php\/the-new-pope-e-il-solito-sorrentino.html\/alessandro\" rel=\"attachment wp-att-16678\"><img loading=\"lazy\" decoding=\"async\" class=\"alignleft wp-image-16678\" src=\"https:\/\/www.civiltalaica.it\/cms\/wp-content\/uploads\/2020\/02\/alessandro-scaled.jpg\" alt=\"\" width=\"337\" height=\"365\" srcset=\"https:\/\/www.civiltalaica.it\/cms\/wp-content\/uploads\/2020\/02\/alessandro-scaled.jpg 2363w, https:\/\/www.civiltalaica.it\/cms\/wp-content\/uploads\/2020\/02\/alessandro-277x300.jpg 277w, https:\/\/www.civiltalaica.it\/cms\/wp-content\/uploads\/2020\/02\/alessandro-945x1024.jpg 945w, https:\/\/www.civiltalaica.it\/cms\/wp-content\/uploads\/2020\/02\/alessandro-768x832.jpg 768w, https:\/\/www.civiltalaica.it\/cms\/wp-content\/uploads\/2020\/02\/alessandro-1418x1536.jpg 1418w, https:\/\/www.civiltalaica.it\/cms\/wp-content\/uploads\/2020\/02\/alessandro-1890x2048.jpg 1890w, https:\/\/www.civiltalaica.it\/cms\/wp-content\/uploads\/2020\/02\/alessandro-148x160.jpg 148w\" sizes=\"auto, (max-width: 337px) 100vw, 337px\" \/><\/a><\/p>\n","protected":false},"excerpt":{"rendered":"<p>Saranno forse soddisfatti i nostalgici dei \u201csecoli bui\u201d che a sentir loro non erano tanto bui, ma noi non possiamo che sottolineare, di nuovo, che s\u00ec, ve l&#8217;avevamo detto. E anche numerose volte. Il modello di chiusure insensate di stampo medievale che dal nostro paese si \u00e8 diffuso, come un virus, quasi ovunque in occidente, [&hellip;]<\/p>\n","protected":false},"author":7,"featured_media":19807,"comment_status":"closed","ping_status":"closed","sticky":false,"template":"","format":"standard","meta":{"footnotes":""},"categories":[238,233],"tags":[79,2050,1968,2048,2047,14,2049],"class_list":["post-19806","post","type-post","status-publish","format-standard","has-post-thumbnail","hentry","category-articoli","category-filosofia-2","tag-alessandro-chiometti","tag-covid-hospital","tag-covid19","tag-medioevo","tag-pandemia","tag-scienza","tag-ttt"],"yoast_head":"<!-- This site is optimized with the Yoast SEO plugin v27.1.1 - https:\/\/yoast.com\/product\/yoast-seo-wordpress\/ -->\n<title>Il nuovo medioevo occidentale \u00e8 la vera pandemia - Associazione Culturale Civilt\u00e0 Laica<\/title>\n<meta name=\"description\" content=\"I ragazzi che approfittano delle zone gialle per bersi una birra per strada non ci capiscono niente? E voi giornalisti e governanti invece?\" \/>\n<meta name=\"robots\" content=\"index, follow, max-snippet:-1, max-image-preview:large, max-video-preview:-1\" \/>\n<link rel=\"canonical\" href=\"https:\/\/www.civiltalaica.it\/cms\/il-nuovo-medioevo-occidentale-e-la-vera-pandemia\/\" \/>\n<meta property=\"og:locale\" content=\"it_IT\" \/>\n<meta property=\"og:type\" content=\"article\" \/>\n<meta property=\"og:title\" content=\"Il nuovo medioevo occidentale \u00e8 la vera pandemia - Associazione Culturale Civilt\u00e0 Laica\" \/>\n<meta property=\"og:description\" content=\"I ragazzi che approfittano delle zone gialle per bersi una birra per strada non ci capiscono niente? E voi giornalisti e governanti invece?\" \/>\n<meta property=\"og:url\" content=\"https:\/\/www.civiltalaica.it\/cms\/il-nuovo-medioevo-occidentale-e-la-vera-pandemia\/\" \/>\n<meta property=\"og:site_name\" content=\"Associazione Culturale Civilt\u00e0 Laica\" \/>\n<meta property=\"article:publisher\" content=\"https:\/\/www.facebook.com\/civiltalaica\" \/>\n<meta property=\"article:published_time\" content=\"2021-02-26T08:56:01+00:00\" \/>\n<meta property=\"article:modified_time\" content=\"2021-02-26T09:09:09+00:00\" \/>\n<meta property=\"og:image\" content=\"https:\/\/www.civiltalaica.it\/cms\/wp-content\/uploads\/2021\/02\/confronto-eur-us-asia-26.2.2021.jpg\" \/>\n\t<meta property=\"og:image:width\" content=\"1258\" \/>\n\t<meta property=\"og:image:height\" content=\"819\" \/>\n\t<meta property=\"og:image:type\" content=\"image\/jpeg\" \/>\n<meta name=\"author\" content=\"alexjc\" \/>\n<meta name=\"twitter:card\" content=\"summary_large_image\" \/>\n<meta name=\"twitter:label1\" content=\"Scritto da\" \/>\n\t<meta name=\"twitter:data1\" content=\"alexjc\" \/>\n\t<meta name=\"twitter:label2\" content=\"Tempo di lettura stimato\" \/>\n\t<meta name=\"twitter:data2\" content=\"3 minuti\" \/>\n<script type=\"application\/ld+json\" class=\"yoast-schema-graph\">{\"@context\":\"https:\/\/schema.org\",\"@graph\":[{\"@type\":\"Article\",\"@id\":\"https:\/\/www.civiltalaica.it\/cms\/il-nuovo-medioevo-occidentale-e-la-vera-pandemia\/#article\",\"isPartOf\":{\"@id\":\"https:\/\/www.civiltalaica.it\/cms\/il-nuovo-medioevo-occidentale-e-la-vera-pandemia\/\"},\"author\":{\"name\":\"alexjc\",\"@id\":\"https:\/\/www.civiltalaica.it\/cms\/#\/schema\/person\/4efef56f866329a1e0943eb27336df1d\"},\"headline\":\"Il nuovo medioevo occidentale \u00e8 la vera pandemia\",\"datePublished\":\"2021-02-26T08:56:01+00:00\",\"dateModified\":\"2021-02-26T09:09:09+00:00\",\"mainEntityOfPage\":{\"@id\":\"https:\/\/www.civiltalaica.it\/cms\/il-nuovo-medioevo-occidentale-e-la-vera-pandemia\/\"},\"wordCount\":625,\"image\":{\"@id\":\"https:\/\/www.civiltalaica.it\/cms\/il-nuovo-medioevo-occidentale-e-la-vera-pandemia\/#primaryimage\"},\"thumbnailUrl\":\"https:\/\/www.civiltalaica.it\/cms\/wp-content\/uploads\/2021\/02\/confronto-eur-us-asia-26.2.2021.jpg\",\"keywords\":[\"alessandro chiometti\",\"covid hospital\",\"covid19\",\"medioevo\",\"pandemia\",\"Scienza\",\"TTT\"],\"articleSection\":[\"articoli\",\"filosofia e scienza\"],\"inLanguage\":\"it-IT\"},{\"@type\":\"WebPage\",\"@id\":\"https:\/\/www.civiltalaica.it\/cms\/il-nuovo-medioevo-occidentale-e-la-vera-pandemia\/\",\"url\":\"https:\/\/www.civiltalaica.it\/cms\/il-nuovo-medioevo-occidentale-e-la-vera-pandemia\/\",\"name\":\"Il nuovo medioevo occidentale \u00e8 la vera pandemia - Associazione Culturale Civilt\u00e0 Laica\",\"isPartOf\":{\"@id\":\"https:\/\/www.civiltalaica.it\/cms\/#website\"},\"primaryImageOfPage\":{\"@id\":\"https:\/\/www.civiltalaica.it\/cms\/il-nuovo-medioevo-occidentale-e-la-vera-pandemia\/#primaryimage\"},\"image\":{\"@id\":\"https:\/\/www.civiltalaica.it\/cms\/il-nuovo-medioevo-occidentale-e-la-vera-pandemia\/#primaryimage\"},\"thumbnailUrl\":\"https:\/\/www.civiltalaica.it\/cms\/wp-content\/uploads\/2021\/02\/confronto-eur-us-asia-26.2.2021.jpg\",\"datePublished\":\"2021-02-26T08:56:01+00:00\",\"dateModified\":\"2021-02-26T09:09:09+00:00\",\"author\":{\"@id\":\"https:\/\/www.civiltalaica.it\/cms\/#\/schema\/person\/4efef56f866329a1e0943eb27336df1d\"},\"description\":\"I ragazzi che approfittano delle zone gialle per bersi una birra per strada non ci capiscono niente? E voi giornalisti e governanti invece?\",\"breadcrumb\":{\"@id\":\"https:\/\/www.civiltalaica.it\/cms\/il-nuovo-medioevo-occidentale-e-la-vera-pandemia\/#breadcrumb\"},\"inLanguage\":\"it-IT\",\"potentialAction\":[{\"@type\":\"ReadAction\",\"target\":[\"https:\/\/www.civiltalaica.it\/cms\/il-nuovo-medioevo-occidentale-e-la-vera-pandemia\/\"]}]},{\"@type\":\"ImageObject\",\"inLanguage\":\"it-IT\",\"@id\":\"https:\/\/www.civiltalaica.it\/cms\/il-nuovo-medioevo-occidentale-e-la-vera-pandemia\/#primaryimage\",\"url\":\"https:\/\/www.civiltalaica.it\/cms\/wp-content\/uploads\/2021\/02\/confronto-eur-us-asia-26.2.2021.jpg\",\"contentUrl\":\"https:\/\/www.civiltalaica.it\/cms\/wp-content\/uploads\/2021\/02\/confronto-eur-us-asia-26.2.2021.jpg\",\"width\":1258,\"height\":819},{\"@type\":\"BreadcrumbList\",\"@id\":\"https:\/\/www.civiltalaica.it\/cms\/il-nuovo-medioevo-occidentale-e-la-vera-pandemia\/#breadcrumb\",\"itemListElement\":[{\"@type\":\"ListItem\",\"position\":1,\"name\":\"Home\",\"item\":\"https:\/\/www.civiltalaica.it\/cms\/\"},{\"@type\":\"ListItem\",\"position\":2,\"name\":\"Il nuovo medioevo occidentale \u00e8 la vera pandemia\"}]},{\"@type\":\"WebSite\",\"@id\":\"https:\/\/www.civiltalaica.it\/cms\/#website\",\"url\":\"https:\/\/www.civiltalaica.it\/cms\/\",\"name\":\"Associazione Culturale Civilt\u00e0 Laica\",\"description\":\"Per un movimento culturale volto a difendere la Laicit\u00e0 dello Stato.\",\"potentialAction\":[{\"@type\":\"SearchAction\",\"target\":{\"@type\":\"EntryPoint\",\"urlTemplate\":\"https:\/\/www.civiltalaica.it\/cms\/?s={search_term_string}\"},\"query-input\":{\"@type\":\"PropertyValueSpecification\",\"valueRequired\":true,\"valueName\":\"search_term_string\"}}],\"inLanguage\":\"it-IT\"},{\"@type\":\"Person\",\"@id\":\"https:\/\/www.civiltalaica.it\/cms\/#\/schema\/person\/4efef56f866329a1e0943eb27336df1d\",\"name\":\"alexjc\",\"url\":\"https:\/\/www.civiltalaica.it\/cms\/author\/alexjc\/\"}]}<\/script>\n<!-- \/ Yoast SEO plugin. -->","yoast_head_json":{"title":"Il nuovo medioevo occidentale \u00e8 la vera pandemia - Associazione Culturale Civilt\u00e0 Laica","description":"I ragazzi che approfittano delle zone gialle per bersi una birra per strada non ci capiscono niente? E voi giornalisti e governanti invece?","robots":{"index":"index","follow":"follow","max-snippet":"max-snippet:-1","max-image-preview":"max-image-preview:large","max-video-preview":"max-video-preview:-1"},"canonical":"https:\/\/www.civiltalaica.it\/cms\/il-nuovo-medioevo-occidentale-e-la-vera-pandemia\/","og_locale":"it_IT","og_type":"article","og_title":"Il nuovo medioevo occidentale \u00e8 la vera pandemia - Associazione Culturale Civilt\u00e0 Laica","og_description":"I ragazzi che approfittano delle zone gialle per bersi una birra per strada non ci capiscono niente? E voi giornalisti e governanti invece?","og_url":"https:\/\/www.civiltalaica.it\/cms\/il-nuovo-medioevo-occidentale-e-la-vera-pandemia\/","og_site_name":"Associazione Culturale Civilt\u00e0 Laica","article_publisher":"https:\/\/www.facebook.com\/civiltalaica","article_published_time":"2021-02-26T08:56:01+00:00","article_modified_time":"2021-02-26T09:09:09+00:00","og_image":[{"width":1258,"height":819,"url":"https:\/\/www.civiltalaica.it\/cms\/wp-content\/uploads\/2021\/02\/confronto-eur-us-asia-26.2.2021.jpg","type":"image\/jpeg"}],"author":"alexjc","twitter_card":"summary_large_image","twitter_misc":{"Scritto da":"alexjc","Tempo di lettura stimato":"3 minuti"},"schema":{"@context":"https:\/\/schema.org","@graph":[{"@type":"Article","@id":"https:\/\/www.civiltalaica.it\/cms\/il-nuovo-medioevo-occidentale-e-la-vera-pandemia\/#article","isPartOf":{"@id":"https:\/\/www.civiltalaica.it\/cms\/il-nuovo-medioevo-occidentale-e-la-vera-pandemia\/"},"author":{"name":"alexjc","@id":"https:\/\/www.civiltalaica.it\/cms\/#\/schema\/person\/4efef56f866329a1e0943eb27336df1d"},"headline":"Il nuovo medioevo occidentale \u00e8 la vera pandemia","datePublished":"2021-02-26T08:56:01+00:00","dateModified":"2021-02-26T09:09:09+00:00","mainEntityOfPage":{"@id":"https:\/\/www.civiltalaica.it\/cms\/il-nuovo-medioevo-occidentale-e-la-vera-pandemia\/"},"wordCount":625,"image":{"@id":"https:\/\/www.civiltalaica.it\/cms\/il-nuovo-medioevo-occidentale-e-la-vera-pandemia\/#primaryimage"},"thumbnailUrl":"https:\/\/www.civiltalaica.it\/cms\/wp-content\/uploads\/2021\/02\/confronto-eur-us-asia-26.2.2021.jpg","keywords":["alessandro chiometti","covid hospital","covid19","medioevo","pandemia","Scienza","TTT"],"articleSection":["articoli","filosofia e scienza"],"inLanguage":"it-IT"},{"@type":"WebPage","@id":"https:\/\/www.civiltalaica.it\/cms\/il-nuovo-medioevo-occidentale-e-la-vera-pandemia\/","url":"https:\/\/www.civiltalaica.it\/cms\/il-nuovo-medioevo-occidentale-e-la-vera-pandemia\/","name":"Il nuovo medioevo occidentale \u00e8 la vera pandemia - Associazione Culturale Civilt\u00e0 Laica","isPartOf":{"@id":"https:\/\/www.civiltalaica.it\/cms\/#website"},"primaryImageOfPage":{"@id":"https:\/\/www.civiltalaica.it\/cms\/il-nuovo-medioevo-occidentale-e-la-vera-pandemia\/#primaryimage"},"image":{"@id":"https:\/\/www.civiltalaica.it\/cms\/il-nuovo-medioevo-occidentale-e-la-vera-pandemia\/#primaryimage"},"thumbnailUrl":"https:\/\/www.civiltalaica.it\/cms\/wp-content\/uploads\/2021\/02\/confronto-eur-us-asia-26.2.2021.jpg","datePublished":"2021-02-26T08:56:01+00:00","dateModified":"2021-02-26T09:09:09+00:00","author":{"@id":"https:\/\/www.civiltalaica.it\/cms\/#\/schema\/person\/4efef56f866329a1e0943eb27336df1d"},"description":"I ragazzi che approfittano delle zone gialle per bersi una birra per strada non ci capiscono niente? E voi giornalisti e governanti invece?","breadcrumb":{"@id":"https:\/\/www.civiltalaica.it\/cms\/il-nuovo-medioevo-occidentale-e-la-vera-pandemia\/#breadcrumb"},"inLanguage":"it-IT","potentialAction":[{"@type":"ReadAction","target":["https:\/\/www.civiltalaica.it\/cms\/il-nuovo-medioevo-occidentale-e-la-vera-pandemia\/"]}]},{"@type":"ImageObject","inLanguage":"it-IT","@id":"https:\/\/www.civiltalaica.it\/cms\/il-nuovo-medioevo-occidentale-e-la-vera-pandemia\/#primaryimage","url":"https:\/\/www.civiltalaica.it\/cms\/wp-content\/uploads\/2021\/02\/confronto-eur-us-asia-26.2.2021.jpg","contentUrl":"https:\/\/www.civiltalaica.it\/cms\/wp-content\/uploads\/2021\/02\/confronto-eur-us-asia-26.2.2021.jpg","width":1258,"height":819},{"@type":"BreadcrumbList","@id":"https:\/\/www.civiltalaica.it\/cms\/il-nuovo-medioevo-occidentale-e-la-vera-pandemia\/#breadcrumb","itemListElement":[{"@type":"ListItem","position":1,"name":"Home","item":"https:\/\/www.civiltalaica.it\/cms\/"},{"@type":"ListItem","position":2,"name":"Il nuovo medioevo occidentale \u00e8 la vera pandemia"}]},{"@type":"WebSite","@id":"https:\/\/www.civiltalaica.it\/cms\/#website","url":"https:\/\/www.civiltalaica.it\/cms\/","name":"Associazione Culturale Civilt\u00e0 Laica","description":"Per un movimento culturale volto a difendere la Laicit\u00e0 dello Stato.","potentialAction":[{"@type":"SearchAction","target":{"@type":"EntryPoint","urlTemplate":"https:\/\/www.civiltalaica.it\/cms\/?s={search_term_string}"},"query-input":{"@type":"PropertyValueSpecification","valueRequired":true,"valueName":"search_term_string"}}],"inLanguage":"it-IT"},{"@type":"Person","@id":"https:\/\/www.civiltalaica.it\/cms\/#\/schema\/person\/4efef56f866329a1e0943eb27336df1d","name":"alexjc","url":"https:\/\/www.civiltalaica.it\/cms\/author\/alexjc\/"}]}},"_links":{"self":[{"href":"https:\/\/www.civiltalaica.it\/cms\/wp-json\/wp\/v2\/posts\/19806","targetHints":{"allow":["GET"]}}],"collection":[{"href":"https:\/\/www.civiltalaica.it\/cms\/wp-json\/wp\/v2\/posts"}],"about":[{"href":"https:\/\/www.civiltalaica.it\/cms\/wp-json\/wp\/v2\/types\/post"}],"author":[{"embeddable":true,"href":"https:\/\/www.civiltalaica.it\/cms\/wp-json\/wp\/v2\/users\/7"}],"replies":[{"embeddable":true,"href":"https:\/\/www.civiltalaica.it\/cms\/wp-json\/wp\/v2\/comments?post=19806"}],"version-history":[{"count":6,"href":"https:\/\/www.civiltalaica.it\/cms\/wp-json\/wp\/v2\/posts\/19806\/revisions"}],"predecessor-version":[{"id":19813,"href":"https:\/\/www.civiltalaica.it\/cms\/wp-json\/wp\/v2\/posts\/19806\/revisions\/19813"}],"wp:featuredmedia":[{"embeddable":true,"href":"https:\/\/www.civiltalaica.it\/cms\/wp-json\/wp\/v2\/media\/19807"}],"wp:attachment":[{"href":"https:\/\/www.civiltalaica.it\/cms\/wp-json\/wp\/v2\/media?parent=19806"}],"wp:term":[{"taxonomy":"category","embeddable":true,"href":"https:\/\/www.civiltalaica.it\/cms\/wp-json\/wp\/v2\/categories?post=19806"},{"taxonomy":"post_tag","embeddable":true,"href":"https:\/\/www.civiltalaica.it\/cms\/wp-json\/wp\/v2\/tags?post=19806"}],"curies":[{"name":"wp","href":"https:\/\/api.w.org\/{rel}","templated":true}]}}