{"id":19637,"date":"2021-01-31T18:56:20","date_gmt":"2021-01-31T18:56:20","guid":{"rendered":"https:\/\/www.civiltalaica.it\/cms\/?p=19637"},"modified":"2021-01-31T23:52:02","modified_gmt":"2021-01-31T23:52:02","slug":"il-giornalismo-surrogato","status":"publish","type":"post","link":"https:\/\/www.civiltalaica.it\/cms\/il-giornalismo-surrogato\/","title":{"rendered":"Il giornalismo surrogato"},"content":{"rendered":"<p><a href=\"https:\/\/www.civiltalaica.it\/cms\/index.php\/il-giornalismo-surrogato.html\/maria-sole-2-2\" rel=\"attachment wp-att-19643\"><img loading=\"lazy\" decoding=\"async\" class=\"alignleft size-full wp-image-19643\" src=\"https:\/\/www.civiltalaica.it\/cms\/wp-content\/uploads\/2021\/01\/maria-sole-2.jpg\" alt=\"\" width=\"720\" height=\"960\" srcset=\"https:\/\/www.civiltalaica.it\/cms\/wp-content\/uploads\/2021\/01\/maria-sole-2.jpg 720w, https:\/\/www.civiltalaica.it\/cms\/wp-content\/uploads\/2021\/01\/maria-sole-2-225x300.jpg 225w, https:\/\/www.civiltalaica.it\/cms\/wp-content\/uploads\/2021\/01\/maria-sole-2-120x160.jpg 120w\" sizes=\"auto, (max-width: 720px) 100vw, 720px\" \/><\/a><\/p>\n<p>&nbsp;<\/p>\n<p>Parlare di come si sia ridotto il giornalismo italiano contemporaneo significa esplorare in continuazione i nuovi limiti della decadenza intellettuale. Ed \u00e8 un esercizio che ormai cerchiamo di evitare per evitare di cadere in depressione.<\/p>\n<p>Ma a volte proprio non si pu\u00f2 far finta di nulla, altrimenti a forza di lasciar passare castronerie e insensatezze qualcuno potrebbe pensare anche di aver ragione.<\/p>\n<p>Capita cos\u00ec, per l&#8217;ennesima volta, che ci cada l&#8217;occhio in un nuovo tentativo dell&#8217;Avvenire di occuparsi di scienza ed etica. \u00c8 un articolo che comincia a far ridere (amaramente) fin dal titolo: <a href=\"https:\/\/www.avvenire.it\/famiglia-e-vita\/pagine\/il-mio-no-allutero-in-affitto-solidale-la-riproduzione-non-mai-un-dirit?utm_medium=Social&amp;utm_source=Facebook&amp;fbclid=IwAR3hCmhZvA8DDHWpCtJ8ysqUoome9QR45kDmBfaTQSpn4v5hSYmLPrnDKSQ#Echobox=1611932151\">\u201c<b>Corradi: no all&#8217;utero in affitto &#8216;solidale&#8217;. La riproduzione non \u00e8 un diritto\u201d.<\/b><\/a><\/p>\n<p>Cavolo, vien da dire, \u00e8 recentemente cambiato il Presidente della Repubblica Italiana e non lo sapevamo? O forse Corradi \u00e8 il\/la nuovo\/a Primo\/a Ministro\/a che ha risolto la recente crisi? O forse \u00e8 il\/la nuovo\/a presidente della Corte Costituzionale?<br \/>\nSapete com&#8217;\u00e8, al giorno d&#8217;oggi uno si distrae un attimo ed \u00e8 un disastro, si rimane subito indietro.<\/p>\n<p>Verifichiamo e no, non ci eravamo persi nulla. \u201cSociologa e Femminista\u201d sono i titoli della Sig.ra Corradi necessari affinch\u00e9 L&#8217;Avvenire la ritenga capace di decidere cosa sia un diritto o meno.<\/p>\n<p>Dopo una forte tentazione di liquidare tutto facendo fluire nel nostro corpo <i>l&#8217;esticazzi universale<\/i> \u00e8 la seconda qualifica della Sig.ra Corradi che ci convince, ancora una volta a intraprendere un&#8217;autopsia del pezzo proposto. \u201c<b>Femminista<\/b>\u201d.<\/p>\n<p>Ora verrebbe da chiedersi se la Sig.ra abbia un pezzo di carta che testimoni questa sua seconda qualifica al pari della laurea in Sociologia; non \u00e8 escluso! Abbiamo notizie anche di gente che dava patenti di \u201cveri democratici\u201d e di \u201cveri comunisti\u201d quindi la cosa non ci meraviglierebbe.<\/p>\n<p>Ma al di l\u00e0 di questa e altre facili battute, sappiamo che questo \u00e8 un classico atteggiamento per rafforzare le proprie posizioni presentando come sponsor di esse qualcuno che, almeno in teoria, non dovrebbe far parte dei propri schieramenti.<\/p>\n<p>E l&#8217;Avvenire, quotidiano dei vescovi CEI, lo fa spesso, quando deve negare qualche diritto, chiama in ballo chi non \u00e8 vescovo e magari neanche cattolico e magari \u00e8 anche ateo. Perch\u00e9 da tempo loro, a differenza di altri, hanno imparato che tutto fa brodo pur di portare a casa \u201cla pagnotta\u201d.<\/p>\n<p>Ma autopsia dell&#8217;articolo sia, affondiamo il bisturi nei dettagli delle argomentazioni dell&#8217;intervista alla sociologa femminista che a questo punto dovrebbero essere universali e illuminanti e definitive.<\/p>\n<p>Nella prima parte scritta in grassetto dovrebbe essere (niente \u00e8 certo in questo mondo, specialmente nel web) la giornalista Antonella Mariani a \u201cparlare\u201d.<\/p>\n<p>L&#8217;argomento \u00e8 la battaglia per la \u201c<b>Gravidanza Per Altri<\/b>\u201d (ah quindi i termini li conoscete, chiss\u00e0 come mai per\u00f2 nel titolo \u00e8 usata ancora l&#8217;espressione troglodita \u201cutero in affitto\u201d ah gi\u00e0 il <b>clickbyte<\/b>, dimenticavamo) dell&#8217;associazione Luca Coscioni con la testimonial Maria Sole Giardini. Arriviamo alla quinta riga e occhio, gi\u00e0 suonano le trombe dello scoop!<\/p>\n<p>\u201c<i>C\u2019\u00e8 chi vorrebbe legalizzarla con la tattica gi\u00e0 collaudata col suicidio assistito, protagonista dj Fabo: un caso singolo, umanamente toccante, che diventa emblematico per ottenere in via di eccezione una prima breccia, attraverso la quale poi \u2013 di ricorso in sentenza \u2013 creare col tempo le condizioni per una legittimazione senza pi\u00f9 limiti.<\/i>\u201d<br \/>\nIndicate alla giornalista dove ci sono supermercati con i kleenex in offerta, sar\u00e0 tutta sudata dopo un&#8217;indagine cos\u00ec complicata. Ci dispiace quasi farle notare che sono le prassi consuete della disobbedienza civile verso le leggi che si ritengono ingiuste. Cappato, del \u201ccaso dj Fabo\u201d come dice lei, era pronto a pagare in prima persona delle conseguenze delle sue azioni disobbedienti. A differenza dei medici cattolici che fanno pagare le conseguenze della loro sedicente \u201cobiezione di coscienza\u201d ai pazienti e ai colleghi.<\/p>\n<p>Ma andiamo avanti: \u201c<i>\u00c8 chiaro che l\u2019obiettivo vero \u00e8 l\u2019approdo a una normativa che superi il divieto di Gpa contenuto nella legge 40 sulla procreazione assistita, grazie al &#8216;cavallo di Troia&#8217; dell\u2019altruismo.<\/i>\u201d<\/p>\n<p>Wow! Abbiamo i brividi. Ci sar\u00e0 arrivata da sola la giornalista scoprire il bieco complotto per superare il divieto contenuto nella legge 40 o sar\u00e0 stata aiutata da illuminazioni divine? Al di l\u00e0 dell&#8217;altruismo definito \u201ccavallo di Troia\u201d (auguriamo alla Mariani che questa definizione non arrivi agli occhi di Papa Francesco I che non sembra di buonissimo umore in questo periodo) ci sembra giusto contribuire a questo scoop ricordando che della<b> Legge 40\/2004<\/b> quello della Gpa \u00e8 proprio uno degli ultimissimi divieti ancora in essere, perch\u00e9 grazie alla Ragione Giuridica e alla Costituzione Italiana tutte le altre assurdit\u00e0 sono finite nella spazzatura.<\/p>\n<p>\u201c<i>Da l\u00ec a far cadere tutti gli argini il passo \u00e8 breve: se la surrogazione di maternit\u00e0 verr\u00e0 autorizzata per Maria Sole (che ha trovato tramite una selezione di candidature una donna disposta ad affrontare una gravidanza per lei), perch\u00e9 non dovrebbero averne diritto anche altre donne? E perch\u00e9 non un uomo?\u201d<\/i><\/p>\n<p>Gi\u00e0 perch\u00e9? Chiss\u00e0 cosa non ha capito la giornalista quando delle sue stesse parole che ha scritto lei all&#8217;inizio dell&#8217;articolo: \u201c<i>\u00c8 lei la testimonial della nuova iniziativa dell\u2019Associazione radicale Luca Coscioni per la regolamentazione della Gravidanza per altri\u201d. <\/i>Cara giornalista Mariani, vuole un disegnino che le spieghi che la campagna per la regolamentazione non significa il diritto esclusivo di Maria Sole (che sarebbe un&#8217;eccezione) ma il diritto di tutte le donne nelle sue condizioni?<\/p>\n<p>Sul perch\u00e9 <i>\u201cnon un uomo\u201d <\/i>invece<i> <\/i>cara Mariani la cosa diventa sinceramente imbarazzante&#8230; cosa facciamo? Iniziamo delle api e dai fiori o diamo per assodato che voleva scrivere \u201ce perch\u00e9 non per i gay?\u201d ma non l&#8217;ha scritto per non rendere evidente la sua omofobia, ma mettendo cos\u00ec una pezza peggio del buco?<\/p>\n<p>Insomma prima parte tra l&#8217;imbarazzante e il deludente, ma ecco arrivare in soccorso il pezzo forte dell&#8217;articolo: l&#8217;intervista alla Sociologa Femminista Corradi che illuminer\u00e0 noi mortali. Aprite bene le orecchie, mortali!<\/p>\n<p><i>\u00abLa riproduzione \u00e8 una possibilit\u00e0, non un diritto \u00bb. Quindi non hanno fondamento le battaglie per garantire un figlio con la Gravidanza per altri &#8216;solidale&#8217; a chi per vari motivi non pu\u00f2 averne. <\/i><i><b>Parola di Laura Corradi, saggista, sociologa all\u2019Universit\u00e0 della Calabria, femminista ecologista.<\/b><\/i><\/p>\n<p>Caspita! Avete anche contattato un marmista per incidere queste parole come memento per l&#8217;umanit\u00e0?<\/p>\n<p>La riproduzione \u00e8 una possibilit\u00e0 non \u00e8 un diritto. E chi lo dice. La Corradi? E quindi?<br \/>\nRespirare \u00e8 una possibilit\u00e0 non un diritto. Chi lo diceva? Lo strangolatore di Copenaghen alle sue vittime. E quindi?<\/p>\n<p>Ma fra intervistatrice e intervistata avete mai sentito parlare del fatto che cosa sia un diritto non lo potete stabilire voi con un&#8217;intervista? E no, non basta neanche una laurea in Sociologia. E no, neanche l&#8217;attestato di \u201cvera femminista\u201d.<\/p>\n<p><b>Professoressa Corradi, perch\u00e9 \u00e8 cos\u00ec critica nei confronti della Gpa in generale?<\/b><\/p>\n<p><i>La Gpa commerciale e altruistica hanno in comune di essere nocive per la salute delle donne e dei nascituri\/e. Decine di studi medici lo dimostrano: oltre all\u2019alta percentuale di aborti e nati morti (per i quali la gestante per altro non viene pagata) c\u2019\u00e8 un tasso sproporzionato di malformazioni e incidenza di tumori nei bambini e nelle bambine. Ne accennavo gi\u00e0 nel primo libro che scrissi su questo tema, quando gli studi erano ancora pochi (&#8216;Nel ventre di un\u2019altra&#8217;, Castelvecchi 2017, pagg. 95, euro 13.50). Oggi non si possono ignorare i molti risultati di ricerche internazionali pubblicati su riviste scientifiche prestigiose, di cui scrivo in &#8216;Odissea Embrionale&#8217; (Mimesis 2019, pagg. 168, euro 16).<\/i><\/p>\n<p>&nbsp;<\/p>\n<p>La Gpa \u00e8 nociva per le donne e i nascituri! Questo s\u00ec che \u00e8 uno scoop! Complimenti! Un attimo che avvisiamo subito la giuria del Pulitzer vi porteranno di certo il premio a casa! Ecco&#8230; \u00e8 partita la telefonata&#8230; siamo in linea, come? Mi chiedono delle fonti! Ah gi\u00e0&#8230; le fonti&#8230;. ebb\u00e8 \u201c<i>molti risultati di ricerche internazionali<\/i>\u201d Come? Uff&#8230; che pignoli , mi chiedono \u201cquali\u201d! Ah e gi\u00e0 che ci sono mi chiedono <a href=\"https:\/\/www.associazionelucacoscioni.it\/wp-content\/uploads\/2019\/06\/Advisory-opinion.pdf\">come mai questi studi la CEDU non li ha neanche nominati quando ha dato il primo parere consultivo nel 2019<\/a>&#8230; aspettate, gli giro gli studi che avete indicato&#8230; ma&#8230; ma&#8230; che fa Sig,ra Corradi mi cita i suoi stessi libri come fonti? Vabb\u00e8, no niente, scusate amici del Pulitzer, niente \u00e8 che siamo in Italia e&#8230; ah lo sapete. Grazie della comprensione.<\/p>\n<p>Andiamo avanti? Ma s\u00ec.<\/p>\n<p><i><b>A parte le questioni di salute, <\/b><\/i>(ecco lasciamole stare che \u00e8 meglio ndr)<i><b> perch\u00e9 la Gpa &#8216;solidale&#8217; non \u00e8 accettabile?<\/b><\/i><i><br \/>\nLa Gpa &#8216;solidale&#8217; \u00e8 tale quando non ci sono incentivi economici di alcun tipo: ad esempio in India \u00e8 ammessa ma solo tra sorelle \u2013 per cui chi nasce resta nel contesto famigliare, con due mamme nel certificato di nascita, non viene portato\/a via dai compratori \u2013 ovvero non ci sono quelle fratture dolorose previste tra partoriente e neonato\/a. Chi nasce cerca il seno di chi l\u2019ha partorito\/ a, e dovrebbe aver diritto a una relazione, cos\u00ec come colei che ha generato. Non \u00e8 solo un legame genetico, biologico, ma anche un legame generativo, emotivo importantissimo. I ripensamenti in queste situazioni sono frequenti.<\/i><\/p>\n<p>In genere in un&#8217;intervista si risponde alle domande, non \u00e8 questo il caso evidentemente. A meno che, la sig.ra Corradi non sta seriamente portando come argomentazione che il figlio di Maria Sole cercher\u00e0 il seno della madre che l&#8217;ha partorito e non il suo (sic). Quindi diamo per scontato che la Sociologa Femminista Corradi sia fermamente contraria ad ogni tipo di adozione. Si chiama logica.<\/p>\n<p><i><b>Cosa ne pensa della campagna dell\u2019Associazione Coscioni per portare nei tribunali la richiesta di accesso alla Gpa &#8216;solidale&#8217; da parte di una donna nata senza utero?<\/b><\/i><\/p>\n<p><i>Ho molto rispetto per alcune battaglie dell\u2019Associazione Coscioni, ma la riproduzione non \u00e8 un diritto: \u00e8 una possibilit\u00e0, e molte di noi non l\u2019hanno avuta, per motivi biologici, o economici. Pensiamo alle tante precarie che non possono fare figli e delle quali non si parla mai! Perch\u00e9 non ci impegniamo in una campagna affinch\u00e9 lo Stato garantisca un salario alle donne che decidono di fare figli, come succede in altri Paesi? E per quelle che non ne possono avere, perch\u00e9 non mobilitarci affinch\u00e9 diventi pi\u00f9 semplice adottare? Io vedo (e vivo) la maternit\u00e0 come un sentimento non egoistico, non legato ai propri geni e alla consanguineit\u00e0, ma a una relazione di scelta di parentela, di crescita e affetto reciproco. Altrimenti corriamo il rischio di medicalizzare i nostri sentimenti e nutrire le &#8216;cliniche della fertilit\u00e0&#8217; che promettono doni avvelenati. Non \u00e8 solo la Gpa a essere nociva e problematica: dal 2014 stanno nascendo i primi bambini da utero trapiantato da &#8216;donatrice&#8217; vivente \u2013 si tratta di vendita di organi \u2013. Dove vogliamo fermarci?<\/i><\/p>\n<p>Nel medioevo, a giudicare dalle ultime righe. E lasciamo stare il fatto che la Logica sia appena morta con il contrasto fra la richiesta di facilitare le adozioni e quello che la sociologa ha dichiarato prima.<br \/>\n\u201cIo&#8230;io&#8230;io\u201d. Ecco Per l&#8217;appunto.<\/p>\n<p>Lei, individuo.<\/p>\n<p>Io, individuo.<\/p>\n<p>Maria Sole, individuo.<\/p>\n<p>La giornalista Mariani, individuo.<br \/>\nMaria Sole non le sta dicendo di non semplificare le pratiche per l&#8217;adozione.<\/p>\n<p>Io non le sto dicendo di non mettere un salario per le mamme.<\/p>\n<p>E soprattutto n\u00e9 io n\u00e9 Maria Sole ci permettiamo di convincerla di geni e di consanguineit\u00e0 e di altre cose che c&#8217;entrano in questa discussione come il giornalismo con i giornali italiani.<\/p>\n<p>Un diritto non esclude l&#8217;altro e una richiesta di diritti non esclude le altre richieste per altri diritti. Quando si vuole invece affermare che un diritto non esiste (in questo caso lei sta negando che il diritto di Maria Sole e di molte altre donne) bisogna portare prove e argomenti scientifici condivisi e accertati.<\/p>\n<p>Dopo di ch\u00e9 bisogna legiferare <i>Etsi deus non daretur<\/i>, e cio\u00e8 in modo laico. E prestarsi a fare la femminista da comodino per il giornale dei vescovi non aiuta.<\/p>\n<p><strong>Alessandro Chiometti<\/strong><\/p>\n<p><a href=\"https:\/\/www.civiltalaica.it\/cms\/index.php\/the-new-pope-e-il-solito-sorrentino.html\/alessandro\" rel=\"attachment wp-att-16678\"><img loading=\"lazy\" decoding=\"async\" class=\"alignleft wp-image-16678\" src=\"https:\/\/www.civiltalaica.it\/cms\/wp-content\/uploads\/2020\/02\/alessandro-scaled.jpg\" alt=\"\" width=\"291\" height=\"315\" srcset=\"https:\/\/www.civiltalaica.it\/cms\/wp-content\/uploads\/2020\/02\/alessandro-scaled.jpg 2363w, https:\/\/www.civiltalaica.it\/cms\/wp-content\/uploads\/2020\/02\/alessandro-277x300.jpg 277w, https:\/\/www.civiltalaica.it\/cms\/wp-content\/uploads\/2020\/02\/alessandro-945x1024.jpg 945w, https:\/\/www.civiltalaica.it\/cms\/wp-content\/uploads\/2020\/02\/alessandro-768x832.jpg 768w, https:\/\/www.civiltalaica.it\/cms\/wp-content\/uploads\/2020\/02\/alessandro-1418x1536.jpg 1418w, https:\/\/www.civiltalaica.it\/cms\/wp-content\/uploads\/2020\/02\/alessandro-1890x2048.jpg 1890w, https:\/\/www.civiltalaica.it\/cms\/wp-content\/uploads\/2020\/02\/alessandro-148x160.jpg 148w\" sizes=\"auto, (max-width: 291px) 100vw, 291px\" \/><\/a><\/p>\n","protected":false},"excerpt":{"rendered":"<p>&nbsp; Parlare di come si sia ridotto il giornalismo italiano contemporaneo significa esplorare in continuazione i nuovi limiti della decadenza intellettuale. Ed \u00e8 un esercizio che ormai cerchiamo di evitare per evitare di cadere in depressione. Ma a volte proprio non si pu\u00f2 far finta di nulla, altrimenti a forza di lasciar passare castronerie e [&hellip;]<\/p>\n","protected":false},"author":7,"featured_media":0,"comment_status":"closed","ping_status":"closed","sticky":false,"template":"","format":"standard","meta":{"footnotes":""},"categories":[238,230],"tags":[79,533,2043,1652,1854],"class_list":["post-19637","post","type-post","status-publish","format-standard","hentry","category-articoli","category-attualita","tag-alessandro-chiometti","tag-avvenire","tag-femminista","tag-maternita-surrogata","tag-surrogacy"],"yoast_head":"<!-- This site is optimized with the Yoast SEO plugin v27.1.1 - https:\/\/yoast.com\/product\/yoast-seo-wordpress\/ -->\n<title>Il giornalismo surrogato - Associazione Culturale Civilt\u00e0 Laica<\/title>\n<meta name=\"description\" content=\"&quot;La riproduzione non \u00e8 un diritto&quot; Scusi ma chi lo dice? &quot;Io&quot;. Sipario.\" \/>\n<meta name=\"robots\" content=\"index, follow, max-snippet:-1, max-image-preview:large, max-video-preview:-1\" \/>\n<link rel=\"canonical\" href=\"https:\/\/www.civiltalaica.it\/cms\/il-giornalismo-surrogato\/\" \/>\n<meta property=\"og:locale\" content=\"it_IT\" \/>\n<meta property=\"og:type\" content=\"article\" \/>\n<meta property=\"og:title\" content=\"Il giornalismo surrogato - Associazione Culturale Civilt\u00e0 Laica\" \/>\n<meta property=\"og:description\" content=\"&quot;La riproduzione non \u00e8 un diritto&quot; Scusi ma chi lo dice? &quot;Io&quot;. Sipario.\" \/>\n<meta property=\"og:url\" content=\"https:\/\/www.civiltalaica.it\/cms\/il-giornalismo-surrogato\/\" \/>\n<meta property=\"og:site_name\" content=\"Associazione Culturale Civilt\u00e0 Laica\" \/>\n<meta property=\"article:publisher\" content=\"https:\/\/www.facebook.com\/civiltalaica\" \/>\n<meta property=\"article:published_time\" content=\"2021-01-31T18:56:20+00:00\" \/>\n<meta property=\"article:modified_time\" content=\"2021-01-31T23:52:02+00:00\" \/>\n<meta property=\"og:image\" content=\"https:\/\/www.civiltalaica.it\/cms\/wp-content\/uploads\/2021\/01\/maria-sole-2.jpg\" \/>\n<meta name=\"author\" content=\"alexjc\" \/>\n<meta name=\"twitter:card\" content=\"summary_large_image\" \/>\n<meta name=\"twitter:label1\" content=\"Scritto da\" \/>\n\t<meta name=\"twitter:data1\" content=\"alexjc\" \/>\n\t<meta name=\"twitter:label2\" content=\"Tempo di lettura stimato\" \/>\n\t<meta name=\"twitter:data2\" content=\"9 minuti\" \/>\n<script type=\"application\/ld+json\" class=\"yoast-schema-graph\">{\"@context\":\"https:\/\/schema.org\",\"@graph\":[{\"@type\":\"Article\",\"@id\":\"https:\/\/www.civiltalaica.it\/cms\/il-giornalismo-surrogato\/#article\",\"isPartOf\":{\"@id\":\"https:\/\/www.civiltalaica.it\/cms\/il-giornalismo-surrogato\/\"},\"author\":{\"name\":\"alexjc\",\"@id\":\"https:\/\/www.civiltalaica.it\/cms\/#\/schema\/person\/4efef56f866329a1e0943eb27336df1d\"},\"headline\":\"Il giornalismo surrogato\",\"datePublished\":\"2021-01-31T18:56:20+00:00\",\"dateModified\":\"2021-01-31T23:52:02+00:00\",\"mainEntityOfPage\":{\"@id\":\"https:\/\/www.civiltalaica.it\/cms\/il-giornalismo-surrogato\/\"},\"wordCount\":1901,\"image\":{\"@id\":\"https:\/\/www.civiltalaica.it\/cms\/il-giornalismo-surrogato\/#primaryimage\"},\"thumbnailUrl\":\"https:\/\/www.civiltalaica.it\/cms\/wp-content\/uploads\/2021\/01\/maria-sole-2.jpg\",\"keywords\":[\"alessandro chiometti\",\"avvenire\",\"femminista\",\"maternit\u00e0 surrogata\",\"surrogacy\"],\"articleSection\":[\"articoli\",\"attualit\u00e0\"],\"inLanguage\":\"it-IT\"},{\"@type\":\"WebPage\",\"@id\":\"https:\/\/www.civiltalaica.it\/cms\/il-giornalismo-surrogato\/\",\"url\":\"https:\/\/www.civiltalaica.it\/cms\/il-giornalismo-surrogato\/\",\"name\":\"Il giornalismo surrogato - Associazione Culturale Civilt\u00e0 Laica\",\"isPartOf\":{\"@id\":\"https:\/\/www.civiltalaica.it\/cms\/#website\"},\"primaryImageOfPage\":{\"@id\":\"https:\/\/www.civiltalaica.it\/cms\/il-giornalismo-surrogato\/#primaryimage\"},\"image\":{\"@id\":\"https:\/\/www.civiltalaica.it\/cms\/il-giornalismo-surrogato\/#primaryimage\"},\"thumbnailUrl\":\"https:\/\/www.civiltalaica.it\/cms\/wp-content\/uploads\/2021\/01\/maria-sole-2.jpg\",\"datePublished\":\"2021-01-31T18:56:20+00:00\",\"dateModified\":\"2021-01-31T23:52:02+00:00\",\"author\":{\"@id\":\"https:\/\/www.civiltalaica.it\/cms\/#\/schema\/person\/4efef56f866329a1e0943eb27336df1d\"},\"description\":\"\\\"La riproduzione non \u00e8 un diritto\\\" Scusi ma chi lo dice? \\\"Io\\\". Sipario.\",\"breadcrumb\":{\"@id\":\"https:\/\/www.civiltalaica.it\/cms\/il-giornalismo-surrogato\/#breadcrumb\"},\"inLanguage\":\"it-IT\",\"potentialAction\":[{\"@type\":\"ReadAction\",\"target\":[\"https:\/\/www.civiltalaica.it\/cms\/il-giornalismo-surrogato\/\"]}]},{\"@type\":\"ImageObject\",\"inLanguage\":\"it-IT\",\"@id\":\"https:\/\/www.civiltalaica.it\/cms\/il-giornalismo-surrogato\/#primaryimage\",\"url\":\"https:\/\/www.civiltalaica.it\/cms\/wp-content\/uploads\/2021\/01\/maria-sole-2.jpg\",\"contentUrl\":\"https:\/\/www.civiltalaica.it\/cms\/wp-content\/uploads\/2021\/01\/maria-sole-2.jpg\",\"width\":720,\"height\":960},{\"@type\":\"BreadcrumbList\",\"@id\":\"https:\/\/www.civiltalaica.it\/cms\/il-giornalismo-surrogato\/#breadcrumb\",\"itemListElement\":[{\"@type\":\"ListItem\",\"position\":1,\"name\":\"Home\",\"item\":\"https:\/\/www.civiltalaica.it\/cms\/\"},{\"@type\":\"ListItem\",\"position\":2,\"name\":\"Il giornalismo surrogato\"}]},{\"@type\":\"WebSite\",\"@id\":\"https:\/\/www.civiltalaica.it\/cms\/#website\",\"url\":\"https:\/\/www.civiltalaica.it\/cms\/\",\"name\":\"Associazione Culturale Civilt\u00e0 Laica\",\"description\":\"Per un movimento culturale volto a difendere la Laicit\u00e0 dello Stato.\",\"potentialAction\":[{\"@type\":\"SearchAction\",\"target\":{\"@type\":\"EntryPoint\",\"urlTemplate\":\"https:\/\/www.civiltalaica.it\/cms\/?s={search_term_string}\"},\"query-input\":{\"@type\":\"PropertyValueSpecification\",\"valueRequired\":true,\"valueName\":\"search_term_string\"}}],\"inLanguage\":\"it-IT\"},{\"@type\":\"Person\",\"@id\":\"https:\/\/www.civiltalaica.it\/cms\/#\/schema\/person\/4efef56f866329a1e0943eb27336df1d\",\"name\":\"alexjc\",\"url\":\"https:\/\/www.civiltalaica.it\/cms\/author\/alexjc\/\"}]}<\/script>\n<!-- \/ Yoast SEO plugin. -->","yoast_head_json":{"title":"Il giornalismo surrogato - Associazione Culturale Civilt\u00e0 Laica","description":"\"La riproduzione non \u00e8 un diritto\" Scusi ma chi lo dice? \"Io\". Sipario.","robots":{"index":"index","follow":"follow","max-snippet":"max-snippet:-1","max-image-preview":"max-image-preview:large","max-video-preview":"max-video-preview:-1"},"canonical":"https:\/\/www.civiltalaica.it\/cms\/il-giornalismo-surrogato\/","og_locale":"it_IT","og_type":"article","og_title":"Il giornalismo surrogato - Associazione Culturale Civilt\u00e0 Laica","og_description":"\"La riproduzione non \u00e8 un diritto\" Scusi ma chi lo dice? \"Io\". Sipario.","og_url":"https:\/\/www.civiltalaica.it\/cms\/il-giornalismo-surrogato\/","og_site_name":"Associazione Culturale Civilt\u00e0 Laica","article_publisher":"https:\/\/www.facebook.com\/civiltalaica","article_published_time":"2021-01-31T18:56:20+00:00","article_modified_time":"2021-01-31T23:52:02+00:00","og_image":[{"url":"https:\/\/www.civiltalaica.it\/cms\/wp-content\/uploads\/2021\/01\/maria-sole-2.jpg","type":"","width":"","height":""}],"author":"alexjc","twitter_card":"summary_large_image","twitter_misc":{"Scritto da":"alexjc","Tempo di lettura stimato":"9 minuti"},"schema":{"@context":"https:\/\/schema.org","@graph":[{"@type":"Article","@id":"https:\/\/www.civiltalaica.it\/cms\/il-giornalismo-surrogato\/#article","isPartOf":{"@id":"https:\/\/www.civiltalaica.it\/cms\/il-giornalismo-surrogato\/"},"author":{"name":"alexjc","@id":"https:\/\/www.civiltalaica.it\/cms\/#\/schema\/person\/4efef56f866329a1e0943eb27336df1d"},"headline":"Il giornalismo surrogato","datePublished":"2021-01-31T18:56:20+00:00","dateModified":"2021-01-31T23:52:02+00:00","mainEntityOfPage":{"@id":"https:\/\/www.civiltalaica.it\/cms\/il-giornalismo-surrogato\/"},"wordCount":1901,"image":{"@id":"https:\/\/www.civiltalaica.it\/cms\/il-giornalismo-surrogato\/#primaryimage"},"thumbnailUrl":"https:\/\/www.civiltalaica.it\/cms\/wp-content\/uploads\/2021\/01\/maria-sole-2.jpg","keywords":["alessandro chiometti","avvenire","femminista","maternit\u00e0 surrogata","surrogacy"],"articleSection":["articoli","attualit\u00e0"],"inLanguage":"it-IT"},{"@type":"WebPage","@id":"https:\/\/www.civiltalaica.it\/cms\/il-giornalismo-surrogato\/","url":"https:\/\/www.civiltalaica.it\/cms\/il-giornalismo-surrogato\/","name":"Il giornalismo surrogato - Associazione Culturale Civilt\u00e0 Laica","isPartOf":{"@id":"https:\/\/www.civiltalaica.it\/cms\/#website"},"primaryImageOfPage":{"@id":"https:\/\/www.civiltalaica.it\/cms\/il-giornalismo-surrogato\/#primaryimage"},"image":{"@id":"https:\/\/www.civiltalaica.it\/cms\/il-giornalismo-surrogato\/#primaryimage"},"thumbnailUrl":"https:\/\/www.civiltalaica.it\/cms\/wp-content\/uploads\/2021\/01\/maria-sole-2.jpg","datePublished":"2021-01-31T18:56:20+00:00","dateModified":"2021-01-31T23:52:02+00:00","author":{"@id":"https:\/\/www.civiltalaica.it\/cms\/#\/schema\/person\/4efef56f866329a1e0943eb27336df1d"},"description":"\"La riproduzione non \u00e8 un diritto\" Scusi ma chi lo dice? \"Io\". Sipario.","breadcrumb":{"@id":"https:\/\/www.civiltalaica.it\/cms\/il-giornalismo-surrogato\/#breadcrumb"},"inLanguage":"it-IT","potentialAction":[{"@type":"ReadAction","target":["https:\/\/www.civiltalaica.it\/cms\/il-giornalismo-surrogato\/"]}]},{"@type":"ImageObject","inLanguage":"it-IT","@id":"https:\/\/www.civiltalaica.it\/cms\/il-giornalismo-surrogato\/#primaryimage","url":"https:\/\/www.civiltalaica.it\/cms\/wp-content\/uploads\/2021\/01\/maria-sole-2.jpg","contentUrl":"https:\/\/www.civiltalaica.it\/cms\/wp-content\/uploads\/2021\/01\/maria-sole-2.jpg","width":720,"height":960},{"@type":"BreadcrumbList","@id":"https:\/\/www.civiltalaica.it\/cms\/il-giornalismo-surrogato\/#breadcrumb","itemListElement":[{"@type":"ListItem","position":1,"name":"Home","item":"https:\/\/www.civiltalaica.it\/cms\/"},{"@type":"ListItem","position":2,"name":"Il giornalismo surrogato"}]},{"@type":"WebSite","@id":"https:\/\/www.civiltalaica.it\/cms\/#website","url":"https:\/\/www.civiltalaica.it\/cms\/","name":"Associazione Culturale Civilt\u00e0 Laica","description":"Per un movimento culturale volto a difendere la Laicit\u00e0 dello Stato.","potentialAction":[{"@type":"SearchAction","target":{"@type":"EntryPoint","urlTemplate":"https:\/\/www.civiltalaica.it\/cms\/?s={search_term_string}"},"query-input":{"@type":"PropertyValueSpecification","valueRequired":true,"valueName":"search_term_string"}}],"inLanguage":"it-IT"},{"@type":"Person","@id":"https:\/\/www.civiltalaica.it\/cms\/#\/schema\/person\/4efef56f866329a1e0943eb27336df1d","name":"alexjc","url":"https:\/\/www.civiltalaica.it\/cms\/author\/alexjc\/"}]}},"_links":{"self":[{"href":"https:\/\/www.civiltalaica.it\/cms\/wp-json\/wp\/v2\/posts\/19637","targetHints":{"allow":["GET"]}}],"collection":[{"href":"https:\/\/www.civiltalaica.it\/cms\/wp-json\/wp\/v2\/posts"}],"about":[{"href":"https:\/\/www.civiltalaica.it\/cms\/wp-json\/wp\/v2\/types\/post"}],"author":[{"embeddable":true,"href":"https:\/\/www.civiltalaica.it\/cms\/wp-json\/wp\/v2\/users\/7"}],"replies":[{"embeddable":true,"href":"https:\/\/www.civiltalaica.it\/cms\/wp-json\/wp\/v2\/comments?post=19637"}],"version-history":[{"count":3,"href":"https:\/\/www.civiltalaica.it\/cms\/wp-json\/wp\/v2\/posts\/19637\/revisions"}],"predecessor-version":[{"id":19644,"href":"https:\/\/www.civiltalaica.it\/cms\/wp-json\/wp\/v2\/posts\/19637\/revisions\/19644"}],"wp:attachment":[{"href":"https:\/\/www.civiltalaica.it\/cms\/wp-json\/wp\/v2\/media?parent=19637"}],"wp:term":[{"taxonomy":"category","embeddable":true,"href":"https:\/\/www.civiltalaica.it\/cms\/wp-json\/wp\/v2\/categories?post=19637"},{"taxonomy":"post_tag","embeddable":true,"href":"https:\/\/www.civiltalaica.it\/cms\/wp-json\/wp\/v2\/tags?post=19637"}],"curies":[{"name":"wp","href":"https:\/\/api.w.org\/{rel}","templated":true}]}}