{"id":19462,"date":"2021-01-04T16:53:29","date_gmt":"2021-01-04T16:53:29","guid":{"rendered":"https:\/\/www.civiltalaica.it\/cms\/?p=19462"},"modified":"2021-01-04T16:53:29","modified_gmt":"2021-01-04T16:53:29","slug":"la-crisi-degli-irresponsabili","status":"publish","type":"post","link":"https:\/\/www.civiltalaica.it\/cms\/la-crisi-degli-irresponsabili\/","title":{"rendered":"La crisi degli irresponsabili"},"content":{"rendered":"<p><span class=\"gmail_default\">Pareri\u00a0<\/span>su come\u00a0<span class=\"gmail_default\">sia<\/span>\u00a0stata gestita l&#8217;epidemia in Italia e in Europa ce ne sono diversi.<\/p>\n<p>Si possono verificare e giudicare con razionalit\u00e0 i dati in nostro possesso, i grafici dell&#8217;andamento dei contagi e quello pi\u00f9 triste dei decessi, In Italia e altrove, e scoprire amaramente l&#8217;esattezza di ci\u00f2 che dicevano i manuali di epidemiologia prima della Covid19.<br \/>\nCome\u00a0<span class=\"gmail_default\">ad esempio<\/span>\u00a0scriveva la rivista<span class=\"gmail_default\">\u00a0online<\/span>\u00a0Medbunker il 3.3.2020 del Dott. Salvo Di Grazia (non esattamente un negazionista \/no mask\/ no vax) :\u00a0<i>A conti fatti il distanziamento sociale, una delle armi pi\u00f9 diffuse (e tra le poche) per contrastare epidemie di malattie infettive ha una bassa efficacia ma sembra avere comunque un certo impatto nel ridurre l&#8217;entit\u00e0 e la gravit\u00e0 di una epidemia. Per questo, in mancanza di altre soluzioni e soprattutto in caso di urgenza di intervento, i vari mezzi di distacco sociale possono essere presi in esame. Punto fondamentale di tutte queste misure \u00e8 che vanno applicate appena possibile, subito. Un ritardo pu\u00f2 renderle meno efficaci o completamente inutili.<br \/>\n<\/i><br \/>\nSi pu\u00f2 avere invece un atteggiamento fideistico e pensare che senza Conte e Speranza e il loro DPCM di rincorsa al virus notturno che preferisce la movida, i teatri, gli spritz consumati in piedi e non seduti, e chiss\u00e0 perch\u00e9<span class=\"gmail_default\">\u00a0invece secondo loro<\/span>\u00a0non<span class=\"gmail_default\">\u00a0frequenta<\/span>\u00a0le filiere produttive gestite da Confindustria<span class=\"gmail_default\">,<\/span>\u00a0chiss\u00e0 quanti morti ci sarebbero mai stati. Un ragionamento capzioso che funziona sempre del resto, per la vendita di ogni amuleto legato a qualsivoglia superstizione nel mondo.<\/p>\n<p>Quello che non si pu\u00f2 accettare invece \u00e8 che una crisi del genere venga gestita da politici con \u201cpieni poteri\u201d sottoposti a \u201cricatti\u201d in modo pi\u00f9 o meno quotidiano.<\/p>\n<p>La forza cardine della maggioranza di questo governo \u00e8 fatta da parlamentari e senatori che sanno di avere scarsissime possibilit\u00e0 di vedersi rinnovato il mandato a causa dell&#8217;implosione del loro movimento cinque stelle. La conseguenza \u00e8 che basta una minaccia da sinistra o da destra perch\u00e9 Conte faccia concession<span class=\"gmail_default\">i<\/span>\u00a0e deroghe a chiunque\u00a0<span class=\"gmail_default\">ne\u00a0<\/span>richieda. Il tutto sulla pelle degli italiani.<br \/>\n\u00c9 francamente inaccettabile pensare che la \u201cdurezza\u201d di un DPCM venga stabilita dalle minacce dell&#8217;ala di Speranza o la sua \u201cpermissivit\u00e0\u201d da quelle delle truppe di Renzi.<\/p>\n<p>Di fronte a una situazione del genere un Presidente del Consiglio con una sua personalit\u00e0 si sarebbe dovuto sottrarre ad ogni possibilit\u00e0 di ricatto rassegnando le dimissioni e indicando a Mattarella la soluzione transitoria fino alla fine dell&#8217;epidemia<span class=\"gmail_default\">: ovvero<\/span>\u00a0un governo di tecnici estranei ai partiti e sotto la supervisione del Presidente della Repubblica<span class=\"gmail_default\">\u00a0stesso<\/span>\u00a0(la Costituzione lo prevede ed \u00e8 stato fatto in passato, quando i rappresentanti del Popolo avevano molta pi\u00f9 decenza di oggi).<br \/>\nQuesto, se non a Marzo in piena confusione, quanto meno sarebbe stato doveroso alla fine di Settembre quando era ormai evidente che il governo non era pi\u00f9 in grado di gestire la situazione.<\/p>\n<p>Gli italiani, intesi come popolazione, sono stati fin troppo responsabili in questa pandemia, lo dimostrano il bassissimo numero di sanzioni in seguito ai controlli delle forze dell&#8217;ordine. E questo in barba alla vulgata dei giornalai di palazzo che continuano a postare in prima pagina foto zoommate di sedicenti assembramenti e notizie di festini proibiti andati a cercare con i dron<span class=\"gmail_default\">i<\/span>.<\/p>\n<p>\u00c8 irresponsabile invece chi continua a permettere a questo governo di andare avanti brancolando nel buio fra ricatti politici ed emanando provvedimenti senza senso.<br \/>\nDegli irresponsabili ci segniamo nomi, cognomi e partito di appartenenza; \u00e8 l&#8217;unica cosa che possiamo fare in questo momento. Prima o poi per\u00f2, fino a quando nel Paese vi sar\u00e0 una parvenza di democrazia, saremo richiamati alle urne per una qualche elezione.<br \/>\nQualcosa, statene pur certi, la ricorderemo a chi verr\u00e0 ad elemosinare voti.<\/p>\n<p><b>Alessandro Chiometti<\/b><\/p>\n<p><a href=\"https:\/\/www.civiltalaica.it\/cms\/index.php\/the-new-pope-e-il-solito-sorrentino.html\/alessandro\" rel=\"attachment wp-att-16678\"><img loading=\"lazy\" decoding=\"async\" class=\"alignleft size-medium wp-image-16678\" src=\"https:\/\/www.civiltalaica.it\/cms\/wp-content\/uploads\/2020\/02\/alessandro-277x300.jpg\" alt=\"\" width=\"277\" height=\"300\" srcset=\"https:\/\/www.civiltalaica.it\/cms\/wp-content\/uploads\/2020\/02\/alessandro-277x300.jpg 277w, https:\/\/www.civiltalaica.it\/cms\/wp-content\/uploads\/2020\/02\/alessandro-945x1024.jpg 945w, https:\/\/www.civiltalaica.it\/cms\/wp-content\/uploads\/2020\/02\/alessandro-768x832.jpg 768w, https:\/\/www.civiltalaica.it\/cms\/wp-content\/uploads\/2020\/02\/alessandro-1418x1536.jpg 1418w, https:\/\/www.civiltalaica.it\/cms\/wp-content\/uploads\/2020\/02\/alessandro-1890x2048.jpg 1890w, https:\/\/www.civiltalaica.it\/cms\/wp-content\/uploads\/2020\/02\/alessandro-148x160.jpg 148w\" sizes=\"auto, (max-width: 277px) 100vw, 277px\" \/><\/a><\/p>\n","protected":false},"excerpt":{"rendered":"<p>Pareri\u00a0su come\u00a0sia\u00a0stata gestita l&#8217;epidemia in Italia e in Europa ce ne sono diversi. Si possono verificare e giudicare con razionalit\u00e0 i dati in nostro possesso, i grafici dell&#8217;andamento dei contagi e quello pi\u00f9 triste dei decessi, In Italia e altrove, e scoprire amaramente l&#8217;esattezza di ci\u00f2 che dicevano i manuali di epidemiologia prima della Covid19. [&hellip;]<\/p>\n","protected":false},"author":7,"featured_media":0,"comment_status":"closed","ping_status":"closed","sticky":false,"template":"","format":"standard","meta":{"footnotes":""},"categories":[238,228],"tags":[],"class_list":["post-19462","post","type-post","status-publish","format-standard","hentry","category-articoli","category-blog"],"yoast_head":"<!-- This site is optimized with the Yoast SEO plugin v27.1.1 - https:\/\/yoast.com\/product\/yoast-seo-wordpress\/ -->\n<title>La crisi degli irresponsabili - Associazione Culturale Civilt\u00e0 Laica<\/title>\n<meta name=\"robots\" content=\"index, follow, max-snippet:-1, max-image-preview:large, max-video-preview:-1\" \/>\n<link rel=\"canonical\" href=\"https:\/\/www.civiltalaica.it\/cms\/la-crisi-degli-irresponsabili\/\" \/>\n<meta property=\"og:locale\" content=\"it_IT\" \/>\n<meta property=\"og:type\" content=\"article\" \/>\n<meta property=\"og:title\" content=\"La crisi degli irresponsabili - Associazione Culturale Civilt\u00e0 Laica\" \/>\n<meta property=\"og:description\" content=\"Pareri\u00a0su come\u00a0sia\u00a0stata gestita l&#8217;epidemia in Italia e in Europa ce ne sono diversi. Si possono verificare e giudicare con razionalit\u00e0 i dati in nostro possesso, i grafici dell&#8217;andamento dei contagi e quello pi\u00f9 triste dei decessi, In Italia e altrove, e scoprire amaramente l&#8217;esattezza di ci\u00f2 che dicevano i manuali di epidemiologia prima della Covid19. [&hellip;]\" \/>\n<meta property=\"og:url\" content=\"https:\/\/www.civiltalaica.it\/cms\/la-crisi-degli-irresponsabili\/\" \/>\n<meta property=\"og:site_name\" content=\"Associazione Culturale Civilt\u00e0 Laica\" \/>\n<meta property=\"article:publisher\" content=\"https:\/\/www.facebook.com\/civiltalaica\" \/>\n<meta property=\"article:published_time\" content=\"2021-01-04T16:53:29+00:00\" \/>\n<meta property=\"og:image\" content=\"https:\/\/www.civiltalaica.it\/cms\/wp-content\/uploads\/2020\/02\/alessandro-277x300.jpg\" \/>\n<meta name=\"author\" content=\"alexjc\" \/>\n<meta name=\"twitter:card\" content=\"summary_large_image\" \/>\n<meta name=\"twitter:label1\" content=\"Scritto da\" \/>\n\t<meta name=\"twitter:data1\" content=\"alexjc\" \/>\n\t<meta name=\"twitter:label2\" content=\"Tempo di lettura stimato\" \/>\n\t<meta name=\"twitter:data2\" content=\"3 minuti\" \/>\n<script type=\"application\/ld+json\" class=\"yoast-schema-graph\">{\"@context\":\"https:\/\/schema.org\",\"@graph\":[{\"@type\":\"Article\",\"@id\":\"https:\/\/www.civiltalaica.it\/cms\/la-crisi-degli-irresponsabili\/#article\",\"isPartOf\":{\"@id\":\"https:\/\/www.civiltalaica.it\/cms\/la-crisi-degli-irresponsabili\/\"},\"author\":{\"name\":\"alexjc\",\"@id\":\"https:\/\/www.civiltalaica.it\/cms\/#\/schema\/person\/4efef56f866329a1e0943eb27336df1d\"},\"headline\":\"La crisi degli irresponsabili\",\"datePublished\":\"2021-01-04T16:53:29+00:00\",\"mainEntityOfPage\":{\"@id\":\"https:\/\/www.civiltalaica.it\/cms\/la-crisi-degli-irresponsabili\/\"},\"wordCount\":609,\"image\":{\"@id\":\"https:\/\/www.civiltalaica.it\/cms\/la-crisi-degli-irresponsabili\/#primaryimage\"},\"thumbnailUrl\":\"https:\/\/www.civiltalaica.it\/cms\/wp-content\/uploads\/2020\/02\/alessandro-277x300.jpg\",\"articleSection\":[\"articoli\",\"blog\"],\"inLanguage\":\"it-IT\"},{\"@type\":\"WebPage\",\"@id\":\"https:\/\/www.civiltalaica.it\/cms\/la-crisi-degli-irresponsabili\/\",\"url\":\"https:\/\/www.civiltalaica.it\/cms\/la-crisi-degli-irresponsabili\/\",\"name\":\"La crisi degli irresponsabili - Associazione Culturale Civilt\u00e0 Laica\",\"isPartOf\":{\"@id\":\"https:\/\/www.civiltalaica.it\/cms\/#website\"},\"primaryImageOfPage\":{\"@id\":\"https:\/\/www.civiltalaica.it\/cms\/la-crisi-degli-irresponsabili\/#primaryimage\"},\"image\":{\"@id\":\"https:\/\/www.civiltalaica.it\/cms\/la-crisi-degli-irresponsabili\/#primaryimage\"},\"thumbnailUrl\":\"https:\/\/www.civiltalaica.it\/cms\/wp-content\/uploads\/2020\/02\/alessandro-277x300.jpg\",\"datePublished\":\"2021-01-04T16:53:29+00:00\",\"author\":{\"@id\":\"https:\/\/www.civiltalaica.it\/cms\/#\/schema\/person\/4efef56f866329a1e0943eb27336df1d\"},\"breadcrumb\":{\"@id\":\"https:\/\/www.civiltalaica.it\/cms\/la-crisi-degli-irresponsabili\/#breadcrumb\"},\"inLanguage\":\"it-IT\",\"potentialAction\":[{\"@type\":\"ReadAction\",\"target\":[\"https:\/\/www.civiltalaica.it\/cms\/la-crisi-degli-irresponsabili\/\"]}]},{\"@type\":\"ImageObject\",\"inLanguage\":\"it-IT\",\"@id\":\"https:\/\/www.civiltalaica.it\/cms\/la-crisi-degli-irresponsabili\/#primaryimage\",\"url\":\"https:\/\/www.civiltalaica.it\/cms\/wp-content\/uploads\/2020\/02\/alessandro-scaled.jpg\",\"contentUrl\":\"https:\/\/www.civiltalaica.it\/cms\/wp-content\/uploads\/2020\/02\/alessandro-scaled.jpg\",\"width\":2363,\"height\":2560},{\"@type\":\"BreadcrumbList\",\"@id\":\"https:\/\/www.civiltalaica.it\/cms\/la-crisi-degli-irresponsabili\/#breadcrumb\",\"itemListElement\":[{\"@type\":\"ListItem\",\"position\":1,\"name\":\"Home\",\"item\":\"https:\/\/www.civiltalaica.it\/cms\/\"},{\"@type\":\"ListItem\",\"position\":2,\"name\":\"La crisi degli irresponsabili\"}]},{\"@type\":\"WebSite\",\"@id\":\"https:\/\/www.civiltalaica.it\/cms\/#website\",\"url\":\"https:\/\/www.civiltalaica.it\/cms\/\",\"name\":\"Associazione Culturale Civilt\u00e0 Laica\",\"description\":\"Per un movimento culturale volto a difendere la Laicit\u00e0 dello Stato.\",\"potentialAction\":[{\"@type\":\"SearchAction\",\"target\":{\"@type\":\"EntryPoint\",\"urlTemplate\":\"https:\/\/www.civiltalaica.it\/cms\/?s={search_term_string}\"},\"query-input\":{\"@type\":\"PropertyValueSpecification\",\"valueRequired\":true,\"valueName\":\"search_term_string\"}}],\"inLanguage\":\"it-IT\"},{\"@type\":\"Person\",\"@id\":\"https:\/\/www.civiltalaica.it\/cms\/#\/schema\/person\/4efef56f866329a1e0943eb27336df1d\",\"name\":\"alexjc\",\"url\":\"https:\/\/www.civiltalaica.it\/cms\/author\/alexjc\/\"}]}<\/script>\n<!-- \/ Yoast SEO plugin. -->","yoast_head_json":{"title":"La crisi degli irresponsabili - Associazione Culturale Civilt\u00e0 Laica","robots":{"index":"index","follow":"follow","max-snippet":"max-snippet:-1","max-image-preview":"max-image-preview:large","max-video-preview":"max-video-preview:-1"},"canonical":"https:\/\/www.civiltalaica.it\/cms\/la-crisi-degli-irresponsabili\/","og_locale":"it_IT","og_type":"article","og_title":"La crisi degli irresponsabili - Associazione Culturale Civilt\u00e0 Laica","og_description":"Pareri\u00a0su come\u00a0sia\u00a0stata gestita l&#8217;epidemia in Italia e in Europa ce ne sono diversi. Si possono verificare e giudicare con razionalit\u00e0 i dati in nostro possesso, i grafici dell&#8217;andamento dei contagi e quello pi\u00f9 triste dei decessi, In Italia e altrove, e scoprire amaramente l&#8217;esattezza di ci\u00f2 che dicevano i manuali di epidemiologia prima della Covid19. [&hellip;]","og_url":"https:\/\/www.civiltalaica.it\/cms\/la-crisi-degli-irresponsabili\/","og_site_name":"Associazione Culturale Civilt\u00e0 Laica","article_publisher":"https:\/\/www.facebook.com\/civiltalaica","article_published_time":"2021-01-04T16:53:29+00:00","og_image":[{"url":"https:\/\/www.civiltalaica.it\/cms\/wp-content\/uploads\/2020\/02\/alessandro-277x300.jpg","type":"","width":"","height":""}],"author":"alexjc","twitter_card":"summary_large_image","twitter_misc":{"Scritto da":"alexjc","Tempo di lettura stimato":"3 minuti"},"schema":{"@context":"https:\/\/schema.org","@graph":[{"@type":"Article","@id":"https:\/\/www.civiltalaica.it\/cms\/la-crisi-degli-irresponsabili\/#article","isPartOf":{"@id":"https:\/\/www.civiltalaica.it\/cms\/la-crisi-degli-irresponsabili\/"},"author":{"name":"alexjc","@id":"https:\/\/www.civiltalaica.it\/cms\/#\/schema\/person\/4efef56f866329a1e0943eb27336df1d"},"headline":"La crisi degli irresponsabili","datePublished":"2021-01-04T16:53:29+00:00","mainEntityOfPage":{"@id":"https:\/\/www.civiltalaica.it\/cms\/la-crisi-degli-irresponsabili\/"},"wordCount":609,"image":{"@id":"https:\/\/www.civiltalaica.it\/cms\/la-crisi-degli-irresponsabili\/#primaryimage"},"thumbnailUrl":"https:\/\/www.civiltalaica.it\/cms\/wp-content\/uploads\/2020\/02\/alessandro-277x300.jpg","articleSection":["articoli","blog"],"inLanguage":"it-IT"},{"@type":"WebPage","@id":"https:\/\/www.civiltalaica.it\/cms\/la-crisi-degli-irresponsabili\/","url":"https:\/\/www.civiltalaica.it\/cms\/la-crisi-degli-irresponsabili\/","name":"La crisi degli irresponsabili - Associazione Culturale Civilt\u00e0 Laica","isPartOf":{"@id":"https:\/\/www.civiltalaica.it\/cms\/#website"},"primaryImageOfPage":{"@id":"https:\/\/www.civiltalaica.it\/cms\/la-crisi-degli-irresponsabili\/#primaryimage"},"image":{"@id":"https:\/\/www.civiltalaica.it\/cms\/la-crisi-degli-irresponsabili\/#primaryimage"},"thumbnailUrl":"https:\/\/www.civiltalaica.it\/cms\/wp-content\/uploads\/2020\/02\/alessandro-277x300.jpg","datePublished":"2021-01-04T16:53:29+00:00","author":{"@id":"https:\/\/www.civiltalaica.it\/cms\/#\/schema\/person\/4efef56f866329a1e0943eb27336df1d"},"breadcrumb":{"@id":"https:\/\/www.civiltalaica.it\/cms\/la-crisi-degli-irresponsabili\/#breadcrumb"},"inLanguage":"it-IT","potentialAction":[{"@type":"ReadAction","target":["https:\/\/www.civiltalaica.it\/cms\/la-crisi-degli-irresponsabili\/"]}]},{"@type":"ImageObject","inLanguage":"it-IT","@id":"https:\/\/www.civiltalaica.it\/cms\/la-crisi-degli-irresponsabili\/#primaryimage","url":"https:\/\/www.civiltalaica.it\/cms\/wp-content\/uploads\/2020\/02\/alessandro-scaled.jpg","contentUrl":"https:\/\/www.civiltalaica.it\/cms\/wp-content\/uploads\/2020\/02\/alessandro-scaled.jpg","width":2363,"height":2560},{"@type":"BreadcrumbList","@id":"https:\/\/www.civiltalaica.it\/cms\/la-crisi-degli-irresponsabili\/#breadcrumb","itemListElement":[{"@type":"ListItem","position":1,"name":"Home","item":"https:\/\/www.civiltalaica.it\/cms\/"},{"@type":"ListItem","position":2,"name":"La crisi degli irresponsabili"}]},{"@type":"WebSite","@id":"https:\/\/www.civiltalaica.it\/cms\/#website","url":"https:\/\/www.civiltalaica.it\/cms\/","name":"Associazione Culturale Civilt\u00e0 Laica","description":"Per un movimento culturale volto a difendere la Laicit\u00e0 dello Stato.","potentialAction":[{"@type":"SearchAction","target":{"@type":"EntryPoint","urlTemplate":"https:\/\/www.civiltalaica.it\/cms\/?s={search_term_string}"},"query-input":{"@type":"PropertyValueSpecification","valueRequired":true,"valueName":"search_term_string"}}],"inLanguage":"it-IT"},{"@type":"Person","@id":"https:\/\/www.civiltalaica.it\/cms\/#\/schema\/person\/4efef56f866329a1e0943eb27336df1d","name":"alexjc","url":"https:\/\/www.civiltalaica.it\/cms\/author\/alexjc\/"}]}},"_links":{"self":[{"href":"https:\/\/www.civiltalaica.it\/cms\/wp-json\/wp\/v2\/posts\/19462","targetHints":{"allow":["GET"]}}],"collection":[{"href":"https:\/\/www.civiltalaica.it\/cms\/wp-json\/wp\/v2\/posts"}],"about":[{"href":"https:\/\/www.civiltalaica.it\/cms\/wp-json\/wp\/v2\/types\/post"}],"author":[{"embeddable":true,"href":"https:\/\/www.civiltalaica.it\/cms\/wp-json\/wp\/v2\/users\/7"}],"replies":[{"embeddable":true,"href":"https:\/\/www.civiltalaica.it\/cms\/wp-json\/wp\/v2\/comments?post=19462"}],"version-history":[{"count":1,"href":"https:\/\/www.civiltalaica.it\/cms\/wp-json\/wp\/v2\/posts\/19462\/revisions"}],"predecessor-version":[{"id":19463,"href":"https:\/\/www.civiltalaica.it\/cms\/wp-json\/wp\/v2\/posts\/19462\/revisions\/19463"}],"wp:attachment":[{"href":"https:\/\/www.civiltalaica.it\/cms\/wp-json\/wp\/v2\/media?parent=19462"}],"wp:term":[{"taxonomy":"category","embeddable":true,"href":"https:\/\/www.civiltalaica.it\/cms\/wp-json\/wp\/v2\/categories?post=19462"},{"taxonomy":"post_tag","embeddable":true,"href":"https:\/\/www.civiltalaica.it\/cms\/wp-json\/wp\/v2\/tags?post=19462"}],"curies":[{"name":"wp","href":"https:\/\/api.w.org\/{rel}","templated":true}]}}