{"id":19428,"date":"2021-01-02T12:42:54","date_gmt":"2021-01-02T12:42:54","guid":{"rendered":"https:\/\/www.civiltalaica.it\/cms\/?p=19428"},"modified":"2021-01-04T16:54:54","modified_gmt":"2021-01-04T16:54:54","slug":"il-conto-per-favore","status":"publish","type":"post","link":"https:\/\/www.civiltalaica.it\/cms\/il-conto-per-favore\/","title":{"rendered":"&#8220;Il conto per favore&#8221;"},"content":{"rendered":"<p><a href=\"https:\/\/www.civiltalaica.it\/cms\/index.php\/il-conto-per-favore.html\/edicola-chiusa\" rel=\"attachment wp-att-19429\"><img loading=\"lazy\" decoding=\"async\" class=\"alignleft size-large wp-image-19429\" src=\"https:\/\/www.civiltalaica.it\/cms\/wp-content\/uploads\/2021\/01\/edicola-chiusa-485x1024.jpeg\" alt=\"\" width=\"485\" height=\"1024\" srcset=\"https:\/\/www.civiltalaica.it\/cms\/wp-content\/uploads\/2021\/01\/edicola-chiusa-485x1024.jpeg 485w, https:\/\/www.civiltalaica.it\/cms\/wp-content\/uploads\/2021\/01\/edicola-chiusa-142x300.jpeg 142w, https:\/\/www.civiltalaica.it\/cms\/wp-content\/uploads\/2021\/01\/edicola-chiusa-728x1536.jpeg 728w, https:\/\/www.civiltalaica.it\/cms\/wp-content\/uploads\/2021\/01\/edicola-chiusa-76x160.jpeg 76w, https:\/\/www.civiltalaica.it\/cms\/wp-content\/uploads\/2021\/01\/edicola-chiusa.jpeg 758w\" sizes=\"auto, (max-width: 485px) 100vw, 485px\" \/><\/a><\/p>\n<p>Da quel che mi ricordo, con i\u00a0 miei 48 anni suonati, un&#8217;edicola nel mio quartiere c&#8217;\u00e8 sempre stata.<br \/>\nDel resto con quasi diecimila abitanti della zona il lavoro non gli \u00e8 mai mancato. Fino ad oggi.<br \/>\nPoi una mattina esci per la tua passeggiata in zona rossa (<em>compagni avanti il gran<\/em>&#8230; ah no, scusate non \u00e8 quel rosso) e vedi che non puoi pi\u00f9 dare la tua solita sbirciata ai quotidiani mentre compri qualche rivista.<\/p>\n<p>Dentro il mio amico edicolante che stacca le ultime locandine e mi riassume quello che gi\u00e0 so.<br \/>\nLa gente sta a casa quindi di giornali se ne vendono la met\u00e0 dei gi\u00e0 pochi che se ne vendevano prima. I ragazzi non vanno a scuola quindi quaderni penne e quadernoni sono tutti l\u00ec. Gli aiuti promessi a maggio non sono mai arrivati, una minima parte a luglio&#8230; ma niente di che e figuriamoci i ristori. I contributi delle tasse li hanno fermati per due mesi per chiedertene il doppio a settembre. L&#8217;affitto invece solo i creduloni hanno pensato che qualcuno potesse non pagarlo.<br \/>\n&#8220;Ma intendiamoci, queste cose le dico a te e a pochi altri&#8230; perch\u00e9 se mi sento dire di nuovo &#8216;ma no dai non \u00e8 cos\u00ec, non \u00e8 vero, il governo ha aiutato tutti!&#8217; poi&#8230; mi capisci no? Perch\u00e9 oh! Alla fine sembra che sono stupido io&#8230; questi pensano che ho rifiutato i soldi per fare un dispetto a Conte!&#8221;<br \/>\nNon gli dico molto se non il classico &#8220;in bocca al lupo&#8221;, non \u00e8 il caso di girare il coltello nella piaga.<\/p>\n<p>Un&#8217;edicola, due soci che la gestivano, due famiglie che dipendevano da loro. Chi se ne frega, tanto c&#8217;\u00e8 il reddito di cittadinanza no? Non \u00e8 cos\u00ec?<br \/>\nPerch\u00e9 s\u00ec, il discorso \u00e8 ancora quello, <a href=\"https:\/\/www.wumingfoundation.com\/giap\/2020\/10\/messaggio-in-bottiglia-sulla-seconda-ondata\/\">va ANCORA bene tutto, basta che non ci prendiamo la Covid.<\/a> Come analizzavano i Wu Ming a ottobre scorso.<\/p>\n<p>Va bene che i negozi chiudano come mosche e andr\u00e0 bene che presto arriveranno i licenziamenti di massa. Bisogna chiudersi in casa e chiamare il rider per la pizza e sparare dalla finestra a quelli che fanno pisciare il cane troppe volte.<br \/>\n<strong>Va bene tutto purch\u00e9 non ci prendiamo la Covid. <\/strong><\/p>\n<p>Va bene che il governo continui a prendere provvedimenti dimostratesi totalmente inutili e continui a non pensare alle cose essenziali, come raddoppiare le corse dei trasporti pubblici.<br \/>\n<strong>Va bene tutto purch\u00e9 non ci prendiamo la Covid.<\/strong><\/p>\n<p>Va bene che siamo l&#8217;unico governo senza un piano su COME e QUANDO fare i vaccini, va bene che ci siano arrivati per il primo giorno di &#8220;VaxDay&#8221; un quindicesimo delle dosi di vaccino arrivate alla Germania. Va bene che il Lazio dia la priorit\u00e0 ai preti e non agli anziani per il vaccino.<br \/>\nVa bene che senatori del PD e governatori leghisti facciano finta di litigare su ritardi e mancati aiuti.<br \/>\nVa bene che ci raccontino frottole, va bene che ci sono morti i genitori senza poterli neanche salutare, va bene che ci sono gli amici che non possono fare gli screening ai loro tumori perch\u00e9 non si sa cosa cazzo stanno facendo alla ASL.<br \/>\n<strong>Va bene tutto purch\u00e9 non ci prendiamo la Covid.<\/strong><\/p>\n<p>E andr\u00e0 bene che licenzieranno gli operai in massa.<br \/>\nE andr\u00e0 bene che non ci sar\u00e0 pi\u00f9 la scuola.<br \/>\nE andr\u00e0 bene che gli insegnanti saranno sostituiti da video registrati; perch\u00e9 diciamolo chiaramente, i video registrati sono molto pi\u00f9 democratici e funzionali. Se un alunno deve stare a casa in DAD perch\u00e9 fare differenze fra chi ha un professore capra e un professore genio? Il governo selezioner\u00e0 i professori migliori li registrer\u00e0 e d&#8217;ora in poi le lezioni saranno quelle.<br \/>\nLe scuole saranno chiuse. Ci faranno dei bei centri commerciali che potranno aprire solo quando apriranno i recinti delle pecore tre o quattro volte l&#8217;anno.<br \/>\nE i professori? Licenziati. Chiusi a casa con il loro bel reddito di cittadinanza. &#8220;Dai lo portiamo a 700 euro. Contenti? No? 800, basta per\u00f2, che senn\u00f2 poi lo spendete in sciocchezze. Invece noi ci teniamo alla vostra salute, come quando non abbiamo fatto testing e tracing perch\u00e9 se vi facevamo i test rapidi e vi dicevamo che eravate negativi poi chiss\u00e0 che facevate&#8230; vi andavate a prendere lo spritz, magari. Incoscienti. Fortuna che avete a noi che ci prendiamo cura di voi. Siete le nostre pecore. Anzi siete le nostre piante grasse. Vuoi da bere. Tieni, non troppo che ti fa male per\u00f2. &#8221;<\/p>\n<p>Ma no, questa \u00e8 distopia, ed \u00e8 una distopia che non si avverer\u00e0. Perch\u00e9 sono cos\u00ec sicuro che non si avverer\u00e0? Perch\u00e9 prima arriver\u00e0 il conto, e sar\u00e0 tale che probabilmente salteranno anche stipendi pubblici e pensioni sotto la dizione &#8220;default tecnico&#8221;. E allora (forse) sar\u00e0 chiaro\u00a0 che Conte e Speranza e i loro pretoriani avevano proprio ragione. \u00c8 sta sempre colpa nostra.<\/p>\n<p>\u00c8 stata colpa nostra che abbiamo accettato tutto pur di non prenderci la Covid.<\/p>\n<p><strong>Alessandro Chiometti<\/strong><\/p>\n<p><a href=\"https:\/\/www.civiltalaica.it\/cms\/index.php\/the-new-pope-e-il-solito-sorrentino.html\/alessandro\" rel=\"attachment wp-att-16678\"><img loading=\"lazy\" decoding=\"async\" class=\"alignleft size-medium wp-image-16678\" src=\"https:\/\/www.civiltalaica.it\/cms\/wp-content\/uploads\/2020\/02\/alessandro-277x300.jpg\" alt=\"\" width=\"277\" height=\"300\" srcset=\"https:\/\/www.civiltalaica.it\/cms\/wp-content\/uploads\/2020\/02\/alessandro-277x300.jpg 277w, https:\/\/www.civiltalaica.it\/cms\/wp-content\/uploads\/2020\/02\/alessandro-945x1024.jpg 945w, https:\/\/www.civiltalaica.it\/cms\/wp-content\/uploads\/2020\/02\/alessandro-768x832.jpg 768w, https:\/\/www.civiltalaica.it\/cms\/wp-content\/uploads\/2020\/02\/alessandro-1418x1536.jpg 1418w, https:\/\/www.civiltalaica.it\/cms\/wp-content\/uploads\/2020\/02\/alessandro-1890x2048.jpg 1890w, https:\/\/www.civiltalaica.it\/cms\/wp-content\/uploads\/2020\/02\/alessandro-148x160.jpg 148w\" sizes=\"auto, (max-width: 277px) 100vw, 277px\" \/><\/a><\/p>\n","protected":false},"excerpt":{"rendered":"<p>Da quel che mi ricordo, con i\u00a0 miei 48 anni suonati, un&#8217;edicola nel mio quartiere c&#8217;\u00e8 sempre stata. Del resto con quasi diecimila abitanti della zona il lavoro non gli \u00e8 mai mancato. Fino ad oggi. Poi una mattina esci per la tua passeggiata in zona rossa (compagni avanti il gran&#8230; ah no, scusate non [&hellip;]<\/p>\n","protected":false},"author":7,"featured_media":0,"comment_status":"closed","ping_status":"closed","sticky":false,"template":"","format":"standard","meta":{"footnotes":""},"categories":[238,228],"tags":[79,1968,2041,2042],"class_list":["post-19428","post","type-post","status-publish","format-standard","hentry","category-articoli","category-blog","tag-alessandro-chiometti","tag-covid19","tag-il-conto","tag-il-meglio-deve-ancora-venire"],"yoast_head":"<!-- This site is optimized with the Yoast SEO plugin v27.1.1 - https:\/\/yoast.com\/product\/yoast-seo-wordpress\/ -->\n<title>&quot;Il conto per favore&quot; - Associazione Culturale Civilt\u00e0 Laica<\/title>\n<meta name=\"description\" content=\"va bene tutto, pur di non prendersi la covid. Anche quello che inevitabilmente arriver\u00e0.\" \/>\n<meta name=\"robots\" content=\"index, follow, max-snippet:-1, max-image-preview:large, max-video-preview:-1\" \/>\n<link rel=\"canonical\" href=\"https:\/\/www.civiltalaica.it\/cms\/il-conto-per-favore\/\" \/>\n<meta property=\"og:locale\" content=\"it_IT\" \/>\n<meta property=\"og:type\" content=\"article\" \/>\n<meta property=\"og:title\" content=\"&quot;Il conto per favore&quot; - Associazione Culturale Civilt\u00e0 Laica\" \/>\n<meta property=\"og:description\" content=\"va bene tutto, pur di non prendersi la covid. Anche quello che inevitabilmente arriver\u00e0.\" \/>\n<meta property=\"og:url\" content=\"https:\/\/www.civiltalaica.it\/cms\/il-conto-per-favore\/\" \/>\n<meta property=\"og:site_name\" content=\"Associazione Culturale Civilt\u00e0 Laica\" \/>\n<meta property=\"article:publisher\" content=\"https:\/\/www.facebook.com\/civiltalaica\" \/>\n<meta property=\"article:published_time\" content=\"2021-01-02T12:42:54+00:00\" \/>\n<meta property=\"article:modified_time\" content=\"2021-01-04T16:54:54+00:00\" \/>\n<meta property=\"og:image\" content=\"https:\/\/www.civiltalaica.it\/cms\/wp-content\/uploads\/2021\/01\/edicola-chiusa-485x1024.jpeg\" \/>\n<meta name=\"author\" content=\"alexjc\" \/>\n<meta name=\"twitter:card\" content=\"summary_large_image\" \/>\n<meta name=\"twitter:label1\" content=\"Scritto da\" \/>\n\t<meta name=\"twitter:data1\" content=\"alexjc\" \/>\n\t<meta name=\"twitter:label2\" content=\"Tempo di lettura stimato\" \/>\n\t<meta name=\"twitter:data2\" content=\"4 minuti\" \/>\n<script type=\"application\/ld+json\" class=\"yoast-schema-graph\">{\"@context\":\"https:\/\/schema.org\",\"@graph\":[{\"@type\":\"Article\",\"@id\":\"https:\/\/www.civiltalaica.it\/cms\/il-conto-per-favore\/#article\",\"isPartOf\":{\"@id\":\"https:\/\/www.civiltalaica.it\/cms\/il-conto-per-favore\/\"},\"author\":{\"name\":\"alexjc\",\"@id\":\"https:\/\/www.civiltalaica.it\/cms\/#\/schema\/person\/4efef56f866329a1e0943eb27336df1d\"},\"headline\":\"&#8220;Il conto per favore&#8221;\",\"datePublished\":\"2021-01-02T12:42:54+00:00\",\"dateModified\":\"2021-01-04T16:54:54+00:00\",\"mainEntityOfPage\":{\"@id\":\"https:\/\/www.civiltalaica.it\/cms\/il-conto-per-favore\/\"},\"wordCount\":801,\"image\":{\"@id\":\"https:\/\/www.civiltalaica.it\/cms\/il-conto-per-favore\/#primaryimage\"},\"thumbnailUrl\":\"https:\/\/www.civiltalaica.it\/cms\/wp-content\/uploads\/2021\/01\/edicola-chiusa-485x1024.jpeg\",\"keywords\":[\"alessandro chiometti\",\"covid19\",\"il conto\",\"il meglio deve ancora venire\"],\"articleSection\":[\"articoli\",\"blog\"],\"inLanguage\":\"it-IT\"},{\"@type\":\"WebPage\",\"@id\":\"https:\/\/www.civiltalaica.it\/cms\/il-conto-per-favore\/\",\"url\":\"https:\/\/www.civiltalaica.it\/cms\/il-conto-per-favore\/\",\"name\":\"\\\"Il conto per favore\\\" - Associazione Culturale Civilt\u00e0 Laica\",\"isPartOf\":{\"@id\":\"https:\/\/www.civiltalaica.it\/cms\/#website\"},\"primaryImageOfPage\":{\"@id\":\"https:\/\/www.civiltalaica.it\/cms\/il-conto-per-favore\/#primaryimage\"},\"image\":{\"@id\":\"https:\/\/www.civiltalaica.it\/cms\/il-conto-per-favore\/#primaryimage\"},\"thumbnailUrl\":\"https:\/\/www.civiltalaica.it\/cms\/wp-content\/uploads\/2021\/01\/edicola-chiusa-485x1024.jpeg\",\"datePublished\":\"2021-01-02T12:42:54+00:00\",\"dateModified\":\"2021-01-04T16:54:54+00:00\",\"author\":{\"@id\":\"https:\/\/www.civiltalaica.it\/cms\/#\/schema\/person\/4efef56f866329a1e0943eb27336df1d\"},\"description\":\"va bene tutto, pur di non prendersi la covid. Anche quello che inevitabilmente arriver\u00e0.\",\"breadcrumb\":{\"@id\":\"https:\/\/www.civiltalaica.it\/cms\/il-conto-per-favore\/#breadcrumb\"},\"inLanguage\":\"it-IT\",\"potentialAction\":[{\"@type\":\"ReadAction\",\"target\":[\"https:\/\/www.civiltalaica.it\/cms\/il-conto-per-favore\/\"]}]},{\"@type\":\"ImageObject\",\"inLanguage\":\"it-IT\",\"@id\":\"https:\/\/www.civiltalaica.it\/cms\/il-conto-per-favore\/#primaryimage\",\"url\":\"https:\/\/www.civiltalaica.it\/cms\/wp-content\/uploads\/2021\/01\/edicola-chiusa.jpeg\",\"contentUrl\":\"https:\/\/www.civiltalaica.it\/cms\/wp-content\/uploads\/2021\/01\/edicola-chiusa.jpeg\",\"width\":758,\"height\":1600},{\"@type\":\"BreadcrumbList\",\"@id\":\"https:\/\/www.civiltalaica.it\/cms\/il-conto-per-favore\/#breadcrumb\",\"itemListElement\":[{\"@type\":\"ListItem\",\"position\":1,\"name\":\"Home\",\"item\":\"https:\/\/www.civiltalaica.it\/cms\/\"},{\"@type\":\"ListItem\",\"position\":2,\"name\":\"&#8220;Il conto per favore&#8221;\"}]},{\"@type\":\"WebSite\",\"@id\":\"https:\/\/www.civiltalaica.it\/cms\/#website\",\"url\":\"https:\/\/www.civiltalaica.it\/cms\/\",\"name\":\"Associazione Culturale Civilt\u00e0 Laica\",\"description\":\"Per un movimento culturale volto a difendere la Laicit\u00e0 dello Stato.\",\"potentialAction\":[{\"@type\":\"SearchAction\",\"target\":{\"@type\":\"EntryPoint\",\"urlTemplate\":\"https:\/\/www.civiltalaica.it\/cms\/?s={search_term_string}\"},\"query-input\":{\"@type\":\"PropertyValueSpecification\",\"valueRequired\":true,\"valueName\":\"search_term_string\"}}],\"inLanguage\":\"it-IT\"},{\"@type\":\"Person\",\"@id\":\"https:\/\/www.civiltalaica.it\/cms\/#\/schema\/person\/4efef56f866329a1e0943eb27336df1d\",\"name\":\"alexjc\",\"url\":\"https:\/\/www.civiltalaica.it\/cms\/author\/alexjc\/\"}]}<\/script>\n<!-- \/ Yoast SEO plugin. -->","yoast_head_json":{"title":"\"Il conto per favore\" - Associazione Culturale Civilt\u00e0 Laica","description":"va bene tutto, pur di non prendersi la covid. Anche quello che inevitabilmente arriver\u00e0.","robots":{"index":"index","follow":"follow","max-snippet":"max-snippet:-1","max-image-preview":"max-image-preview:large","max-video-preview":"max-video-preview:-1"},"canonical":"https:\/\/www.civiltalaica.it\/cms\/il-conto-per-favore\/","og_locale":"it_IT","og_type":"article","og_title":"\"Il conto per favore\" - Associazione Culturale Civilt\u00e0 Laica","og_description":"va bene tutto, pur di non prendersi la covid. Anche quello che inevitabilmente arriver\u00e0.","og_url":"https:\/\/www.civiltalaica.it\/cms\/il-conto-per-favore\/","og_site_name":"Associazione Culturale Civilt\u00e0 Laica","article_publisher":"https:\/\/www.facebook.com\/civiltalaica","article_published_time":"2021-01-02T12:42:54+00:00","article_modified_time":"2021-01-04T16:54:54+00:00","og_image":[{"url":"https:\/\/www.civiltalaica.it\/cms\/wp-content\/uploads\/2021\/01\/edicola-chiusa-485x1024.jpeg","type":"","width":"","height":""}],"author":"alexjc","twitter_card":"summary_large_image","twitter_misc":{"Scritto da":"alexjc","Tempo di lettura stimato":"4 minuti"},"schema":{"@context":"https:\/\/schema.org","@graph":[{"@type":"Article","@id":"https:\/\/www.civiltalaica.it\/cms\/il-conto-per-favore\/#article","isPartOf":{"@id":"https:\/\/www.civiltalaica.it\/cms\/il-conto-per-favore\/"},"author":{"name":"alexjc","@id":"https:\/\/www.civiltalaica.it\/cms\/#\/schema\/person\/4efef56f866329a1e0943eb27336df1d"},"headline":"&#8220;Il conto per favore&#8221;","datePublished":"2021-01-02T12:42:54+00:00","dateModified":"2021-01-04T16:54:54+00:00","mainEntityOfPage":{"@id":"https:\/\/www.civiltalaica.it\/cms\/il-conto-per-favore\/"},"wordCount":801,"image":{"@id":"https:\/\/www.civiltalaica.it\/cms\/il-conto-per-favore\/#primaryimage"},"thumbnailUrl":"https:\/\/www.civiltalaica.it\/cms\/wp-content\/uploads\/2021\/01\/edicola-chiusa-485x1024.jpeg","keywords":["alessandro chiometti","covid19","il conto","il meglio deve ancora venire"],"articleSection":["articoli","blog"],"inLanguage":"it-IT"},{"@type":"WebPage","@id":"https:\/\/www.civiltalaica.it\/cms\/il-conto-per-favore\/","url":"https:\/\/www.civiltalaica.it\/cms\/il-conto-per-favore\/","name":"\"Il conto per favore\" - Associazione Culturale Civilt\u00e0 Laica","isPartOf":{"@id":"https:\/\/www.civiltalaica.it\/cms\/#website"},"primaryImageOfPage":{"@id":"https:\/\/www.civiltalaica.it\/cms\/il-conto-per-favore\/#primaryimage"},"image":{"@id":"https:\/\/www.civiltalaica.it\/cms\/il-conto-per-favore\/#primaryimage"},"thumbnailUrl":"https:\/\/www.civiltalaica.it\/cms\/wp-content\/uploads\/2021\/01\/edicola-chiusa-485x1024.jpeg","datePublished":"2021-01-02T12:42:54+00:00","dateModified":"2021-01-04T16:54:54+00:00","author":{"@id":"https:\/\/www.civiltalaica.it\/cms\/#\/schema\/person\/4efef56f866329a1e0943eb27336df1d"},"description":"va bene tutto, pur di non prendersi la covid. Anche quello che inevitabilmente arriver\u00e0.","breadcrumb":{"@id":"https:\/\/www.civiltalaica.it\/cms\/il-conto-per-favore\/#breadcrumb"},"inLanguage":"it-IT","potentialAction":[{"@type":"ReadAction","target":["https:\/\/www.civiltalaica.it\/cms\/il-conto-per-favore\/"]}]},{"@type":"ImageObject","inLanguage":"it-IT","@id":"https:\/\/www.civiltalaica.it\/cms\/il-conto-per-favore\/#primaryimage","url":"https:\/\/www.civiltalaica.it\/cms\/wp-content\/uploads\/2021\/01\/edicola-chiusa.jpeg","contentUrl":"https:\/\/www.civiltalaica.it\/cms\/wp-content\/uploads\/2021\/01\/edicola-chiusa.jpeg","width":758,"height":1600},{"@type":"BreadcrumbList","@id":"https:\/\/www.civiltalaica.it\/cms\/il-conto-per-favore\/#breadcrumb","itemListElement":[{"@type":"ListItem","position":1,"name":"Home","item":"https:\/\/www.civiltalaica.it\/cms\/"},{"@type":"ListItem","position":2,"name":"&#8220;Il conto per favore&#8221;"}]},{"@type":"WebSite","@id":"https:\/\/www.civiltalaica.it\/cms\/#website","url":"https:\/\/www.civiltalaica.it\/cms\/","name":"Associazione Culturale Civilt\u00e0 Laica","description":"Per un movimento culturale volto a difendere la Laicit\u00e0 dello Stato.","potentialAction":[{"@type":"SearchAction","target":{"@type":"EntryPoint","urlTemplate":"https:\/\/www.civiltalaica.it\/cms\/?s={search_term_string}"},"query-input":{"@type":"PropertyValueSpecification","valueRequired":true,"valueName":"search_term_string"}}],"inLanguage":"it-IT"},{"@type":"Person","@id":"https:\/\/www.civiltalaica.it\/cms\/#\/schema\/person\/4efef56f866329a1e0943eb27336df1d","name":"alexjc","url":"https:\/\/www.civiltalaica.it\/cms\/author\/alexjc\/"}]}},"_links":{"self":[{"href":"https:\/\/www.civiltalaica.it\/cms\/wp-json\/wp\/v2\/posts\/19428","targetHints":{"allow":["GET"]}}],"collection":[{"href":"https:\/\/www.civiltalaica.it\/cms\/wp-json\/wp\/v2\/posts"}],"about":[{"href":"https:\/\/www.civiltalaica.it\/cms\/wp-json\/wp\/v2\/types\/post"}],"author":[{"embeddable":true,"href":"https:\/\/www.civiltalaica.it\/cms\/wp-json\/wp\/v2\/users\/7"}],"replies":[{"embeddable":true,"href":"https:\/\/www.civiltalaica.it\/cms\/wp-json\/wp\/v2\/comments?post=19428"}],"version-history":[{"count":5,"href":"https:\/\/www.civiltalaica.it\/cms\/wp-json\/wp\/v2\/posts\/19428\/revisions"}],"predecessor-version":[{"id":19464,"href":"https:\/\/www.civiltalaica.it\/cms\/wp-json\/wp\/v2\/posts\/19428\/revisions\/19464"}],"wp:attachment":[{"href":"https:\/\/www.civiltalaica.it\/cms\/wp-json\/wp\/v2\/media?parent=19428"}],"wp:term":[{"taxonomy":"category","embeddable":true,"href":"https:\/\/www.civiltalaica.it\/cms\/wp-json\/wp\/v2\/categories?post=19428"},{"taxonomy":"post_tag","embeddable":true,"href":"https:\/\/www.civiltalaica.it\/cms\/wp-json\/wp\/v2\/tags?post=19428"}],"curies":[{"name":"wp","href":"https:\/\/api.w.org\/{rel}","templated":true}]}}