{"id":18834,"date":"2020-11-06T12:38:40","date_gmt":"2020-11-06T12:38:40","guid":{"rendered":"https:\/\/www.civiltalaica.it\/cms\/?p=18834"},"modified":"2020-11-06T20:44:30","modified_gmt":"2020-11-06T20:44:30","slug":"epidemie-e-controllo-sociale","status":"publish","type":"post","link":"https:\/\/www.civiltalaica.it\/cms\/epidemie-e-controllo-sociale\/","title":{"rendered":"Epidemie e controllo sociale"},"content":{"rendered":"<p><a href=\"https:\/\/www.civiltalaica.it\/cms\/index.php\/epidemie-e-controllo-sociale.html\/epidemie-e-controllo-sociale\" rel=\"attachment wp-att-18835\"><img loading=\"lazy\" decoding=\"async\" class=\"alignleft wp-image-18835\" src=\"https:\/\/www.civiltalaica.it\/cms\/wp-content\/uploads\/2020\/11\/epidemie-e-controllo-sociale-576x1024.jpg\" alt=\"\" width=\"449\" height=\"798\" srcset=\"https:\/\/www.civiltalaica.it\/cms\/wp-content\/uploads\/2020\/11\/epidemie-e-controllo-sociale-576x1024.jpg 576w, https:\/\/www.civiltalaica.it\/cms\/wp-content\/uploads\/2020\/11\/epidemie-e-controllo-sociale-169x300.jpg 169w, https:\/\/www.civiltalaica.it\/cms\/wp-content\/uploads\/2020\/11\/epidemie-e-controllo-sociale-768x1365.jpg 768w, https:\/\/www.civiltalaica.it\/cms\/wp-content\/uploads\/2020\/11\/epidemie-e-controllo-sociale-864x1536.jpg 864w, https:\/\/www.civiltalaica.it\/cms\/wp-content\/uploads\/2020\/11\/epidemie-e-controllo-sociale-90x160.jpg 90w, https:\/\/www.civiltalaica.it\/cms\/wp-content\/uploads\/2020\/11\/epidemie-e-controllo-sociale.jpg 1152w\" sizes=\"auto, (max-width: 449px) 100vw, 449px\" \/><\/a><\/p>\n<p>Se siete fra quelle persone che, come chi scrive, ragionando su quanto \u00e8 successo in questi mesi pandemici non trovano n\u00e9 normale n\u00e9 giustificabile il comportamento inetto del governo, quello terroristico dei mass media, e quello (da indagine psichiatrica) di chi si abitua a pensare al contrario (serve un motivo per uscire o riaprire un\u2019attivit\u00e0, non un motivo per stare chiusi in casa) e giustifica sempre e comunque l\u2019operato dei governanti; finalmente avete un piccolo volume che vi pu\u00f2 rassicurare: \u201c<em>quelli strani<\/em>\u201d non siete voi.<\/p>\n<p>Andrea Miconi pubblica questo pamphlet (\u201c<strong>Epidemie e controllo sociale<\/strong>\u201d, \u20ac10,00) \u00a0con <strong>Manifestolibri<\/strong>, fermando la sua analisi a ci\u00f2 che \u00e8 successo da Gennaio ad Aprile. Ed \u00e8 gi\u00e0 abbastanza per aprire gli occhi anche al pi\u00f9 fedele ed impaurito seguace di Conte. Ammesso che sia disposto ad ascoltare il discorso. Miconi non risparmia le bacchettate neanche a \u201cIl manifesto\u201d che pure lo pubblica, segno che forse, almeno per quel giornale c\u2019\u00e8 speranza di rinsavire, rispetto a tanti altri che ormai anche degradare al rango di <em>tabloid<\/em> significa trattarli fin troppo bene.<\/p>\n<p>L\u2019autore esamina ci\u00f2 di quanto pi\u00f9 aberrante a livello umano si \u00e8 consumato nel primo lockdown, il ribaltamento del populismo e il ritorcersi dell\u2019odio della \u201cfolla\u201d (quella rinchiusa fra le mura domestiche) verso il nuovo \u201c<em>nemico di comodo<\/em>\u201d che andava dai runners a chi andava troppe volte a fare la spesa, a chi richiedeva giustamente la possibilit\u00e0 di uscire da soli all\u2019aria aperta a debita distanza da altre persone (cosa che non mette in pericolo nessuno, e non c\u2019\u00e8 parere di virologo che possa contraddire questo). Una vergognosa caccia all\u2019untore istigata e fomentata dai mass media e dai social network che vengono usati in modo sempre pi\u00f9 inappropriato.<\/p>\n<p>Dopodich\u00e9 esamina quanto sia <strong>psicologicamente devastante<\/strong> il messaggio inappropriato del vip che vuole spiegarci di quanto sia bello restare chiusi in casa a riscoprire se stessi, parlando magari dalla sua tenuta in campagna con piscina termale riscaldata a chi vive in cinque in uno scantinato di 60 metri quadri. <strong>Rimuovere il problema serve solo a farlo diventare gigantesco<\/strong>, \u00e8 un meccanismo \u00a0fin troppo conosciuto da chiunque si sia occupato delle dinamiche umane. Chiss\u00e0 perch\u00e9 tutti se ne sono dimenticati in questa pandemia.<\/p>\n<p>Andrea Miconi si occupa quindi dello Stato di Polizia instaurato a tutti gli effetti con decreti di emergenza e una capacit\u00e0 discrezionale data gli agenti delle forze dell\u2019ordine che ha portato alle multe pi\u00f9 assurde (quasi tutte inevitabilmente annullate dai <strong>giudici di pace<\/strong> dopo il lockdown, ma il pamphlet \u00e8 stato chiuso alla fine di Aprile) e dell\u2019assurdit\u00e0 <strong>dell\u2019internet-centrismo<\/strong> di chi pensa di risolvere tutto con l\u2019app Immuni e dell\u2019invadenza di questa. Invadenza che per inciso va molto al di l\u00e0 della facile battuta con cui il <em>governista<\/em> di turno risolve le questioni con un <em>meme<\/em> sul social; la classica argomentazione \u201c<em>date i vostri dati alle peggiori schifezze non lo date a un\u2019app che deve salvarci dalla Covid<\/em>\u201d \u00e8 smentita semplicemente osservando quali dati bisogna dare alla app immuni, compresa la propria storia sanitaria. Perch\u00e9 mai Immuni deve conoscere se ho avuto l\u2019epatite o un cancro dieci anni fa? Troppa premura? Troppa voglia di strafare?<\/p>\n<p>Infine Miconi parla dei tanti, troppi, \u201cvirologi allo sbaraglio\u201d che per il loro warholiano quarto d\u2019ora di notoriet\u00e0 (molto di pi\u00f9 di un quarto d\u2019ora purtroppo) si sono prestati non solo a cancellare cento anni di manuali di virologia e patologia ma ad accapigliarsi l\u2019uno contro l\u2019altro in diretta tv che neanche fossero nel pi\u00f9 demenziale reality show del pianeta. Una serie di debuttanti allo sbaraglio, che pure debuttanti non erano, che hanno causato pi\u00f9 danni alla scienza e al metodo scientifico di quanto mai abbiano fatto i no-vax in trent\u2019anni di frottole raccontate.<\/p>\n<p>Un tema che a nostro giudizio varrebbe la pena approfondire, e non affrontato in questo pamphlet, \u00a0\u00e8 la follia dell\u2019uomo contemporaneo di non saper pi\u00f9 accettare una situazione fuori dal suo controllo. L\u2019Homo sedicente Sapiens accetta il rischio di morire in un incidente d\u2019auto o quello di morire sul lavoro perch\u00e9 l\u2019azienda non ha i soldi per fornirti di dpi appropriati; ma improvvisamente non pu\u00f2 accettare che ci sia un virus (esseri biologici presenti sul pianeta prima di noi e che ci saranno ancora dopo la nostra estinzione) pericoloso in giro per il pianeta. Come se prima di oggi non ci fossero stati tifo, malaria, aids, epatiti, meningiti, pancreatiti, herpes, sifilide, vaioli, poliomeliti.<\/p>\n<p>La narrazione tossica a mass media unificati ci ha fatto reagire a questo pericolo (circa il 2.5% di letalit\u00e0 apparente nella \u201cprima ondata\u201d in crollo verticale oggi) come un branco di pollame in crisi isterica quando entra una volpe nel pollaio. Verrebbe da chiedersi cosa sarebbe successo se si fossero diffusi sul sacro suolo dell\u2019occidente i virus della prima Sars (letalit\u00e0 apparente 10% circa) o della Mers (l.a. 30% circa). Fortunatamente sono rimasti confinati all\u2019Asia e si sa che per gli occidentali finch\u00e9 muoiono gli asiatici (o gli africani) non \u00e8 mai un problema.<\/p>\n<p>Se ci sar\u00e0 un seguito a questo lavoro crediamo sarebbe interessante approfondire la cosa.<\/p>\n<p>Miconi chiude questo pamphlet ad Aprile quando probabilmente pensava di aver visto il peggio. Peccato che come ammoniva William Shakespeare: \u201c<em>Finch\u00e9 possiamo dire: \u2018quest&#8217;\u00e8 il peggio\u2019, vuol dir che il peggio ancora pu\u00f2 venire<\/em>.\u201d \u00a0(sempre puntualissimi i Wu Ming a trovare le citazioni adatte per le situazioni).<\/p>\n<p>E cos\u00ec oggi siamo di nuovo di fronte a chi invoca \u201clockdown subito\u201d anche dopo aver visto che i lockdown pi\u00f9 duri (Italia, Spagna, Francia) sono quelli che hanno funzionato peggio in termini di contagi e di morti in Europa. Siamo ancora ad intere fette di popolazione che criminalizzano i singoli e le loro abitudini o richieste (peraltro normalissime come andare al cinema o al teatro) \u00a0per giustificare l\u2019incapacit\u00e0 di un governo che ha passato mesi a non fare nulla confidando di riuscire a gestire una seconda ondata a costo zero e peraltro scegliendo un mezzo di controllo inadeguato come il tampone naso faringeo e non il test antigenico rapido. Siamo ancora a persone che pubblicano deliri sui social esortando Conte \u201ca fare come la Svezia\u201d usando questa frase come minaccia contro noi, poveri scemi, che non ci rendiamo conto del pericolo; quando evidentemente non si sono mai neanche preoccupate di confrontare i grafici di contagio e letalit\u00e0 apparente fra Svezia e Italia (ammesso che riescano a capire i dati l\u00ec riportati).<\/p>\n<p>\u201cEpidemie e controllo sociale\u201d \u00e8 un punto di partenza, una piccola luce nel buio in una notte in cui sembrano esistere solo le narrazioni tossiche del \u201c<em>si deve fare cos\u00ec, si pu\u00f2 fare solo cos\u00ec, tutti fanno cos\u00ec<\/em>\u201d. Tre falsit\u00e0 che seppur attualmente appoggiate dalla maggioranza della popolazione, rimangono delle falsit\u00e0.<\/p>\n<p>E per non mettere in dubbio queste evidenti falsit\u00e0 pagheremo un conto salatissimo, a breve.<\/p>\n<p><strong>Alessandro Chiometti<\/strong><\/p>\n<p><a href=\"https:\/\/www.civiltalaica.it\/cms\/index.php\/the-new-pope-e-il-solito-sorrentino.html\/alessandro\" rel=\"attachment wp-att-16678\"><img loading=\"lazy\" decoding=\"async\" class=\"alignleft wp-image-16678\" src=\"https:\/\/www.civiltalaica.it\/cms\/wp-content\/uploads\/2020\/02\/alessandro-945x1024.jpg\" alt=\"\" width=\"243\" height=\"263\" srcset=\"https:\/\/www.civiltalaica.it\/cms\/wp-content\/uploads\/2020\/02\/alessandro-945x1024.jpg 945w, https:\/\/www.civiltalaica.it\/cms\/wp-content\/uploads\/2020\/02\/alessandro-277x300.jpg 277w, https:\/\/www.civiltalaica.it\/cms\/wp-content\/uploads\/2020\/02\/alessandro-768x832.jpg 768w, https:\/\/www.civiltalaica.it\/cms\/wp-content\/uploads\/2020\/02\/alessandro-1418x1536.jpg 1418w, https:\/\/www.civiltalaica.it\/cms\/wp-content\/uploads\/2020\/02\/alessandro-1890x2048.jpg 1890w, https:\/\/www.civiltalaica.it\/cms\/wp-content\/uploads\/2020\/02\/alessandro-148x160.jpg 148w\" sizes=\"auto, (max-width: 243px) 100vw, 243px\" \/><\/a><\/p>\n","protected":false},"excerpt":{"rendered":"<p>Se siete fra quelle persone che, come chi scrive, ragionando su quanto \u00e8 successo in questi mesi pandemici non trovano n\u00e9 normale n\u00e9 giustificabile il comportamento inetto del governo, quello terroristico dei mass media, e quello (da indagine psichiatrica) di chi si abitua a pensare al contrario (serve un motivo per uscire o riaprire un\u2019attivit\u00e0, [&hellip;]<\/p>\n","protected":false},"author":7,"featured_media":0,"comment_status":"closed","ping_status":"closed","sticky":false,"template":"","format":"standard","meta":{"footnotes":""},"categories":[238,231],"tags":[79,2031,1968,2032],"class_list":["post-18834","post","type-post","status-publish","format-standard","hentry","category-articoli","category-recensioni","tag-alessandro-chiometti","tag-andrea-miconi","tag-covid19","tag-epidemie-e-controllo-sociale"],"yoast_head":"<!-- This site is optimized with the Yoast SEO plugin v27.1.1 - https:\/\/yoast.com\/product\/yoast-seo-wordpress\/ -->\n<title>Epidemie e controllo sociale - Associazione Culturale Civilt\u00e0 Laica<\/title>\n<meta name=\"description\" content=\"Una pubblicazione che interrompe l&#039;assordante silenzio di quasi tutto il mondo intellettuale sulla gestione della covid19. Era ora!\" \/>\n<meta name=\"robots\" content=\"index, follow, max-snippet:-1, max-image-preview:large, max-video-preview:-1\" \/>\n<link rel=\"canonical\" href=\"https:\/\/www.civiltalaica.it\/cms\/epidemie-e-controllo-sociale\/\" \/>\n<meta property=\"og:locale\" content=\"it_IT\" \/>\n<meta property=\"og:type\" content=\"article\" \/>\n<meta property=\"og:title\" content=\"Epidemie e controllo sociale - Associazione Culturale Civilt\u00e0 Laica\" \/>\n<meta property=\"og:description\" content=\"Una pubblicazione che interrompe l&#039;assordante silenzio di quasi tutto il mondo intellettuale sulla gestione della covid19. Era ora!\" \/>\n<meta property=\"og:url\" content=\"https:\/\/www.civiltalaica.it\/cms\/epidemie-e-controllo-sociale\/\" \/>\n<meta property=\"og:site_name\" content=\"Associazione Culturale Civilt\u00e0 Laica\" \/>\n<meta property=\"article:publisher\" content=\"https:\/\/www.facebook.com\/civiltalaica\" \/>\n<meta property=\"article:published_time\" content=\"2020-11-06T12:38:40+00:00\" \/>\n<meta property=\"article:modified_time\" content=\"2020-11-06T20:44:30+00:00\" \/>\n<meta property=\"og:image\" content=\"https:\/\/www.civiltalaica.it\/cms\/wp-content\/uploads\/2020\/11\/epidemie-e-controllo-sociale-576x1024.jpg\" \/>\n<meta name=\"author\" content=\"alexjc\" \/>\n<meta name=\"twitter:card\" content=\"summary_large_image\" \/>\n<meta name=\"twitter:label1\" content=\"Scritto da\" \/>\n\t<meta name=\"twitter:data1\" content=\"alexjc\" \/>\n\t<meta name=\"twitter:label2\" content=\"Tempo di lettura stimato\" \/>\n\t<meta name=\"twitter:data2\" content=\"6 minuti\" \/>\n<script type=\"application\/ld+json\" class=\"yoast-schema-graph\">{\"@context\":\"https:\/\/schema.org\",\"@graph\":[{\"@type\":\"Article\",\"@id\":\"https:\/\/www.civiltalaica.it\/cms\/epidemie-e-controllo-sociale\/#article\",\"isPartOf\":{\"@id\":\"https:\/\/www.civiltalaica.it\/cms\/epidemie-e-controllo-sociale\/\"},\"author\":{\"name\":\"alexjc\",\"@id\":\"https:\/\/www.civiltalaica.it\/cms\/#\/schema\/person\/4efef56f866329a1e0943eb27336df1d\"},\"headline\":\"Epidemie e controllo sociale\",\"datePublished\":\"2020-11-06T12:38:40+00:00\",\"dateModified\":\"2020-11-06T20:44:30+00:00\",\"mainEntityOfPage\":{\"@id\":\"https:\/\/www.civiltalaica.it\/cms\/epidemie-e-controllo-sociale\/\"},\"wordCount\":1138,\"image\":{\"@id\":\"https:\/\/www.civiltalaica.it\/cms\/epidemie-e-controllo-sociale\/#primaryimage\"},\"thumbnailUrl\":\"https:\/\/www.civiltalaica.it\/cms\/wp-content\/uploads\/2020\/11\/epidemie-e-controllo-sociale-576x1024.jpg\",\"keywords\":[\"alessandro chiometti\",\"andrea miconi\",\"covid19\",\"epidemie e controllo sociale\"],\"articleSection\":[\"articoli\",\"recensioni\"],\"inLanguage\":\"it-IT\"},{\"@type\":\"WebPage\",\"@id\":\"https:\/\/www.civiltalaica.it\/cms\/epidemie-e-controllo-sociale\/\",\"url\":\"https:\/\/www.civiltalaica.it\/cms\/epidemie-e-controllo-sociale\/\",\"name\":\"Epidemie e controllo sociale - Associazione Culturale Civilt\u00e0 Laica\",\"isPartOf\":{\"@id\":\"https:\/\/www.civiltalaica.it\/cms\/#website\"},\"primaryImageOfPage\":{\"@id\":\"https:\/\/www.civiltalaica.it\/cms\/epidemie-e-controllo-sociale\/#primaryimage\"},\"image\":{\"@id\":\"https:\/\/www.civiltalaica.it\/cms\/epidemie-e-controllo-sociale\/#primaryimage\"},\"thumbnailUrl\":\"https:\/\/www.civiltalaica.it\/cms\/wp-content\/uploads\/2020\/11\/epidemie-e-controllo-sociale-576x1024.jpg\",\"datePublished\":\"2020-11-06T12:38:40+00:00\",\"dateModified\":\"2020-11-06T20:44:30+00:00\",\"author\":{\"@id\":\"https:\/\/www.civiltalaica.it\/cms\/#\/schema\/person\/4efef56f866329a1e0943eb27336df1d\"},\"description\":\"Una pubblicazione che interrompe l'assordante silenzio di quasi tutto il mondo intellettuale sulla gestione della covid19. Era ora!\",\"breadcrumb\":{\"@id\":\"https:\/\/www.civiltalaica.it\/cms\/epidemie-e-controllo-sociale\/#breadcrumb\"},\"inLanguage\":\"it-IT\",\"potentialAction\":[{\"@type\":\"ReadAction\",\"target\":[\"https:\/\/www.civiltalaica.it\/cms\/epidemie-e-controllo-sociale\/\"]}]},{\"@type\":\"ImageObject\",\"inLanguage\":\"it-IT\",\"@id\":\"https:\/\/www.civiltalaica.it\/cms\/epidemie-e-controllo-sociale\/#primaryimage\",\"url\":\"https:\/\/www.civiltalaica.it\/cms\/wp-content\/uploads\/2020\/11\/epidemie-e-controllo-sociale.jpg\",\"contentUrl\":\"https:\/\/www.civiltalaica.it\/cms\/wp-content\/uploads\/2020\/11\/epidemie-e-controllo-sociale.jpg\",\"width\":1152,\"height\":2048},{\"@type\":\"BreadcrumbList\",\"@id\":\"https:\/\/www.civiltalaica.it\/cms\/epidemie-e-controllo-sociale\/#breadcrumb\",\"itemListElement\":[{\"@type\":\"ListItem\",\"position\":1,\"name\":\"Home\",\"item\":\"https:\/\/www.civiltalaica.it\/cms\/\"},{\"@type\":\"ListItem\",\"position\":2,\"name\":\"Epidemie e controllo sociale\"}]},{\"@type\":\"WebSite\",\"@id\":\"https:\/\/www.civiltalaica.it\/cms\/#website\",\"url\":\"https:\/\/www.civiltalaica.it\/cms\/\",\"name\":\"Associazione Culturale Civilt\u00e0 Laica\",\"description\":\"Per un movimento culturale volto a difendere la Laicit\u00e0 dello Stato.\",\"potentialAction\":[{\"@type\":\"SearchAction\",\"target\":{\"@type\":\"EntryPoint\",\"urlTemplate\":\"https:\/\/www.civiltalaica.it\/cms\/?s={search_term_string}\"},\"query-input\":{\"@type\":\"PropertyValueSpecification\",\"valueRequired\":true,\"valueName\":\"search_term_string\"}}],\"inLanguage\":\"it-IT\"},{\"@type\":\"Person\",\"@id\":\"https:\/\/www.civiltalaica.it\/cms\/#\/schema\/person\/4efef56f866329a1e0943eb27336df1d\",\"name\":\"alexjc\",\"url\":\"https:\/\/www.civiltalaica.it\/cms\/author\/alexjc\/\"}]}<\/script>\n<!-- \/ Yoast SEO plugin. -->","yoast_head_json":{"title":"Epidemie e controllo sociale - Associazione Culturale Civilt\u00e0 Laica","description":"Una pubblicazione che interrompe l'assordante silenzio di quasi tutto il mondo intellettuale sulla gestione della covid19. Era ora!","robots":{"index":"index","follow":"follow","max-snippet":"max-snippet:-1","max-image-preview":"max-image-preview:large","max-video-preview":"max-video-preview:-1"},"canonical":"https:\/\/www.civiltalaica.it\/cms\/epidemie-e-controllo-sociale\/","og_locale":"it_IT","og_type":"article","og_title":"Epidemie e controllo sociale - Associazione Culturale Civilt\u00e0 Laica","og_description":"Una pubblicazione che interrompe l'assordante silenzio di quasi tutto il mondo intellettuale sulla gestione della covid19. Era ora!","og_url":"https:\/\/www.civiltalaica.it\/cms\/epidemie-e-controllo-sociale\/","og_site_name":"Associazione Culturale Civilt\u00e0 Laica","article_publisher":"https:\/\/www.facebook.com\/civiltalaica","article_published_time":"2020-11-06T12:38:40+00:00","article_modified_time":"2020-11-06T20:44:30+00:00","og_image":[{"url":"https:\/\/www.civiltalaica.it\/cms\/wp-content\/uploads\/2020\/11\/epidemie-e-controllo-sociale-576x1024.jpg","type":"","width":"","height":""}],"author":"alexjc","twitter_card":"summary_large_image","twitter_misc":{"Scritto da":"alexjc","Tempo di lettura stimato":"6 minuti"},"schema":{"@context":"https:\/\/schema.org","@graph":[{"@type":"Article","@id":"https:\/\/www.civiltalaica.it\/cms\/epidemie-e-controllo-sociale\/#article","isPartOf":{"@id":"https:\/\/www.civiltalaica.it\/cms\/epidemie-e-controllo-sociale\/"},"author":{"name":"alexjc","@id":"https:\/\/www.civiltalaica.it\/cms\/#\/schema\/person\/4efef56f866329a1e0943eb27336df1d"},"headline":"Epidemie e controllo sociale","datePublished":"2020-11-06T12:38:40+00:00","dateModified":"2020-11-06T20:44:30+00:00","mainEntityOfPage":{"@id":"https:\/\/www.civiltalaica.it\/cms\/epidemie-e-controllo-sociale\/"},"wordCount":1138,"image":{"@id":"https:\/\/www.civiltalaica.it\/cms\/epidemie-e-controllo-sociale\/#primaryimage"},"thumbnailUrl":"https:\/\/www.civiltalaica.it\/cms\/wp-content\/uploads\/2020\/11\/epidemie-e-controllo-sociale-576x1024.jpg","keywords":["alessandro chiometti","andrea miconi","covid19","epidemie e controllo sociale"],"articleSection":["articoli","recensioni"],"inLanguage":"it-IT"},{"@type":"WebPage","@id":"https:\/\/www.civiltalaica.it\/cms\/epidemie-e-controllo-sociale\/","url":"https:\/\/www.civiltalaica.it\/cms\/epidemie-e-controllo-sociale\/","name":"Epidemie e controllo sociale - Associazione Culturale Civilt\u00e0 Laica","isPartOf":{"@id":"https:\/\/www.civiltalaica.it\/cms\/#website"},"primaryImageOfPage":{"@id":"https:\/\/www.civiltalaica.it\/cms\/epidemie-e-controllo-sociale\/#primaryimage"},"image":{"@id":"https:\/\/www.civiltalaica.it\/cms\/epidemie-e-controllo-sociale\/#primaryimage"},"thumbnailUrl":"https:\/\/www.civiltalaica.it\/cms\/wp-content\/uploads\/2020\/11\/epidemie-e-controllo-sociale-576x1024.jpg","datePublished":"2020-11-06T12:38:40+00:00","dateModified":"2020-11-06T20:44:30+00:00","author":{"@id":"https:\/\/www.civiltalaica.it\/cms\/#\/schema\/person\/4efef56f866329a1e0943eb27336df1d"},"description":"Una pubblicazione che interrompe l'assordante silenzio di quasi tutto il mondo intellettuale sulla gestione della covid19. Era ora!","breadcrumb":{"@id":"https:\/\/www.civiltalaica.it\/cms\/epidemie-e-controllo-sociale\/#breadcrumb"},"inLanguage":"it-IT","potentialAction":[{"@type":"ReadAction","target":["https:\/\/www.civiltalaica.it\/cms\/epidemie-e-controllo-sociale\/"]}]},{"@type":"ImageObject","inLanguage":"it-IT","@id":"https:\/\/www.civiltalaica.it\/cms\/epidemie-e-controllo-sociale\/#primaryimage","url":"https:\/\/www.civiltalaica.it\/cms\/wp-content\/uploads\/2020\/11\/epidemie-e-controllo-sociale.jpg","contentUrl":"https:\/\/www.civiltalaica.it\/cms\/wp-content\/uploads\/2020\/11\/epidemie-e-controllo-sociale.jpg","width":1152,"height":2048},{"@type":"BreadcrumbList","@id":"https:\/\/www.civiltalaica.it\/cms\/epidemie-e-controllo-sociale\/#breadcrumb","itemListElement":[{"@type":"ListItem","position":1,"name":"Home","item":"https:\/\/www.civiltalaica.it\/cms\/"},{"@type":"ListItem","position":2,"name":"Epidemie e controllo sociale"}]},{"@type":"WebSite","@id":"https:\/\/www.civiltalaica.it\/cms\/#website","url":"https:\/\/www.civiltalaica.it\/cms\/","name":"Associazione Culturale Civilt\u00e0 Laica","description":"Per un movimento culturale volto a difendere la Laicit\u00e0 dello Stato.","potentialAction":[{"@type":"SearchAction","target":{"@type":"EntryPoint","urlTemplate":"https:\/\/www.civiltalaica.it\/cms\/?s={search_term_string}"},"query-input":{"@type":"PropertyValueSpecification","valueRequired":true,"valueName":"search_term_string"}}],"inLanguage":"it-IT"},{"@type":"Person","@id":"https:\/\/www.civiltalaica.it\/cms\/#\/schema\/person\/4efef56f866329a1e0943eb27336df1d","name":"alexjc","url":"https:\/\/www.civiltalaica.it\/cms\/author\/alexjc\/"}]}},"_links":{"self":[{"href":"https:\/\/www.civiltalaica.it\/cms\/wp-json\/wp\/v2\/posts\/18834","targetHints":{"allow":["GET"]}}],"collection":[{"href":"https:\/\/www.civiltalaica.it\/cms\/wp-json\/wp\/v2\/posts"}],"about":[{"href":"https:\/\/www.civiltalaica.it\/cms\/wp-json\/wp\/v2\/types\/post"}],"author":[{"embeddable":true,"href":"https:\/\/www.civiltalaica.it\/cms\/wp-json\/wp\/v2\/users\/7"}],"replies":[{"embeddable":true,"href":"https:\/\/www.civiltalaica.it\/cms\/wp-json\/wp\/v2\/comments?post=18834"}],"version-history":[{"count":4,"href":"https:\/\/www.civiltalaica.it\/cms\/wp-json\/wp\/v2\/posts\/18834\/revisions"}],"predecessor-version":[{"id":18847,"href":"https:\/\/www.civiltalaica.it\/cms\/wp-json\/wp\/v2\/posts\/18834\/revisions\/18847"}],"wp:attachment":[{"href":"https:\/\/www.civiltalaica.it\/cms\/wp-json\/wp\/v2\/media?parent=18834"}],"wp:term":[{"taxonomy":"category","embeddable":true,"href":"https:\/\/www.civiltalaica.it\/cms\/wp-json\/wp\/v2\/categories?post=18834"},{"taxonomy":"post_tag","embeddable":true,"href":"https:\/\/www.civiltalaica.it\/cms\/wp-json\/wp\/v2\/tags?post=18834"}],"curies":[{"name":"wp","href":"https:\/\/api.w.org\/{rel}","templated":true}]}}