{"id":18658,"date":"2020-10-25T09:29:33","date_gmt":"2020-10-25T09:29:33","guid":{"rendered":"https:\/\/www.civiltalaica.it\/cms\/?p=18658"},"modified":"2020-10-28T10:03:11","modified_gmt":"2020-10-28T10:03:11","slug":"dallassurdistan-in-attesa-del-peggio","status":"publish","type":"post","link":"https:\/\/www.civiltalaica.it\/cms\/dallassurdistan-in-attesa-del-peggio\/","title":{"rendered":"Dall&#8217;Assurdistan, in attesa del peggio"},"content":{"rendered":"<p>Caratteristica peculiare dell&#8217;Assurdistan (al secolo, l&#8217;Italia) \u00e8 che quasi nessuno ha il coraggio di ritirare una legge (o un decreto, un&#8217;ordinanza o quel che \u00e8) quando si \u00e8 palesemente dimostrato inefficace.<\/p>\n<p>Ormai, in piena notte feyerabendiana in cui nulla si pu\u00f2 pi\u00f9 ragionevolmente conoscere e avendo buttato nel cesso secoli di virologia ed epidemiologia, tutti i provvedimenti presi rimangono l\u00ec, perch\u00e9 <i>hai visto mai che cominciassero a funzionare<\/i> (&#8220;cos\u00ec, de botto&#8230; senza senso&#8221; aggiungerebbero gli autori di Boris).<\/p>\n<p>Nonostante tutte le evidenze dimostrino che la raffica di DPCM si \u00e8 rilevata assolutamente inutile nessuno osa a dire che forse sarebbe meglio ritirarli, non fosse altro per non costringere al fallimento attivit\u00e0 commerciali con inevitabili conseguenze sull&#8217;occupazione e quindi sull&#8217;economia del paese.<\/p>\n<p><a href=\"https:\/\/www.civiltalaica.it\/cms\/index.php\/dallassurdistan-in-attesa-del-peggio.html\/effetto-dei-dpcm\" rel=\"attachment wp-att-18659\"><img loading=\"lazy\" decoding=\"async\" class=\"alignleft size-large wp-image-18659\" src=\"https:\/\/www.civiltalaica.it\/cms\/wp-content\/uploads\/2020\/10\/effetto-dei-DPCM-1024x763.jpg\" alt=\"\" width=\"1024\" height=\"763\" srcset=\"https:\/\/www.civiltalaica.it\/cms\/wp-content\/uploads\/2020\/10\/effetto-dei-DPCM-1024x763.jpg 1024w, https:\/\/www.civiltalaica.it\/cms\/wp-content\/uploads\/2020\/10\/effetto-dei-DPCM-300x223.jpg 300w, https:\/\/www.civiltalaica.it\/cms\/wp-content\/uploads\/2020\/10\/effetto-dei-DPCM-768x572.jpg 768w, https:\/\/www.civiltalaica.it\/cms\/wp-content\/uploads\/2020\/10\/effetto-dei-DPCM-215x160.jpg 215w, https:\/\/www.civiltalaica.it\/cms\/wp-content\/uploads\/2020\/10\/effetto-dei-DPCM.jpg 1047w\" sizes=\"auto, (max-width: 1024px) 100vw, 1024px\" \/><\/a><\/p>\n<p>Ad esempio in questo grafico [1] \u00e8 pi\u00f9 che chiaro che &#8220;il problema&#8221; del piccolo aumento dei contagi a fine agosto non erano certo le discoteche e la vita notturna con fantomatici assembramenti in piazza anche fuori dai week end.<\/p>\n<p>Cos\u00ec come \u00e8 evidente che \u00e8 assolutamente ininfluente il provvedimento preso il 13 ottobre sull&#8217;obbligo di mascherina all&#8217;aperto visto che proprio in questi giorni (dieci dopo la data del provvedimento) raggiungiamo l&#8217;apice attuale dei contagi.<\/p>\n<p>Del resto che la mascherina all&#8217;aperto non servisse a nulla era abbastanza chiaro da giorni dalla verifica dell&#8217;ordinanza di De Luca in Campania. [2]<\/p>\n<p><a href=\"https:\/\/www.civiltalaica.it\/cms\/index.php\/dallassurdistan-in-attesa-del-peggio.html\/mask-allaperto-in-campania\" rel=\"attachment wp-att-18660\"><img loading=\"lazy\" decoding=\"async\" class=\"alignleft size-full wp-image-18660\" src=\"https:\/\/www.civiltalaica.it\/cms\/wp-content\/uploads\/2020\/10\/mask-allaperto-in-campania.jpg\" alt=\"\" width=\"800\" height=\"540\" srcset=\"https:\/\/www.civiltalaica.it\/cms\/wp-content\/uploads\/2020\/10\/mask-allaperto-in-campania.jpg 800w, https:\/\/www.civiltalaica.it\/cms\/wp-content\/uploads\/2020\/10\/mask-allaperto-in-campania-300x203.jpg 300w, https:\/\/www.civiltalaica.it\/cms\/wp-content\/uploads\/2020\/10\/mask-allaperto-in-campania-768x518.jpg 768w, https:\/\/www.civiltalaica.it\/cms\/wp-content\/uploads\/2020\/10\/mask-allaperto-in-campania-237x160.jpg 237w\" sizes=\"auto, (max-width: 800px) 100vw, 800px\" \/><\/a><\/p>\n<p>A proposito, nel CTS nominato dal governo dell&#8217;Assurdistan c&#8217;\u00e8 qualcuno che verifica l&#8217;efficacia dei decreti? Transeat.<\/p>\n<p>Ad ogni modo togliere provvedimenti inutili oltre al fatto che sarebbe una mano santa per l&#8217;ambiente, qualcuno dovr\u00e0 pure pagare conto salatissimo della follia di sprecare 100 o forse 200 milioni di mascherine chirurgiche al giorno solo perch\u00e9 <i>hai visto mai servano a qualcosa<\/i>, servirebbe anche a non penalizzare interi settori. Che il DPCM del 13 ottobre abbia avuto in impatto nullo sul virus \u00e8 ormai chiaro e quindi, oltre alle mascherine andrebbero accantonate tutte le balle sugli aperitivi &#8220;in piedi o seduti&#8221; sui &#8220;giovani che chiss\u00e0 cosa fanno la notte&#8221; eccetera.<br \/>\nE invece no, perseveriamo con coprifuoco notturni e altre fesserie. In nome di cosa se non dell&#8217;assurdo?<\/p>\n<p>Il concetto eppure ci sembra davvero semplice, se non si pu\u00f2 intervenire dove serve (trasporti e sanit\u00e0) \u00e8 inutile intervenire dove non serve, il virus se ne frega delle pseudoteorie di sedicenti esperti governativi.<\/p>\n<p>Prima o poi, con buona pace di Paolo Giordano e delle sue paranoie, la curva di crescita del virus curver\u00e0 perch\u00e9, come sappiamo da centinaia di anni, nulla in natura cresce in modo esponenziale all&#8217;infinito. E a quel punto qualcuno si prender\u00e0 il merito per un provvedimento preso a casaccio quando invece sar\u00e0 semplicemente la normale evoluzione della crescita virale.<\/p>\n<p>Non \u00e8 certo un caso che in questi giorni torna al galoppo la narrazione tossica del quanto siamo stati bravi nel lockdown rispetto ad altri paesi che <i>sono andati molto peggio di noi. <\/i>E il tutto grazie alla durezza del nostro lockdown.<\/p>\n<p>Altres\u00ec non \u00e8 un caso che la gente, ormai terrorizzata dal terrorismo mediatico a mass media unificati a pranzo e cena con picchi di incredibili balle stratosferiche sul web &#8220;il virus \u00e8 nell&#8217;aria&#8221;, &#8220;\u00e8 morto un volontario che provava il vaccino in Brasile&#8221;, &#8220;I contagi pi\u00f9 alti di sempre&#8221;, sia l\u00ec a pregare la foto di Conte nella speranza che ci rinchiuda nuovamente tutti in modo da sentirsi salva.<\/p>\n<p>La gente ha bisogno di sentirsi salvata, cos\u00ec come <i>credere a priori<\/i> \u00e8 caratteristica dell&#8217;Homo sedicente Sapiens.<\/p>\n<p>Ci dispiace essere sempre quelli che ricordano a tutti che &#8220;la befana non esiste&#8221; per\u00f2 i dati dicono tutt&#8217;altro.<\/p>\n<p>Nei cinque maggiori paesi di Europa (Italia, Germania, Spagna, Francia, Regno Unito; nei due grafici seguenti [3] indicati rispettivamente con le linee di color rosa, blu, celeste, granata, verde) i lockdown pi\u00f9 duri sono stati il nostro e quello della Spagna dove alla gente veniva proibito anche di uscire di casa. Simile il caso della Francia anche se leggermente pi\u00f9 flessibile.<br \/>\nLa Germania invece ha fatto un lockdown molto soft in cui le attivit\u00e0 erano chiuse ma si poteva tranquillamente uscire per passeggiare o prendere il sole al parco e quasi nulla \u00e8 stato fatto per chiudere cinema o teatri o concerti al chiuso anche se con limiti agli spettatori. Ovviamente erano proibiti i grandi eventi che attiravano sul posto decine di migliaia di persone come le fiere e i grandi concerti, e le partite venivano disputate a porte chiuse. Il Regno unito come sapete ha fatto una politica contraddittoria, prima tutto aperto e poi una progressiva chiusura.<br \/>\nImpossibile non notare che delle dure restrizioni spagnole e italiane il virus se n&#8217;\u00e8 totalmente fregato.<\/p>\n<p><a href=\"https:\/\/www.civiltalaica.it\/cms\/index.php\/dallassurdistan-in-attesa-del-peggio.html\/primi-lockdown\" rel=\"attachment wp-att-18661\"><img loading=\"lazy\" decoding=\"async\" class=\"alignleft size-full wp-image-18661\" src=\"https:\/\/www.civiltalaica.it\/cms\/wp-content\/uploads\/2020\/10\/primi-lockdown.jpg\" alt=\"\" width=\"522\" height=\"330\" srcset=\"https:\/\/www.civiltalaica.it\/cms\/wp-content\/uploads\/2020\/10\/primi-lockdown.jpg 522w, https:\/\/www.civiltalaica.it\/cms\/wp-content\/uploads\/2020\/10\/primi-lockdown-300x190.jpg 300w, https:\/\/www.civiltalaica.it\/cms\/wp-content\/uploads\/2020\/10\/primi-lockdown-253x160.jpg 253w\" sizes=\"auto, (max-width: 522px) 100vw, 522px\" \/><\/a><\/p>\n<p>Se c&#8217;\u00e8 stata una differenza la troviamo nella triste conta dei morti, dove guarda un po&#8217; il lockdown pi\u00f9 permissivo \u00e8 quello che ne ha avuti di meno. La Germania vince di gran lunga, con distacco come paese in cui ci sono stati meno morti. (Nonostante sia quello con pi\u00f9 abitanti, fra l&#8217;altro. I grafici sono in numeri assoluti.)<\/p>\n<p><a href=\"https:\/\/www.civiltalaica.it\/cms\/index.php\/dallassurdistan-in-attesa-del-peggio.html\/morti-primo-lockdown\" rel=\"attachment wp-att-18662\"><img loading=\"lazy\" decoding=\"async\" class=\"alignleft size-full wp-image-18662\" src=\"https:\/\/www.civiltalaica.it\/cms\/wp-content\/uploads\/2020\/10\/morti-primo-lockdown.jpg\" alt=\"\" width=\"611\" height=\"628\" srcset=\"https:\/\/www.civiltalaica.it\/cms\/wp-content\/uploads\/2020\/10\/morti-primo-lockdown.jpg 611w, https:\/\/www.civiltalaica.it\/cms\/wp-content\/uploads\/2020\/10\/morti-primo-lockdown-292x300.jpg 292w, https:\/\/www.civiltalaica.it\/cms\/wp-content\/uploads\/2020\/10\/morti-primo-lockdown-156x160.jpg 156w\" sizes=\"auto, (max-width: 611px) 100vw, 611px\" \/><\/a><\/p>\n<p>Dimostrazione empirica se non proprio scientifica (e che aprano bene le orecchie tutti quelli che dicono che &#8220;non si sa&#8221;, &#8220;non possiamo sapere&#8221;, &#8220;non \u00e8 detto&#8221;) che la differenza in un&#8217;epidemia la fa l&#8217;efficienza del SSN e non divieti estemporanei e teorie folkloristiche su comportamenti sconosciuti del virus.<\/p>\n<p>Lo ribadiamo ancora una volta, per noi l&#8217;obbligo di mascherina non vuol dire che ci sia una dittatura sanitaria in corso. Tuttavia il governo avrebbe fatto di gran lunga meglio a pensare come aumentare i posti in terapia intensiva (di nuovo in allarme) piuttosto che pagare <em>influencer<\/em> per spiegare come si indossa una mascherina.<\/p>\n<p>Mentre Conte si accinge ad emanare altri divieti (cosa uscir\u00e0 dal bussolotto feyerabandiano stavolta? chi andr\u00e0 sul lastrico?) la gente a Milano, Roma e Napoli comincia ad arrabbiarsi davvero.<br \/>\nE il virus se la riderebbe, se solo potesse.<\/p>\n<p><b>Alessandro Chiometti<\/b><\/p>\n<p>[1] grafico originale con aggiunta indicazioni dei DPCM preso da: https:\/\/public.flourish.studio\/story\/435616\/<\/p>\n<p>[2] grafico originale con aggiunta indicazione sull&#8217;ordinanza campana preso da:\u00a0 https:\/\/lab24.ilsole24ore.com\/coronavirus\/<\/p>\n<p>[3] grafici interattivi del Financial Times https:\/\/ig.ft.com\/coronavirus-chart\/?areas=ita&amp;areas=deu&amp;areas=esp&amp;areas=gbr&amp;areas=fra&amp;areasRegional=usny&amp;areasRegional=usnj&amp;byDate=0&amp;cumulative=0&amp;logScale=0&amp;perMillion=0&amp;values=cases<\/p>\n<p><a href=\"https:\/\/www.civiltalaica.it\/cms\/index.php\/the-new-pope-e-il-solito-sorrentino.html\/alessandro\" rel=\"attachment wp-att-16678\"><img loading=\"lazy\" decoding=\"async\" class=\"alignleft wp-image-16678\" src=\"https:\/\/www.civiltalaica.it\/cms\/wp-content\/uploads\/2020\/02\/alessandro-945x1024.jpg\" alt=\"\" width=\"264\" height=\"286\" srcset=\"https:\/\/www.civiltalaica.it\/cms\/wp-content\/uploads\/2020\/02\/alessandro-945x1024.jpg 945w, https:\/\/www.civiltalaica.it\/cms\/wp-content\/uploads\/2020\/02\/alessandro-277x300.jpg 277w, https:\/\/www.civiltalaica.it\/cms\/wp-content\/uploads\/2020\/02\/alessandro-768x832.jpg 768w, https:\/\/www.civiltalaica.it\/cms\/wp-content\/uploads\/2020\/02\/alessandro-1418x1536.jpg 1418w, https:\/\/www.civiltalaica.it\/cms\/wp-content\/uploads\/2020\/02\/alessandro-1890x2048.jpg 1890w, https:\/\/www.civiltalaica.it\/cms\/wp-content\/uploads\/2020\/02\/alessandro-148x160.jpg 148w\" sizes=\"auto, (max-width: 264px) 100vw, 264px\" \/><\/a><\/p>\n","protected":false},"excerpt":{"rendered":"<p>Caratteristica peculiare dell&#8217;Assurdistan (al secolo, l&#8217;Italia) \u00e8 che quasi nessuno ha il coraggio di ritirare una legge (o un decreto, un&#8217;ordinanza o quel che \u00e8) quando si \u00e8 palesemente dimostrato inefficace. Ormai, in piena notte feyerabendiana in cui nulla si pu\u00f2 pi\u00f9 ragionevolmente conoscere e avendo buttato nel cesso secoli di virologia ed epidemiologia, tutti [&hellip;]<\/p>\n","protected":false},"author":7,"featured_media":0,"comment_status":"closed","ping_status":"closed","sticky":false,"template":"","format":"standard","meta":{"footnotes":""},"categories":[238,233],"tags":[79,1968,2006,2029,2030],"class_list":["post-18658","post","type-post","status-publish","format-standard","hentry","category-articoli","category-filosofia-2","tag-alessandro-chiometti","tag-covid19","tag-dati","tag-dpcm","tag-efficacia-provvedimenti"],"yoast_head":"<!-- This site is optimized with the Yoast SEO plugin v27.1.1 - https:\/\/yoast.com\/product\/yoast-seo-wordpress\/ -->\n<title>Dall&#039;Assurdistan, in attesa del peggio - Associazione Culturale Civilt\u00e0 Laica<\/title>\n<meta name=\"description\" content=\"Ma nei 750 esperti del CTS nominati dal governo, c&#039;\u00e8 qualcuno che valuta l&#039;efficacia dei provvedimenti presi?\" \/>\n<meta name=\"robots\" content=\"index, follow, max-snippet:-1, max-image-preview:large, max-video-preview:-1\" \/>\n<link rel=\"canonical\" href=\"https:\/\/www.civiltalaica.it\/cms\/dallassurdistan-in-attesa-del-peggio\/\" \/>\n<meta property=\"og:locale\" content=\"it_IT\" \/>\n<meta property=\"og:type\" content=\"article\" \/>\n<meta property=\"og:title\" content=\"Dall&#039;Assurdistan, in attesa del peggio - Associazione Culturale Civilt\u00e0 Laica\" \/>\n<meta property=\"og:description\" content=\"Ma nei 750 esperti del CTS nominati dal governo, c&#039;\u00e8 qualcuno che valuta l&#039;efficacia dei provvedimenti presi?\" \/>\n<meta property=\"og:url\" content=\"https:\/\/www.civiltalaica.it\/cms\/dallassurdistan-in-attesa-del-peggio\/\" \/>\n<meta property=\"og:site_name\" content=\"Associazione Culturale Civilt\u00e0 Laica\" \/>\n<meta property=\"article:publisher\" content=\"https:\/\/www.facebook.com\/civiltalaica\" \/>\n<meta property=\"article:published_time\" content=\"2020-10-25T09:29:33+00:00\" \/>\n<meta property=\"article:modified_time\" content=\"2020-10-28T10:03:11+00:00\" \/>\n<meta property=\"og:image\" content=\"https:\/\/www.civiltalaica.it\/cms\/wp-content\/uploads\/2020\/10\/effetto-dei-DPCM-1024x763.jpg\" \/>\n<meta name=\"author\" content=\"alexjc\" \/>\n<meta name=\"twitter:card\" content=\"summary_large_image\" \/>\n<meta name=\"twitter:label1\" content=\"Scritto da\" \/>\n\t<meta name=\"twitter:data1\" content=\"alexjc\" \/>\n\t<meta name=\"twitter:label2\" content=\"Tempo di lettura stimato\" \/>\n\t<meta name=\"twitter:data2\" content=\"5 minuti\" \/>\n<script type=\"application\/ld+json\" class=\"yoast-schema-graph\">{\"@context\":\"https:\/\/schema.org\",\"@graph\":[{\"@type\":\"Article\",\"@id\":\"https:\/\/www.civiltalaica.it\/cms\/dallassurdistan-in-attesa-del-peggio\/#article\",\"isPartOf\":{\"@id\":\"https:\/\/www.civiltalaica.it\/cms\/dallassurdistan-in-attesa-del-peggio\/\"},\"author\":{\"name\":\"alexjc\",\"@id\":\"https:\/\/www.civiltalaica.it\/cms\/#\/schema\/person\/4efef56f866329a1e0943eb27336df1d\"},\"headline\":\"Dall&#8217;Assurdistan, in attesa del peggio\",\"datePublished\":\"2020-10-25T09:29:33+00:00\",\"dateModified\":\"2020-10-28T10:03:11+00:00\",\"mainEntityOfPage\":{\"@id\":\"https:\/\/www.civiltalaica.it\/cms\/dallassurdistan-in-attesa-del-peggio\/\"},\"wordCount\":1012,\"image\":{\"@id\":\"https:\/\/www.civiltalaica.it\/cms\/dallassurdistan-in-attesa-del-peggio\/#primaryimage\"},\"thumbnailUrl\":\"https:\/\/www.civiltalaica.it\/cms\/wp-content\/uploads\/2020\/10\/effetto-dei-DPCM-1024x763.jpg\",\"keywords\":[\"alessandro chiometti\",\"covid19\",\"dati\",\"dpcm\",\"efficacia provvedimenti\"],\"articleSection\":[\"articoli\",\"filosofia e scienza\"],\"inLanguage\":\"it-IT\"},{\"@type\":\"WebPage\",\"@id\":\"https:\/\/www.civiltalaica.it\/cms\/dallassurdistan-in-attesa-del-peggio\/\",\"url\":\"https:\/\/www.civiltalaica.it\/cms\/dallassurdistan-in-attesa-del-peggio\/\",\"name\":\"Dall'Assurdistan, in attesa del peggio - Associazione Culturale Civilt\u00e0 Laica\",\"isPartOf\":{\"@id\":\"https:\/\/www.civiltalaica.it\/cms\/#website\"},\"primaryImageOfPage\":{\"@id\":\"https:\/\/www.civiltalaica.it\/cms\/dallassurdistan-in-attesa-del-peggio\/#primaryimage\"},\"image\":{\"@id\":\"https:\/\/www.civiltalaica.it\/cms\/dallassurdistan-in-attesa-del-peggio\/#primaryimage\"},\"thumbnailUrl\":\"https:\/\/www.civiltalaica.it\/cms\/wp-content\/uploads\/2020\/10\/effetto-dei-DPCM-1024x763.jpg\",\"datePublished\":\"2020-10-25T09:29:33+00:00\",\"dateModified\":\"2020-10-28T10:03:11+00:00\",\"author\":{\"@id\":\"https:\/\/www.civiltalaica.it\/cms\/#\/schema\/person\/4efef56f866329a1e0943eb27336df1d\"},\"description\":\"Ma nei 750 esperti del CTS nominati dal governo, c'\u00e8 qualcuno che valuta l'efficacia dei provvedimenti presi?\",\"breadcrumb\":{\"@id\":\"https:\/\/www.civiltalaica.it\/cms\/dallassurdistan-in-attesa-del-peggio\/#breadcrumb\"},\"inLanguage\":\"it-IT\",\"potentialAction\":[{\"@type\":\"ReadAction\",\"target\":[\"https:\/\/www.civiltalaica.it\/cms\/dallassurdistan-in-attesa-del-peggio\/\"]}]},{\"@type\":\"ImageObject\",\"inLanguage\":\"it-IT\",\"@id\":\"https:\/\/www.civiltalaica.it\/cms\/dallassurdistan-in-attesa-del-peggio\/#primaryimage\",\"url\":\"https:\/\/www.civiltalaica.it\/cms\/wp-content\/uploads\/2020\/10\/effetto-dei-DPCM.jpg\",\"contentUrl\":\"https:\/\/www.civiltalaica.it\/cms\/wp-content\/uploads\/2020\/10\/effetto-dei-DPCM.jpg\",\"width\":1047,\"height\":780},{\"@type\":\"BreadcrumbList\",\"@id\":\"https:\/\/www.civiltalaica.it\/cms\/dallassurdistan-in-attesa-del-peggio\/#breadcrumb\",\"itemListElement\":[{\"@type\":\"ListItem\",\"position\":1,\"name\":\"Home\",\"item\":\"https:\/\/www.civiltalaica.it\/cms\/\"},{\"@type\":\"ListItem\",\"position\":2,\"name\":\"Dall&#8217;Assurdistan, in attesa del peggio\"}]},{\"@type\":\"WebSite\",\"@id\":\"https:\/\/www.civiltalaica.it\/cms\/#website\",\"url\":\"https:\/\/www.civiltalaica.it\/cms\/\",\"name\":\"Associazione Culturale Civilt\u00e0 Laica\",\"description\":\"Per un movimento culturale volto a difendere la Laicit\u00e0 dello Stato.\",\"potentialAction\":[{\"@type\":\"SearchAction\",\"target\":{\"@type\":\"EntryPoint\",\"urlTemplate\":\"https:\/\/www.civiltalaica.it\/cms\/?s={search_term_string}\"},\"query-input\":{\"@type\":\"PropertyValueSpecification\",\"valueRequired\":true,\"valueName\":\"search_term_string\"}}],\"inLanguage\":\"it-IT\"},{\"@type\":\"Person\",\"@id\":\"https:\/\/www.civiltalaica.it\/cms\/#\/schema\/person\/4efef56f866329a1e0943eb27336df1d\",\"name\":\"alexjc\",\"url\":\"https:\/\/www.civiltalaica.it\/cms\/author\/alexjc\/\"}]}<\/script>\n<!-- \/ Yoast SEO plugin. -->","yoast_head_json":{"title":"Dall'Assurdistan, in attesa del peggio - Associazione Culturale Civilt\u00e0 Laica","description":"Ma nei 750 esperti del CTS nominati dal governo, c'\u00e8 qualcuno che valuta l'efficacia dei provvedimenti presi?","robots":{"index":"index","follow":"follow","max-snippet":"max-snippet:-1","max-image-preview":"max-image-preview:large","max-video-preview":"max-video-preview:-1"},"canonical":"https:\/\/www.civiltalaica.it\/cms\/dallassurdistan-in-attesa-del-peggio\/","og_locale":"it_IT","og_type":"article","og_title":"Dall'Assurdistan, in attesa del peggio - Associazione Culturale Civilt\u00e0 Laica","og_description":"Ma nei 750 esperti del CTS nominati dal governo, c'\u00e8 qualcuno che valuta l'efficacia dei provvedimenti presi?","og_url":"https:\/\/www.civiltalaica.it\/cms\/dallassurdistan-in-attesa-del-peggio\/","og_site_name":"Associazione Culturale Civilt\u00e0 Laica","article_publisher":"https:\/\/www.facebook.com\/civiltalaica","article_published_time":"2020-10-25T09:29:33+00:00","article_modified_time":"2020-10-28T10:03:11+00:00","og_image":[{"url":"https:\/\/www.civiltalaica.it\/cms\/wp-content\/uploads\/2020\/10\/effetto-dei-DPCM-1024x763.jpg","type":"","width":"","height":""}],"author":"alexjc","twitter_card":"summary_large_image","twitter_misc":{"Scritto da":"alexjc","Tempo di lettura stimato":"5 minuti"},"schema":{"@context":"https:\/\/schema.org","@graph":[{"@type":"Article","@id":"https:\/\/www.civiltalaica.it\/cms\/dallassurdistan-in-attesa-del-peggio\/#article","isPartOf":{"@id":"https:\/\/www.civiltalaica.it\/cms\/dallassurdistan-in-attesa-del-peggio\/"},"author":{"name":"alexjc","@id":"https:\/\/www.civiltalaica.it\/cms\/#\/schema\/person\/4efef56f866329a1e0943eb27336df1d"},"headline":"Dall&#8217;Assurdistan, in attesa del peggio","datePublished":"2020-10-25T09:29:33+00:00","dateModified":"2020-10-28T10:03:11+00:00","mainEntityOfPage":{"@id":"https:\/\/www.civiltalaica.it\/cms\/dallassurdistan-in-attesa-del-peggio\/"},"wordCount":1012,"image":{"@id":"https:\/\/www.civiltalaica.it\/cms\/dallassurdistan-in-attesa-del-peggio\/#primaryimage"},"thumbnailUrl":"https:\/\/www.civiltalaica.it\/cms\/wp-content\/uploads\/2020\/10\/effetto-dei-DPCM-1024x763.jpg","keywords":["alessandro chiometti","covid19","dati","dpcm","efficacia provvedimenti"],"articleSection":["articoli","filosofia e scienza"],"inLanguage":"it-IT"},{"@type":"WebPage","@id":"https:\/\/www.civiltalaica.it\/cms\/dallassurdistan-in-attesa-del-peggio\/","url":"https:\/\/www.civiltalaica.it\/cms\/dallassurdistan-in-attesa-del-peggio\/","name":"Dall'Assurdistan, in attesa del peggio - Associazione Culturale Civilt\u00e0 Laica","isPartOf":{"@id":"https:\/\/www.civiltalaica.it\/cms\/#website"},"primaryImageOfPage":{"@id":"https:\/\/www.civiltalaica.it\/cms\/dallassurdistan-in-attesa-del-peggio\/#primaryimage"},"image":{"@id":"https:\/\/www.civiltalaica.it\/cms\/dallassurdistan-in-attesa-del-peggio\/#primaryimage"},"thumbnailUrl":"https:\/\/www.civiltalaica.it\/cms\/wp-content\/uploads\/2020\/10\/effetto-dei-DPCM-1024x763.jpg","datePublished":"2020-10-25T09:29:33+00:00","dateModified":"2020-10-28T10:03:11+00:00","author":{"@id":"https:\/\/www.civiltalaica.it\/cms\/#\/schema\/person\/4efef56f866329a1e0943eb27336df1d"},"description":"Ma nei 750 esperti del CTS nominati dal governo, c'\u00e8 qualcuno che valuta l'efficacia dei provvedimenti presi?","breadcrumb":{"@id":"https:\/\/www.civiltalaica.it\/cms\/dallassurdistan-in-attesa-del-peggio\/#breadcrumb"},"inLanguage":"it-IT","potentialAction":[{"@type":"ReadAction","target":["https:\/\/www.civiltalaica.it\/cms\/dallassurdistan-in-attesa-del-peggio\/"]}]},{"@type":"ImageObject","inLanguage":"it-IT","@id":"https:\/\/www.civiltalaica.it\/cms\/dallassurdistan-in-attesa-del-peggio\/#primaryimage","url":"https:\/\/www.civiltalaica.it\/cms\/wp-content\/uploads\/2020\/10\/effetto-dei-DPCM.jpg","contentUrl":"https:\/\/www.civiltalaica.it\/cms\/wp-content\/uploads\/2020\/10\/effetto-dei-DPCM.jpg","width":1047,"height":780},{"@type":"BreadcrumbList","@id":"https:\/\/www.civiltalaica.it\/cms\/dallassurdistan-in-attesa-del-peggio\/#breadcrumb","itemListElement":[{"@type":"ListItem","position":1,"name":"Home","item":"https:\/\/www.civiltalaica.it\/cms\/"},{"@type":"ListItem","position":2,"name":"Dall&#8217;Assurdistan, in attesa del peggio"}]},{"@type":"WebSite","@id":"https:\/\/www.civiltalaica.it\/cms\/#website","url":"https:\/\/www.civiltalaica.it\/cms\/","name":"Associazione Culturale Civilt\u00e0 Laica","description":"Per un movimento culturale volto a difendere la Laicit\u00e0 dello Stato.","potentialAction":[{"@type":"SearchAction","target":{"@type":"EntryPoint","urlTemplate":"https:\/\/www.civiltalaica.it\/cms\/?s={search_term_string}"},"query-input":{"@type":"PropertyValueSpecification","valueRequired":true,"valueName":"search_term_string"}}],"inLanguage":"it-IT"},{"@type":"Person","@id":"https:\/\/www.civiltalaica.it\/cms\/#\/schema\/person\/4efef56f866329a1e0943eb27336df1d","name":"alexjc","url":"https:\/\/www.civiltalaica.it\/cms\/author\/alexjc\/"}]}},"_links":{"self":[{"href":"https:\/\/www.civiltalaica.it\/cms\/wp-json\/wp\/v2\/posts\/18658","targetHints":{"allow":["GET"]}}],"collection":[{"href":"https:\/\/www.civiltalaica.it\/cms\/wp-json\/wp\/v2\/posts"}],"about":[{"href":"https:\/\/www.civiltalaica.it\/cms\/wp-json\/wp\/v2\/types\/post"}],"author":[{"embeddable":true,"href":"https:\/\/www.civiltalaica.it\/cms\/wp-json\/wp\/v2\/users\/7"}],"replies":[{"embeddable":true,"href":"https:\/\/www.civiltalaica.it\/cms\/wp-json\/wp\/v2\/comments?post=18658"}],"version-history":[{"count":4,"href":"https:\/\/www.civiltalaica.it\/cms\/wp-json\/wp\/v2\/posts\/18658\/revisions"}],"predecessor-version":[{"id":18710,"href":"https:\/\/www.civiltalaica.it\/cms\/wp-json\/wp\/v2\/posts\/18658\/revisions\/18710"}],"wp:attachment":[{"href":"https:\/\/www.civiltalaica.it\/cms\/wp-json\/wp\/v2\/media?parent=18658"}],"wp:term":[{"taxonomy":"category","embeddable":true,"href":"https:\/\/www.civiltalaica.it\/cms\/wp-json\/wp\/v2\/categories?post=18658"},{"taxonomy":"post_tag","embeddable":true,"href":"https:\/\/www.civiltalaica.it\/cms\/wp-json\/wp\/v2\/tags?post=18658"}],"curies":[{"name":"wp","href":"https:\/\/api.w.org\/{rel}","templated":true}]}}