{"id":183,"date":"2007-03-05T12:12:18","date_gmt":"2007-03-05T12:12:18","guid":{"rendered":""},"modified":"2011-01-26T09:56:21","modified_gmt":"2011-01-26T09:56:21","slug":"diritti-ora","status":"publish","type":"post","link":"https:\/\/www.civiltalaica.it\/cms\/diritti-ora\/","title":{"rendered":"DIRITTI ORA!"},"content":{"rendered":"<p><a href=\"http:\/\/www.arcigay.it\/show.php?2408\" target=\"_blank\">APPELLO<\/a> AD ADERIRE ALLA MANIFESTAZIONE NAZIONALE <a href=\"http:\/\/www.dirittiora.it\/\" target=\"_blank\">DIRITTI ORA<\/a>!<br \/>&#160;&#160; &#160;<br \/>10 marzo 2007<br \/>Alle DONNE e agli UOMINI di questo paese cos\u00ec bello e cos\u00ec poco libero.<\/p>\n<p>A chi crede che tutti gli esseri umani nascono uguali in DIGNIT\u00c0.<br \/>A chi ha a cuore la COSTITUZIONE italiana che riconosce DIRITTI e non li vieta a nessuno.<br \/>A tutte e tutti diamo appuntamento per una grande e festosa manifestazione per la LAICITA&#39; e le LIBERT\u00c0.<br \/>A Roma il 10 Marzo 2007 alle ore 15,00 Piazza Farnese.<br \/>Per una legge sulle UNIONI CIVILI che riconosca il valore sociale dell&#39;AMORE, eterosessuale ed omosessuale.<br \/>Per una stagione di riforme fondate sulla libert\u00e0 e la RESPONSABILIT\u00c0 di donne e uomini.<br \/>Un futuro di PACE passa per la valorizzazione dei diritti delle persone e il riconoscimento che la PLURALIT\u00c0 \u00e8 una formidabile ricchezza.<br \/>Diamo la SVEGLIA alla classe politica. Il tempo dei diritti \u00e8 ORA.<\/p>\n","protected":false},"excerpt":{"rendered":"<p>APPELLO AD ADERIRE ALLA MANIFESTAZIONE NAZIONALE DIRITTI ORA!&#160;&#160; &#160;10 marzo 2007Alle DONNE e agli UOMINI di questo paese cos\u00ec bello e cos\u00ec poco libero. A chi crede che tutti gli esseri umani nascono uguali in DIGNIT\u00c0.A chi ha a cuore la COSTITUZIONE italiana che riconosce DIRITTI e non li vieta a nessuno.A tutte e tutti [&hellip;]<\/p>\n","protected":false},"author":1,"featured_media":0,"comment_status":"closed","ping_status":"closed","sticky":false,"template":"","format":"standard","meta":{"footnotes":""},"categories":[238],"tags":[18],"class_list":["post-183","post","type-post","status-publish","format-standard","hentry","category-articoli","tag-annunci"],"yoast_head":"<!-- This site is optimized with the Yoast SEO plugin v27.1.1 - https:\/\/yoast.com\/product\/yoast-seo-wordpress\/ -->\n<title>DIRITTI ORA! - Associazione Culturale Civilt\u00e0 Laica<\/title>\n<meta name=\"robots\" content=\"index, follow, max-snippet:-1, max-image-preview:large, max-video-preview:-1\" \/>\n<link rel=\"canonical\" href=\"https:\/\/www.civiltalaica.it\/cms\/diritti-ora\/\" \/>\n<meta property=\"og:locale\" content=\"it_IT\" \/>\n<meta property=\"og:type\" content=\"article\" \/>\n<meta property=\"og:title\" content=\"DIRITTI ORA! - Associazione Culturale Civilt\u00e0 Laica\" \/>\n<meta property=\"og:description\" content=\"APPELLO AD ADERIRE ALLA MANIFESTAZIONE NAZIONALE DIRITTI ORA!&#160;&#160; &#160;10 marzo 2007Alle DONNE e agli UOMINI di questo paese cos\u00ec bello e cos\u00ec poco libero. A chi crede che tutti gli esseri umani nascono uguali in DIGNIT\u00c0.A chi ha a cuore la COSTITUZIONE italiana che riconosce DIRITTI e non li vieta a nessuno.A tutte e tutti [&hellip;]\" \/>\n<meta property=\"og:url\" content=\"https:\/\/www.civiltalaica.it\/cms\/diritti-ora\/\" \/>\n<meta property=\"og:site_name\" content=\"Associazione Culturale Civilt\u00e0 Laica\" \/>\n<meta property=\"article:publisher\" content=\"https:\/\/www.facebook.com\/civiltalaica\" \/>\n<meta property=\"article:published_time\" content=\"2007-03-05T12:12:18+00:00\" \/>\n<meta property=\"article:modified_time\" content=\"2011-01-26T09:56:21+00:00\" \/>\n<meta property=\"og:image\" content=\"https:\/\/www.civiltalaica.it\/cms\/wp-content\/uploads\/2017\/06\/logo-cl.png\" \/>\n\t<meta property=\"og:image:width\" content=\"400\" \/>\n\t<meta property=\"og:image:height\" content=\"180\" \/>\n\t<meta property=\"og:image:type\" content=\"image\/png\" \/>\n<meta name=\"author\" content=\"cladmin\" \/>\n<meta name=\"twitter:card\" content=\"summary_large_image\" \/>\n<meta name=\"twitter:label1\" content=\"Scritto da\" \/>\n\t<meta name=\"twitter:data1\" content=\"cladmin\" \/>\n\t<meta name=\"twitter:label2\" content=\"Tempo di lettura stimato\" \/>\n\t<meta name=\"twitter:data2\" content=\"1 minuto\" \/>\n<script type=\"application\/ld+json\" class=\"yoast-schema-graph\">{\"@context\":\"https:\/\/schema.org\",\"@graph\":[{\"@type\":\"Article\",\"@id\":\"https:\/\/www.civiltalaica.it\/cms\/diritti-ora\/#article\",\"isPartOf\":{\"@id\":\"https:\/\/www.civiltalaica.it\/cms\/diritti-ora\/\"},\"author\":{\"name\":\"cladmin\",\"@id\":\"https:\/\/www.civiltalaica.it\/cms\/#\/schema\/person\/500a52762e2620e007d6333aa121f5e5\"},\"headline\":\"DIRITTI ORA!\",\"datePublished\":\"2007-03-05T12:12:18+00:00\",\"dateModified\":\"2011-01-26T09:56:21+00:00\",\"mainEntityOfPage\":{\"@id\":\"https:\/\/www.civiltalaica.it\/cms\/diritti-ora\/\"},\"wordCount\":143,\"keywords\":[\"Annunci\"],\"articleSection\":[\"articoli\"],\"inLanguage\":\"it-IT\"},{\"@type\":\"WebPage\",\"@id\":\"https:\/\/www.civiltalaica.it\/cms\/diritti-ora\/\",\"url\":\"https:\/\/www.civiltalaica.it\/cms\/diritti-ora\/\",\"name\":\"DIRITTI ORA! - Associazione Culturale Civilt\u00e0 Laica\",\"isPartOf\":{\"@id\":\"https:\/\/www.civiltalaica.it\/cms\/#website\"},\"datePublished\":\"2007-03-05T12:12:18+00:00\",\"dateModified\":\"2011-01-26T09:56:21+00:00\",\"author\":{\"@id\":\"https:\/\/www.civiltalaica.it\/cms\/#\/schema\/person\/500a52762e2620e007d6333aa121f5e5\"},\"breadcrumb\":{\"@id\":\"https:\/\/www.civiltalaica.it\/cms\/diritti-ora\/#breadcrumb\"},\"inLanguage\":\"it-IT\",\"potentialAction\":[{\"@type\":\"ReadAction\",\"target\":[\"https:\/\/www.civiltalaica.it\/cms\/diritti-ora\/\"]}]},{\"@type\":\"BreadcrumbList\",\"@id\":\"https:\/\/www.civiltalaica.it\/cms\/diritti-ora\/#breadcrumb\",\"itemListElement\":[{\"@type\":\"ListItem\",\"position\":1,\"name\":\"Home\",\"item\":\"https:\/\/www.civiltalaica.it\/cms\/\"},{\"@type\":\"ListItem\",\"position\":2,\"name\":\"L&#8217;ultima predica\",\"item\":\"https:\/\/www.civiltalaica.it\/cms\/lultima-predica\/\"},{\"@type\":\"ListItem\",\"position\":3,\"name\":\"DIRITTI ORA!\"}]},{\"@type\":\"WebSite\",\"@id\":\"https:\/\/www.civiltalaica.it\/cms\/#website\",\"url\":\"https:\/\/www.civiltalaica.it\/cms\/\",\"name\":\"Associazione Culturale Civilt\u00e0 Laica\",\"description\":\"Per un movimento culturale volto a difendere la Laicit\u00e0 dello Stato.\",\"potentialAction\":[{\"@type\":\"SearchAction\",\"target\":{\"@type\":\"EntryPoint\",\"urlTemplate\":\"https:\/\/www.civiltalaica.it\/cms\/?s={search_term_string}\"},\"query-input\":{\"@type\":\"PropertyValueSpecification\",\"valueRequired\":true,\"valueName\":\"search_term_string\"}}],\"inLanguage\":\"it-IT\"},{\"@type\":\"Person\",\"@id\":\"https:\/\/www.civiltalaica.it\/cms\/#\/schema\/person\/500a52762e2620e007d6333aa121f5e5\",\"name\":\"cladmin\",\"url\":\"https:\/\/www.civiltalaica.it\/cms\/author\/cladmin\/\"}]}<\/script>\n<!-- \/ Yoast SEO plugin. -->","yoast_head_json":{"title":"DIRITTI ORA! - Associazione Culturale Civilt\u00e0 Laica","robots":{"index":"index","follow":"follow","max-snippet":"max-snippet:-1","max-image-preview":"max-image-preview:large","max-video-preview":"max-video-preview:-1"},"canonical":"https:\/\/www.civiltalaica.it\/cms\/diritti-ora\/","og_locale":"it_IT","og_type":"article","og_title":"DIRITTI ORA! - Associazione Culturale Civilt\u00e0 Laica","og_description":"APPELLO AD ADERIRE ALLA MANIFESTAZIONE NAZIONALE DIRITTI ORA!&#160;&#160; &#160;10 marzo 2007Alle DONNE e agli UOMINI di questo paese cos\u00ec bello e cos\u00ec poco libero. A chi crede che tutti gli esseri umani nascono uguali in DIGNIT\u00c0.A chi ha a cuore la COSTITUZIONE italiana che riconosce DIRITTI e non li vieta a nessuno.A tutte e tutti [&hellip;]","og_url":"https:\/\/www.civiltalaica.it\/cms\/diritti-ora\/","og_site_name":"Associazione Culturale Civilt\u00e0 Laica","article_publisher":"https:\/\/www.facebook.com\/civiltalaica","article_published_time":"2007-03-05T12:12:18+00:00","article_modified_time":"2011-01-26T09:56:21+00:00","og_image":[{"width":400,"height":180,"url":"https:\/\/www.civiltalaica.it\/cms\/wp-content\/uploads\/2017\/06\/logo-cl.png","type":"image\/png"}],"author":"cladmin","twitter_card":"summary_large_image","twitter_misc":{"Scritto da":"cladmin","Tempo di lettura stimato":"1 minuto"},"schema":{"@context":"https:\/\/schema.org","@graph":[{"@type":"Article","@id":"https:\/\/www.civiltalaica.it\/cms\/diritti-ora\/#article","isPartOf":{"@id":"https:\/\/www.civiltalaica.it\/cms\/diritti-ora\/"},"author":{"name":"cladmin","@id":"https:\/\/www.civiltalaica.it\/cms\/#\/schema\/person\/500a52762e2620e007d6333aa121f5e5"},"headline":"DIRITTI ORA!","datePublished":"2007-03-05T12:12:18+00:00","dateModified":"2011-01-26T09:56:21+00:00","mainEntityOfPage":{"@id":"https:\/\/www.civiltalaica.it\/cms\/diritti-ora\/"},"wordCount":143,"keywords":["Annunci"],"articleSection":["articoli"],"inLanguage":"it-IT"},{"@type":"WebPage","@id":"https:\/\/www.civiltalaica.it\/cms\/diritti-ora\/","url":"https:\/\/www.civiltalaica.it\/cms\/diritti-ora\/","name":"DIRITTI ORA! - Associazione Culturale Civilt\u00e0 Laica","isPartOf":{"@id":"https:\/\/www.civiltalaica.it\/cms\/#website"},"datePublished":"2007-03-05T12:12:18+00:00","dateModified":"2011-01-26T09:56:21+00:00","author":{"@id":"https:\/\/www.civiltalaica.it\/cms\/#\/schema\/person\/500a52762e2620e007d6333aa121f5e5"},"breadcrumb":{"@id":"https:\/\/www.civiltalaica.it\/cms\/diritti-ora\/#breadcrumb"},"inLanguage":"it-IT","potentialAction":[{"@type":"ReadAction","target":["https:\/\/www.civiltalaica.it\/cms\/diritti-ora\/"]}]},{"@type":"BreadcrumbList","@id":"https:\/\/www.civiltalaica.it\/cms\/diritti-ora\/#breadcrumb","itemListElement":[{"@type":"ListItem","position":1,"name":"Home","item":"https:\/\/www.civiltalaica.it\/cms\/"},{"@type":"ListItem","position":2,"name":"L&#8217;ultima predica","item":"https:\/\/www.civiltalaica.it\/cms\/lultima-predica\/"},{"@type":"ListItem","position":3,"name":"DIRITTI ORA!"}]},{"@type":"WebSite","@id":"https:\/\/www.civiltalaica.it\/cms\/#website","url":"https:\/\/www.civiltalaica.it\/cms\/","name":"Associazione Culturale Civilt\u00e0 Laica","description":"Per un movimento culturale volto a difendere la Laicit\u00e0 dello Stato.","potentialAction":[{"@type":"SearchAction","target":{"@type":"EntryPoint","urlTemplate":"https:\/\/www.civiltalaica.it\/cms\/?s={search_term_string}"},"query-input":{"@type":"PropertyValueSpecification","valueRequired":true,"valueName":"search_term_string"}}],"inLanguage":"it-IT"},{"@type":"Person","@id":"https:\/\/www.civiltalaica.it\/cms\/#\/schema\/person\/500a52762e2620e007d6333aa121f5e5","name":"cladmin","url":"https:\/\/www.civiltalaica.it\/cms\/author\/cladmin\/"}]}},"_links":{"self":[{"href":"https:\/\/www.civiltalaica.it\/cms\/wp-json\/wp\/v2\/posts\/183","targetHints":{"allow":["GET"]}}],"collection":[{"href":"https:\/\/www.civiltalaica.it\/cms\/wp-json\/wp\/v2\/posts"}],"about":[{"href":"https:\/\/www.civiltalaica.it\/cms\/wp-json\/wp\/v2\/types\/post"}],"author":[{"embeddable":true,"href":"https:\/\/www.civiltalaica.it\/cms\/wp-json\/wp\/v2\/users\/1"}],"replies":[{"embeddable":true,"href":"https:\/\/www.civiltalaica.it\/cms\/wp-json\/wp\/v2\/comments?post=183"}],"version-history":[{"count":0,"href":"https:\/\/www.civiltalaica.it\/cms\/wp-json\/wp\/v2\/posts\/183\/revisions"}],"wp:attachment":[{"href":"https:\/\/www.civiltalaica.it\/cms\/wp-json\/wp\/v2\/media?parent=183"}],"wp:term":[{"taxonomy":"category","embeddable":true,"href":"https:\/\/www.civiltalaica.it\/cms\/wp-json\/wp\/v2\/categories?post=183"},{"taxonomy":"post_tag","embeddable":true,"href":"https:\/\/www.civiltalaica.it\/cms\/wp-json\/wp\/v2\/tags?post=183"}],"curies":[{"name":"wp","href":"https:\/\/api.w.org\/{rel}","templated":true}]}}