{"id":17328,"date":"2020-06-23T13:36:59","date_gmt":"2020-06-23T13:36:59","guid":{"rendered":"http:\/\/www.civiltalaica.it\/cms\/?p=17328"},"modified":"2020-06-23T13:36:59","modified_gmt":"2020-06-23T13:36:59","slug":"i-tormenti-del-papa-nel-nuovo-libro-di-alessandro-maurizi","status":"publish","type":"post","link":"https:\/\/www.civiltalaica.it\/cms\/i-tormenti-del-papa-nel-nuovo-libro-di-alessandro-maurizi\/","title":{"rendered":"\u201cI tormenti del Papa\u201d nel nuovo libro di Alessandro Maurizi"},"content":{"rendered":"<p><a href=\"http:\/\/www.civiltalaica.it\/cms\/index.php\/i-tormenti-del-papa-nel-nuovo-libro-di-alessandro-maurizi.html\/maurizi-papa\" rel=\"attachment wp-att-17329\"><img loading=\"lazy\" decoding=\"async\" class=\"alignleft  wp-image-17329\" src=\"http:\/\/www.civiltalaica.it\/cms\/wp-content\/uploads\/2020\/06\/maurizi-papa-194x300.jpg\" alt=\"\" width=\"274\" height=\"424\" srcset=\"https:\/\/www.civiltalaica.it\/cms\/wp-content\/uploads\/2020\/06\/maurizi-papa-194x300.jpg 194w, https:\/\/www.civiltalaica.it\/cms\/wp-content\/uploads\/2020\/06\/maurizi-papa-104x160.jpg 104w, https:\/\/www.civiltalaica.it\/cms\/wp-content\/uploads\/2020\/06\/maurizi-papa.jpg 324w\" sizes=\"auto, (max-width: 274px) 100vw, 274px\" \/><\/a><\/p>\n<p>Le indagini del commissario Castigliego arrivano al loro secondo capitolo e siamo ragionevolmente certi di leggerne presto un terzo conoscendo la prolificit\u00e0 del loro autore.<\/p>\n<p>Magari prima o poi vedremo anche una serie da lui ispirata vista la dinamicit\u00e0 degli eventi narrati che ben si prestano a questi adattamenti. Tuttavia il fatto che Manuel Castigliego vada a spulciare fra i vizi degli alti porporati (falsi esorcismi e abusi sessuali nel primo libro, guerre fra fazioni cardinalizie in questo) ci fa sospettare che sar\u00e0 molto pi\u00f9 probabile vedere storie meno scomode, in particolare sulle reti di \u201cmamma Rai\u201d.<\/p>\n<p><strong>Alessandro Maurizi<\/strong> riprende in questo <em>Castigliego e i Tormenti del Papa<\/em> (Frilli Editore 2019, 240 pagine, 14,90\u20ac) il suo personaggio incontrato in <em>Roma e i figli del male, <\/em>romanzo pluripremiato in vari concorsi della penisola italiana. E non lo fa certo rimpiangere.<\/p>\n<p>Lo scrittore viterbese ormai \u00e8 per noi \u201c<strong>il Dan Brown della Tuscia<\/strong>\u201d precisando che il tanto vituperato fenomeno di vendite di qualche anno fa a noi non dispiace affatto, non solo per la sua verve anticlericale ma perch\u00e9, al di la di alcune ragionevoli critiche, <em>Il Codice da Vinci<\/em> e <em>Inferno<\/em> sono ottimi thriller; <em>Angeli e Demoni<\/em> invece no, \u00e8 proprio indifendibile Ad ogni modo leggiamo Maurizi fin dal suo esordio con <em>Il vampiro di Munch<\/em> e possiamo dire che migliora ad ogni romanzo che produce.<\/p>\n<p>Il suo <strong>Manuel Castigliego<\/strong> acquista spessore riga dopo riga e diventa sempre pi\u00f9 convincente anche in un contesto in cui \u00e8 facile cadere nel \u201cnon-credibile\u201d. Anche se questo giudizio tranchant che spesso viene usato nel demolire ogni vatican-thriller da Dan Brown per l\u2019appunto fino alle recenti serie TV <em>Young Pope e New Pope<\/em>; o anche per cose molto pi\u00f9 soft come l&#8217;<em>Habemus Papam<\/em> di Nanni Moretti, ci fa un abbastanza ridere visto che poi la realt\u00e0 degli intrighi vaticani supera di gran lunga la fantasia. E senza stare a scomodare i complotti sulla fine di Giovanni Paolo I basta ricordare gli omicidi fra le guardie Svizzere, i buchi milionari in decine di diocesi sparse per il pianeta,<a href=\"https:\/\/it.wikipedia.org\/wiki\/Casi_di_pedofilia_all%27interno_della_Chiesa_cattolica#Il_caso_Inzoli\"> le condanne a Don Inzoli e a decine di alti prelati per abusi sessuali<\/a>\u00a0fino ad arrivare alle clamorosi<a href=\"https:\/\/www.adnkronos.com\/fatti\/cronaca\/2020\/06\/15\/vaticano-scandalo-immobile-londra-scarcerato-broker-torzi_m54HPJhpkSCQTkF9qso6fN.html\"> inchieste sui palazzi di Londra<\/a> che per ora vengono ancora raccontante dai giornalisti con abuso spregiudicato di verbi al condizionale per evitare cause legali ai giornali.<\/p>\n<p>Per\u00f2 poi quando si va nella fiction chiss\u00e0 perch\u00e9,<strong> i giochi politici vaticani<\/strong> vengono quasi sempre bollati come \u201cnon credibili\u201d.<\/p>\n<p>Tornando al libro in oggetto la narrazione di Alessandro Maurizi si fa pi\u00f9 ardita della volta scorsa, e dopo aver portato il suo Castigliego ad indagare \u201cintorno\u201d al Vaticano in questo libro lo porta proprio dentro ai sacri palazzi. A colloquiare, perch\u00e9 certe persone non si possono mica interrogare, con cardinali il cui potere \u00e8 \u201cinimmaginabile\u201d.<\/p>\n<p>Ma il caso \u00e8 troppo grave per essere ignorato e troppo \u201cinterno\u201d per essere affidato alla gendarmeria vaticana che anch\u2019essa pu\u00f2 essere succube di una delle fazioni che giocano contro il nuovo papa appena eletto, Celestino VI.<\/p>\n<p>Durante la sua elezione nel conclave infatti, quattro cardinali sono stati avvelenati e uno di loro \u00e8 morto. E se ci\u00f2 non bastasse ci sono altri delitti in giro per Roma che sembrano collegati a questo avvenimento. Per Celestino VI \u00e8 troppo, la sua coscienza non pu\u00f2 sopportare di essere arrivato alla poltrona papale al prezzo di assassini e infatti sta pensando alle dimissioni.<\/p>\n<p>Manuel Castigliego \u00e8 chiamato a indagare, o per meglio dire a dare una mano.<br \/>\nAnzi diciamola tutta caro Commissario, ti hanno chiamato perch\u00e9 qualcuno vicino al santo padre ha chiesto aiuto,\u00a0 ma tu sii furbo&#8230; dai un un\u2019occhiata senza farti notare troppo. E se proprio devi fare delle domande cerca di non importunare i cardinali&#8230; e se proprio ci devi andare&#8230; non ci andare per dio!<\/p>\n<p>Prudenza Castigliego. Prudenza.<\/p>\n<p><strong>Alessandro Chiometti<\/strong><\/p>\n<p><a href=\"http:\/\/www.civiltalaica.it\/cms\/index.php\/the-new-pope-e-il-solito-sorrentino.html\/alessandro\" rel=\"attachment wp-att-16678\"><img loading=\"lazy\" decoding=\"async\" class=\"alignleft  wp-image-16678\" src=\"http:\/\/www.civiltalaica.it\/cms\/wp-content\/uploads\/2020\/02\/alessandro-277x300.jpg\" alt=\"\" width=\"184\" height=\"199\" srcset=\"https:\/\/www.civiltalaica.it\/cms\/wp-content\/uploads\/2020\/02\/alessandro-277x300.jpg 277w, https:\/\/www.civiltalaica.it\/cms\/wp-content\/uploads\/2020\/02\/alessandro-945x1024.jpg 945w, https:\/\/www.civiltalaica.it\/cms\/wp-content\/uploads\/2020\/02\/alessandro-768x832.jpg 768w, https:\/\/www.civiltalaica.it\/cms\/wp-content\/uploads\/2020\/02\/alessandro-1418x1536.jpg 1418w, https:\/\/www.civiltalaica.it\/cms\/wp-content\/uploads\/2020\/02\/alessandro-1890x2048.jpg 1890w, https:\/\/www.civiltalaica.it\/cms\/wp-content\/uploads\/2020\/02\/alessandro-148x160.jpg 148w\" sizes=\"auto, (max-width: 184px) 100vw, 184px\" \/><\/a><\/p>\n","protected":false},"excerpt":{"rendered":"<p>Le indagini del commissario Castigliego arrivano al loro secondo capitolo e siamo ragionevolmente certi di leggerne presto un terzo conoscendo la prolificit\u00e0 del loro autore. Magari prima o poi vedremo anche una serie da lui ispirata vista la dinamicit\u00e0 degli eventi narrati che ben si prestano a questi adattamenti. Tuttavia il fatto che Manuel Castigliego [&hellip;]<\/p>\n","protected":false},"author":7,"featured_media":0,"comment_status":"closed","ping_status":"closed","sticky":false,"template":"","format":"standard","meta":{"footnotes":""},"categories":[238,231],"tags":[79,1470,2013,1900,2012,1449,107,1415,1475],"class_list":["post-17328","post","type-post","status-publish","format-standard","hentry","category-articoli","category-recensioni","tag-alessandro-chiometti","tag-alessandro-maurizi","tag-commissario-castigliego","tag-gialli","tag-i-tormenti-del-papa","tag-libri","tag-papa","tag-recensioni","tag-thriller"],"yoast_head":"<!-- This site is optimized with the Yoast SEO plugin v27.1.1 - https:\/\/yoast.com\/product\/yoast-seo-wordpress\/ -->\n<title>\u201cI tormenti del Papa\u201d nel nuovo libro di Alessandro Maurizi - Associazione Culturale Civilt\u00e0 Laica<\/title>\n<meta name=\"description\" content=\"Torna il commissario Castigliego dello scrittore Alessandro Maurizi. Questa volta l&#039;indagine \u00e8 dentro alle mura vaticane e le cose si complicano.\" \/>\n<meta name=\"robots\" content=\"index, follow, max-snippet:-1, max-image-preview:large, max-video-preview:-1\" \/>\n<link rel=\"canonical\" href=\"https:\/\/www.civiltalaica.it\/cms\/i-tormenti-del-papa-nel-nuovo-libro-di-alessandro-maurizi\/\" \/>\n<meta property=\"og:locale\" content=\"it_IT\" \/>\n<meta property=\"og:type\" content=\"article\" \/>\n<meta property=\"og:title\" content=\"\u201cI tormenti del Papa\u201d nel nuovo libro di Alessandro Maurizi - Associazione Culturale Civilt\u00e0 Laica\" \/>\n<meta property=\"og:description\" content=\"Torna il commissario Castigliego dello scrittore Alessandro Maurizi. Questa volta l&#039;indagine \u00e8 dentro alle mura vaticane e le cose si complicano.\" \/>\n<meta property=\"og:url\" content=\"https:\/\/www.civiltalaica.it\/cms\/i-tormenti-del-papa-nel-nuovo-libro-di-alessandro-maurizi\/\" \/>\n<meta property=\"og:site_name\" content=\"Associazione Culturale Civilt\u00e0 Laica\" \/>\n<meta property=\"article:publisher\" content=\"https:\/\/www.facebook.com\/civiltalaica\" \/>\n<meta property=\"article:published_time\" content=\"2020-06-23T13:36:59+00:00\" \/>\n<meta property=\"og:image\" content=\"http:\/\/www.civiltalaica.it\/cms\/wp-content\/uploads\/2020\/06\/maurizi-papa-194x300.jpg\" \/>\n<meta name=\"author\" content=\"alexjc\" \/>\n<meta name=\"twitter:card\" content=\"summary_large_image\" \/>\n<meta name=\"twitter:label1\" content=\"Scritto da\" \/>\n\t<meta name=\"twitter:data1\" content=\"alexjc\" \/>\n\t<meta name=\"twitter:label2\" content=\"Tempo di lettura stimato\" \/>\n\t<meta name=\"twitter:data2\" content=\"3 minuti\" \/>\n<script type=\"application\/ld+json\" class=\"yoast-schema-graph\">{\"@context\":\"https:\/\/schema.org\",\"@graph\":[{\"@type\":\"Article\",\"@id\":\"https:\/\/www.civiltalaica.it\/cms\/i-tormenti-del-papa-nel-nuovo-libro-di-alessandro-maurizi\/#article\",\"isPartOf\":{\"@id\":\"https:\/\/www.civiltalaica.it\/cms\/i-tormenti-del-papa-nel-nuovo-libro-di-alessandro-maurizi\/\"},\"author\":{\"name\":\"alexjc\",\"@id\":\"https:\/\/www.civiltalaica.it\/cms\/#\/schema\/person\/4efef56f866329a1e0943eb27336df1d\"},\"headline\":\"\u201cI tormenti del Papa\u201d nel nuovo libro di Alessandro Maurizi\",\"datePublished\":\"2020-06-23T13:36:59+00:00\",\"mainEntityOfPage\":{\"@id\":\"https:\/\/www.civiltalaica.it\/cms\/i-tormenti-del-papa-nel-nuovo-libro-di-alessandro-maurizi\/\"},\"wordCount\":637,\"image\":{\"@id\":\"https:\/\/www.civiltalaica.it\/cms\/i-tormenti-del-papa-nel-nuovo-libro-di-alessandro-maurizi\/#primaryimage\"},\"thumbnailUrl\":\"http:\/\/www.civiltalaica.it\/cms\/wp-content\/uploads\/2020\/06\/maurizi-papa-194x300.jpg\",\"keywords\":[\"alessandro chiometti\",\"alessandro maurizi\",\"commissario castigliego\",\"gialli\",\"i tormenti del papa\",\"Libri\",\"papa\",\"recensioni\",\"thriller\"],\"articleSection\":[\"articoli\",\"recensioni\"],\"inLanguage\":\"it-IT\"},{\"@type\":\"WebPage\",\"@id\":\"https:\/\/www.civiltalaica.it\/cms\/i-tormenti-del-papa-nel-nuovo-libro-di-alessandro-maurizi\/\",\"url\":\"https:\/\/www.civiltalaica.it\/cms\/i-tormenti-del-papa-nel-nuovo-libro-di-alessandro-maurizi\/\",\"name\":\"\u201cI tormenti del Papa\u201d nel nuovo libro di Alessandro Maurizi - Associazione Culturale Civilt\u00e0 Laica\",\"isPartOf\":{\"@id\":\"https:\/\/www.civiltalaica.it\/cms\/#website\"},\"primaryImageOfPage\":{\"@id\":\"https:\/\/www.civiltalaica.it\/cms\/i-tormenti-del-papa-nel-nuovo-libro-di-alessandro-maurizi\/#primaryimage\"},\"image\":{\"@id\":\"https:\/\/www.civiltalaica.it\/cms\/i-tormenti-del-papa-nel-nuovo-libro-di-alessandro-maurizi\/#primaryimage\"},\"thumbnailUrl\":\"http:\/\/www.civiltalaica.it\/cms\/wp-content\/uploads\/2020\/06\/maurizi-papa-194x300.jpg\",\"datePublished\":\"2020-06-23T13:36:59+00:00\",\"author\":{\"@id\":\"https:\/\/www.civiltalaica.it\/cms\/#\/schema\/person\/4efef56f866329a1e0943eb27336df1d\"},\"description\":\"Torna il commissario Castigliego dello scrittore Alessandro Maurizi. Questa volta l'indagine \u00e8 dentro alle mura vaticane e le cose si complicano.\",\"breadcrumb\":{\"@id\":\"https:\/\/www.civiltalaica.it\/cms\/i-tormenti-del-papa-nel-nuovo-libro-di-alessandro-maurizi\/#breadcrumb\"},\"inLanguage\":\"it-IT\",\"potentialAction\":[{\"@type\":\"ReadAction\",\"target\":[\"https:\/\/www.civiltalaica.it\/cms\/i-tormenti-del-papa-nel-nuovo-libro-di-alessandro-maurizi\/\"]}]},{\"@type\":\"ImageObject\",\"inLanguage\":\"it-IT\",\"@id\":\"https:\/\/www.civiltalaica.it\/cms\/i-tormenti-del-papa-nel-nuovo-libro-di-alessandro-maurizi\/#primaryimage\",\"url\":\"http:\/\/www.civiltalaica.it\/cms\/wp-content\/uploads\/2020\/06\/maurizi-papa-194x300.jpg\",\"contentUrl\":\"http:\/\/www.civiltalaica.it\/cms\/wp-content\/uploads\/2020\/06\/maurizi-papa-194x300.jpg\"},{\"@type\":\"BreadcrumbList\",\"@id\":\"https:\/\/www.civiltalaica.it\/cms\/i-tormenti-del-papa-nel-nuovo-libro-di-alessandro-maurizi\/#breadcrumb\",\"itemListElement\":[{\"@type\":\"ListItem\",\"position\":1,\"name\":\"Home\",\"item\":\"https:\/\/www.civiltalaica.it\/cms\/\"},{\"@type\":\"ListItem\",\"position\":2,\"name\":\"\u201cI tormenti del Papa\u201d nel nuovo libro di Alessandro Maurizi\"}]},{\"@type\":\"WebSite\",\"@id\":\"https:\/\/www.civiltalaica.it\/cms\/#website\",\"url\":\"https:\/\/www.civiltalaica.it\/cms\/\",\"name\":\"Associazione Culturale Civilt\u00e0 Laica\",\"description\":\"Per un movimento culturale volto a difendere la Laicit\u00e0 dello Stato.\",\"potentialAction\":[{\"@type\":\"SearchAction\",\"target\":{\"@type\":\"EntryPoint\",\"urlTemplate\":\"https:\/\/www.civiltalaica.it\/cms\/?s={search_term_string}\"},\"query-input\":{\"@type\":\"PropertyValueSpecification\",\"valueRequired\":true,\"valueName\":\"search_term_string\"}}],\"inLanguage\":\"it-IT\"},{\"@type\":\"Person\",\"@id\":\"https:\/\/www.civiltalaica.it\/cms\/#\/schema\/person\/4efef56f866329a1e0943eb27336df1d\",\"name\":\"alexjc\",\"url\":\"https:\/\/www.civiltalaica.it\/cms\/author\/alexjc\/\"}]}<\/script>\n<!-- \/ Yoast SEO plugin. -->","yoast_head_json":{"title":"\u201cI tormenti del Papa\u201d nel nuovo libro di Alessandro Maurizi - Associazione Culturale Civilt\u00e0 Laica","description":"Torna il commissario Castigliego dello scrittore Alessandro Maurizi. Questa volta l'indagine \u00e8 dentro alle mura vaticane e le cose si complicano.","robots":{"index":"index","follow":"follow","max-snippet":"max-snippet:-1","max-image-preview":"max-image-preview:large","max-video-preview":"max-video-preview:-1"},"canonical":"https:\/\/www.civiltalaica.it\/cms\/i-tormenti-del-papa-nel-nuovo-libro-di-alessandro-maurizi\/","og_locale":"it_IT","og_type":"article","og_title":"\u201cI tormenti del Papa\u201d nel nuovo libro di Alessandro Maurizi - Associazione Culturale Civilt\u00e0 Laica","og_description":"Torna il commissario Castigliego dello scrittore Alessandro Maurizi. Questa volta l'indagine \u00e8 dentro alle mura vaticane e le cose si complicano.","og_url":"https:\/\/www.civiltalaica.it\/cms\/i-tormenti-del-papa-nel-nuovo-libro-di-alessandro-maurizi\/","og_site_name":"Associazione Culturale Civilt\u00e0 Laica","article_publisher":"https:\/\/www.facebook.com\/civiltalaica","article_published_time":"2020-06-23T13:36:59+00:00","og_image":[{"url":"http:\/\/www.civiltalaica.it\/cms\/wp-content\/uploads\/2020\/06\/maurizi-papa-194x300.jpg","type":"","width":"","height":""}],"author":"alexjc","twitter_card":"summary_large_image","twitter_misc":{"Scritto da":"alexjc","Tempo di lettura stimato":"3 minuti"},"schema":{"@context":"https:\/\/schema.org","@graph":[{"@type":"Article","@id":"https:\/\/www.civiltalaica.it\/cms\/i-tormenti-del-papa-nel-nuovo-libro-di-alessandro-maurizi\/#article","isPartOf":{"@id":"https:\/\/www.civiltalaica.it\/cms\/i-tormenti-del-papa-nel-nuovo-libro-di-alessandro-maurizi\/"},"author":{"name":"alexjc","@id":"https:\/\/www.civiltalaica.it\/cms\/#\/schema\/person\/4efef56f866329a1e0943eb27336df1d"},"headline":"\u201cI tormenti del Papa\u201d nel nuovo libro di Alessandro Maurizi","datePublished":"2020-06-23T13:36:59+00:00","mainEntityOfPage":{"@id":"https:\/\/www.civiltalaica.it\/cms\/i-tormenti-del-papa-nel-nuovo-libro-di-alessandro-maurizi\/"},"wordCount":637,"image":{"@id":"https:\/\/www.civiltalaica.it\/cms\/i-tormenti-del-papa-nel-nuovo-libro-di-alessandro-maurizi\/#primaryimage"},"thumbnailUrl":"http:\/\/www.civiltalaica.it\/cms\/wp-content\/uploads\/2020\/06\/maurizi-papa-194x300.jpg","keywords":["alessandro chiometti","alessandro maurizi","commissario castigliego","gialli","i tormenti del papa","Libri","papa","recensioni","thriller"],"articleSection":["articoli","recensioni"],"inLanguage":"it-IT"},{"@type":"WebPage","@id":"https:\/\/www.civiltalaica.it\/cms\/i-tormenti-del-papa-nel-nuovo-libro-di-alessandro-maurizi\/","url":"https:\/\/www.civiltalaica.it\/cms\/i-tormenti-del-papa-nel-nuovo-libro-di-alessandro-maurizi\/","name":"\u201cI tormenti del Papa\u201d nel nuovo libro di Alessandro Maurizi - Associazione Culturale Civilt\u00e0 Laica","isPartOf":{"@id":"https:\/\/www.civiltalaica.it\/cms\/#website"},"primaryImageOfPage":{"@id":"https:\/\/www.civiltalaica.it\/cms\/i-tormenti-del-papa-nel-nuovo-libro-di-alessandro-maurizi\/#primaryimage"},"image":{"@id":"https:\/\/www.civiltalaica.it\/cms\/i-tormenti-del-papa-nel-nuovo-libro-di-alessandro-maurizi\/#primaryimage"},"thumbnailUrl":"http:\/\/www.civiltalaica.it\/cms\/wp-content\/uploads\/2020\/06\/maurizi-papa-194x300.jpg","datePublished":"2020-06-23T13:36:59+00:00","author":{"@id":"https:\/\/www.civiltalaica.it\/cms\/#\/schema\/person\/4efef56f866329a1e0943eb27336df1d"},"description":"Torna il commissario Castigliego dello scrittore Alessandro Maurizi. Questa volta l'indagine \u00e8 dentro alle mura vaticane e le cose si complicano.","breadcrumb":{"@id":"https:\/\/www.civiltalaica.it\/cms\/i-tormenti-del-papa-nel-nuovo-libro-di-alessandro-maurizi\/#breadcrumb"},"inLanguage":"it-IT","potentialAction":[{"@type":"ReadAction","target":["https:\/\/www.civiltalaica.it\/cms\/i-tormenti-del-papa-nel-nuovo-libro-di-alessandro-maurizi\/"]}]},{"@type":"ImageObject","inLanguage":"it-IT","@id":"https:\/\/www.civiltalaica.it\/cms\/i-tormenti-del-papa-nel-nuovo-libro-di-alessandro-maurizi\/#primaryimage","url":"http:\/\/www.civiltalaica.it\/cms\/wp-content\/uploads\/2020\/06\/maurizi-papa-194x300.jpg","contentUrl":"http:\/\/www.civiltalaica.it\/cms\/wp-content\/uploads\/2020\/06\/maurizi-papa-194x300.jpg"},{"@type":"BreadcrumbList","@id":"https:\/\/www.civiltalaica.it\/cms\/i-tormenti-del-papa-nel-nuovo-libro-di-alessandro-maurizi\/#breadcrumb","itemListElement":[{"@type":"ListItem","position":1,"name":"Home","item":"https:\/\/www.civiltalaica.it\/cms\/"},{"@type":"ListItem","position":2,"name":"\u201cI tormenti del Papa\u201d nel nuovo libro di Alessandro Maurizi"}]},{"@type":"WebSite","@id":"https:\/\/www.civiltalaica.it\/cms\/#website","url":"https:\/\/www.civiltalaica.it\/cms\/","name":"Associazione Culturale Civilt\u00e0 Laica","description":"Per un movimento culturale volto a difendere la Laicit\u00e0 dello Stato.","potentialAction":[{"@type":"SearchAction","target":{"@type":"EntryPoint","urlTemplate":"https:\/\/www.civiltalaica.it\/cms\/?s={search_term_string}"},"query-input":{"@type":"PropertyValueSpecification","valueRequired":true,"valueName":"search_term_string"}}],"inLanguage":"it-IT"},{"@type":"Person","@id":"https:\/\/www.civiltalaica.it\/cms\/#\/schema\/person\/4efef56f866329a1e0943eb27336df1d","name":"alexjc","url":"https:\/\/www.civiltalaica.it\/cms\/author\/alexjc\/"}]}},"_links":{"self":[{"href":"https:\/\/www.civiltalaica.it\/cms\/wp-json\/wp\/v2\/posts\/17328","targetHints":{"allow":["GET"]}}],"collection":[{"href":"https:\/\/www.civiltalaica.it\/cms\/wp-json\/wp\/v2\/posts"}],"about":[{"href":"https:\/\/www.civiltalaica.it\/cms\/wp-json\/wp\/v2\/types\/post"}],"author":[{"embeddable":true,"href":"https:\/\/www.civiltalaica.it\/cms\/wp-json\/wp\/v2\/users\/7"}],"replies":[{"embeddable":true,"href":"https:\/\/www.civiltalaica.it\/cms\/wp-json\/wp\/v2\/comments?post=17328"}],"version-history":[{"count":2,"href":"https:\/\/www.civiltalaica.it\/cms\/wp-json\/wp\/v2\/posts\/17328\/revisions"}],"predecessor-version":[{"id":17331,"href":"https:\/\/www.civiltalaica.it\/cms\/wp-json\/wp\/v2\/posts\/17328\/revisions\/17331"}],"wp:attachment":[{"href":"https:\/\/www.civiltalaica.it\/cms\/wp-json\/wp\/v2\/media?parent=17328"}],"wp:term":[{"taxonomy":"category","embeddable":true,"href":"https:\/\/www.civiltalaica.it\/cms\/wp-json\/wp\/v2\/categories?post=17328"},{"taxonomy":"post_tag","embeddable":true,"href":"https:\/\/www.civiltalaica.it\/cms\/wp-json\/wp\/v2\/tags?post=17328"}],"curies":[{"name":"wp","href":"https:\/\/api.w.org\/{rel}","templated":true}]}}