{"id":17093,"date":"2020-05-20T19:01:49","date_gmt":"2020-05-20T19:01:49","guid":{"rendered":"http:\/\/www.civiltalaica.it\/cms\/?p=17093"},"modified":"2020-05-20T19:01:50","modified_gmt":"2020-05-20T19:01:50","slug":"ci-risiamo-sullaborto-qualcuno-da-i-numeri","status":"publish","type":"post","link":"https:\/\/www.civiltalaica.it\/cms\/ci-risiamo-sullaborto-qualcuno-da-i-numeri\/","title":{"rendered":"Ci risiamo, sull&#8217;aborto qualcuno da i numeri"},"content":{"rendered":"<p><a href=\"http:\/\/www.civiltalaica.it\/cms\/index.php\/ci-risiamo-sullaborto-qualcuno-da-i-numeri.html\/donna-aborto\" rel=\"attachment wp-att-17094\"><img loading=\"lazy\" decoding=\"async\" class=\"alignleft size-full wp-image-17094\" src=\"http:\/\/www.civiltalaica.it\/cms\/wp-content\/uploads\/2020\/05\/donna-aborto.jpg\" alt=\"\" width=\"800\" height=\"450\" srcset=\"https:\/\/www.civiltalaica.it\/cms\/wp-content\/uploads\/2020\/05\/donna-aborto.jpg 800w, https:\/\/www.civiltalaica.it\/cms\/wp-content\/uploads\/2020\/05\/donna-aborto-300x169.jpg 300w, https:\/\/www.civiltalaica.it\/cms\/wp-content\/uploads\/2020\/05\/donna-aborto-768x432.jpg 768w, https:\/\/www.civiltalaica.it\/cms\/wp-content\/uploads\/2020\/05\/donna-aborto-280x158.jpg 280w\" sizes=\"auto, (max-width: 800px) 100vw, 800px\" \/><\/a><\/p>\n<p><span style=\"color: #222222;\"><span style=\"font-family: Times New Roman, serif;\"><span style=\"font-size: medium;\">Che i sedicenti pro-vita o pro-famiglia abbiano le idee molto confuse \u00e8 piuttosto evidente. Basta citare il loro odio verso la maternit\u00e0 surrogata; una pratica che dovrebbe far felice ogni sostenitore del motto &#8220;la vita ad ogni costo&#8221; contrapposto alle pratiche abortive! E invece no, quando si parla di <i>surrogacy<\/i> \u00e8 meglio che quei bambini non nascano (vedi recenti polemiche sollevate sempre dai pro-vita sui &#8220;sofferenti&#8221; bambini bloccati a Kiev in attesa che le loro madri possano andarli a prendere appena finite le restrizioni dovute alla Covid19). <\/span><\/span><\/span><\/p>\n<p><span style=\"color: #222222;\"><span style=\"font-family: Times New Roman, serif;\"><span style=\"font-size: medium;\">Ad ogni modo, il loro esponente locale Alberto Virgolino, torna a cercare di terrorizzare le donne sull\u2019abominevole aborto. (<a href=\"https:\/\/www.terninrete.it\/notizie-di-terni-alberto-virgolino-movimento-per-la-vita-si-vuole-promuovere-laborto-chimico-donne-piu-vittime-delle-loro-dolorose-scelte\/\">https:\/\/www.terninrete.it\/notizie-di-terni-alberto-virgolino-movimento-per-la-vita-si-vuole-promuovere-laborto-chimico-donne-piu-vittime-delle-loro-dolorose-scelte\/<\/a> )prendendo di mira in particolare, la richiesta di alcune associazioni femministe sul facilitare l&#8217;accesso all&#8217;uso della RU486, visto che gli accessi negli ospedali sono limitati sempre a causa dell&#8217;emergenza Covid19.<br \/>\nPer far questo il Virgolino cammina su un campo minato: per dire quanto \u00e8 pericoloso l&#8217;aborto farmacologico deve dire che \u00e8 pi\u00f9 sicuro ricorrere all&#8217;aborto chirurgico. Ovviamente questo perch\u00e9 vuole dare un tono scientifico al suo discorso e non sembrare il solito vecchio trombone che parla del corpo delle donne come se fosse il suo. Per farlo per\u00f2 usa le solite argomentazioni trite e ritrite: dalla &#8220;logica disumana della legge 194&#8221;, ovvero quella che ha pi\u00f9 che dimezzato il numero degli aborti in Italia (fonte Ministero della Salute 29\/12\/2017 oppure vedete: <\/span><\/span><\/span><a href=\"https:\/\/www.wired.it\/scienza\/medicina\/2018\/05\/04\/dati-aborto-italia\/\">https:\/\/www.wired.it\/scienza\/medicina\/2018\/05\/04\/dati-aborto-italia\/<\/a> ), per poi ripropinare il dogma secondo cui ogni donna che abortisce deve poi per forza soffrire tutta la vita (su questa ipocrisia consigliamo semplicemente di leggere &#8220;La verit\u00e0 vi prego sull&#8217;aborto&#8221; di Chiara Lalli).<\/p>\n<p><span style=\"color: #222222;\"><span style=\"font-family: Times New Roman, serif;\"><span style=\"font-size: medium;\">Poi il Virgolino, &#8220;per il bene della donna&#8221; lascia la parola a chi oltre alle idee confonde anche i numeri, ovvero la &#8220;Associazione Italiana dei Ginecologi ed Ostetrici Cattolici&#8221;.<br \/>\nIl comunicato dei suddetti gi\u00e0 alla terza riga confonde in modo imbarazzante la pillola abortiva con quella per l\u2019eutanasia distribuita in Olanda, che effettivamente qualche fanatico religioso anglosassone chiama &#8220;Kill pill&#8221;; poi parte il <\/span><\/span><\/span><span style=\"color: #222222;\"><span style=\"font-family: Times New Roman, serif;\"><span style=\"font-size: medium;\"><i>tourbillon<\/i><\/span><\/span><\/span><span style=\"color: #222222;\"><span style=\"font-family: Times New Roman, serif;\"><span style=\"font-size: medium;\"> di numeri presi da studi vecchi come quelli N.E. Journal of Medicine del 2005 i quali dovrebbero dimostrare che la RU486 sarebbe pi\u00f9 pericolosa dell&#8217;aborto chirurgico. Una storia vecchia per l&#8217;appunto e smentita definitivamente nel 2009 quando AIFA e Governo Italiano autorizzarono l&#8217;uso della RU486 (vedi: <a href=\"http:\/\/www.associazionelucacoscioni.it\/sites\/default\/files\/documenti\/RU486.pdf\">http:\/\/www.associazionelucacoscioni.it\/sites\/default\/files\/documenti\/RU486.pdf<\/a> )<br \/>\nDopodich\u00e9 la suddetta associazione continua a far confusione anche su casi di donne morte in Italia apparentemente a causa della RU486 anche quando alcuni di questi casi sono gi\u00e0 stati smentiti (<a href=\"https:\/\/www.wired.it\/scienza\/medicina\/2014\/05\/05\/morte-aborto-ru486\/\">https:\/\/www.wired.it\/scienza\/medicina\/2014\/05\/05\/morte-aborto-ru486\/<\/a> ).<br \/>\nLa verit\u00e0 \u00e8 che l&#8217;ampio uso dell&#8217;aborto farmacologico in tutto il mondo in questi anni ha confermato la mortalit\u00e0 bassissima e che gli effetti collaterali sono sempre pochi statisticamente parlando e gestibili. (Vedi: <a href=\"https:\/\/www.wired.it\/scienza\/medicina\/2014\/04\/11\/rischi-pillola-abortiva\/\">https:\/\/www.wired.it\/scienza\/medicina\/2014\/04\/11\/rischi-pillola-abortiva\/<\/a> )<br \/>\nSiamo abituati al fatto che i sedicenti pro-vita diano i numeri, del resto sono gli stessi che dicevano di aver portato due milioni di persone a Roma al Circo Massimo quando erano meno di centomila (vedi: <a href=\"https:\/\/www.ilpost.it\/2016\/01\/30\/family-day-due-milioni-persone-circo-massimo\/\">https:\/\/www.ilpost.it\/2016\/01\/30\/family-day-due-milioni-persone-circo-massimo\/<\/a> ). <\/span><\/span><\/span><\/p>\n<p><span style=\"color: #222222;\"><span style=\"font-family: Times New Roman, serif;\"><span style=\"font-size: medium;\">Per\u00f2 dobbiamo dire che concordiamo pienamente con le ultime due righe del loro comunicato.<br \/>\n<\/span><\/span><\/span><span style=\"color: #222222;\"><span style=\"font-family: Times New Roman, serif;\"><span style=\"font-size: medium;\"><i>La manipolazione mediatica e psicosociale invoca uno stato di necessit\u00e0 che non c\u2019\u00e8. <\/i><\/span><\/span><\/span><span style=\"color: #222222;\"><span style=\"font-family: Times New Roman, serif;\"><span style=\"font-size: medium;\">Ovvero gli ingiustificati allarmi contro l&#8217;aborto definito da costoro: &#8220;strage degli innocenti&#8221;, &#8220;nuova shoah&#8221;, &#8220;la vera pandemia&#8221; a seconda della campagna pubblicitaria di turno.<br \/>\n<\/span><\/span><\/span><span style=\"color: #222222;\"><span style=\"font-family: Times New Roman, serif;\"><span style=\"font-size: medium;\"><i>Invoca i diritti delle donne senza tutelarne la salute fisica e\/o psicologica. <\/i><\/span><\/span><\/span><span style=\"color: #222222;\"><span style=\"font-family: Times New Roman, serif;\"><span style=\"font-size: medium;\">Esatto perch\u00e9 per i sedicenti pro-vita il diritto della donna \u00e8 solo uno: partorire. Magari in fretta perch\u00e9 poi c&#8217;\u00e8 da cucinare e stirare. <\/span><\/span><\/span><\/p>\n<p><b><span style=\"color: #222222;\"><span style=\"font-family: Times New Roman, serif;\"><span style=\"font-size: medium;\">Alessandro Chiometti<\/span><\/span><\/span><\/b><\/p>\n<p><b><span style=\"color: #222222;\"><span style=\"font-family: Times New Roman, serif;\"><span style=\"font-size: medium;\">Presidente Ass. Cult. Civilt\u00e0 Laica<\/span><\/span><\/span><\/b><\/p>\n","protected":false},"excerpt":{"rendered":"<p>Che i sedicenti pro-vita o pro-famiglia abbiano le idee molto confuse \u00e8 piuttosto evidente. Basta citare il loro odio verso la maternit\u00e0 surrogata; una pratica che dovrebbe far felice ogni sostenitore del motto &#8220;la vita ad ogni costo&#8221; contrapposto alle pratiche abortive! E invece no, quando si parla di surrogacy \u00e8 meglio che quei bambini [&hellip;]<\/p>\n","protected":false},"author":7,"featured_media":0,"comment_status":"closed","ping_status":"closed","sticky":false,"template":"","format":"standard","meta":{"footnotes":""},"categories":[238,235],"tags":[354,1213,1994],"class_list":["post-17093","post","type-post","status-publish","format-standard","hentry","category-articoli","category-andata","tag-comunicati-stampa","tag-la-verita-sullaborto","tag-pro-vita"],"yoast_head":"<!-- This site is optimized with the Yoast SEO plugin v27.1.1 - https:\/\/yoast.com\/product\/yoast-seo-wordpress\/ -->\n<title>Ci risiamo, sull&#039;aborto qualcuno da i numeri - Associazione Culturale Civilt\u00e0 Laica<\/title>\n<meta name=\"description\" content=\"Torna la normalit\u00e0 post-covid, si beve il caff\u00e8 al bar, si compra un vestito per la primavera e gli integralisti religiosi attaccano i diritti delle donne.\" \/>\n<meta name=\"robots\" content=\"index, follow, max-snippet:-1, max-image-preview:large, max-video-preview:-1\" \/>\n<link rel=\"canonical\" href=\"https:\/\/www.civiltalaica.it\/cms\/ci-risiamo-sullaborto-qualcuno-da-i-numeri\/\" \/>\n<meta property=\"og:locale\" content=\"it_IT\" \/>\n<meta property=\"og:type\" content=\"article\" \/>\n<meta property=\"og:title\" content=\"Ci risiamo, sull&#039;aborto qualcuno da i numeri - Associazione Culturale Civilt\u00e0 Laica\" \/>\n<meta property=\"og:description\" content=\"Torna la normalit\u00e0 post-covid, si beve il caff\u00e8 al bar, si compra un vestito per la primavera e gli integralisti religiosi attaccano i diritti delle donne.\" \/>\n<meta property=\"og:url\" content=\"https:\/\/www.civiltalaica.it\/cms\/ci-risiamo-sullaborto-qualcuno-da-i-numeri\/\" \/>\n<meta property=\"og:site_name\" content=\"Associazione Culturale Civilt\u00e0 Laica\" \/>\n<meta property=\"article:publisher\" content=\"https:\/\/www.facebook.com\/civiltalaica\" \/>\n<meta property=\"article:published_time\" content=\"2020-05-20T19:01:49+00:00\" \/>\n<meta property=\"article:modified_time\" content=\"2020-05-20T19:01:50+00:00\" \/>\n<meta property=\"og:image\" content=\"http:\/\/www.civiltalaica.it\/cms\/wp-content\/uploads\/2020\/05\/donna-aborto.jpg\" \/>\n<meta name=\"author\" content=\"alexjc\" \/>\n<meta name=\"twitter:card\" content=\"summary_large_image\" \/>\n<meta name=\"twitter:label1\" content=\"Scritto da\" \/>\n\t<meta name=\"twitter:data1\" content=\"alexjc\" \/>\n\t<meta name=\"twitter:label2\" content=\"Tempo di lettura stimato\" \/>\n\t<meta name=\"twitter:data2\" content=\"3 minuti\" \/>\n<script type=\"application\/ld+json\" class=\"yoast-schema-graph\">{\"@context\":\"https:\/\/schema.org\",\"@graph\":[{\"@type\":\"Article\",\"@id\":\"https:\/\/www.civiltalaica.it\/cms\/ci-risiamo-sullaborto-qualcuno-da-i-numeri\/#article\",\"isPartOf\":{\"@id\":\"https:\/\/www.civiltalaica.it\/cms\/ci-risiamo-sullaborto-qualcuno-da-i-numeri\/\"},\"author\":{\"name\":\"alexjc\",\"@id\":\"https:\/\/www.civiltalaica.it\/cms\/#\/schema\/person\/4efef56f866329a1e0943eb27336df1d\"},\"headline\":\"Ci risiamo, sull&#8217;aborto qualcuno da i numeri\",\"datePublished\":\"2020-05-20T19:01:49+00:00\",\"dateModified\":\"2020-05-20T19:01:50+00:00\",\"mainEntityOfPage\":{\"@id\":\"https:\/\/www.civiltalaica.it\/cms\/ci-risiamo-sullaborto-qualcuno-da-i-numeri\/\"},\"wordCount\":606,\"image\":{\"@id\":\"https:\/\/www.civiltalaica.it\/cms\/ci-risiamo-sullaborto-qualcuno-da-i-numeri\/#primaryimage\"},\"thumbnailUrl\":\"http:\/\/www.civiltalaica.it\/cms\/wp-content\/uploads\/2020\/05\/donna-aborto.jpg\",\"keywords\":[\"comunicati stampa\",\"la verit\u00e0 sull'aborto\",\"pro-vita\"],\"articleSection\":[\"articoli\",\"come \u00e8 andata?\"],\"inLanguage\":\"it-IT\"},{\"@type\":\"WebPage\",\"@id\":\"https:\/\/www.civiltalaica.it\/cms\/ci-risiamo-sullaborto-qualcuno-da-i-numeri\/\",\"url\":\"https:\/\/www.civiltalaica.it\/cms\/ci-risiamo-sullaborto-qualcuno-da-i-numeri\/\",\"name\":\"Ci risiamo, sull'aborto qualcuno da i numeri - Associazione Culturale Civilt\u00e0 Laica\",\"isPartOf\":{\"@id\":\"https:\/\/www.civiltalaica.it\/cms\/#website\"},\"primaryImageOfPage\":{\"@id\":\"https:\/\/www.civiltalaica.it\/cms\/ci-risiamo-sullaborto-qualcuno-da-i-numeri\/#primaryimage\"},\"image\":{\"@id\":\"https:\/\/www.civiltalaica.it\/cms\/ci-risiamo-sullaborto-qualcuno-da-i-numeri\/#primaryimage\"},\"thumbnailUrl\":\"http:\/\/www.civiltalaica.it\/cms\/wp-content\/uploads\/2020\/05\/donna-aborto.jpg\",\"datePublished\":\"2020-05-20T19:01:49+00:00\",\"dateModified\":\"2020-05-20T19:01:50+00:00\",\"author\":{\"@id\":\"https:\/\/www.civiltalaica.it\/cms\/#\/schema\/person\/4efef56f866329a1e0943eb27336df1d\"},\"description\":\"Torna la normalit\u00e0 post-covid, si beve il caff\u00e8 al bar, si compra un vestito per la primavera e gli integralisti religiosi attaccano i diritti delle donne.\",\"breadcrumb\":{\"@id\":\"https:\/\/www.civiltalaica.it\/cms\/ci-risiamo-sullaborto-qualcuno-da-i-numeri\/#breadcrumb\"},\"inLanguage\":\"it-IT\",\"potentialAction\":[{\"@type\":\"ReadAction\",\"target\":[\"https:\/\/www.civiltalaica.it\/cms\/ci-risiamo-sullaborto-qualcuno-da-i-numeri\/\"]}]},{\"@type\":\"ImageObject\",\"inLanguage\":\"it-IT\",\"@id\":\"https:\/\/www.civiltalaica.it\/cms\/ci-risiamo-sullaborto-qualcuno-da-i-numeri\/#primaryimage\",\"url\":\"http:\/\/www.civiltalaica.it\/cms\/wp-content\/uploads\/2020\/05\/donna-aborto.jpg\",\"contentUrl\":\"http:\/\/www.civiltalaica.it\/cms\/wp-content\/uploads\/2020\/05\/donna-aborto.jpg\"},{\"@type\":\"BreadcrumbList\",\"@id\":\"https:\/\/www.civiltalaica.it\/cms\/ci-risiamo-sullaborto-qualcuno-da-i-numeri\/#breadcrumb\",\"itemListElement\":[{\"@type\":\"ListItem\",\"position\":1,\"name\":\"Home\",\"item\":\"https:\/\/www.civiltalaica.it\/cms\/\"},{\"@type\":\"ListItem\",\"position\":2,\"name\":\"Ci risiamo, sull&#8217;aborto qualcuno da i numeri\"}]},{\"@type\":\"WebSite\",\"@id\":\"https:\/\/www.civiltalaica.it\/cms\/#website\",\"url\":\"https:\/\/www.civiltalaica.it\/cms\/\",\"name\":\"Associazione Culturale Civilt\u00e0 Laica\",\"description\":\"Per un movimento culturale volto a difendere la Laicit\u00e0 dello Stato.\",\"potentialAction\":[{\"@type\":\"SearchAction\",\"target\":{\"@type\":\"EntryPoint\",\"urlTemplate\":\"https:\/\/www.civiltalaica.it\/cms\/?s={search_term_string}\"},\"query-input\":{\"@type\":\"PropertyValueSpecification\",\"valueRequired\":true,\"valueName\":\"search_term_string\"}}],\"inLanguage\":\"it-IT\"},{\"@type\":\"Person\",\"@id\":\"https:\/\/www.civiltalaica.it\/cms\/#\/schema\/person\/4efef56f866329a1e0943eb27336df1d\",\"name\":\"alexjc\",\"url\":\"https:\/\/www.civiltalaica.it\/cms\/author\/alexjc\/\"}]}<\/script>\n<!-- \/ Yoast SEO plugin. -->","yoast_head_json":{"title":"Ci risiamo, sull'aborto qualcuno da i numeri - Associazione Culturale Civilt\u00e0 Laica","description":"Torna la normalit\u00e0 post-covid, si beve il caff\u00e8 al bar, si compra un vestito per la primavera e gli integralisti religiosi attaccano i diritti delle donne.","robots":{"index":"index","follow":"follow","max-snippet":"max-snippet:-1","max-image-preview":"max-image-preview:large","max-video-preview":"max-video-preview:-1"},"canonical":"https:\/\/www.civiltalaica.it\/cms\/ci-risiamo-sullaborto-qualcuno-da-i-numeri\/","og_locale":"it_IT","og_type":"article","og_title":"Ci risiamo, sull'aborto qualcuno da i numeri - Associazione Culturale Civilt\u00e0 Laica","og_description":"Torna la normalit\u00e0 post-covid, si beve il caff\u00e8 al bar, si compra un vestito per la primavera e gli integralisti religiosi attaccano i diritti delle donne.","og_url":"https:\/\/www.civiltalaica.it\/cms\/ci-risiamo-sullaborto-qualcuno-da-i-numeri\/","og_site_name":"Associazione Culturale Civilt\u00e0 Laica","article_publisher":"https:\/\/www.facebook.com\/civiltalaica","article_published_time":"2020-05-20T19:01:49+00:00","article_modified_time":"2020-05-20T19:01:50+00:00","og_image":[{"url":"http:\/\/www.civiltalaica.it\/cms\/wp-content\/uploads\/2020\/05\/donna-aborto.jpg","type":"","width":"","height":""}],"author":"alexjc","twitter_card":"summary_large_image","twitter_misc":{"Scritto da":"alexjc","Tempo di lettura stimato":"3 minuti"},"schema":{"@context":"https:\/\/schema.org","@graph":[{"@type":"Article","@id":"https:\/\/www.civiltalaica.it\/cms\/ci-risiamo-sullaborto-qualcuno-da-i-numeri\/#article","isPartOf":{"@id":"https:\/\/www.civiltalaica.it\/cms\/ci-risiamo-sullaborto-qualcuno-da-i-numeri\/"},"author":{"name":"alexjc","@id":"https:\/\/www.civiltalaica.it\/cms\/#\/schema\/person\/4efef56f866329a1e0943eb27336df1d"},"headline":"Ci risiamo, sull&#8217;aborto qualcuno da i numeri","datePublished":"2020-05-20T19:01:49+00:00","dateModified":"2020-05-20T19:01:50+00:00","mainEntityOfPage":{"@id":"https:\/\/www.civiltalaica.it\/cms\/ci-risiamo-sullaborto-qualcuno-da-i-numeri\/"},"wordCount":606,"image":{"@id":"https:\/\/www.civiltalaica.it\/cms\/ci-risiamo-sullaborto-qualcuno-da-i-numeri\/#primaryimage"},"thumbnailUrl":"http:\/\/www.civiltalaica.it\/cms\/wp-content\/uploads\/2020\/05\/donna-aborto.jpg","keywords":["comunicati stampa","la verit\u00e0 sull'aborto","pro-vita"],"articleSection":["articoli","come \u00e8 andata?"],"inLanguage":"it-IT"},{"@type":"WebPage","@id":"https:\/\/www.civiltalaica.it\/cms\/ci-risiamo-sullaborto-qualcuno-da-i-numeri\/","url":"https:\/\/www.civiltalaica.it\/cms\/ci-risiamo-sullaborto-qualcuno-da-i-numeri\/","name":"Ci risiamo, sull'aborto qualcuno da i numeri - Associazione Culturale Civilt\u00e0 Laica","isPartOf":{"@id":"https:\/\/www.civiltalaica.it\/cms\/#website"},"primaryImageOfPage":{"@id":"https:\/\/www.civiltalaica.it\/cms\/ci-risiamo-sullaborto-qualcuno-da-i-numeri\/#primaryimage"},"image":{"@id":"https:\/\/www.civiltalaica.it\/cms\/ci-risiamo-sullaborto-qualcuno-da-i-numeri\/#primaryimage"},"thumbnailUrl":"http:\/\/www.civiltalaica.it\/cms\/wp-content\/uploads\/2020\/05\/donna-aborto.jpg","datePublished":"2020-05-20T19:01:49+00:00","dateModified":"2020-05-20T19:01:50+00:00","author":{"@id":"https:\/\/www.civiltalaica.it\/cms\/#\/schema\/person\/4efef56f866329a1e0943eb27336df1d"},"description":"Torna la normalit\u00e0 post-covid, si beve il caff\u00e8 al bar, si compra un vestito per la primavera e gli integralisti religiosi attaccano i diritti delle donne.","breadcrumb":{"@id":"https:\/\/www.civiltalaica.it\/cms\/ci-risiamo-sullaborto-qualcuno-da-i-numeri\/#breadcrumb"},"inLanguage":"it-IT","potentialAction":[{"@type":"ReadAction","target":["https:\/\/www.civiltalaica.it\/cms\/ci-risiamo-sullaborto-qualcuno-da-i-numeri\/"]}]},{"@type":"ImageObject","inLanguage":"it-IT","@id":"https:\/\/www.civiltalaica.it\/cms\/ci-risiamo-sullaborto-qualcuno-da-i-numeri\/#primaryimage","url":"http:\/\/www.civiltalaica.it\/cms\/wp-content\/uploads\/2020\/05\/donna-aborto.jpg","contentUrl":"http:\/\/www.civiltalaica.it\/cms\/wp-content\/uploads\/2020\/05\/donna-aborto.jpg"},{"@type":"BreadcrumbList","@id":"https:\/\/www.civiltalaica.it\/cms\/ci-risiamo-sullaborto-qualcuno-da-i-numeri\/#breadcrumb","itemListElement":[{"@type":"ListItem","position":1,"name":"Home","item":"https:\/\/www.civiltalaica.it\/cms\/"},{"@type":"ListItem","position":2,"name":"Ci risiamo, sull&#8217;aborto qualcuno da i numeri"}]},{"@type":"WebSite","@id":"https:\/\/www.civiltalaica.it\/cms\/#website","url":"https:\/\/www.civiltalaica.it\/cms\/","name":"Associazione Culturale Civilt\u00e0 Laica","description":"Per un movimento culturale volto a difendere la Laicit\u00e0 dello Stato.","potentialAction":[{"@type":"SearchAction","target":{"@type":"EntryPoint","urlTemplate":"https:\/\/www.civiltalaica.it\/cms\/?s={search_term_string}"},"query-input":{"@type":"PropertyValueSpecification","valueRequired":true,"valueName":"search_term_string"}}],"inLanguage":"it-IT"},{"@type":"Person","@id":"https:\/\/www.civiltalaica.it\/cms\/#\/schema\/person\/4efef56f866329a1e0943eb27336df1d","name":"alexjc","url":"https:\/\/www.civiltalaica.it\/cms\/author\/alexjc\/"}]}},"_links":{"self":[{"href":"https:\/\/www.civiltalaica.it\/cms\/wp-json\/wp\/v2\/posts\/17093","targetHints":{"allow":["GET"]}}],"collection":[{"href":"https:\/\/www.civiltalaica.it\/cms\/wp-json\/wp\/v2\/posts"}],"about":[{"href":"https:\/\/www.civiltalaica.it\/cms\/wp-json\/wp\/v2\/types\/post"}],"author":[{"embeddable":true,"href":"https:\/\/www.civiltalaica.it\/cms\/wp-json\/wp\/v2\/users\/7"}],"replies":[{"embeddable":true,"href":"https:\/\/www.civiltalaica.it\/cms\/wp-json\/wp\/v2\/comments?post=17093"}],"version-history":[{"count":2,"href":"https:\/\/www.civiltalaica.it\/cms\/wp-json\/wp\/v2\/posts\/17093\/revisions"}],"predecessor-version":[{"id":17096,"href":"https:\/\/www.civiltalaica.it\/cms\/wp-json\/wp\/v2\/posts\/17093\/revisions\/17096"}],"wp:attachment":[{"href":"https:\/\/www.civiltalaica.it\/cms\/wp-json\/wp\/v2\/media?parent=17093"}],"wp:term":[{"taxonomy":"category","embeddable":true,"href":"https:\/\/www.civiltalaica.it\/cms\/wp-json\/wp\/v2\/categories?post=17093"},{"taxonomy":"post_tag","embeddable":true,"href":"https:\/\/www.civiltalaica.it\/cms\/wp-json\/wp\/v2\/tags?post=17093"}],"curies":[{"name":"wp","href":"https:\/\/api.w.org\/{rel}","templated":true}]}}