{"id":16969,"date":"2020-04-19T11:45:34","date_gmt":"2020-04-19T11:45:34","guid":{"rendered":"http:\/\/www.civiltalaica.it\/cms\/?p=16969"},"modified":"2020-04-19T11:45:34","modified_gmt":"2020-04-19T11:45:34","slug":"la-farsa-criminosa-del-sovranismo","status":"publish","type":"post","link":"https:\/\/www.civiltalaica.it\/cms\/la-farsa-criminosa-del-sovranismo\/","title":{"rendered":"LA FARSA CRIMINOSA DEL SOVRANISMO"},"content":{"rendered":"<p><span style=\"font-family: Times New Roman, serif;\"><span style=\"font-size: medium;\"><a href=\"http:\/\/www.civiltalaica.it\/cms\/index.php\/la-farsa-criminosa-del-sovranismo.html\/jaccuse\" rel=\"attachment wp-att-16970\"><img loading=\"lazy\" decoding=\"async\" class=\"alignleft  wp-image-16970\" src=\"http:\/\/www.civiltalaica.it\/cms\/wp-content\/uploads\/2020\/04\/jaccuse.png\" alt=\"\" width=\"746\" height=\"106\" srcset=\"https:\/\/www.civiltalaica.it\/cms\/wp-content\/uploads\/2020\/04\/jaccuse.png 359w, https:\/\/www.civiltalaica.it\/cms\/wp-content\/uploads\/2020\/04\/jaccuse-300x43.png 300w, https:\/\/www.civiltalaica.it\/cms\/wp-content\/uploads\/2020\/04\/jaccuse-280x40.png 280w\" sizes=\"auto, (max-width: 746px) 100vw, 746px\" \/><\/a><\/span><\/span><\/p>\n<p>&nbsp;<\/p>\n<p>&nbsp;<\/p>\n<p><span style=\"font-family: Times New Roman, serif;\"><span style=\"font-size: medium;\"><\/p>\n<p>Da qualche anno il mio attivismo \u00e8 piuttosto contenuto: i vecchi tempi me li sono lasciati alle spalle perch\u00e9 si vive una volta sola, ma non ho smesso di tenere sotto controllo quello che mi accade intorno ed il fatto di non guardarlo con la stessa attenzione quotidiana che avevo pi\u00f9 di dieci anni fa non ha peggiorato il mio spirito di osservazione, perch\u00e9 le cose viste dall\u2019alto non permettono di notare alcuni particolari che si vedrebbero solo \u201cvolando alle quote basse del quotidiano\u201d ma permettono spesso di avere un\u2019idea di cosa avviene al cosiddetto \u201clivello strategico\u201d.<\/span><\/span><\/p>\n<p><span style=\"font-family: Times New Roman, serif;\"><span style=\"font-size: medium;\">Chiarisco subito che non sono un accanito filo-europeista (l\u2019Europa ha i suoi difetti ed i suoi problemi), in realt\u00e0 in origine non ero neanche un accanito anti-sovranista ma nel giro di un tempo finito lo sono diventato e in questa sede spiegher\u00f2 il perch\u00e9.<\/span><\/span><\/p>\n<p><span style=\"font-family: Times New Roman, serif;\"><span style=\"font-size: medium;\">Dell\u2019Europa ho una visione molto razionale e molto poco ideologica e posso sintetizzare velocemente il mio pensiero affermando che qualunque soluzione si dovesse adottare per il futuro dell\u2019UE e per la permanenza di questo paese all\u2019interno della stessa unione (sfasciare tutto ed uscirne, restarvi nelle attuali condizioni oppure procedere verso gli Stati Uniti d\u2019Europa) non porter\u00e0 ad alcuna panacea e produrr\u00e0 comunque in un senso o nell\u2019altro problemi da risolvere, e gi\u00e0 so che in questo paese ci sar\u00e0 qualcuno che a cose fatte si lamenter\u00e0 perch\u00e9 al momento del passaggio aveva la testa da un\u2019altra parte.<\/span><\/span><\/p>\n<p><span style=\"font-family: Times New Roman, serif;\"><span style=\"font-size: medium;\">Non pretendo di rivelare verit\u00e0 nascoste, perch\u00e9 certi fatti sono alla portata di tutti, ma pochi si preoccupano di evidenziarli nella misura in cui intendo farlo in questa sede.<\/span><\/span><\/p>\n<p><span style=\"font-family: Times New Roman, serif;\"><span style=\"font-size: medium;\">Facciamo un salto indietro di tre anni: sono le ultime settimane del il 2016, \u00e8 passato un semestre dal referendum sulla Brexit, gli echi e le urla di dolore per la recente situazione in Grecia sono ancora nell\u2019aria e facendo zapping qua e l\u00e0 su youtube mi imbatto nel video di un post-adolescente un po\u2019 alternativo che, con un\u2019affascinante stile dialettico in un soliloquio non poco autoreferenziale, argomenta sulla situazione mondiale generata dal liberismo economico; all\u2019epoca non conosco ancora il suo nome, per me \u00e8 uno dei tanti <i>ragazzini influencer<\/i> che dicono la loro in rete per avere un poco di visibilit\u00e0, ma il suo argomento preferito sembra essere quello di abbattere l\u2019Unione Europea.<\/span><\/span><\/p>\n<p><span style=\"font-family: Times New Roman, serif;\"><span style=\"font-size: medium;\">Un indizio \u00e8 un indizio !<\/span><\/span><\/p>\n<p><span style=\"font-family: Times New Roman, serif;\"><span style=\"font-size: medium;\">Contemporaneamente per\u00f2 noto anche qualche altro <\/span><\/span><span style=\"font-family: Times New Roman, serif;\"><span style=\"font-size: medium;\"><i>influencer<\/i><\/span><\/span><span style=\"font-family: Times New Roman, serif;\"><span style=\"font-size: medium;\"> che dice pi\u00f9 o meno le stesse cose in stile diverso: un certo <\/span><\/span><span style=\"color: #0000ff;\"><u><a class=\"western\" href=\"https:\/\/www.paolobarnard.info\/intervento_mostra_go.php?id=347\"><span style=\"font-family: Times New Roman, serif;\"><span style=\"font-size: medium;\">Paolo Barnard<\/span><\/span><\/a><\/u><\/span><span style=\"font-family: Times New Roman, serif;\"><span style=\"font-size: medium;\"> divulgatore della teoria monetaria definita con l\u2019acronimo <\/span><\/span><span style=\"color: #0000ff;\"><u><a class=\"western\" href=\"https:\/\/espresso.repubblica.it\/affari\/2012\/11\/26\/news\/quei-pazzi-dell-mmt-1.48557\"><span style=\"font-family: Times New Roman, serif;\"><span style=\"font-size: medium;\">MMT<\/span><\/span><\/a><\/u><\/span><span style=\"font-family: Times New Roman, serif;\"><span style=\"font-size: medium;\">, il quale realizza diversi interventi su svariati argomenti (qualcuno forse anche condivisibile), ma c\u2019\u00e8 sempre quel tasto su cui picchiare: \u201cla cattiva UE che ci ha levato la sovranit\u00e0 monetaria mentre prima eravamo tanto felici perch\u00e9 non ci preoccupavamo n\u00e9 dell\u2019inflazione, n\u00e9 del debito pubblico\u201d.<\/span><\/span><\/p>\n<p><span style=\"font-family: Times New Roman, serif;\"><span style=\"font-size: medium;\">Due persone che apparentemente non si conoscono, ma che nello stesso periodo dicono pi\u00f9 o meno le stesse cose. <\/span><\/span><\/p>\n<p><span style=\"font-family: Times New Roman, serif;\"><span style=\"font-size: medium;\">Due indizi sono una coincidenza !<\/span><\/span><\/p>\n<p><span style=\"font-family: Times New Roman, serif;\"><span style=\"font-size: medium;\">Pu\u00f2 sembrare un argomento slegato, eppure sempre in quel periodo partono i vari video sul \u201cNuovo Ordine Mondiale\u201d (accusato di voler diffondere l\u2019omosessualit\u00e0, di aver architettato una non ben identificata riduzione della popolazione mondiale, di voler distruggere le identit\u00e0 nazionali) che guarda caso viene richiamato in un paio di occasioni dallo stesso Barnard (pi\u00f9 per prenderne le distanze che altro), sugli inevitabili vaccini, sul piano Kalergi, sulle trame del panfilo Britannia e su come una certa sinistra sarebbe stata autrice del liberismo economico che ci avrebbe portati allo sfacelo.<\/span><\/span><\/p>\n<p><span style=\"font-family: Times New Roman, serif;\"><span style=\"font-size: medium;\">Qui iniziano a farsi strada i miei primi dubbi ! <\/span><\/span><\/p>\n<p><span style=\"font-family: Times New Roman, serif;\"><span style=\"font-size: medium;\">La Sinistra autrice del liberismo economico ? \u2026 ma il liberismo <\/span><\/span><span style=\"color: #0000ff;\"><u><a class=\"western\" href=\"https:\/\/www.youtube.com\/watch?v=kLTUgXTtIgM\"><span style=\"font-family: Times New Roman, serif;\"><span style=\"font-size: medium;\">non \u00e8 stata un\u2019invenzione della destra atlantica dopo decenni di economia keynesiana<\/span><\/span><\/a><\/u><\/span><span style=\"font-family: Times New Roman, serif;\"><span style=\"font-size: medium;\"> ? \u2026 Non \u00e8 stata <\/span><\/span><span style=\"color: #0000ff;\"><u><a class=\"western\" href=\"https:\/\/www.youtube.com\/watch?v=xATyP9qvy6k\"><span style=\"font-family: Times New Roman, serif;\"><span style=\"font-size: medium;\">un\u2019iniziativa di Ronald Reagan e di Margareth Thatcher che poi volenti o nolenti ci siamo portati dietro nei decenni successivi<\/span><\/span><\/a><\/u><\/span><span style=\"font-family: Times New Roman, serif;\"><span style=\"font-size: medium;\"> ? \u2026 La parola \u201clibero mercato\u201d non era sulla bocca di tutti i vari portavoce di Berlusconi nella sua prima campagna elettorale del 1993-94 ? <\/span><\/span><\/p>\n<p><span style=\"font-family: Times New Roman, serif;\"><span style=\"font-size: medium;\">L\u2019icona principale \u00e8 stata poi sempre in quel periodo l\u2019apparizione improvvisa di un uomo che non avevo mai sentito o che, qualora lo avessi mai sentito, era stato per me cos\u00ec insignificante che non avevo avuto il bisogno di tenerlo a mente: George Soros !<\/span><\/span><\/p>\n<p><span style=\"font-family: Times New Roman, serif;\"><span style=\"font-size: medium;\">Dopo un paio di mesi che il suo nome ricorreva in ogni angolo della rete, una parte di me si augurava sinceramente di non incontrarlo mai dato che dalla sua immagine costruita sul web mi appariva come un misto tra Sauron, Voldemort e Keyser Soze; un\u2019altra parte si augurava invece di incontrarlo perch\u00e9 da quel che veniva raccontato su di lui sembrava in grado di elargire soldi all\u2019intero pianeta per i servizi pi\u00f9 strani. <\/span><\/span><\/p>\n<p><span style=\"font-family: Times New Roman, serif;\"><span style=\"font-size: medium;\">Qualcosa non mi tornava ! \u2026 Non mi tornava che tutto questo romanzo di fantapolitica arrivasse in maggioranza da destra oltre che da una <i>sparuta sinistra estrema<\/i>, ma quello che mi tornava ancora meno era il fatto che dall\u2019altra sinistra, la sinistra che per molti versi non poteva pi\u00f9 esser definita tale e alla quale in quel momento sembravano essere attribuiti tutti questi elementi di odio mediatico, nessuno alzava una sillaba per cercare di contraddire questa marea di leggende metropolitane che le venivano attribuite.<\/span><\/span><\/p>\n<p><span style=\"font-family: Times New Roman, serif;\"><span style=\"font-size: medium;\">Mi sono accorto nello stesso tempo che diverse mie conoscenze vicine e lontane, se non addirittura parenti, erano finite vittime di quella che ai miei occhi appariva sempre pi\u00f9 come una farsa mediatica.<\/span><\/span><\/p>\n<p><span style=\"font-family: Times New Roman, serif;\"><span style=\"font-size: medium;\">Passano i mesi, passa tutto il 2017 ed il primo 2018, durante tutto tale periodo continuano ad apparire i video in cui gli euro parlamentari inglesi aggrediscono verbalmente l\u2019UE accusandola di dirigismo, mentre non si contano pi\u00f9 i commenti di disapprovazione all\u2019Europa riportati negli stessi video.<\/span><\/span><\/p>\n<p><span style=\"font-family: Times New Roman, serif;\"><span style=\"font-size: medium;\">Compaiono nuovi video del <i>ragazzino influecer<\/i> che avevo visto tempo prima: ora \u00e8 cresciuto e viene invitato in alcuni programmi televisivi a propagandare le sue idee catto-fasciste servite con un\u2019etichetta di sinistra.<\/span><\/span><\/p>\n<p><span style=\"font-family: Times New Roman, serif;\"><span style=\"font-size: medium;\">Si presenta come un marxista, ma parla come un fanatico della destra hegeliana.<\/span><\/span><\/p>\n<p><span style=\"font-family: Times New Roman, serif;\"><span style=\"font-size: medium;\">Scopro finalmente il suo vero nome: Diego Fusaro ! \u2026 Allievo del fu <\/span><\/span><span style=\"color: #0000ff;\"><u><a class=\"western\" href=\"https:\/\/it.wikipedia.org\/wiki\/Costanzo_Preve\"><span style=\"font-family: Times New Roman, serif;\"><span style=\"font-size: medium;\">Costanzo Preve<\/span><\/span><\/a><\/u><\/span><span style=\"font-family: Times New Roman, serif;\"><span style=\"font-size: medium;\"> che a sua volta era un grande apprezzatore di Ratzinger, nonch\u00e9 autore dello slogan <\/span><\/span><span style=\"font-family: Times New Roman, serif;\"><span style=\"font-size: medium;\"><i>Religione dei Diritti Umani<\/i><\/span><\/span><span style=\"font-family: Times New Roman, serif;\"><span style=\"font-size: medium;\">, nonch\u00e9 uno dei primi utilizzatori del termine <\/span><\/span><span style=\"font-family: Times New Roman, serif;\"><span style=\"font-size: medium;\"><i>Nuovo Ordine Mondiale<\/i><\/span><\/span><span style=\"font-family: Times New Roman, serif;\"><span style=\"font-size: medium;\">, nonch\u00e9 creatore della corrente filosofica che allo scrivente potrebbe tranquillamente apparire con la definizione di <\/span><\/span><span style=\"font-family: Times New Roman, serif;\"><span style=\"font-size: medium;\"><i>polemismo autoreferenziale<\/i><\/span><\/span><span style=\"font-family: Times New Roman, serif;\"><span style=\"font-size: medium;\">. <\/span><\/span><\/p>\n<p><span style=\"font-family: Times New Roman, serif;\"><span style=\"font-size: medium;\">Ho scoperto dopo che negli ambienti pi\u00f9 altolocati della cultura italiana tali personaggi vengono definiti rosso-bruni perch\u00e9 effettivamente lo stesso Preve ha pi\u00f9 volte richiamato nelle sue opere il superamento del dualismo destra-sinistra, concetto che di per se stesso sotto alcune condizioni sarebbe anche plausibile se non fosse che di fatto in Italia si \u00e8 tradotto in un semplice e rozzo <i>travestimento di sinistra<\/i> da parte della peggiore destra nostrana.<\/span><\/span><\/p>\n<p><span style=\"font-family: Times New Roman, serif;\"><span style=\"font-size: medium;\">In tale sede Preve \u00e8 diventato addirittura una sorta di idolo per alcuni fan della suddetta destra che si atteggia ad essere intellettuale.<\/span><\/span><\/p>\n<p><span style=\"font-family: Times New Roman, serif;\"><span style=\"font-size: medium;\">Col tempo compaiono anche un po\u2019 di ulteriori informazioni interessanti su chi sia il Sig. Paolo Barnard, sui suoi rapporti con Casapound, e sui suoi <\/span><\/span><span style=\"color: #0000ff;\"><u><a class=\"western\" href=\"https:\/\/www.giornalettismo.com\/lincontro-con-paolo-barnard-e-povia-sulla-memmt\/\"><span style=\"font-family: Times New Roman, serif;\"><span style=\"font-size: medium;\">rapporti di attivismo con Giuseppe Povia<\/span><\/span><\/a><\/u><\/span><span style=\"font-family: Times New Roman, serif;\"><span style=\"font-size: medium;\"> nella diffusione della MMT (stiamo parlando proprio del Giuseppe Povia dei \u201c<\/span><\/span><span style=\"font-family: Times New Roman, serif;\"><span style=\"font-size: medium;\"><i>Bambini fanno ooh<\/i><\/span><\/span><span style=\"font-family: Times New Roman, serif;\"><span style=\"font-size: medium;\">\u201d e di \u201c<\/span><\/span><span style=\"font-family: Times New Roman, serif;\"><span style=\"font-size: medium;\"><i>Luca era gay<\/i><\/span><\/span><span style=\"font-family: Times New Roman, serif;\"><span style=\"font-size: medium;\">\u201d \u2026 un nome: una garanzia !).<\/span><\/span><\/p>\n<p><span style=\"font-family: Times New Roman, serif;\"><span style=\"font-size: medium;\">Arriva anche il nuovo intellettuale antieuropeista dell\u2019ultima ora Francesco Amodeo che viene <\/span><\/span><span style=\"color: #0000ff;\"><u><a class=\"western\" href=\"https:\/\/www.youtube.com\/watch?v=3Aqp9VXM1Pk\"><span style=\"font-family: Times New Roman, serif;\"><span style=\"font-size: medium;\">invitato sempre su CANALE ITALIA<\/span><\/span><\/a><\/u><\/span><span style=\"font-family: Times New Roman, serif;\"><span style=\"font-size: medium;\"> (rete televisiva regionale presente nella maggior parte delle \u201cterre leghiste\u201d del nord est) per pubblicizzare il suo libro <\/span><\/span><span style=\"color: #0000ff;\"><u><a class=\"western\" href=\"https:\/\/www.francescoamodeo.it\/books\/la-matrix-europea-ed-2019\/\"><span style=\"font-family: Times New Roman, serif;\"><span style=\"font-size: medium;\">LA MATRIX EUROPEA<\/span><\/span><\/a><\/u><\/span><span style=\"font-family: Times New Roman, serif;\"><span style=\"font-size: medium;\">, ossia un\u2019opera che, pur facendo riferimento a dati oggettivi riscontrabili, costruisce una trama artificiale dietro la creazione dell\u2019Unione Europea la cui coerenza nell\u2019unire tutti i vari elementi probatori in alcuni momenti appare di gran lunga meno credibile delle considerazioni dei pastafariani che indicano il calo della pirateria come motivo dell\u2019aumento del riscaldamento globale.<\/span><\/span><\/p>\n<p><span style=\"font-family: Times New Roman, serif;\"><span style=\"font-size: medium;\">Ma la rete che pi\u00f9 di tutte gioca un ruolo dominante in questa strategia \u00e8 Byoblu perch\u00e9 con estremo garbo mediatico riesce a crearsi un\u2019aura di credibilit\u00e0 invitando anche alcuni personaggi di spicco che mai ci saremmo augurati di vedervi.<\/span><\/span><\/p>\n<p><span style=\"font-family: Times New Roman, serif;\"><span style=\"font-size: medium;\">In questo nuovo approccio che sembra studiato a tavolino, i quotidiani escono la mattina, i telegiornali arrivano ad orari cadenzati, mentre Facebook, Twitter, Youtube e Whatsup raggiungono ogni singolo utente in ogni istante della giornata: ogni cittadino dotato di uno smartphone pu\u00f2 essere bombardato costantemente come il maestro Goebbels insegnava.<\/span><\/span><\/p>\n<p><span style=\"font-family: Times New Roman, serif;\"><span style=\"font-size: medium;\">Il terreno mediatico \u00e8 stato cos\u00ec ben imbevuto di un bell\u2019antieuropeismo nazionalista, chiamarlo \u201cterreno\u201d anche in senso figurato sarebbe un azzardo perch\u00e9 in realt\u00e0 somiglia pi\u00f9 ad una palude mefitica dove il primo \u201cvuoto a perdere mentale\u201d pu\u00f2 sparare i suoi slogan estremisti attraverso il mezzo telematico che preferisce.<\/span><\/span><\/p>\n<p><span style=\"font-family: Times New Roman, serif;\"><span style=\"font-size: medium;\">In teoria i tre indizi che costituirebbero la prova li avremmo totalizzati da un pezzo, ma ci manca ancora il movente di tutta questa manovra.<\/span><\/span><\/p>\n<p><span style=\"font-family: Times New Roman, serif;\"><span style=\"font-size: medium;\">Lo scenario \u00e8 pronto per le elezioni del 2018, le parole d\u2019ordine principali, ripetute come un mantra in ogni social e su ogni media disponibile, sono:<\/span><\/span><\/p>\n<ul>\n<li><span style=\"font-family: Times New Roman, serif;\"><span style=\"font-size: medium;\">L\u2019unione Europea \u00e8 un complotto per levare la sovranit\u00e0 monetaria agli stati<\/span><\/span><\/li>\n<li><span style=\"font-family: Times New Roman, serif;\"><span style=\"font-size: medium;\">Le \u00e9lite di burocrati ci opprimono con il loro dirigismo<\/span><\/span><\/li>\n<li><span style=\"font-family: Times New Roman, serif;\"><span style=\"font-size: medium;\">I politici del PD (i pdioti) sono traditori della patria perch\u00e9 ci hanno portato nell\u2019euro senza consenso popolare <\/span><\/span><\/li>\n<li><span style=\"font-family: Times New Roman, serif;\"><span style=\"font-size: medium;\">I Comunisti hanno creato il capitalismo liberista privatizzando tutto<\/span><\/span><\/li>\n<li><span style=\"font-family: Times New Roman, serif;\"><span style=\"font-size: medium;\">Il piano Kalergi vuole sostituire la popolazione occidentale con le popolazioni musulmane di colore<\/span><\/span><\/li>\n<li><span style=\"font-family: Times New Roman, serif;\"><span style=\"font-size: medium;\">Non vogliamo finire come la Grecia<\/span><\/span><\/li>\n<li><span style=\"font-family: Times New Roman, serif;\"><span style=\"font-size: medium;\">Tutti quelli che sono schierati contro tali posizioni sono pagati da Soros <\/span><\/span><\/li>\n<\/ul>\n<p><span style=\"font-family: Times New Roman, serif;\"><span style=\"font-size: medium;\">In questa sede non intendo fare alcun commento sul governo giallo-verde che ne \u00e8 uscito fuori perch\u00e9 sarebbe uno sparare sulla croce rossa, ma voglio arrivare direttamente alla caduta dello stesso perch\u00e9 proprio in quei giorni sale agli onori della cronaca il famoso \u201c<\/span><\/span><span style=\"color: #0000ff;\"><u><a class=\"western\" href=\"https:\/\/www.repubblica.it\/politica\/2019\/07\/15\/news\/savoini_e_il_caso_lega_russia_cosa_c_e_da_sapere-231235410\/\"><span style=\"font-family: Times New Roman, serif;\"><span style=\"font-size: medium;\">Empeachment Savoini<\/span><\/span><\/a><\/u><\/span><span style=\"font-family: Times New Roman, serif;\"><span style=\"font-size: medium;\">\u201d. <\/span><\/span><\/p>\n<p><span style=\"font-family: Times New Roman, serif;\"><span style=\"font-size: medium;\">Come mai la Russia sarebbe stata tanto interessata a finanziare la campagna elettorale della Lega ? <\/span><\/span><\/p>\n<p><span style=\"font-family: Times New Roman, serif;\"><span style=\"font-size: medium;\">Qui le cose iniziano a rivelare un sentore che aleggiava nell\u2019aria da tempo: dopo le sospette intromissioni telematiche degli influencer di Putin nelle elezioni americane, per quale ragione un ex presidente del KGB non dovrebbe utilizzare la stessa arma contro la ben pi\u00f9 debole Europa ?<\/span><\/span><\/p>\n<p><span style=\"font-family: Times New Roman, serif;\"><span style=\"font-size: medium;\">E se anche oltre oceano si fosse fatto uso di tecniche similari sempre contro l\u2019Europa ?<\/span><\/span><\/p>\n<p><span style=\"font-family: Times New Roman, serif;\"><span style=\"font-size: medium;\">Guarda caso agli inizi del 2019 su INTERNAZIONALE appare <\/span><\/span><span style=\"color: #0000ff;\"><u><a class=\"western\" href=\"https:\/\/www.internazionale.it\/notizie\/hannes-grassegger\/2020\/02\/14\/nemico-soros\"><span style=\"font-family: Times New Roman, serif;\"><span style=\"font-size: medium;\">un articolo<\/span><\/span><\/a><\/u><\/span><span style=\"font-family: Times New Roman, serif;\"><span style=\"font-size: medium;\"> che spiegava come fosse nato il <\/span><\/span><span style=\"font-family: Times New Roman, serif;\"><span style=\"font-size: medium;\"><i>fenomeno del demone Soros<\/i><\/span><\/span><span style=\"font-family: Times New Roman, serif;\"><span style=\"font-size: medium;\"> ad opera dello stratega politico americano <\/span><\/span><span style=\"color: #0000ff;\"><u><a class=\"western\" href=\"https:\/\/en.wikipedia.org\/wiki\/Arthur_J._Finkelstein\"><span style=\"font-family: Times New Roman, serif;\"><span style=\"font-size: medium;\">Arthur Finkelstein<\/span><\/span><\/a><\/u><\/span><span style=\"font-family: Times New Roman, serif;\"><span style=\"font-size: medium;\"> e che improvvisamente rende plausibile tale ipotesi.<\/span><\/span><\/p>\n<p><span style=\"font-family: Times New Roman, serif;\"><span style=\"font-size: medium;\">Non che con tale articolo si voglia sollevare Soros dalle sue responsabilit\u00e0, ma certo la sua figura ne esce ampiamente ridimensionata. <\/span><\/span><\/p>\n<p><span style=\"font-family: Times New Roman, serif;\"><span style=\"font-size: medium;\">Fin qui si pu\u00f2 capire come mai due superpotenze temano la nascita di una terza sul vecchio continente al punto da arrivare a finanziare dei partiti politici al suo interno che si oppongano a tale intento, ma chi all\u2019interno dei singoli stati dell\u2019UE avrebbe interesse a sabotare l\u2019unione ?<\/span><\/span><\/p>\n<p><span style=\"font-family: Times New Roman, serif;\"><span style=\"font-size: medium;\">In teoria troppi sarebbero i soggetti che hanno un tale interesse ed una traccia l\u2019abbiamo avuta dalla stessa Brexit: non \u00e8 un fatto molto noto, ma nel Regno Unito esiste il federalismo fiscale, nel senso che chi vive a Londra paga un botto di tasse mentre esiste una cricca di plutocrati straricchi che hanno la possibilit\u00e0 di trasferire la propria residenza nonch\u00e9 la sede della propria attivit\u00e0 nelle isole del canale (i famosi <\/span><\/span><span style=\"color: #0000ff;\"><u><a class=\"western\" href=\"https:\/\/www.italiaoggi.it\/news\/gran-bretagna-primo-paradiso-fiscale-2361966\"><span style=\"font-family: Times New Roman, serif;\"><span style=\"font-size: medium;\">paradisi fiscali del Regno Unito<\/span><\/span><\/a><\/u><\/span><span style=\"font-family: Times New Roman, serif;\"><span style=\"font-size: medium;\">) avendo tasse infinitamente pi\u00f9 leggere e scaricando cos\u00ec l&#8217;onere fiscale sul resto della popolazione britannica e creando cos\u00ec una bella diseguaglianza sociale; l&#8217;UE aveva imposto di mettere fine a questa disparit\u00e0 e questa \u00e8 stata la causa cha ha spinto i conservatori inglesi a soffiare sul fuoco della Brexit (per conservare i propri luridi privilegi) inventando campagne diffamatorie costruite su notizie false condizionando lo stesso elettorato; si tratta degli stessi individui che su youtube <\/span><\/span><span style=\"color: #0000ff;\"><u><a class=\"western\" href=\"https:\/\/www.youtube.com\/watch?v=pdrczz4hiPc\"><span style=\"font-family: Times New Roman, serif;\"><span style=\"font-size: medium;\">inveivano contro il parlamento Europeo<\/span><\/span><\/a><\/u><\/span><span style=\"font-family: Times New Roman, serif;\"><span style=\"font-size: medium;\"> accusando gli eurodeputati di essere evasori fiscali (classico esempio di \u201c<\/span><\/span><span style=\"font-family: Times New Roman, serif;\"><span style=\"font-size: medium;\"><i>Alce che dice cornuto all\u2019orso<\/i><\/span><\/span><span style=\"font-family: Times New Roman, serif;\"><span style=\"font-size: medium;\">\u201d) e accusando di &#8220;dirigismo&#8221; una Unione Europea che non chiedeva nient&#8217;altro che la parit\u00e0 di trattamento dei propri cittadini.<\/span><\/span><\/p>\n<p><span style=\"font-family: Times New Roman, serif;\"><span style=\"font-size: medium;\">Noi in Italia non abbiamo una simile situazione che giustificherebbe l\u2019Italexit, ma ne abbiamo avuta una non certo migliore di cui abbiamo visto gli effetti tra la fine degli anni 40 e l\u2019inizio degli anni 90 del XX secolo: tra i primi governi democristiani e gli ultimi governi del pentapartito.<\/span><\/span><\/p>\n<p><span style=\"font-family: Times New Roman, serif;\"><span style=\"font-size: medium;\">In quel tempo in cui l\u2019Italia era uno stato-nazione aveva la sovranit\u00e0 monetaria quindi chi era al governo aveva la mano sul rubinetto del denaro da immettere nel sistema economico nonch\u00e9 libera facolt\u00e0 di emettere Bot a pi\u00f9 non posso aumentando a piacimento tanto l\u2019inflazione quanto il debito pubblico: i due elementi che Barnard ha sempre presentato come \u201ctrappole propagandistiche per levare sovranit\u00e0 agli stati\u201d glissando sul fatto che a causa di tale politica nei primi anni 90 la lira era una delle peggiori valute del pianeta (se non la peggiore) e che <\/span><\/span><span style=\"color: #0000ff;\"><u><a class=\"western\" href=\"https:\/\/www.youtube.com\/watch?v=30n2M1OhrS0&amp;fbclid=IwAR3OoAqpiSlza4MB2rUzWFMHlUpRRZ8BE77fY0rH3qzU4kyKrBTB_oepfBc\"><span style=\"font-family: Times New Roman, serif;\"><span style=\"font-size: medium;\">gli anni 80 non erano poi questa et\u00e0 dell\u2019oro a cui siamo stati strappati dalla cattiva Europa<\/span><\/span><\/a><\/u><\/span><span style=\"font-family: Times New Roman, serif;\"><span style=\"font-size: medium;\">. <\/span><\/span><\/p>\n<p><span style=\"font-family: Times New Roman, serif;\"><span style=\"font-size: medium;\">Lo scopo di questa enorme massa di denaro era quello di finanziare grandi appalti statali (molti dei quali servivano per realizzare cattedrali nel deserto) da assegnare ad una certa imprenditoria che ricambiava con consenso politico e tangenti di stato garantendo cos\u00ec la permanenza al governo del <i>dispensatore di valuta<\/i>.<\/span><\/span><\/p>\n<p><span style=\"font-family: Times New Roman, serif;\"><span style=\"font-size: medium;\">Adesso questo gioco, con la valuta che viene emessa solo dalla BCE e con il pareggio di bilancio imposto dall\u2019UE, non si pu\u00f2 pi\u00f9 fare e ci si deve accontentare delle poche tangenti realizzabili con la valuta in circolazione.<\/span><\/span><\/p>\n<p><a name=\"_GoBack\"><\/a><span style=\"font-family: Times New Roman, serif;\"><span style=\"font-size: medium;\">Chi sta al governo si deve inventare altri trucchetti per poter conservare all\u2019infinito la propria presenza sulle poltrone istituzionali e non sempre i nuovi trucchetti permettono di sopravvivere tra una legislatura e l\u2019altra: forse se dobbiamo ringraziare l\u2019Europa di qualcosa \u00e8 soprattutto per averci finalmente garantito un\u2019alternanza al governo.<\/span><\/span><\/p>\n<p><span style=\"font-family: Times New Roman, serif;\"><span style=\"font-size: medium;\">Ecco spiegato il perch\u00e9 di questa marea di slogan antieuropeisti cos\u00ec violenta: una massa di analfabeti funzionali, a cui \u00e8 stata messa in testa l\u2019idea che fuori dai confini qualcuno ci vuole tanto male, spinti a fare quadrato intorno ad una <i>presunta violazione della sovranit\u00e0 nazionale<\/i> per i loschi interessi del clientelismo politico nostrano. <\/span><\/span><\/p>\n<p><span style=\"font-family: Times New Roman, serif;\"><span style=\"font-size: medium;\">Stessa tecnica della Brexit, ma per interessi leggermente diversi.<\/span><\/span><\/p>\n<p><span style=\"font-family: Times New Roman, serif;\"><span style=\"font-size: medium;\">Arriva la pandemia COVID-19 ed il gioco si fa pi\u00f9 pericoloso: <\/span><\/span><span style=\"color: #0000ff;\"><u><a class=\"western\" href=\"https:\/\/www.lucalovisolo.ch\/internazionale\/attualita\/perche-litalia-pensa-che-leuropa-non-la-aiuti.html?fbclid=IwAR32dGx6WcB6Ztzn1sPg5xdZCNbejwiHjFFTJxt85AwhOs4SSeLXfHQXm0E\"><span style=\"font-family: Times New Roman, serif;\"><span style=\"font-size: medium;\">il nuovo slogan \u00e8 che l\u2019Europa non ci aiuta<\/span><\/span><\/a><\/u><\/span><span style=\"font-family: Times New Roman, serif;\"><span style=\"font-size: medium;\">. <\/span><\/span><\/p>\n<p><span style=\"font-family: Times New Roman, serif;\"><span style=\"font-size: medium;\">Le <\/span><\/span><span style=\"color: #0000ff;\"><u><a class=\"western\" href=\"https:\/\/www.paolotuttotroppo.it\/unione-europea-e-coronavirus-tutte-le-bufale\/?mc_cid=ac194c10da&amp;mc_eid=a99e310cfc\"><span style=\"font-family: Times New Roman, serif;\"><span style=\"font-size: medium;\">fake news sull\u2019Europa<\/span><\/span><\/a><\/u><\/span><span style=\"font-family: Times New Roman, serif;\"><span style=\"font-size: medium;\"> non si contano pi\u00f9 ed intanto le ipotesi di coinvolgimento di <\/span><\/span><span style=\"color: #0000ff;\"><u><a class=\"western\" href=\"https:\/\/www.repubblica.it\/esteri\/2020\/04\/01\/news\/coronavirus_le_fake_news_che_destabilizzano_l_ue_a_favore_di_russia_e_cina-252885347\/?fbclid=IwAR19FAFDzfAGaygzElEyGpD6euYY97zeRnlbisbSx7VDJWEM8n2hE8L5fFg\"><span style=\"font-family: Times New Roman, serif;\"><span style=\"font-size: medium;\">interessi stranieri nella propaganda anti-UE<\/span><\/span><\/a><\/u><\/span><span style=\"font-family: Times New Roman, serif;\"><span style=\"font-size: medium;\"> iniziano a diventare terribilmente verosimili.<\/span><\/span><\/p>\n<p><span style=\"font-family: Times New Roman, serif;\"><span style=\"font-size: medium;\">Lega e FdI attaccano il PD che avrebbe fatto chiudere il Forlanini a Roma, ma glissano sulla regionalizzazione della sanit\u00e0 voluta dalla Lega all\u2019epoca di Bossi, glissano sulle privatizzazioni della sanit\u00e0 in Lombardia targate Lega-Formigoni che hanno portato allo sfacelo delle strutture in quella regione.<\/span><\/span><\/p>\n<p><span style=\"font-family: Times New Roman, serif;\"><span style=\"font-size: medium;\">Durante le settimane della pandemia la Lombardia amministrata dalla Lega registra il pi\u00f9 alto numero di contagiati dell\u2019intero paese ed oltre la met\u00e0 dei decessi, il tutto accompagnato da <\/span><\/span><span style=\"color: #0000ff;\"><u><a class=\"western\" href=\"https:\/\/www.tpi.it\/cronaca\/regione-lombardia-ospedali-covid-19-febbraio-20200325573169\/\"><span style=\"font-family: Times New Roman, serif;\"><span style=\"font-size: medium;\">risposte da liceali via mail ai medici<\/span><\/span><\/a><\/u><\/span><span style=\"font-family: Times New Roman, serif;\"><span style=\"font-size: medium;\"> che suggerivano di realizzare strutture per fronteggiare l&#8217;epidemia, procedure epidemiologiche ignorate in tutte la ASL territoriali, mappatura del contagio mai effettuata, e mentre il personale medico all&#8217;interno delle strutture sanitarie \u00e8 carente di equipaggiamento protettivo, il Governatore Fontana fa spendere qualche decina di migliaia di euro per far pubblicit\u00e0 su tutti i media a quanto la presunta &#8220;collaborazione tra pubblico e privato&#8221; sarebbe riuscita a sconfiggere la pandemia (si \u00e8 visto !); praticamente nel bel mezzo della pandemia per lui \u00e8 stato pi\u00f9 importante fare propaganda alla presunta bont\u00e0 delle \u201cprivatizzazioni Lega-Formigoni\u201d della sanit\u00e0 piuttosto che salvare vite. <\/span><\/span><\/p>\n<p><span style=\"font-family: Times New Roman, serif;\"><span style=\"font-size: medium;\">Ancora Lega e FdI attaccano il MES pronosticando l\u2019apocalisse e sbandierando la cattiveria Europea (portata avanti da Olanda e Germania) che non vorrebbero gli EUROBOND, finch\u00e9 non viene fuori che furono proprio loro durante il governo del 2011 ad approvare il MES, ma quando si tratta di votare gli EUROBOND per evitare il ricorso al MES la Lega vota contro.<\/span><\/span><\/p>\n<p><span style=\"font-family: Times New Roman, serif;\"><span style=\"font-size: medium;\">Gli EUROBOND avrebbero smorzato la polemica ed il malcontento sul MES e la Lega non pu\u00f2 permetterselo perch\u00e9 deve tenere alto il livello dello scontro politico anche nel mezzo di una catastrofe che coinvolge l\u2019intero continente.<\/span><\/span><\/p>\n<p><span style=\"font-family: Times New Roman, serif;\"><span style=\"font-size: medium;\">Ma il film non \u00e8 ancora finito perch\u00e9 frugando tra le notizie di agenzia viene fuori che la corrente politica che in Germania che si oppone agli EUROBOND <\/span><\/span><span style=\"color: #0000ff;\"><u><a class=\"western\" href=\"https:\/\/www.nextquotidiano.it\/indovinate-chi-in-germania-e-contrario-agli-eurobond-per-il-coronavirus-spoiler-un-amico-di-salvini\/?fbclid=IwAR0euOQQTnYhIZ3tRNJLxEUa_NbMY875JHhUCSS2iagm4l9ELoDxywbv1Gw\"><span style=\"font-family: Times New Roman, serif;\"><span style=\"font-size: medium;\">\u00e8 legata a filo quadruplo con Salvini<\/span><\/span><\/a><\/u><\/span><span style=\"font-family: Times New Roman, serif;\"><span style=\"font-size: medium;\"> mentre la corrente omologa dell\u2019Olanda <\/span><\/span><span style=\"color: #0000ff;\"><u><a class=\"western\" href=\"https:\/\/www.google.com\/amp\/s\/www.ansa.it\/amp\/sito\/notizie\/politica\/2020\/04\/09\/m5s-meloni-patriota-si-allea-con-nemici_42edbd74-db53-413b-bc47-1f6e7f673949.html\"><span style=\"font-family: Times New Roman, serif;\"><span style=\"font-size: medium;\">\u00e8 legata a filo quadruplo con la Meloni<\/span><\/span><\/a><\/u><\/span><span style=\"font-family: Times New Roman, serif;\"><span style=\"font-size: medium;\">.<\/span><\/span><\/p>\n<p><span style=\"font-family: Times New Roman, serif;\"><span style=\"font-size: medium;\">Si delineano cos\u00ec i contorni di una <i>internazionale sovranista <\/i>le cui intenzioni distruttive sono oramai ben chiare: disgregare l\u2019Unione Europea con qualsiasi mezzo e con il sostegno di forze esterne per i luridi interessi locali di qualche \u00e9lite.<\/span><\/span><\/p>\n<p><span style=\"font-family: Times New Roman, serif;\"><span style=\"font-size: medium;\">Al termine di questa analisi viene legittimo porsi la domanda su chi sarebbe il vero traditore del proprio paese.<\/span><\/span><\/p>\n<p>&nbsp;<\/p>\n<p><strong>Francesco Saverio Paoletti<\/strong><\/p>\n","protected":false},"excerpt":{"rendered":"<p>&nbsp; &nbsp; Da qualche anno il mio attivismo \u00e8 piuttosto contenuto: i vecchi tempi me li sono lasciati alle spalle perch\u00e9 si vive una volta sola, ma non ho smesso di tenere sotto controllo quello che mi accade intorno ed il fatto di non guardarlo con la stessa attenzione quotidiana che avevo pi\u00f9 di dieci [&hellip;]<\/p>\n","protected":false},"author":7,"featured_media":0,"comment_status":"closed","ping_status":"closed","sticky":false,"template":"","format":"standard","meta":{"footnotes":""},"categories":[238,234],"tags":[1986,466,1952,1985,6],"class_list":["post-16969","post","type-post","status-publish","format-standard","hentry","category-articoli","category-storia","tag-analisi","tag-europa","tag-francesco-saverio-paoletti","tag-sovranismo","tag-storia"],"yoast_head":"<!-- This site is optimized with the Yoast SEO plugin v27.1.1 - https:\/\/yoast.com\/product\/yoast-seo-wordpress\/ -->\n<title>LA FARSA CRIMINOSA DEL SOVRANISMO - Associazione Culturale Civilt\u00e0 Laica<\/title>\n<meta name=\"description\" content=\"Un&#039;analisi spietata che ridicolizza il sovranismo nazionale. L&#039;Europa non \u00e8 la panacea di tutti i mali ma di certo neanche questo improponibile sovranismo.\" \/>\n<meta name=\"robots\" content=\"index, follow, max-snippet:-1, max-image-preview:large, max-video-preview:-1\" \/>\n<link rel=\"canonical\" href=\"https:\/\/www.civiltalaica.it\/cms\/la-farsa-criminosa-del-sovranismo\/\" \/>\n<meta property=\"og:locale\" content=\"it_IT\" \/>\n<meta property=\"og:type\" content=\"article\" \/>\n<meta property=\"og:title\" content=\"LA FARSA CRIMINOSA DEL SOVRANISMO - Associazione Culturale Civilt\u00e0 Laica\" \/>\n<meta property=\"og:description\" content=\"Un&#039;analisi spietata che ridicolizza il sovranismo nazionale. L&#039;Europa non \u00e8 la panacea di tutti i mali ma di certo neanche questo improponibile sovranismo.\" \/>\n<meta property=\"og:url\" content=\"https:\/\/www.civiltalaica.it\/cms\/la-farsa-criminosa-del-sovranismo\/\" \/>\n<meta property=\"og:site_name\" content=\"Associazione Culturale Civilt\u00e0 Laica\" \/>\n<meta property=\"article:publisher\" content=\"https:\/\/www.facebook.com\/civiltalaica\" \/>\n<meta property=\"article:published_time\" content=\"2020-04-19T11:45:34+00:00\" \/>\n<meta property=\"og:image\" content=\"http:\/\/www.civiltalaica.it\/cms\/wp-content\/uploads\/2020\/04\/jaccuse.png\" \/>\n<meta name=\"author\" content=\"alexjc\" \/>\n<meta name=\"twitter:card\" content=\"summary_large_image\" \/>\n<meta name=\"twitter:label1\" content=\"Scritto da\" \/>\n\t<meta name=\"twitter:data1\" content=\"alexjc\" \/>\n\t<meta name=\"twitter:label2\" content=\"Tempo di lettura stimato\" \/>\n\t<meta name=\"twitter:data2\" content=\"14 minuti\" \/>\n<script type=\"application\/ld+json\" class=\"yoast-schema-graph\">{\"@context\":\"https:\/\/schema.org\",\"@graph\":[{\"@type\":\"Article\",\"@id\":\"https:\/\/www.civiltalaica.it\/cms\/la-farsa-criminosa-del-sovranismo\/#article\",\"isPartOf\":{\"@id\":\"https:\/\/www.civiltalaica.it\/cms\/la-farsa-criminosa-del-sovranismo\/\"},\"author\":{\"name\":\"alexjc\",\"@id\":\"https:\/\/www.civiltalaica.it\/cms\/#\/schema\/person\/4efef56f866329a1e0943eb27336df1d\"},\"headline\":\"LA FARSA CRIMINOSA DEL SOVRANISMO\",\"datePublished\":\"2020-04-19T11:45:34+00:00\",\"mainEntityOfPage\":{\"@id\":\"https:\/\/www.civiltalaica.it\/cms\/la-farsa-criminosa-del-sovranismo\/\"},\"wordCount\":2777,\"image\":{\"@id\":\"https:\/\/www.civiltalaica.it\/cms\/la-farsa-criminosa-del-sovranismo\/#primaryimage\"},\"thumbnailUrl\":\"http:\/\/www.civiltalaica.it\/cms\/wp-content\/uploads\/2020\/04\/jaccuse.png\",\"keywords\":[\"analisi\",\"europa\",\"francesco saverio paoletti\",\"sovranismo\",\"Storia\"],\"articleSection\":[\"articoli\",\"storia\"],\"inLanguage\":\"it-IT\"},{\"@type\":\"WebPage\",\"@id\":\"https:\/\/www.civiltalaica.it\/cms\/la-farsa-criminosa-del-sovranismo\/\",\"url\":\"https:\/\/www.civiltalaica.it\/cms\/la-farsa-criminosa-del-sovranismo\/\",\"name\":\"LA FARSA CRIMINOSA DEL SOVRANISMO - Associazione Culturale Civilt\u00e0 Laica\",\"isPartOf\":{\"@id\":\"https:\/\/www.civiltalaica.it\/cms\/#website\"},\"primaryImageOfPage\":{\"@id\":\"https:\/\/www.civiltalaica.it\/cms\/la-farsa-criminosa-del-sovranismo\/#primaryimage\"},\"image\":{\"@id\":\"https:\/\/www.civiltalaica.it\/cms\/la-farsa-criminosa-del-sovranismo\/#primaryimage\"},\"thumbnailUrl\":\"http:\/\/www.civiltalaica.it\/cms\/wp-content\/uploads\/2020\/04\/jaccuse.png\",\"datePublished\":\"2020-04-19T11:45:34+00:00\",\"author\":{\"@id\":\"https:\/\/www.civiltalaica.it\/cms\/#\/schema\/person\/4efef56f866329a1e0943eb27336df1d\"},\"description\":\"Un'analisi spietata che ridicolizza il sovranismo nazionale. L'Europa non \u00e8 la panacea di tutti i mali ma di certo neanche questo improponibile sovranismo.\",\"breadcrumb\":{\"@id\":\"https:\/\/www.civiltalaica.it\/cms\/la-farsa-criminosa-del-sovranismo\/#breadcrumb\"},\"inLanguage\":\"it-IT\",\"potentialAction\":[{\"@type\":\"ReadAction\",\"target\":[\"https:\/\/www.civiltalaica.it\/cms\/la-farsa-criminosa-del-sovranismo\/\"]}]},{\"@type\":\"ImageObject\",\"inLanguage\":\"it-IT\",\"@id\":\"https:\/\/www.civiltalaica.it\/cms\/la-farsa-criminosa-del-sovranismo\/#primaryimage\",\"url\":\"http:\/\/www.civiltalaica.it\/cms\/wp-content\/uploads\/2020\/04\/jaccuse.png\",\"contentUrl\":\"http:\/\/www.civiltalaica.it\/cms\/wp-content\/uploads\/2020\/04\/jaccuse.png\"},{\"@type\":\"BreadcrumbList\",\"@id\":\"https:\/\/www.civiltalaica.it\/cms\/la-farsa-criminosa-del-sovranismo\/#breadcrumb\",\"itemListElement\":[{\"@type\":\"ListItem\",\"position\":1,\"name\":\"Home\",\"item\":\"https:\/\/www.civiltalaica.it\/cms\/\"},{\"@type\":\"ListItem\",\"position\":2,\"name\":\"LA FARSA CRIMINOSA DEL SOVRANISMO\"}]},{\"@type\":\"WebSite\",\"@id\":\"https:\/\/www.civiltalaica.it\/cms\/#website\",\"url\":\"https:\/\/www.civiltalaica.it\/cms\/\",\"name\":\"Associazione Culturale Civilt\u00e0 Laica\",\"description\":\"Per un movimento culturale volto a difendere la Laicit\u00e0 dello Stato.\",\"potentialAction\":[{\"@type\":\"SearchAction\",\"target\":{\"@type\":\"EntryPoint\",\"urlTemplate\":\"https:\/\/www.civiltalaica.it\/cms\/?s={search_term_string}\"},\"query-input\":{\"@type\":\"PropertyValueSpecification\",\"valueRequired\":true,\"valueName\":\"search_term_string\"}}],\"inLanguage\":\"it-IT\"},{\"@type\":\"Person\",\"@id\":\"https:\/\/www.civiltalaica.it\/cms\/#\/schema\/person\/4efef56f866329a1e0943eb27336df1d\",\"name\":\"alexjc\",\"url\":\"https:\/\/www.civiltalaica.it\/cms\/author\/alexjc\/\"}]}<\/script>\n<!-- \/ Yoast SEO plugin. -->","yoast_head_json":{"title":"LA FARSA CRIMINOSA DEL SOVRANISMO - Associazione Culturale Civilt\u00e0 Laica","description":"Un'analisi spietata che ridicolizza il sovranismo nazionale. L'Europa non \u00e8 la panacea di tutti i mali ma di certo neanche questo improponibile sovranismo.","robots":{"index":"index","follow":"follow","max-snippet":"max-snippet:-1","max-image-preview":"max-image-preview:large","max-video-preview":"max-video-preview:-1"},"canonical":"https:\/\/www.civiltalaica.it\/cms\/la-farsa-criminosa-del-sovranismo\/","og_locale":"it_IT","og_type":"article","og_title":"LA FARSA CRIMINOSA DEL SOVRANISMO - Associazione Culturale Civilt\u00e0 Laica","og_description":"Un'analisi spietata che ridicolizza il sovranismo nazionale. L'Europa non \u00e8 la panacea di tutti i mali ma di certo neanche questo improponibile sovranismo.","og_url":"https:\/\/www.civiltalaica.it\/cms\/la-farsa-criminosa-del-sovranismo\/","og_site_name":"Associazione Culturale Civilt\u00e0 Laica","article_publisher":"https:\/\/www.facebook.com\/civiltalaica","article_published_time":"2020-04-19T11:45:34+00:00","og_image":[{"url":"http:\/\/www.civiltalaica.it\/cms\/wp-content\/uploads\/2020\/04\/jaccuse.png","type":"","width":"","height":""}],"author":"alexjc","twitter_card":"summary_large_image","twitter_misc":{"Scritto da":"alexjc","Tempo di lettura stimato":"14 minuti"},"schema":{"@context":"https:\/\/schema.org","@graph":[{"@type":"Article","@id":"https:\/\/www.civiltalaica.it\/cms\/la-farsa-criminosa-del-sovranismo\/#article","isPartOf":{"@id":"https:\/\/www.civiltalaica.it\/cms\/la-farsa-criminosa-del-sovranismo\/"},"author":{"name":"alexjc","@id":"https:\/\/www.civiltalaica.it\/cms\/#\/schema\/person\/4efef56f866329a1e0943eb27336df1d"},"headline":"LA FARSA CRIMINOSA DEL SOVRANISMO","datePublished":"2020-04-19T11:45:34+00:00","mainEntityOfPage":{"@id":"https:\/\/www.civiltalaica.it\/cms\/la-farsa-criminosa-del-sovranismo\/"},"wordCount":2777,"image":{"@id":"https:\/\/www.civiltalaica.it\/cms\/la-farsa-criminosa-del-sovranismo\/#primaryimage"},"thumbnailUrl":"http:\/\/www.civiltalaica.it\/cms\/wp-content\/uploads\/2020\/04\/jaccuse.png","keywords":["analisi","europa","francesco saverio paoletti","sovranismo","Storia"],"articleSection":["articoli","storia"],"inLanguage":"it-IT"},{"@type":"WebPage","@id":"https:\/\/www.civiltalaica.it\/cms\/la-farsa-criminosa-del-sovranismo\/","url":"https:\/\/www.civiltalaica.it\/cms\/la-farsa-criminosa-del-sovranismo\/","name":"LA FARSA CRIMINOSA DEL SOVRANISMO - Associazione Culturale Civilt\u00e0 Laica","isPartOf":{"@id":"https:\/\/www.civiltalaica.it\/cms\/#website"},"primaryImageOfPage":{"@id":"https:\/\/www.civiltalaica.it\/cms\/la-farsa-criminosa-del-sovranismo\/#primaryimage"},"image":{"@id":"https:\/\/www.civiltalaica.it\/cms\/la-farsa-criminosa-del-sovranismo\/#primaryimage"},"thumbnailUrl":"http:\/\/www.civiltalaica.it\/cms\/wp-content\/uploads\/2020\/04\/jaccuse.png","datePublished":"2020-04-19T11:45:34+00:00","author":{"@id":"https:\/\/www.civiltalaica.it\/cms\/#\/schema\/person\/4efef56f866329a1e0943eb27336df1d"},"description":"Un'analisi spietata che ridicolizza il sovranismo nazionale. L'Europa non \u00e8 la panacea di tutti i mali ma di certo neanche questo improponibile sovranismo.","breadcrumb":{"@id":"https:\/\/www.civiltalaica.it\/cms\/la-farsa-criminosa-del-sovranismo\/#breadcrumb"},"inLanguage":"it-IT","potentialAction":[{"@type":"ReadAction","target":["https:\/\/www.civiltalaica.it\/cms\/la-farsa-criminosa-del-sovranismo\/"]}]},{"@type":"ImageObject","inLanguage":"it-IT","@id":"https:\/\/www.civiltalaica.it\/cms\/la-farsa-criminosa-del-sovranismo\/#primaryimage","url":"http:\/\/www.civiltalaica.it\/cms\/wp-content\/uploads\/2020\/04\/jaccuse.png","contentUrl":"http:\/\/www.civiltalaica.it\/cms\/wp-content\/uploads\/2020\/04\/jaccuse.png"},{"@type":"BreadcrumbList","@id":"https:\/\/www.civiltalaica.it\/cms\/la-farsa-criminosa-del-sovranismo\/#breadcrumb","itemListElement":[{"@type":"ListItem","position":1,"name":"Home","item":"https:\/\/www.civiltalaica.it\/cms\/"},{"@type":"ListItem","position":2,"name":"LA FARSA CRIMINOSA DEL SOVRANISMO"}]},{"@type":"WebSite","@id":"https:\/\/www.civiltalaica.it\/cms\/#website","url":"https:\/\/www.civiltalaica.it\/cms\/","name":"Associazione Culturale Civilt\u00e0 Laica","description":"Per un movimento culturale volto a difendere la Laicit\u00e0 dello Stato.","potentialAction":[{"@type":"SearchAction","target":{"@type":"EntryPoint","urlTemplate":"https:\/\/www.civiltalaica.it\/cms\/?s={search_term_string}"},"query-input":{"@type":"PropertyValueSpecification","valueRequired":true,"valueName":"search_term_string"}}],"inLanguage":"it-IT"},{"@type":"Person","@id":"https:\/\/www.civiltalaica.it\/cms\/#\/schema\/person\/4efef56f866329a1e0943eb27336df1d","name":"alexjc","url":"https:\/\/www.civiltalaica.it\/cms\/author\/alexjc\/"}]}},"_links":{"self":[{"href":"https:\/\/www.civiltalaica.it\/cms\/wp-json\/wp\/v2\/posts\/16969","targetHints":{"allow":["GET"]}}],"collection":[{"href":"https:\/\/www.civiltalaica.it\/cms\/wp-json\/wp\/v2\/posts"}],"about":[{"href":"https:\/\/www.civiltalaica.it\/cms\/wp-json\/wp\/v2\/types\/post"}],"author":[{"embeddable":true,"href":"https:\/\/www.civiltalaica.it\/cms\/wp-json\/wp\/v2\/users\/7"}],"replies":[{"embeddable":true,"href":"https:\/\/www.civiltalaica.it\/cms\/wp-json\/wp\/v2\/comments?post=16969"}],"version-history":[{"count":2,"href":"https:\/\/www.civiltalaica.it\/cms\/wp-json\/wp\/v2\/posts\/16969\/revisions"}],"predecessor-version":[{"id":16972,"href":"https:\/\/www.civiltalaica.it\/cms\/wp-json\/wp\/v2\/posts\/16969\/revisions\/16972"}],"wp:attachment":[{"href":"https:\/\/www.civiltalaica.it\/cms\/wp-json\/wp\/v2\/media?parent=16969"}],"wp:term":[{"taxonomy":"category","embeddable":true,"href":"https:\/\/www.civiltalaica.it\/cms\/wp-json\/wp\/v2\/categories?post=16969"},{"taxonomy":"post_tag","embeddable":true,"href":"https:\/\/www.civiltalaica.it\/cms\/wp-json\/wp\/v2\/tags?post=16969"}],"curies":[{"name":"wp","href":"https:\/\/api.w.org\/{rel}","templated":true}]}}