{"id":16921,"date":"2020-04-05T15:47:27","date_gmt":"2020-04-05T15:47:27","guid":{"rendered":"http:\/\/www.civiltalaica.it\/cms\/?p=16921"},"modified":"2020-04-05T21:05:09","modified_gmt":"2020-04-05T21:05:09","slug":"qualcuno-era-complottista","status":"publish","type":"post","link":"https:\/\/www.civiltalaica.it\/cms\/qualcuno-era-complottista\/","title":{"rendered":"Qualcuno era complottista"},"content":{"rendered":"<p>&nbsp;<\/p>\n<p><a href=\"http:\/\/www.civiltalaica.it\/cms\/index.php\/qualcuno-era-complottista.html\/complotto-luna\" rel=\"attachment wp-att-16922\"><img loading=\"lazy\" decoding=\"async\" class=\"alignleft size-full wp-image-16922\" src=\"http:\/\/www.civiltalaica.it\/cms\/wp-content\/uploads\/2020\/04\/complotto-luna.jpg\" alt=\"\" width=\"640\" height=\"423\" srcset=\"https:\/\/www.civiltalaica.it\/cms\/wp-content\/uploads\/2020\/04\/complotto-luna.jpg 640w, https:\/\/www.civiltalaica.it\/cms\/wp-content\/uploads\/2020\/04\/complotto-luna-300x198.jpg 300w, https:\/\/www.civiltalaica.it\/cms\/wp-content\/uploads\/2020\/04\/complotto-luna-242x160.jpg 242w\" sizes=\"auto, (max-width: 640px) 100vw, 640px\" \/><\/a><\/p>\n<p>Qualcuno era complottista perch\u00e9 gliel\u2019avevano detto<\/p>\n<p>Qualcuno era complottista perch\u00e9 non gli avevano detto tutto<\/p>\n<p>Qualcuno era complottista perch\u00e9 l\u2019ultimo libro che aveva letto era il sussidiario di quinta elementare<\/p>\n<p>Qualcuno era complottista perch\u00e9 andava troppo al cinema<\/p>\n<p>Qualcuno era complottista perch\u00e9 aveva una vita cos\u00ec monotona, ma cos\u00ec monotona, che doveva movimentarla in qualche modo<\/p>\n<p>Qualcuno era complottista perch\u00e9 frequentava solo complottisti<\/p>\n<p>Qualcuno era complottista per avere un po\u2019 di visibilit\u00e0 sul web<\/p>\n<p>Qualcuno era complottista perch\u00e9 non aveva altro modo di vendere i libri di quinta categoria che scriveva<\/p>\n<p>Qualcuno era complottista perch\u00e8 \u201cDiego Fusaro \u00e8 un grande filosofo !\u201d<\/p>\n<p>Qualcuno era complottista perch\u00e9 dopo aver guardato i film di Oliver Stone vedeva ovunque il caso JFK<\/p>\n<p>Qualcuno era complottista per potersi sentire parte di un gruppo<\/p>\n<p>Qualcuno era complottista perch\u00e9 si era laureato all\u2019universit\u00e0 di google<\/p>\n<p>Qualcuno era complottista perch\u00e9 doveva trovare un nemico occulto da combattere<\/p>\n<p>Qualcuno era complottista perch\u00e9 guardava solo Byoblu<\/p>\n<p>Qualcuno era complottista per fare l\u2019anticonformista e scostarsi dal \u201cpensiero mainstream\u201d<\/p>\n<p>Qualcuno era complottista perch\u00e9 avrebbe voluto fare lo scrittore di fantascienza ma non sapeva scrivere<\/p>\n<p>Qualcuno era complottista perch\u00e9 chi era \u201ccontro\u201d era complottista<\/p>\n<p>Qualcuno era complottista per avere i suoi 15 minuti di notoriet\u00e0<\/p>\n<p>Qualcuno era complottista perch\u00e9 era per il \u201clibero pensiero\u201d ma non si rendeva conto che non esiste pensiero pi\u00f9 libero di quello delirante<\/p>\n<p>Qualcuno era complottista perch\u00e9 prima era stato troppo di destra o troppo di sinistra<\/p>\n<p>Qualcuno era complottista per far vedere che era informato sui fatti ma che non si era fermato alle apparenze<\/p>\n<p>Qualcuno era complottista perch\u00e9 credeva di sapere tutto di storia, di economia, di medicina, di storia militare, di biologia, di fisica, con un diploma di geometra<\/p>\n<p>Qualcuno era complottista perch\u00e9: \u201cLe torri gemelle, Bibbiano, il turbocapitalismo, i protocolli di Sion, la CIA, il piano Kalergi, il Nuovo Ordine mondiale, le multinazionali, il Panfilo Britannia, la massoneria e le trame sioniste \u2026 cazzo !\u201d<\/p>\n<p>Qualcuno era complottista perch\u00e9 voleva difendere l\u2019identit\u00e0 nazionale<\/p>\n<p>Qualcuno era complottista perch\u00e9 aveva confuso la libert\u00e0 di parola con la libert\u00e0 di diffondere bufale<\/p>\n<p>Qualcuno era complottista perch\u00e9 aveva enormi difficolt\u00e0 a recepire con precisione ci\u00f2 che leggeva o ascoltava<\/p>\n<p>Qualcuno era complottista perch\u00e9 aveva preso un po\u2019 troppo sul serio Beppe Grillo<\/p>\n<p>Qualcuno era complottista perch\u00e9 \u201ci comunisti e la sinistra hanno creato il capitalismo finanziario liberista\u201d<\/p>\n<p>Qualcuno era complottista perch\u00e9: \u201cDopo la Brexit \u2026 Italexit !\u201d<\/p>\n<p>Qualcuno era complottista perch\u00e9 rimpiangeva troppo gli anni 80 del XX\u00b0 secolo<\/p>\n<p>Qualcuno era complottista perch\u00e9 non sapeva dove stesse di casa la cultura<\/p>\n<p>Qualcuno era complottista perch\u00e9 credeva di sapere tutto su George Soros ma non aveva mai sentito a parlare di Arthur Finkelstein<\/p>\n<p>Qualcuno era complottista perch\u00e9: \u201cI Vaccini fanno venire l\u2019autismo !\u201d<\/p>\n<p>Qualcuno era complottista perch\u00e9 ce l\u2019aveva a morte con l\u2019Unione Europea<\/p>\n<p>Qualcuno era complottista perch\u00e9 era convinto di salvare il mondo \u2026 ma non si rendeva conto che con il suo agire otteneva esattamente l\u2019effetto contrario !<\/p>\n<p><strong>Francesco Saverio Paoletti (con ovvia ispirazione da Giorgio Gaber)\u00a0<\/strong><\/p>\n","protected":false},"excerpt":{"rendered":"<p>&nbsp; Qualcuno era complottista perch\u00e9 gliel\u2019avevano detto Qualcuno era complottista perch\u00e9 non gli avevano detto tutto Qualcuno era complottista perch\u00e9 l\u2019ultimo libro che aveva letto era il sussidiario di quinta elementare Qualcuno era complottista perch\u00e9 andava troppo al cinema Qualcuno era complottista perch\u00e9 aveva una vita cos\u00ec monotona, ma cos\u00ec monotona, che doveva movimentarla in [&hellip;]<\/p>\n","protected":false},"author":7,"featured_media":0,"comment_status":"closed","ping_status":"closed","sticky":false,"template":"","format":"standard","meta":{"footnotes":""},"categories":[238,232],"tags":[536,1855,1952,165,1979],"class_list":["post-16921","post","type-post","status-publish","format-standard","hentry","category-articoli","category-riflessioni-2","tag-citazioni","tag-complotti","tag-francesco-saverio-paoletti","tag-satira","tag-tributo"],"yoast_head":"<!-- This site is optimized with the Yoast SEO plugin v27.1.1 - https:\/\/yoast.com\/product\/yoast-seo-wordpress\/ -->\n<title>Qualcuno era complottista - Associazione Culturale Civilt\u00e0 Laica<\/title>\n<meta name=\"robots\" content=\"index, follow, max-snippet:-1, max-image-preview:large, max-video-preview:-1\" \/>\n<link rel=\"canonical\" href=\"https:\/\/www.civiltalaica.it\/cms\/qualcuno-era-complottista\/\" \/>\n<meta property=\"og:locale\" content=\"it_IT\" \/>\n<meta property=\"og:type\" content=\"article\" \/>\n<meta property=\"og:title\" content=\"Qualcuno era complottista - Associazione Culturale Civilt\u00e0 Laica\" \/>\n<meta property=\"og:description\" content=\"&nbsp; Qualcuno era complottista perch\u00e9 gliel\u2019avevano detto Qualcuno era complottista perch\u00e9 non gli avevano detto tutto Qualcuno era complottista perch\u00e9 l\u2019ultimo libro che aveva letto era il sussidiario di quinta elementare Qualcuno era complottista perch\u00e9 andava troppo al cinema Qualcuno era complottista perch\u00e9 aveva una vita cos\u00ec monotona, ma cos\u00ec monotona, che doveva movimentarla in [&hellip;]\" \/>\n<meta property=\"og:url\" content=\"https:\/\/www.civiltalaica.it\/cms\/qualcuno-era-complottista\/\" \/>\n<meta property=\"og:site_name\" content=\"Associazione Culturale Civilt\u00e0 Laica\" \/>\n<meta property=\"article:publisher\" content=\"https:\/\/www.facebook.com\/civiltalaica\" \/>\n<meta property=\"article:published_time\" content=\"2020-04-05T15:47:27+00:00\" \/>\n<meta property=\"article:modified_time\" content=\"2020-04-05T21:05:09+00:00\" \/>\n<meta property=\"og:image\" content=\"http:\/\/www.civiltalaica.it\/cms\/wp-content\/uploads\/2020\/04\/complotto-luna.jpg\" \/>\n<meta name=\"author\" content=\"alexjc\" \/>\n<meta name=\"twitter:card\" content=\"summary_large_image\" \/>\n<meta name=\"twitter:label1\" content=\"Scritto da\" \/>\n\t<meta name=\"twitter:data1\" content=\"alexjc\" \/>\n\t<meta name=\"twitter:label2\" content=\"Tempo di lettura stimato\" \/>\n\t<meta name=\"twitter:data2\" content=\"3 minuti\" \/>\n<script type=\"application\/ld+json\" class=\"yoast-schema-graph\">{\"@context\":\"https:\/\/schema.org\",\"@graph\":[{\"@type\":\"Article\",\"@id\":\"https:\/\/www.civiltalaica.it\/cms\/qualcuno-era-complottista\/#article\",\"isPartOf\":{\"@id\":\"https:\/\/www.civiltalaica.it\/cms\/qualcuno-era-complottista\/\"},\"author\":{\"name\":\"alexjc\",\"@id\":\"https:\/\/www.civiltalaica.it\/cms\/#\/schema\/person\/4efef56f866329a1e0943eb27336df1d\"},\"headline\":\"Qualcuno era complottista\",\"datePublished\":\"2020-04-05T15:47:27+00:00\",\"dateModified\":\"2020-04-05T21:05:09+00:00\",\"mainEntityOfPage\":{\"@id\":\"https:\/\/www.civiltalaica.it\/cms\/qualcuno-era-complottista\/\"},\"wordCount\":503,\"image\":{\"@id\":\"https:\/\/www.civiltalaica.it\/cms\/qualcuno-era-complottista\/#primaryimage\"},\"thumbnailUrl\":\"http:\/\/www.civiltalaica.it\/cms\/wp-content\/uploads\/2020\/04\/complotto-luna.jpg\",\"keywords\":[\"citazioni\",\"complotti\",\"francesco saverio paoletti\",\"satira\",\"tributo\"],\"articleSection\":[\"articoli\",\"riflessioni\"],\"inLanguage\":\"it-IT\"},{\"@type\":\"WebPage\",\"@id\":\"https:\/\/www.civiltalaica.it\/cms\/qualcuno-era-complottista\/\",\"url\":\"https:\/\/www.civiltalaica.it\/cms\/qualcuno-era-complottista\/\",\"name\":\"Qualcuno era complottista - Associazione Culturale Civilt\u00e0 Laica\",\"isPartOf\":{\"@id\":\"https:\/\/www.civiltalaica.it\/cms\/#website\"},\"primaryImageOfPage\":{\"@id\":\"https:\/\/www.civiltalaica.it\/cms\/qualcuno-era-complottista\/#primaryimage\"},\"image\":{\"@id\":\"https:\/\/www.civiltalaica.it\/cms\/qualcuno-era-complottista\/#primaryimage\"},\"thumbnailUrl\":\"http:\/\/www.civiltalaica.it\/cms\/wp-content\/uploads\/2020\/04\/complotto-luna.jpg\",\"datePublished\":\"2020-04-05T15:47:27+00:00\",\"dateModified\":\"2020-04-05T21:05:09+00:00\",\"author\":{\"@id\":\"https:\/\/www.civiltalaica.it\/cms\/#\/schema\/person\/4efef56f866329a1e0943eb27336df1d\"},\"breadcrumb\":{\"@id\":\"https:\/\/www.civiltalaica.it\/cms\/qualcuno-era-complottista\/#breadcrumb\"},\"inLanguage\":\"it-IT\",\"potentialAction\":[{\"@type\":\"ReadAction\",\"target\":[\"https:\/\/www.civiltalaica.it\/cms\/qualcuno-era-complottista\/\"]}]},{\"@type\":\"ImageObject\",\"inLanguage\":\"it-IT\",\"@id\":\"https:\/\/www.civiltalaica.it\/cms\/qualcuno-era-complottista\/#primaryimage\",\"url\":\"http:\/\/www.civiltalaica.it\/cms\/wp-content\/uploads\/2020\/04\/complotto-luna.jpg\",\"contentUrl\":\"http:\/\/www.civiltalaica.it\/cms\/wp-content\/uploads\/2020\/04\/complotto-luna.jpg\"},{\"@type\":\"BreadcrumbList\",\"@id\":\"https:\/\/www.civiltalaica.it\/cms\/qualcuno-era-complottista\/#breadcrumb\",\"itemListElement\":[{\"@type\":\"ListItem\",\"position\":1,\"name\":\"Home\",\"item\":\"https:\/\/www.civiltalaica.it\/cms\/\"},{\"@type\":\"ListItem\",\"position\":2,\"name\":\"Qualcuno era complottista\"}]},{\"@type\":\"WebSite\",\"@id\":\"https:\/\/www.civiltalaica.it\/cms\/#website\",\"url\":\"https:\/\/www.civiltalaica.it\/cms\/\",\"name\":\"Associazione Culturale Civilt\u00e0 Laica\",\"description\":\"Per un movimento culturale volto a difendere la Laicit\u00e0 dello Stato.\",\"potentialAction\":[{\"@type\":\"SearchAction\",\"target\":{\"@type\":\"EntryPoint\",\"urlTemplate\":\"https:\/\/www.civiltalaica.it\/cms\/?s={search_term_string}\"},\"query-input\":{\"@type\":\"PropertyValueSpecification\",\"valueRequired\":true,\"valueName\":\"search_term_string\"}}],\"inLanguage\":\"it-IT\"},{\"@type\":\"Person\",\"@id\":\"https:\/\/www.civiltalaica.it\/cms\/#\/schema\/person\/4efef56f866329a1e0943eb27336df1d\",\"name\":\"alexjc\",\"url\":\"https:\/\/www.civiltalaica.it\/cms\/author\/alexjc\/\"}]}<\/script>\n<!-- \/ Yoast SEO plugin. -->","yoast_head_json":{"title":"Qualcuno era complottista - Associazione Culturale Civilt\u00e0 Laica","robots":{"index":"index","follow":"follow","max-snippet":"max-snippet:-1","max-image-preview":"max-image-preview:large","max-video-preview":"max-video-preview:-1"},"canonical":"https:\/\/www.civiltalaica.it\/cms\/qualcuno-era-complottista\/","og_locale":"it_IT","og_type":"article","og_title":"Qualcuno era complottista - Associazione Culturale Civilt\u00e0 Laica","og_description":"&nbsp; Qualcuno era complottista perch\u00e9 gliel\u2019avevano detto Qualcuno era complottista perch\u00e9 non gli avevano detto tutto Qualcuno era complottista perch\u00e9 l\u2019ultimo libro che aveva letto era il sussidiario di quinta elementare Qualcuno era complottista perch\u00e9 andava troppo al cinema Qualcuno era complottista perch\u00e9 aveva una vita cos\u00ec monotona, ma cos\u00ec monotona, che doveva movimentarla in [&hellip;]","og_url":"https:\/\/www.civiltalaica.it\/cms\/qualcuno-era-complottista\/","og_site_name":"Associazione Culturale Civilt\u00e0 Laica","article_publisher":"https:\/\/www.facebook.com\/civiltalaica","article_published_time":"2020-04-05T15:47:27+00:00","article_modified_time":"2020-04-05T21:05:09+00:00","og_image":[{"url":"http:\/\/www.civiltalaica.it\/cms\/wp-content\/uploads\/2020\/04\/complotto-luna.jpg","type":"","width":"","height":""}],"author":"alexjc","twitter_card":"summary_large_image","twitter_misc":{"Scritto da":"alexjc","Tempo di lettura stimato":"3 minuti"},"schema":{"@context":"https:\/\/schema.org","@graph":[{"@type":"Article","@id":"https:\/\/www.civiltalaica.it\/cms\/qualcuno-era-complottista\/#article","isPartOf":{"@id":"https:\/\/www.civiltalaica.it\/cms\/qualcuno-era-complottista\/"},"author":{"name":"alexjc","@id":"https:\/\/www.civiltalaica.it\/cms\/#\/schema\/person\/4efef56f866329a1e0943eb27336df1d"},"headline":"Qualcuno era complottista","datePublished":"2020-04-05T15:47:27+00:00","dateModified":"2020-04-05T21:05:09+00:00","mainEntityOfPage":{"@id":"https:\/\/www.civiltalaica.it\/cms\/qualcuno-era-complottista\/"},"wordCount":503,"image":{"@id":"https:\/\/www.civiltalaica.it\/cms\/qualcuno-era-complottista\/#primaryimage"},"thumbnailUrl":"http:\/\/www.civiltalaica.it\/cms\/wp-content\/uploads\/2020\/04\/complotto-luna.jpg","keywords":["citazioni","complotti","francesco saverio paoletti","satira","tributo"],"articleSection":["articoli","riflessioni"],"inLanguage":"it-IT"},{"@type":"WebPage","@id":"https:\/\/www.civiltalaica.it\/cms\/qualcuno-era-complottista\/","url":"https:\/\/www.civiltalaica.it\/cms\/qualcuno-era-complottista\/","name":"Qualcuno era complottista - Associazione Culturale Civilt\u00e0 Laica","isPartOf":{"@id":"https:\/\/www.civiltalaica.it\/cms\/#website"},"primaryImageOfPage":{"@id":"https:\/\/www.civiltalaica.it\/cms\/qualcuno-era-complottista\/#primaryimage"},"image":{"@id":"https:\/\/www.civiltalaica.it\/cms\/qualcuno-era-complottista\/#primaryimage"},"thumbnailUrl":"http:\/\/www.civiltalaica.it\/cms\/wp-content\/uploads\/2020\/04\/complotto-luna.jpg","datePublished":"2020-04-05T15:47:27+00:00","dateModified":"2020-04-05T21:05:09+00:00","author":{"@id":"https:\/\/www.civiltalaica.it\/cms\/#\/schema\/person\/4efef56f866329a1e0943eb27336df1d"},"breadcrumb":{"@id":"https:\/\/www.civiltalaica.it\/cms\/qualcuno-era-complottista\/#breadcrumb"},"inLanguage":"it-IT","potentialAction":[{"@type":"ReadAction","target":["https:\/\/www.civiltalaica.it\/cms\/qualcuno-era-complottista\/"]}]},{"@type":"ImageObject","inLanguage":"it-IT","@id":"https:\/\/www.civiltalaica.it\/cms\/qualcuno-era-complottista\/#primaryimage","url":"http:\/\/www.civiltalaica.it\/cms\/wp-content\/uploads\/2020\/04\/complotto-luna.jpg","contentUrl":"http:\/\/www.civiltalaica.it\/cms\/wp-content\/uploads\/2020\/04\/complotto-luna.jpg"},{"@type":"BreadcrumbList","@id":"https:\/\/www.civiltalaica.it\/cms\/qualcuno-era-complottista\/#breadcrumb","itemListElement":[{"@type":"ListItem","position":1,"name":"Home","item":"https:\/\/www.civiltalaica.it\/cms\/"},{"@type":"ListItem","position":2,"name":"Qualcuno era complottista"}]},{"@type":"WebSite","@id":"https:\/\/www.civiltalaica.it\/cms\/#website","url":"https:\/\/www.civiltalaica.it\/cms\/","name":"Associazione Culturale Civilt\u00e0 Laica","description":"Per un movimento culturale volto a difendere la Laicit\u00e0 dello Stato.","potentialAction":[{"@type":"SearchAction","target":{"@type":"EntryPoint","urlTemplate":"https:\/\/www.civiltalaica.it\/cms\/?s={search_term_string}"},"query-input":{"@type":"PropertyValueSpecification","valueRequired":true,"valueName":"search_term_string"}}],"inLanguage":"it-IT"},{"@type":"Person","@id":"https:\/\/www.civiltalaica.it\/cms\/#\/schema\/person\/4efef56f866329a1e0943eb27336df1d","name":"alexjc","url":"https:\/\/www.civiltalaica.it\/cms\/author\/alexjc\/"}]}},"_links":{"self":[{"href":"https:\/\/www.civiltalaica.it\/cms\/wp-json\/wp\/v2\/posts\/16921","targetHints":{"allow":["GET"]}}],"collection":[{"href":"https:\/\/www.civiltalaica.it\/cms\/wp-json\/wp\/v2\/posts"}],"about":[{"href":"https:\/\/www.civiltalaica.it\/cms\/wp-json\/wp\/v2\/types\/post"}],"author":[{"embeddable":true,"href":"https:\/\/www.civiltalaica.it\/cms\/wp-json\/wp\/v2\/users\/7"}],"replies":[{"embeddable":true,"href":"https:\/\/www.civiltalaica.it\/cms\/wp-json\/wp\/v2\/comments?post=16921"}],"version-history":[{"count":3,"href":"https:\/\/www.civiltalaica.it\/cms\/wp-json\/wp\/v2\/posts\/16921\/revisions"}],"predecessor-version":[{"id":16925,"href":"https:\/\/www.civiltalaica.it\/cms\/wp-json\/wp\/v2\/posts\/16921\/revisions\/16925"}],"wp:attachment":[{"href":"https:\/\/www.civiltalaica.it\/cms\/wp-json\/wp\/v2\/media?parent=16921"}],"wp:term":[{"taxonomy":"category","embeddable":true,"href":"https:\/\/www.civiltalaica.it\/cms\/wp-json\/wp\/v2\/categories?post=16921"},{"taxonomy":"post_tag","embeddable":true,"href":"https:\/\/www.civiltalaica.it\/cms\/wp-json\/wp\/v2\/tags?post=16921"}],"curies":[{"name":"wp","href":"https:\/\/api.w.org\/{rel}","templated":true}]}}