{"id":16761,"date":"2020-02-24T16:47:25","date_gmt":"2020-02-24T16:47:25","guid":{"rendered":"http:\/\/www.civiltalaica.it\/cms\/?p=16761"},"modified":"2020-02-24T16:55:36","modified_gmt":"2020-02-24T16:55:36","slug":"sul-coronavirus-razionalmente","status":"publish","type":"post","link":"https:\/\/www.civiltalaica.it\/cms\/sul-coronavirus-razionalmente\/","title":{"rendered":"Sul CoronaVirus. Razionalmente."},"content":{"rendered":"<div class=\"\" data-block=\"true\" data-editor=\"5ui5k\" data-offset-key=\"dohhr-0-0\">\n<div data-offset-key=\"dohhr-0-0\"><a href=\"http:\/\/www.civiltalaica.it\/cms\/index.php\/sul-coronavirus-razionalmente.html\/retrovirus\" rel=\"attachment wp-att-16762\"><img loading=\"lazy\" decoding=\"async\" class=\"alignleft size-full wp-image-16762\" src=\"http:\/\/www.civiltalaica.it\/cms\/wp-content\/uploads\/2020\/02\/retrovirus.jpg\" alt=\"\" width=\"600\" height=\"299\" srcset=\"https:\/\/www.civiltalaica.it\/cms\/wp-content\/uploads\/2020\/02\/retrovirus.jpg 600w, https:\/\/www.civiltalaica.it\/cms\/wp-content\/uploads\/2020\/02\/retrovirus-300x150.jpg 300w, https:\/\/www.civiltalaica.it\/cms\/wp-content\/uploads\/2020\/02\/retrovirus-280x140.jpg 280w\" sizes=\"auto, (max-width: 600px) 100vw, 600px\" \/><\/a><\/div>\n<div data-offset-key=\"dohhr-0-0\"><\/div>\n<div class=\"_1mf _1mj\" data-offset-key=\"dohhr-0-0\">\n<p><span data-offset-key=\"dohhr-0-0\">Anche se a volte ci verrebbe di &#8220;tifare estinzione&#8221; per i comportamenti che vediamo in giro, cerchiamo di continuare a fare la nostra parte per un obiettivo che dovrebbe essere comune a tutti, ovvero la salvaguarda della specie Homo Sapiens. Dovrebbe per l&#8217;appunto.<\/span><\/p>\n<p>&nbsp;<\/p>\n<\/div>\n<div data-offset-key=\"dohhr-0-0\">Quelli che seguono quindi non sono scoop o consigli salvavita ma semplici riflessioni razionali volte, come sempre succede da queste parti, a cercare di &#8220;far pensare&#8221; cosa che \u00e8 evidentemente fuori moda. Ma a chi va <em>in direzione ostinata e contraria<\/em>, le mode non hanno mai interessato.<\/div>\n<div data-offset-key=\"dohhr-0-0\"><\/div>\n<div data-offset-key=\"dohhr-0-0\"><\/div>\n<div data-offset-key=\"dohhr-0-0\"><strong>I virus esistono da sempre.\u00a0<\/strong>Pu\u00f2 sembrare sciocco ma i virus, nelle loro tante forme esistono da &#8220;sempre&#8221;. Forse hanno anche portato la vita sul pianeta cos\u00ec come la conosciamo oggi. Certamente continueranno ad esistere dopo l&#8217;estinzione di Homo Sapiens. I virus (qualcuno poi non li ritiene una forma di vita propriamente detta) si trasformano in modo imprevedibile. I virus &#8220;cattivi&#8221; non nascono solo nei laboratori dei &#8220;poteri forti&#8221; ma ci sono sempre stati, basta guardare la Storia.<\/div>\n<div data-offset-key=\"dohhr-0-0\"><\/div>\n<\/div>\n<div data-offset-key=\"dohhr-0-0\"><\/div>\n<div data-offset-key=\"dohhr-0-0\"><strong>Perch\u00e9 il Corona Virus fa paura?\u00a0<\/strong>Tutti i nuovi virus fanno paura, perch\u00e9 l&#8217;unico mezzo efficace per contrastare un virus \u00e8 il vaccino visto che di farmaci antivirali ne abbiamo pochi e con forti effetti collaterali per l&#8217;uomo (a differenza di quello che avviene invece per i batteri). Quindi finch\u00e9 il virus non ha un vaccino fa molta paura perch\u00e9 \u00e8 per l&#8217;appunto quasi impossibile da contenere. Se la peste nera ha attraversato tutta l&#8217;Europa nel medioevo quando era molto pi\u00f9 facile chiudere le citt\u00e0, come pensate di arginare una diffusione virale in un mondo che si gira in 24 ore?<\/div>\n<div data-offset-key=\"dohhr-0-0\">Inoltre la mortalit\u00e0 di questo virus sembra essere pi\u00f9 alta di quello dell&#8217;influenza normale, le due cose combinate rendono un potenziale pericolo perch\u00e9 l&#8217;apice di una diffusione potrebbe mettere a letto (<strong>non uccidere, sia ben chiaro<\/strong>) il 20% &#8211; 30% della popolazione per una settimana o due e questo significherebbe un disastro economico per il paese e le sue strutture sanitarie (che gi\u00e0 non se la passano bene).<\/div>\n<div data-offset-key=\"dohhr-0-0\">Le ultime valutazioni ad ogni modo ci dicono che la mortalit\u00e0 del virus \u00e8 stata sopravvalutata inizialmente per vari motivi, <a href=\"https:\/\/www.agi.it\/salute\/news\/2020-02-18\/coronavirus-virologo-letalit-7120484\/\">oggi sembra essere &#8220;solo&#8221; tre o quattro volte maggiore di quella della normale influenza.\u00a0\u00a0<\/a><\/div>\n<div data-offset-key=\"dohhr-0-0\">Ora uno non vorrebbe dar ragione ad Andreotti, per\u00f2 \u00e8 difficile non vedere la facile ricerca di audience in chi parlava di mortalit\u00e0 venti volte pi\u00f9 alta della normale influenza fino a poche settimane fa.<\/div>\n<div data-offset-key=\"dohhr-0-0\"><\/div>\n<div data-offset-key=\"dohhr-0-0\"><\/div>\n<div data-offset-key=\"dohhr-0-0\"><strong>A cosa serve fare terrorismo mediatico? <\/strong>Serve a guadagnare soldi, in termini di pubblicit\u00e0 e di audience. Dare una notizia del tipo: &#8220;Arrivail coronavirus\u00a0 che \u00e8 un po&#8217; pi\u00f9 cattivo dell&#8217;influenza normale &#8211; State calmi e seguite le istruzioni sanitarie&#8221; significa non fare audience, non vendere spazi pubblicitari e neanche giornali cartacei. Dare la notizia dicendo: &#8220;Arriva il Coronavirus cinese &#8211; quanti di noi moriranno?&#8221; e poi gi\u00f9 a parlare per ore ed ore, dicendo sempre le stesse cose\u00a0 dando sempre gli stessi consigli, magari buttandoci l\u00e0 l&#8217;esperto che puntualmente dice &#8220;ah, se mi avessero dato retta sei mesi fa quando consigliavo di chiudere gli aeroporti&#8230;&#8221;, o il blogger che dice &#8220;io so che nei laboratori di alcune nazioni hanno gi\u00e0 il vaccino&#8221; o il sovranista che da la colpa agli immigrati o a chi parla di complotti delle case farmaceutiche o per colpire le economie emergenti, significa fare audience, clickbyte, e incassare pubblicit\u00e0.<br \/>\nCome bisognerebbe parlarne scientificamente<strong> lo spiega qui Le Scienze.<\/strong><\/div>\n<div data-offset-key=\"dohhr-0-0\">Dopodich\u00e9 il meccanismo \u00e8 automatico: <em>se non fosse pericoloso non ne parlerebbero cos\u00ec tanto&#8212;&gt; quindi ci nascondono la pericolosi\u00e0&#8212;&gt; ci nascondono anche il numero di morti reali&#8212;&gt; panico.<\/em><br \/>\nQuello che comporta il panico, e cio\u00e8 annullamento di concerti, eventi, convegni, assenze dal lavoro, sfiducia, mancati investimenti, recessione, spread in aumento borse che crollano dovreste ormai aver capito bene chi arricchiscono e se ancora non lo sapete peggio per voi.<\/div>\n<div data-offset-key=\"dohhr-0-0\"><\/div>\n<div data-offset-key=\"dohhr-0-0\"><strong>Ma allora \u00e8 tutto un complotto! Rivoluzione!\u00a0<\/strong>No, non \u00e8 tutto un complotto e soprattutto (bene ribadirlo a scanso di equivoci) BISOGNA SEMPRE RISPETTARE PEDISSEQUAMENTE LE ISTRUZIONI DELLE AUTORITA&#8217; SANITARIE.<br \/>\nDelle autorit\u00e0 sanitarie, non dei giornalisti e dei conduttori dei tabloid televisivi.<\/div>\n<div data-offset-key=\"dohhr-0-0\">E&#8217; chiaro che nei prossimi giorni verranno prese misure, che magari si riveleranno anche esagerate, e magari saranno esagerate perch\u00e9 il panico \u00e8 gi\u00e0 dilagato. Ma non \u00e8 il caso di peggiorare la situazione non rispettando quelle misure.<\/div>\n<div data-offset-key=\"dohhr-0-0\">Del resto di delinquenti che cominciano a girare le case millantando di dover fare tamponi e controlli per il coronavirus <a href=\"https:\/\/www.corriere.it\/cronache\/20_febbraio_24\/gli-sciacalli-coronavirus-attenti-chi-vi-telefona-fare-tampone-492ab498-56fc-11ea-b89d-a5ca249e9e1e.shtml\">ne abbiamo gi\u00e0 notizia<\/a>. Quindi chiudete la porta e chiamate la polizia, perch\u00e9 \u00e8 una truffa.<\/div>\n<div data-offset-key=\"dohhr-0-0\"><\/div>\n<div data-offset-key=\"dohhr-0-0\">Detto questo, vi rassicuriamo&#8230; la sesta estinzione di massa e il cambiamento climatico sono sempre in corso. Appena il coronavirus \u00e8 passato di moda, potete cominciate a preoccuparvi anche di quelli.<\/div>\n<div data-offset-key=\"dohhr-0-0\"><\/div>\n<div data-offset-key=\"dohhr-0-0\"><strong>Alessandro Chiometti<\/strong><\/div>\n<div data-offset-key=\"dohhr-0-0\"><\/div>\n<div data-offset-key=\"dohhr-0-0\"><a href=\"http:\/\/www.civiltalaica.it\/cms\/index.php\/the-new-pope-e-il-solito-sorrentino.html\/alessandro\" rel=\"attachment wp-att-16678\"><img loading=\"lazy\" decoding=\"async\" class=\"alignleft size-medium wp-image-16678\" src=\"http:\/\/www.civiltalaica.it\/cms\/wp-content\/uploads\/2020\/02\/alessandro-277x300.jpg\" alt=\"\" width=\"277\" height=\"300\" srcset=\"https:\/\/www.civiltalaica.it\/cms\/wp-content\/uploads\/2020\/02\/alessandro-277x300.jpg 277w, https:\/\/www.civiltalaica.it\/cms\/wp-content\/uploads\/2020\/02\/alessandro-945x1024.jpg 945w, https:\/\/www.civiltalaica.it\/cms\/wp-content\/uploads\/2020\/02\/alessandro-768x832.jpg 768w, https:\/\/www.civiltalaica.it\/cms\/wp-content\/uploads\/2020\/02\/alessandro-1418x1536.jpg 1418w, https:\/\/www.civiltalaica.it\/cms\/wp-content\/uploads\/2020\/02\/alessandro-1890x2048.jpg 1890w, https:\/\/www.civiltalaica.it\/cms\/wp-content\/uploads\/2020\/02\/alessandro-148x160.jpg 148w\" sizes=\"auto, (max-width: 277px) 100vw, 277px\" \/><\/a><\/div>\n","protected":false},"excerpt":{"rendered":"<p>Anche se a volte ci verrebbe di &#8220;tifare estinzione&#8221; per i comportamenti che vediamo in giro, cerchiamo di continuare a fare la nostra parte per un obiettivo che dovrebbe essere comune a tutti, ovvero la salvaguarda della specie Homo Sapiens. Dovrebbe per l&#8217;appunto. &nbsp; Quelli che seguono quindi non sono scoop o consigli salvavita ma [&hellip;]<\/p>\n","protected":false},"author":7,"featured_media":0,"comment_status":"closed","ping_status":"closed","sticky":false,"template":"","format":"standard","meta":{"footnotes":""},"categories":[238,233],"tags":[],"class_list":["post-16761","post","type-post","status-publish","format-standard","hentry","category-articoli","category-filosofia-2"],"yoast_head":"<!-- This site is optimized with the Yoast SEO plugin v27.1.1 - https:\/\/yoast.com\/product\/yoast-seo-wordpress\/ -->\n<title>Sul CoronaVirus. Razionalmente. - Associazione Culturale Civilt\u00e0 Laica<\/title>\n<meta name=\"description\" content=\"Calma e sangue freddo. C&#039;\u00e8 un estinzione in corso, il mondo sta cambiando e la nostra civilt\u00e0 \u00e8 in pericolo. Ma non per colpa del coronavirus!\" \/>\n<meta name=\"robots\" content=\"index, follow, max-snippet:-1, max-image-preview:large, max-video-preview:-1\" \/>\n<link rel=\"canonical\" href=\"https:\/\/www.civiltalaica.it\/cms\/sul-coronavirus-razionalmente\/\" \/>\n<meta property=\"og:locale\" content=\"it_IT\" \/>\n<meta property=\"og:type\" content=\"article\" \/>\n<meta property=\"og:title\" content=\"Sul CoronaVirus. Razionalmente. - Associazione Culturale Civilt\u00e0 Laica\" \/>\n<meta property=\"og:description\" content=\"Calma e sangue freddo. C&#039;\u00e8 un estinzione in corso, il mondo sta cambiando e la nostra civilt\u00e0 \u00e8 in pericolo. Ma non per colpa del coronavirus!\" \/>\n<meta property=\"og:url\" content=\"https:\/\/www.civiltalaica.it\/cms\/sul-coronavirus-razionalmente\/\" \/>\n<meta property=\"og:site_name\" content=\"Associazione Culturale Civilt\u00e0 Laica\" \/>\n<meta property=\"article:publisher\" content=\"https:\/\/www.facebook.com\/civiltalaica\" \/>\n<meta property=\"article:published_time\" content=\"2020-02-24T16:47:25+00:00\" \/>\n<meta property=\"article:modified_time\" content=\"2020-02-24T16:55:36+00:00\" \/>\n<meta property=\"og:image\" content=\"http:\/\/www.civiltalaica.it\/cms\/wp-content\/uploads\/2020\/02\/retrovirus.jpg\" \/>\n<meta name=\"author\" content=\"alexjc\" \/>\n<meta name=\"twitter:card\" content=\"summary_large_image\" \/>\n<meta name=\"twitter:label1\" content=\"Scritto da\" \/>\n\t<meta name=\"twitter:data1\" content=\"alexjc\" \/>\n\t<meta name=\"twitter:label2\" content=\"Tempo di lettura stimato\" \/>\n\t<meta name=\"twitter:data2\" content=\"4 minuti\" \/>\n<script type=\"application\/ld+json\" class=\"yoast-schema-graph\">{\"@context\":\"https:\/\/schema.org\",\"@graph\":[{\"@type\":\"Article\",\"@id\":\"https:\/\/www.civiltalaica.it\/cms\/sul-coronavirus-razionalmente\/#article\",\"isPartOf\":{\"@id\":\"https:\/\/www.civiltalaica.it\/cms\/sul-coronavirus-razionalmente\/\"},\"author\":{\"name\":\"alexjc\",\"@id\":\"https:\/\/www.civiltalaica.it\/cms\/#\/schema\/person\/4efef56f866329a1e0943eb27336df1d\"},\"headline\":\"Sul CoronaVirus. Razionalmente.\",\"datePublished\":\"2020-02-24T16:47:25+00:00\",\"dateModified\":\"2020-02-24T16:55:36+00:00\",\"mainEntityOfPage\":{\"@id\":\"https:\/\/www.civiltalaica.it\/cms\/sul-coronavirus-razionalmente\/\"},\"wordCount\":779,\"image\":{\"@id\":\"https:\/\/www.civiltalaica.it\/cms\/sul-coronavirus-razionalmente\/#primaryimage\"},\"thumbnailUrl\":\"http:\/\/www.civiltalaica.it\/cms\/wp-content\/uploads\/2020\/02\/retrovirus.jpg\",\"articleSection\":[\"articoli\",\"filosofia e scienza\"],\"inLanguage\":\"it-IT\"},{\"@type\":\"WebPage\",\"@id\":\"https:\/\/www.civiltalaica.it\/cms\/sul-coronavirus-razionalmente\/\",\"url\":\"https:\/\/www.civiltalaica.it\/cms\/sul-coronavirus-razionalmente\/\",\"name\":\"Sul CoronaVirus. Razionalmente. - Associazione Culturale Civilt\u00e0 Laica\",\"isPartOf\":{\"@id\":\"https:\/\/www.civiltalaica.it\/cms\/#website\"},\"primaryImageOfPage\":{\"@id\":\"https:\/\/www.civiltalaica.it\/cms\/sul-coronavirus-razionalmente\/#primaryimage\"},\"image\":{\"@id\":\"https:\/\/www.civiltalaica.it\/cms\/sul-coronavirus-razionalmente\/#primaryimage\"},\"thumbnailUrl\":\"http:\/\/www.civiltalaica.it\/cms\/wp-content\/uploads\/2020\/02\/retrovirus.jpg\",\"datePublished\":\"2020-02-24T16:47:25+00:00\",\"dateModified\":\"2020-02-24T16:55:36+00:00\",\"author\":{\"@id\":\"https:\/\/www.civiltalaica.it\/cms\/#\/schema\/person\/4efef56f866329a1e0943eb27336df1d\"},\"description\":\"Calma e sangue freddo. C'\u00e8 un estinzione in corso, il mondo sta cambiando e la nostra civilt\u00e0 \u00e8 in pericolo. Ma non per colpa del coronavirus!\",\"breadcrumb\":{\"@id\":\"https:\/\/www.civiltalaica.it\/cms\/sul-coronavirus-razionalmente\/#breadcrumb\"},\"inLanguage\":\"it-IT\",\"potentialAction\":[{\"@type\":\"ReadAction\",\"target\":[\"https:\/\/www.civiltalaica.it\/cms\/sul-coronavirus-razionalmente\/\"]}]},{\"@type\":\"ImageObject\",\"inLanguage\":\"it-IT\",\"@id\":\"https:\/\/www.civiltalaica.it\/cms\/sul-coronavirus-razionalmente\/#primaryimage\",\"url\":\"http:\/\/www.civiltalaica.it\/cms\/wp-content\/uploads\/2020\/02\/retrovirus.jpg\",\"contentUrl\":\"http:\/\/www.civiltalaica.it\/cms\/wp-content\/uploads\/2020\/02\/retrovirus.jpg\"},{\"@type\":\"BreadcrumbList\",\"@id\":\"https:\/\/www.civiltalaica.it\/cms\/sul-coronavirus-razionalmente\/#breadcrumb\",\"itemListElement\":[{\"@type\":\"ListItem\",\"position\":1,\"name\":\"Home\",\"item\":\"https:\/\/www.civiltalaica.it\/cms\/\"},{\"@type\":\"ListItem\",\"position\":2,\"name\":\"Sul CoronaVirus. Razionalmente.\"}]},{\"@type\":\"WebSite\",\"@id\":\"https:\/\/www.civiltalaica.it\/cms\/#website\",\"url\":\"https:\/\/www.civiltalaica.it\/cms\/\",\"name\":\"Associazione Culturale Civilt\u00e0 Laica\",\"description\":\"Per un movimento culturale volto a difendere la Laicit\u00e0 dello Stato.\",\"potentialAction\":[{\"@type\":\"SearchAction\",\"target\":{\"@type\":\"EntryPoint\",\"urlTemplate\":\"https:\/\/www.civiltalaica.it\/cms\/?s={search_term_string}\"},\"query-input\":{\"@type\":\"PropertyValueSpecification\",\"valueRequired\":true,\"valueName\":\"search_term_string\"}}],\"inLanguage\":\"it-IT\"},{\"@type\":\"Person\",\"@id\":\"https:\/\/www.civiltalaica.it\/cms\/#\/schema\/person\/4efef56f866329a1e0943eb27336df1d\",\"name\":\"alexjc\",\"url\":\"https:\/\/www.civiltalaica.it\/cms\/author\/alexjc\/\"}]}<\/script>\n<!-- \/ Yoast SEO plugin. -->","yoast_head_json":{"title":"Sul CoronaVirus. Razionalmente. - Associazione Culturale Civilt\u00e0 Laica","description":"Calma e sangue freddo. C'\u00e8 un estinzione in corso, il mondo sta cambiando e la nostra civilt\u00e0 \u00e8 in pericolo. Ma non per colpa del coronavirus!","robots":{"index":"index","follow":"follow","max-snippet":"max-snippet:-1","max-image-preview":"max-image-preview:large","max-video-preview":"max-video-preview:-1"},"canonical":"https:\/\/www.civiltalaica.it\/cms\/sul-coronavirus-razionalmente\/","og_locale":"it_IT","og_type":"article","og_title":"Sul CoronaVirus. Razionalmente. - Associazione Culturale Civilt\u00e0 Laica","og_description":"Calma e sangue freddo. C'\u00e8 un estinzione in corso, il mondo sta cambiando e la nostra civilt\u00e0 \u00e8 in pericolo. Ma non per colpa del coronavirus!","og_url":"https:\/\/www.civiltalaica.it\/cms\/sul-coronavirus-razionalmente\/","og_site_name":"Associazione Culturale Civilt\u00e0 Laica","article_publisher":"https:\/\/www.facebook.com\/civiltalaica","article_published_time":"2020-02-24T16:47:25+00:00","article_modified_time":"2020-02-24T16:55:36+00:00","og_image":[{"url":"http:\/\/www.civiltalaica.it\/cms\/wp-content\/uploads\/2020\/02\/retrovirus.jpg","type":"","width":"","height":""}],"author":"alexjc","twitter_card":"summary_large_image","twitter_misc":{"Scritto da":"alexjc","Tempo di lettura stimato":"4 minuti"},"schema":{"@context":"https:\/\/schema.org","@graph":[{"@type":"Article","@id":"https:\/\/www.civiltalaica.it\/cms\/sul-coronavirus-razionalmente\/#article","isPartOf":{"@id":"https:\/\/www.civiltalaica.it\/cms\/sul-coronavirus-razionalmente\/"},"author":{"name":"alexjc","@id":"https:\/\/www.civiltalaica.it\/cms\/#\/schema\/person\/4efef56f866329a1e0943eb27336df1d"},"headline":"Sul CoronaVirus. Razionalmente.","datePublished":"2020-02-24T16:47:25+00:00","dateModified":"2020-02-24T16:55:36+00:00","mainEntityOfPage":{"@id":"https:\/\/www.civiltalaica.it\/cms\/sul-coronavirus-razionalmente\/"},"wordCount":779,"image":{"@id":"https:\/\/www.civiltalaica.it\/cms\/sul-coronavirus-razionalmente\/#primaryimage"},"thumbnailUrl":"http:\/\/www.civiltalaica.it\/cms\/wp-content\/uploads\/2020\/02\/retrovirus.jpg","articleSection":["articoli","filosofia e scienza"],"inLanguage":"it-IT"},{"@type":"WebPage","@id":"https:\/\/www.civiltalaica.it\/cms\/sul-coronavirus-razionalmente\/","url":"https:\/\/www.civiltalaica.it\/cms\/sul-coronavirus-razionalmente\/","name":"Sul CoronaVirus. Razionalmente. - Associazione Culturale Civilt\u00e0 Laica","isPartOf":{"@id":"https:\/\/www.civiltalaica.it\/cms\/#website"},"primaryImageOfPage":{"@id":"https:\/\/www.civiltalaica.it\/cms\/sul-coronavirus-razionalmente\/#primaryimage"},"image":{"@id":"https:\/\/www.civiltalaica.it\/cms\/sul-coronavirus-razionalmente\/#primaryimage"},"thumbnailUrl":"http:\/\/www.civiltalaica.it\/cms\/wp-content\/uploads\/2020\/02\/retrovirus.jpg","datePublished":"2020-02-24T16:47:25+00:00","dateModified":"2020-02-24T16:55:36+00:00","author":{"@id":"https:\/\/www.civiltalaica.it\/cms\/#\/schema\/person\/4efef56f866329a1e0943eb27336df1d"},"description":"Calma e sangue freddo. C'\u00e8 un estinzione in corso, il mondo sta cambiando e la nostra civilt\u00e0 \u00e8 in pericolo. Ma non per colpa del coronavirus!","breadcrumb":{"@id":"https:\/\/www.civiltalaica.it\/cms\/sul-coronavirus-razionalmente\/#breadcrumb"},"inLanguage":"it-IT","potentialAction":[{"@type":"ReadAction","target":["https:\/\/www.civiltalaica.it\/cms\/sul-coronavirus-razionalmente\/"]}]},{"@type":"ImageObject","inLanguage":"it-IT","@id":"https:\/\/www.civiltalaica.it\/cms\/sul-coronavirus-razionalmente\/#primaryimage","url":"http:\/\/www.civiltalaica.it\/cms\/wp-content\/uploads\/2020\/02\/retrovirus.jpg","contentUrl":"http:\/\/www.civiltalaica.it\/cms\/wp-content\/uploads\/2020\/02\/retrovirus.jpg"},{"@type":"BreadcrumbList","@id":"https:\/\/www.civiltalaica.it\/cms\/sul-coronavirus-razionalmente\/#breadcrumb","itemListElement":[{"@type":"ListItem","position":1,"name":"Home","item":"https:\/\/www.civiltalaica.it\/cms\/"},{"@type":"ListItem","position":2,"name":"Sul CoronaVirus. Razionalmente."}]},{"@type":"WebSite","@id":"https:\/\/www.civiltalaica.it\/cms\/#website","url":"https:\/\/www.civiltalaica.it\/cms\/","name":"Associazione Culturale Civilt\u00e0 Laica","description":"Per un movimento culturale volto a difendere la Laicit\u00e0 dello Stato.","potentialAction":[{"@type":"SearchAction","target":{"@type":"EntryPoint","urlTemplate":"https:\/\/www.civiltalaica.it\/cms\/?s={search_term_string}"},"query-input":{"@type":"PropertyValueSpecification","valueRequired":true,"valueName":"search_term_string"}}],"inLanguage":"it-IT"},{"@type":"Person","@id":"https:\/\/www.civiltalaica.it\/cms\/#\/schema\/person\/4efef56f866329a1e0943eb27336df1d","name":"alexjc","url":"https:\/\/www.civiltalaica.it\/cms\/author\/alexjc\/"}]}},"_links":{"self":[{"href":"https:\/\/www.civiltalaica.it\/cms\/wp-json\/wp\/v2\/posts\/16761","targetHints":{"allow":["GET"]}}],"collection":[{"href":"https:\/\/www.civiltalaica.it\/cms\/wp-json\/wp\/v2\/posts"}],"about":[{"href":"https:\/\/www.civiltalaica.it\/cms\/wp-json\/wp\/v2\/types\/post"}],"author":[{"embeddable":true,"href":"https:\/\/www.civiltalaica.it\/cms\/wp-json\/wp\/v2\/users\/7"}],"replies":[{"embeddable":true,"href":"https:\/\/www.civiltalaica.it\/cms\/wp-json\/wp\/v2\/comments?post=16761"}],"version-history":[{"count":5,"href":"https:\/\/www.civiltalaica.it\/cms\/wp-json\/wp\/v2\/posts\/16761\/revisions"}],"predecessor-version":[{"id":16767,"href":"https:\/\/www.civiltalaica.it\/cms\/wp-json\/wp\/v2\/posts\/16761\/revisions\/16767"}],"wp:attachment":[{"href":"https:\/\/www.civiltalaica.it\/cms\/wp-json\/wp\/v2\/media?parent=16761"}],"wp:term":[{"taxonomy":"category","embeddable":true,"href":"https:\/\/www.civiltalaica.it\/cms\/wp-json\/wp\/v2\/categories?post=16761"},{"taxonomy":"post_tag","embeddable":true,"href":"https:\/\/www.civiltalaica.it\/cms\/wp-json\/wp\/v2\/tags?post=16761"}],"curies":[{"name":"wp","href":"https:\/\/api.w.org\/{rel}","templated":true}]}}