{"id":16742,"date":"2020-02-20T09:48:01","date_gmt":"2020-02-20T09:48:01","guid":{"rendered":"http:\/\/www.civiltalaica.it\/cms\/?p=16742"},"modified":"2020-02-20T09:58:01","modified_gmt":"2020-02-20T09:58:01","slug":"le-foto-scomode-e-la-politica-demenziale","status":"publish","type":"post","link":"https:\/\/www.civiltalaica.it\/cms\/le-foto-scomode-e-la-politica-demenziale\/","title":{"rendered":"Le foto scomode e la politica demenziale"},"content":{"rendered":"<p><a href=\"http:\/\/www.civiltalaica.it\/cms\/index.php\/le-foto-scomode-e-la-politica-demenziale.html\/rissa-da-bar\" rel=\"attachment wp-att-16743\"><img loading=\"lazy\" decoding=\"async\" class=\"alignleft size-full wp-image-16743\" src=\"http:\/\/www.civiltalaica.it\/cms\/wp-content\/uploads\/2020\/02\/rissa-da-bar.jpg\" alt=\"\" width=\"500\" height=\"500\" srcset=\"https:\/\/www.civiltalaica.it\/cms\/wp-content\/uploads\/2020\/02\/rissa-da-bar.jpg 500w, https:\/\/www.civiltalaica.it\/cms\/wp-content\/uploads\/2020\/02\/rissa-da-bar-300x300.jpg 300w, https:\/\/www.civiltalaica.it\/cms\/wp-content\/uploads\/2020\/02\/rissa-da-bar-150x150.jpg 150w, https:\/\/www.civiltalaica.it\/cms\/wp-content\/uploads\/2020\/02\/rissa-da-bar-160x160.jpg 160w\" sizes=\"auto, (max-width: 500px) 100vw, 500px\" \/><\/a><\/p>\n<p>&nbsp;<\/p>\n<p>Che l\u2019Italia sia il paese con il tasso di analfabetismo funzionale, o misperception (errata percezione della realt\u00e0) pi\u00f9 alto di tutto il mondo occidentale, vincendo peraltro con \u00a0ampio distacco sui secondi, \u00e8 cosa nota.<\/p>\n<p>Quello che molti devono cominciare a realizzare \u00e8 che questo fenomeno non riguarda solo gli elettori succubi delle <em>fake news<\/em> razziste targate destra ed estrema destra.<\/p>\n<p>Bei tempi quando per screditare un politico o un aspirante tale occorrevano foto con amanti, con mazzette, in divisa da SS o vestito da Drag Queen. Oggi per mettere in discussione tuttala credibilit\u00e0 di un nuovo movimento basta una foto, pensate un po\u2019, con la famiglia Benetton.<\/p>\n<p>E cos\u00ec da neofascisti e comunisti duri e puri (quelli sempre pronti ad epurare il meno comunista) dagli con gli anatemi (a proposito di convergenze parallele). I Benetton che \u201channo ucciso decine di persone sul ponte Morandi\u201d (sic) e che rubano le terre i Mapuche in Patagonia.<\/p>\n<p>Ora al di l\u00e0 della nostra simpatia politica per le rivendicazioni Mapuche e la nostra concezione anticapitalista del futuro del pianeta, viene sinceramente da chiedersi vedendo certi attacchi ai portavoce del movimento, se non siamo in presenza di fenomeni patologici<\/p>\n<p>Accusare le sardine o Santori di una foto con i Benetton (ed estendendo l\u2019accusa ad ogni portavoce anche locale del movimento) significa semplicemente aver perso completamente il lume della ragione e aver consegnato le armi al giustizialismo travaglista dei grillini, che prima strillano e invocano pene di morte per una panda in doppia fila e poi si rivelano incapaci di amministrare anche piccole citt\u00e0. Come se i tradimenti a cinque stelle sulla Tav e molte altre cose non avessero insegnato nulla.<\/p>\n<p>Perch\u00e9 mai un esponente di un nascente movimento nazionale di successo dovrebbe rifiutare un invito dai Benetton? O da Ferrero, o da Della Valle o da Del Vecchio? Perch\u00e9 altrimenti non \u00e8 abbastanza comunista? Ma state scherzando o cosa?<\/p>\n<p>Da che mondo e mondo sindacati e politici (anche comunisti) incontrano gli industriali. Ci mancherebbe che non lo facessero.<\/p>\n<p>Ovvio, c\u2019\u00e8 modo e modo di incontrare una persona della parte avversa, ma dato che \u201cle Sardine\u201d sono ancora un movimento nascente dalla identit\u00e0 ovviamente confusa, vedere questi \u201cduri e puri\u201d (non ancora epurati da altri pi\u00f9 duri e puri di loro) che sputano veleno su questi ragazzi ci fa davvero ridere. Ridere s\u00ec, perch\u00e9 ormai siamo cinici e tifiamo estinzione.<\/p>\n<p>Il bello \u00e8 che poi questi sedicenti \u201ccompagni duri e puri\u201d sono spesso gli stessi che ancora prestano il fianco a far da spalla alle peggiori trasmissioni tossiche di Mediaset; quelli che in nome del cachet si prestano a fare \u201ci comunisti da comodino\u201d in vergognose risse da pollaio che sono una delle cause della situazione attuale di questo sventurato paese.<\/p>\n<p>\u00c8 chiaro che questo \u201cnascente\u201d movimento ha sulle spalle il peso enorme, in termini di aspettative, di una sinistra sempre pi\u00f9 delusa e frustrata, soprattutto da quella parte della sinistra che non si rassegna a morire democristiana nel Pd. Ed infatti gli esponenti \u201cSardine\u201d sono gi\u00e0 stati caricati di domande e questioni che non sono il compito di una piazza che si \u00e8 riunita solo per dire basta all\u2019odio e alla fomentazione del razzismo dalle becere forze neofasciste italiane.<\/p>\n<p>Chi ha un po\u2019 di intelligenza a sinistra aspetter\u00e0 che questo movimento cresca e giudicher\u00e0 la strada che imboccher\u00e0; invece gli esaltati in cerca di visibilit\u00e0 per le loro forze che prendono lo zerovirgolaniente \u00a0alle elezioni ma si continuano puntualmente a presentare ovunque dandosi martellate sui coglioni (verrebbe da pensare che ci hanno preso gusto) li attaccano con le stesse motivazioni della lega e con gli stessi metodi dei grillini.<\/p>\n<p>Non ci vuole molto per capire a chi, per forza di cose, va la nostra simpatia.<\/p>\n<p><strong>Alessandro Chiometti<\/strong><\/p>\n<p>&nbsp;<\/p>\n<p><a href=\"http:\/\/www.civiltalaica.it\/cms\/index.php\/the-new-pope-e-il-solito-sorrentino.html\/alessandro\" rel=\"attachment wp-att-16678\"><img loading=\"lazy\" decoding=\"async\" class=\"alignleft wp-image-16678\" src=\"http:\/\/www.civiltalaica.it\/cms\/wp-content\/uploads\/2020\/02\/alessandro-945x1024.jpg\" alt=\"\" width=\"192\" height=\"208\" srcset=\"https:\/\/www.civiltalaica.it\/cms\/wp-content\/uploads\/2020\/02\/alessandro-945x1024.jpg 945w, https:\/\/www.civiltalaica.it\/cms\/wp-content\/uploads\/2020\/02\/alessandro-277x300.jpg 277w, https:\/\/www.civiltalaica.it\/cms\/wp-content\/uploads\/2020\/02\/alessandro-768x832.jpg 768w, https:\/\/www.civiltalaica.it\/cms\/wp-content\/uploads\/2020\/02\/alessandro-1418x1536.jpg 1418w, https:\/\/www.civiltalaica.it\/cms\/wp-content\/uploads\/2020\/02\/alessandro-1890x2048.jpg 1890w, https:\/\/www.civiltalaica.it\/cms\/wp-content\/uploads\/2020\/02\/alessandro-148x160.jpg 148w\" sizes=\"auto, (max-width: 192px) 100vw, 192px\" \/><\/a><\/p>\n","protected":false},"excerpt":{"rendered":"<p>&nbsp; Che l\u2019Italia sia il paese con il tasso di analfabetismo funzionale, o misperception (errata percezione della realt\u00e0) pi\u00f9 alto di tutto il mondo occidentale, vincendo peraltro con \u00a0ampio distacco sui secondi, \u00e8 cosa nota. Quello che molti devono cominciare a realizzare \u00e8 che questo fenomeno non riguarda solo gli elettori succubi delle fake news [&hellip;]<\/p>\n","protected":false},"author":7,"featured_media":0,"comment_status":"closed","ping_status":"closed","sticky":false,"template":"","format":"standard","meta":{"footnotes":""},"categories":[238,232],"tags":[79,1962,1960,51,1961,1959,398],"class_list":["post-16742","post","type-post","status-publish","format-standard","hentry","category-articoli","category-riflessioni-2","tag-alessandro-chiometti","tag-duri-e-puri","tag-movimenti","tag-politica","tag-risse","tag-sardine","tag-sinistra"],"yoast_head":"<!-- This site is optimized with the Yoast SEO plugin v27.1.1 - https:\/\/yoast.com\/product\/yoast-seo-wordpress\/ -->\n<title>Le foto scomode e la politica demenziale - Associazione Culturale Civilt\u00e0 Laica<\/title>\n<meta name=\"description\" content=\"&quot;Traditori&quot;, &quot;Venduti&quot; , &quot;Servi&quot; i commenti ripetibili rivolti alle sardine dopo la foto con i Benetton. Non tutti gli analfabeti funzionali sono a destra.\" \/>\n<meta name=\"robots\" content=\"index, follow, max-snippet:-1, max-image-preview:large, max-video-preview:-1\" \/>\n<link rel=\"canonical\" href=\"https:\/\/www.civiltalaica.it\/cms\/le-foto-scomode-e-la-politica-demenziale\/\" \/>\n<meta property=\"og:locale\" content=\"it_IT\" \/>\n<meta property=\"og:type\" content=\"article\" \/>\n<meta property=\"og:title\" content=\"Le foto scomode e la politica demenziale - Associazione Culturale Civilt\u00e0 Laica\" \/>\n<meta property=\"og:description\" content=\"&quot;Traditori&quot;, &quot;Venduti&quot; , &quot;Servi&quot; i commenti ripetibili rivolti alle sardine dopo la foto con i Benetton. Non tutti gli analfabeti funzionali sono a destra.\" \/>\n<meta property=\"og:url\" content=\"https:\/\/www.civiltalaica.it\/cms\/le-foto-scomode-e-la-politica-demenziale\/\" \/>\n<meta property=\"og:site_name\" content=\"Associazione Culturale Civilt\u00e0 Laica\" \/>\n<meta property=\"article:publisher\" content=\"https:\/\/www.facebook.com\/civiltalaica\" \/>\n<meta property=\"article:published_time\" content=\"2020-02-20T09:48:01+00:00\" \/>\n<meta property=\"article:modified_time\" content=\"2020-02-20T09:58:01+00:00\" \/>\n<meta property=\"og:image\" content=\"http:\/\/www.civiltalaica.it\/cms\/wp-content\/uploads\/2020\/02\/rissa-da-bar.jpg\" \/>\n<meta name=\"author\" content=\"alexjc\" \/>\n<meta name=\"twitter:card\" content=\"summary_large_image\" \/>\n<meta name=\"twitter:label1\" content=\"Scritto da\" \/>\n\t<meta name=\"twitter:data1\" content=\"alexjc\" \/>\n\t<meta name=\"twitter:label2\" content=\"Tempo di lettura stimato\" \/>\n\t<meta name=\"twitter:data2\" content=\"3 minuti\" \/>\n<script type=\"application\/ld+json\" class=\"yoast-schema-graph\">{\"@context\":\"https:\/\/schema.org\",\"@graph\":[{\"@type\":\"Article\",\"@id\":\"https:\/\/www.civiltalaica.it\/cms\/le-foto-scomode-e-la-politica-demenziale\/#article\",\"isPartOf\":{\"@id\":\"https:\/\/www.civiltalaica.it\/cms\/le-foto-scomode-e-la-politica-demenziale\/\"},\"author\":{\"name\":\"alexjc\",\"@id\":\"https:\/\/www.civiltalaica.it\/cms\/#\/schema\/person\/4efef56f866329a1e0943eb27336df1d\"},\"headline\":\"Le foto scomode e la politica demenziale\",\"datePublished\":\"2020-02-20T09:48:01+00:00\",\"dateModified\":\"2020-02-20T09:58:01+00:00\",\"mainEntityOfPage\":{\"@id\":\"https:\/\/www.civiltalaica.it\/cms\/le-foto-scomode-e-la-politica-demenziale\/\"},\"wordCount\":628,\"image\":{\"@id\":\"https:\/\/www.civiltalaica.it\/cms\/le-foto-scomode-e-la-politica-demenziale\/#primaryimage\"},\"thumbnailUrl\":\"http:\/\/www.civiltalaica.it\/cms\/wp-content\/uploads\/2020\/02\/rissa-da-bar.jpg\",\"keywords\":[\"alessandro chiometti\",\"duri e puri\",\"movimenti\",\"Politica\",\"risse\",\"sardine\",\"sinistra\"],\"articleSection\":[\"articoli\",\"riflessioni\"],\"inLanguage\":\"it-IT\"},{\"@type\":\"WebPage\",\"@id\":\"https:\/\/www.civiltalaica.it\/cms\/le-foto-scomode-e-la-politica-demenziale\/\",\"url\":\"https:\/\/www.civiltalaica.it\/cms\/le-foto-scomode-e-la-politica-demenziale\/\",\"name\":\"Le foto scomode e la politica demenziale - Associazione Culturale Civilt\u00e0 Laica\",\"isPartOf\":{\"@id\":\"https:\/\/www.civiltalaica.it\/cms\/#website\"},\"primaryImageOfPage\":{\"@id\":\"https:\/\/www.civiltalaica.it\/cms\/le-foto-scomode-e-la-politica-demenziale\/#primaryimage\"},\"image\":{\"@id\":\"https:\/\/www.civiltalaica.it\/cms\/le-foto-scomode-e-la-politica-demenziale\/#primaryimage\"},\"thumbnailUrl\":\"http:\/\/www.civiltalaica.it\/cms\/wp-content\/uploads\/2020\/02\/rissa-da-bar.jpg\",\"datePublished\":\"2020-02-20T09:48:01+00:00\",\"dateModified\":\"2020-02-20T09:58:01+00:00\",\"author\":{\"@id\":\"https:\/\/www.civiltalaica.it\/cms\/#\/schema\/person\/4efef56f866329a1e0943eb27336df1d\"},\"description\":\"\\\"Traditori\\\", \\\"Venduti\\\" , \\\"Servi\\\" i commenti ripetibili rivolti alle sardine dopo la foto con i Benetton. Non tutti gli analfabeti funzionali sono a destra.\",\"breadcrumb\":{\"@id\":\"https:\/\/www.civiltalaica.it\/cms\/le-foto-scomode-e-la-politica-demenziale\/#breadcrumb\"},\"inLanguage\":\"it-IT\",\"potentialAction\":[{\"@type\":\"ReadAction\",\"target\":[\"https:\/\/www.civiltalaica.it\/cms\/le-foto-scomode-e-la-politica-demenziale\/\"]}]},{\"@type\":\"ImageObject\",\"inLanguage\":\"it-IT\",\"@id\":\"https:\/\/www.civiltalaica.it\/cms\/le-foto-scomode-e-la-politica-demenziale\/#primaryimage\",\"url\":\"http:\/\/www.civiltalaica.it\/cms\/wp-content\/uploads\/2020\/02\/rissa-da-bar.jpg\",\"contentUrl\":\"http:\/\/www.civiltalaica.it\/cms\/wp-content\/uploads\/2020\/02\/rissa-da-bar.jpg\"},{\"@type\":\"BreadcrumbList\",\"@id\":\"https:\/\/www.civiltalaica.it\/cms\/le-foto-scomode-e-la-politica-demenziale\/#breadcrumb\",\"itemListElement\":[{\"@type\":\"ListItem\",\"position\":1,\"name\":\"Home\",\"item\":\"https:\/\/www.civiltalaica.it\/cms\/\"},{\"@type\":\"ListItem\",\"position\":2,\"name\":\"Le foto scomode e la politica demenziale\"}]},{\"@type\":\"WebSite\",\"@id\":\"https:\/\/www.civiltalaica.it\/cms\/#website\",\"url\":\"https:\/\/www.civiltalaica.it\/cms\/\",\"name\":\"Associazione Culturale Civilt\u00e0 Laica\",\"description\":\"Per un movimento culturale volto a difendere la Laicit\u00e0 dello Stato.\",\"potentialAction\":[{\"@type\":\"SearchAction\",\"target\":{\"@type\":\"EntryPoint\",\"urlTemplate\":\"https:\/\/www.civiltalaica.it\/cms\/?s={search_term_string}\"},\"query-input\":{\"@type\":\"PropertyValueSpecification\",\"valueRequired\":true,\"valueName\":\"search_term_string\"}}],\"inLanguage\":\"it-IT\"},{\"@type\":\"Person\",\"@id\":\"https:\/\/www.civiltalaica.it\/cms\/#\/schema\/person\/4efef56f866329a1e0943eb27336df1d\",\"name\":\"alexjc\",\"url\":\"https:\/\/www.civiltalaica.it\/cms\/author\/alexjc\/\"}]}<\/script>\n<!-- \/ Yoast SEO plugin. -->","yoast_head_json":{"title":"Le foto scomode e la politica demenziale - Associazione Culturale Civilt\u00e0 Laica","description":"\"Traditori\", \"Venduti\" , \"Servi\" i commenti ripetibili rivolti alle sardine dopo la foto con i Benetton. Non tutti gli analfabeti funzionali sono a destra.","robots":{"index":"index","follow":"follow","max-snippet":"max-snippet:-1","max-image-preview":"max-image-preview:large","max-video-preview":"max-video-preview:-1"},"canonical":"https:\/\/www.civiltalaica.it\/cms\/le-foto-scomode-e-la-politica-demenziale\/","og_locale":"it_IT","og_type":"article","og_title":"Le foto scomode e la politica demenziale - Associazione Culturale Civilt\u00e0 Laica","og_description":"\"Traditori\", \"Venduti\" , \"Servi\" i commenti ripetibili rivolti alle sardine dopo la foto con i Benetton. Non tutti gli analfabeti funzionali sono a destra.","og_url":"https:\/\/www.civiltalaica.it\/cms\/le-foto-scomode-e-la-politica-demenziale\/","og_site_name":"Associazione Culturale Civilt\u00e0 Laica","article_publisher":"https:\/\/www.facebook.com\/civiltalaica","article_published_time":"2020-02-20T09:48:01+00:00","article_modified_time":"2020-02-20T09:58:01+00:00","og_image":[{"url":"http:\/\/www.civiltalaica.it\/cms\/wp-content\/uploads\/2020\/02\/rissa-da-bar.jpg","type":"","width":"","height":""}],"author":"alexjc","twitter_card":"summary_large_image","twitter_misc":{"Scritto da":"alexjc","Tempo di lettura stimato":"3 minuti"},"schema":{"@context":"https:\/\/schema.org","@graph":[{"@type":"Article","@id":"https:\/\/www.civiltalaica.it\/cms\/le-foto-scomode-e-la-politica-demenziale\/#article","isPartOf":{"@id":"https:\/\/www.civiltalaica.it\/cms\/le-foto-scomode-e-la-politica-demenziale\/"},"author":{"name":"alexjc","@id":"https:\/\/www.civiltalaica.it\/cms\/#\/schema\/person\/4efef56f866329a1e0943eb27336df1d"},"headline":"Le foto scomode e la politica demenziale","datePublished":"2020-02-20T09:48:01+00:00","dateModified":"2020-02-20T09:58:01+00:00","mainEntityOfPage":{"@id":"https:\/\/www.civiltalaica.it\/cms\/le-foto-scomode-e-la-politica-demenziale\/"},"wordCount":628,"image":{"@id":"https:\/\/www.civiltalaica.it\/cms\/le-foto-scomode-e-la-politica-demenziale\/#primaryimage"},"thumbnailUrl":"http:\/\/www.civiltalaica.it\/cms\/wp-content\/uploads\/2020\/02\/rissa-da-bar.jpg","keywords":["alessandro chiometti","duri e puri","movimenti","Politica","risse","sardine","sinistra"],"articleSection":["articoli","riflessioni"],"inLanguage":"it-IT"},{"@type":"WebPage","@id":"https:\/\/www.civiltalaica.it\/cms\/le-foto-scomode-e-la-politica-demenziale\/","url":"https:\/\/www.civiltalaica.it\/cms\/le-foto-scomode-e-la-politica-demenziale\/","name":"Le foto scomode e la politica demenziale - Associazione Culturale Civilt\u00e0 Laica","isPartOf":{"@id":"https:\/\/www.civiltalaica.it\/cms\/#website"},"primaryImageOfPage":{"@id":"https:\/\/www.civiltalaica.it\/cms\/le-foto-scomode-e-la-politica-demenziale\/#primaryimage"},"image":{"@id":"https:\/\/www.civiltalaica.it\/cms\/le-foto-scomode-e-la-politica-demenziale\/#primaryimage"},"thumbnailUrl":"http:\/\/www.civiltalaica.it\/cms\/wp-content\/uploads\/2020\/02\/rissa-da-bar.jpg","datePublished":"2020-02-20T09:48:01+00:00","dateModified":"2020-02-20T09:58:01+00:00","author":{"@id":"https:\/\/www.civiltalaica.it\/cms\/#\/schema\/person\/4efef56f866329a1e0943eb27336df1d"},"description":"\"Traditori\", \"Venduti\" , \"Servi\" i commenti ripetibili rivolti alle sardine dopo la foto con i Benetton. Non tutti gli analfabeti funzionali sono a destra.","breadcrumb":{"@id":"https:\/\/www.civiltalaica.it\/cms\/le-foto-scomode-e-la-politica-demenziale\/#breadcrumb"},"inLanguage":"it-IT","potentialAction":[{"@type":"ReadAction","target":["https:\/\/www.civiltalaica.it\/cms\/le-foto-scomode-e-la-politica-demenziale\/"]}]},{"@type":"ImageObject","inLanguage":"it-IT","@id":"https:\/\/www.civiltalaica.it\/cms\/le-foto-scomode-e-la-politica-demenziale\/#primaryimage","url":"http:\/\/www.civiltalaica.it\/cms\/wp-content\/uploads\/2020\/02\/rissa-da-bar.jpg","contentUrl":"http:\/\/www.civiltalaica.it\/cms\/wp-content\/uploads\/2020\/02\/rissa-da-bar.jpg"},{"@type":"BreadcrumbList","@id":"https:\/\/www.civiltalaica.it\/cms\/le-foto-scomode-e-la-politica-demenziale\/#breadcrumb","itemListElement":[{"@type":"ListItem","position":1,"name":"Home","item":"https:\/\/www.civiltalaica.it\/cms\/"},{"@type":"ListItem","position":2,"name":"Le foto scomode e la politica demenziale"}]},{"@type":"WebSite","@id":"https:\/\/www.civiltalaica.it\/cms\/#website","url":"https:\/\/www.civiltalaica.it\/cms\/","name":"Associazione Culturale Civilt\u00e0 Laica","description":"Per un movimento culturale volto a difendere la Laicit\u00e0 dello Stato.","potentialAction":[{"@type":"SearchAction","target":{"@type":"EntryPoint","urlTemplate":"https:\/\/www.civiltalaica.it\/cms\/?s={search_term_string}"},"query-input":{"@type":"PropertyValueSpecification","valueRequired":true,"valueName":"search_term_string"}}],"inLanguage":"it-IT"},{"@type":"Person","@id":"https:\/\/www.civiltalaica.it\/cms\/#\/schema\/person\/4efef56f866329a1e0943eb27336df1d","name":"alexjc","url":"https:\/\/www.civiltalaica.it\/cms\/author\/alexjc\/"}]}},"_links":{"self":[{"href":"https:\/\/www.civiltalaica.it\/cms\/wp-json\/wp\/v2\/posts\/16742","targetHints":{"allow":["GET"]}}],"collection":[{"href":"https:\/\/www.civiltalaica.it\/cms\/wp-json\/wp\/v2\/posts"}],"about":[{"href":"https:\/\/www.civiltalaica.it\/cms\/wp-json\/wp\/v2\/types\/post"}],"author":[{"embeddable":true,"href":"https:\/\/www.civiltalaica.it\/cms\/wp-json\/wp\/v2\/users\/7"}],"replies":[{"embeddable":true,"href":"https:\/\/www.civiltalaica.it\/cms\/wp-json\/wp\/v2\/comments?post=16742"}],"version-history":[{"count":4,"href":"https:\/\/www.civiltalaica.it\/cms\/wp-json\/wp\/v2\/posts\/16742\/revisions"}],"predecessor-version":[{"id":16747,"href":"https:\/\/www.civiltalaica.it\/cms\/wp-json\/wp\/v2\/posts\/16742\/revisions\/16747"}],"wp:attachment":[{"href":"https:\/\/www.civiltalaica.it\/cms\/wp-json\/wp\/v2\/media?parent=16742"}],"wp:term":[{"taxonomy":"category","embeddable":true,"href":"https:\/\/www.civiltalaica.it\/cms\/wp-json\/wp\/v2\/categories?post=16742"},{"taxonomy":"post_tag","embeddable":true,"href":"https:\/\/www.civiltalaica.it\/cms\/wp-json\/wp\/v2\/tags?post=16742"}],"curies":[{"name":"wp","href":"https:\/\/api.w.org\/{rel}","templated":true}]}}