{"id":16496,"date":"2019-12-21T08:37:44","date_gmt":"2019-12-21T08:37:44","guid":{"rendered":"http:\/\/www.civiltalaica.it\/cms\/?p=16496"},"modified":"2019-12-21T08:39:35","modified_gmt":"2019-12-21T08:39:35","slug":"we-wish-you-a-merry-christ-ah-no","status":"publish","type":"post","link":"https:\/\/www.civiltalaica.it\/cms\/we-wish-you-a-merry-christ-ah-no\/","title":{"rendered":"We wish you a Merry Christ&#8230; ah no!"},"content":{"rendered":"<p>&nbsp;<\/p>\n<p><a href=\"http:\/\/www.civiltalaica.it\/cms\/index.php\/we-wish-you-a-merry-christ-ah-no.html\/grinch\" rel=\"attachment wp-att-16498\"><img loading=\"lazy\" decoding=\"async\" class=\"alignleft size-full wp-image-16498\" src=\"http:\/\/www.civiltalaica.it\/cms\/wp-content\/uploads\/2019\/12\/grinch.jpg\" alt=\"\" width=\"850\" height=\"478\" srcset=\"https:\/\/www.civiltalaica.it\/cms\/wp-content\/uploads\/2019\/12\/grinch.jpg 850w, https:\/\/www.civiltalaica.it\/cms\/wp-content\/uploads\/2019\/12\/grinch-300x169.jpg 300w, https:\/\/www.civiltalaica.it\/cms\/wp-content\/uploads\/2019\/12\/grinch-768x432.jpg 768w, https:\/\/www.civiltalaica.it\/cms\/wp-content\/uploads\/2019\/12\/grinch-280x157.jpg 280w\" sizes=\"auto, (max-width: 850px) 100vw, 850px\" \/><\/a><\/p>\n<p><em>Merry Christmas<\/em>, <em>Feliz Navidad<\/em>, <em>Buon Natale<\/em> a tutti! Credevate di esservi salvati dall&#8217;annuale promemoria su come il paganesimo influenzi la nostra vita molto pi\u00f9 del cristianesimo? E invece no. Finch\u00e9 ci sar\u00e0 chi usa l&#8217;argomentazione delle &#8220;nostre tradizioni&#8221;, io far\u00f2 sfoggio di tutto il mio sapere a riguardo. Ogni anno in questo periodo incombe la lotta per la presenza dell&#8217;albero nelle scuole, di Babbo Natale, del presepe&#8230; peccato che solo quest&#8217;ultima sia una tradizione davvero cristiana. Il resto \u00e8 stato ripreso (come gran parte delle nostre festivit\u00e0) non da uno, ma<\/p>\n<p>da <em>vari<\/em> paganesimi. Partiamo dal simbolo pi\u00f9 famoso del Natale: <strong>l&#8217;albero<\/strong>!<\/p>\n<h4 style=\"text-align: center;\">Un sempreverde contro le tenebre<\/h4>\n<p>Il tipo di albero che usiamo, ovvero l&#8217;abete, \u00e8 un albero sacro nelle tradizioni pagane germaniche e nordiche: con l&#8217;incombere della pi\u00f9 tetra oscurit\u00e0 durante il solstizio di inverno, in attesa che le giornate tornassero ad allungarsi e il sole a splendere, il sempreverde rappresentava l&#8217;immortalit\u00e0 dato che non perdeva le foglie nemmeno nelle giornate pi\u00f9 gelide, e in particolare per i Vichinghi l&#8217;abete rosso aveva addirittura dei poteri magici; dunque veniva tagliato e portato a casa per poi essere decorato con frutti atti a propiziare il ritorno della primavera e la fertilit\u00e0 della terra. Nella tradizione germanica, inoltre, l&#8217;abete \u00e8 l&#8217;albero sacro del dio Odino, uno dei pi\u00f9 potenti del pantheon. Ricorre nella festivit\u00e0 di <em>Yule<\/em>, che ha diverse declinazioni a seconda dei Paesi.<\/p>\n<h4 style=\"text-align: center;\">Un dio generoso<\/h4>\n<p>Sempre durante <em>Yule<\/em>, il folclore germanico narrava che Odino organizzasse una grande battuta di caccia accompagnato dagli altri d\u00e8i e dai guerrieri caduti. Se i bambini lasciavano i loro stivali nel caminetto pieni di carote, zucchero o paglia per sfamare il cavallo volante di Odino, questi avrebbe lasciato loro dei dolcetti o dei regalini. E chi \u00e8 che porta i regali ai bambini su un carro trainato da renne volanti la notte di Natale? Le leggende su <strong>Babbo Natale<\/strong> sono per\u00f2 moltissime, e vengono da molte tradizioni diverse: c&#8217;\u00e8 quella, sempre germanica, del demone assoggettato al santo, quella islandese dei folletti che portano i regali ai bambini buoni, fino alle origini cristiane (stavolta s\u00ec, almeno in parte) della leggenda di San Nicola.<\/p>\n<p>&nbsp;<\/p>\n<p>Della leggenda del Dio Agrifoglio e del Dio Quercia dei Celti e degli Scandinavi, invece, per tornare ai sempreverdi, ho gi\u00e0 parlato<a href=\"http:\/\/www.civiltalaica.it\/cms\/index.php\/origini-del-solstizio-destate.html\"> qui<\/a> e, non volendo ripetermi, vi invito a leggere l&#8217;altro articolo (se siete interessati). Anche gli antichi romani avevano l&#8217;abitudine di decorare i pini per l&#8217;anno nuovo, che, tuttavia, iniziava il 21 marzo, con la primavera.<\/p>\n<h4 style=\"text-align: center;\">Merry Saturnalia<\/h4>\n<p>Nel periodo del solstizio d&#8217;inverno, invece, i nostri avi festeggiavano i <em>Saturnalia<\/em> (o Saturnali): la celebrazione della venuta di Saturno nel tempio iniziava con grandi <strong>banchetti<\/strong>. Ci si scambiava poi dei <strong>pacchettini regalo<\/strong> accompagnati dall&#8217;augurio &#8220;io Saturnalia&#8221; (e da alcuni bigliettini piuttosto originali, a volte, di cui ho parlato <a href=\"http:\/\/www.civiltalaica.it\/cms\/index.php\/merry-saturnalia.html\">qui<\/a>). I festeggiamenti erano caratterizzati dal rovesciamento dell&#8217;ordine sociale: gli schiavi erano considerati uomini liberi ed eleggevano un principe che avrebbe indossato una maschera rossa in onore di <strong>Saturno<\/strong> o Plutone. Il Natale romano era inoltre fuso con il <strong>Carnevale<\/strong>: i romani erano convinti che durante l&#8217;inverno gli d\u00e8i Inferi, preposti alla protezione delle anime defunte, ma anche dei campi, vagassero sulla Terra in corteo. Dovevano dunque essere placati con offerte votive e sfilate in loro onore che li avrebbero indotti a tornare nelle viscere del suolo. Addirittura fu necessario emanare una legge che imponeva un<strong> limite massimo di spesa<\/strong> per i banchetti durante questo periodo.<\/p>\n<div id=\"attachment_1617\" style=\"width: 567px\" class=\"wp-caption aligncenter\"><a href=\"http:\/\/www.scrittorisopravvissuti.it\/wp-content\/uploads\/2019\/12\/christmas-winter-presents-gifts-6488.jpg\"><img loading=\"lazy\" decoding=\"async\" aria-describedby=\"caption-attachment-1617\" class=\" wp-image-1617\" src=\"http:\/\/www.scrittorisopravvissuti.it\/wp-content\/uploads\/2019\/12\/christmas-winter-presents-gifts-6488.jpg\" alt=\"\" width=\"557\" height=\"371\" \/><\/a><p id=\"caption-attachment-1617\" class=\"wp-caption-text\">Free picture (Christmas Gifts) from https:\/\/torange.biz\/christmas-gifts-6488<\/p><\/div>\n<p>Anche la <strong>ghirlanda<\/strong> che appendiamo alla porta discende da tradizioni pagane: per i greci e i romani era una corona simbolo di vittoria e veniva appesa alle porte degli atleti vincitori; per i germani il cerchio simboleggiava l&#8217;eternit\u00e0 della natura ed era una protezione contro il buio. Spesso era illuminata da quattro candele e ornata di vari fiori e nastri.<\/p>\n<h4 style=\"text-align: center;\">Sperando che il Sole rischiari anche le menti<\/h4>\n<p>Insomma, l&#8217;unica tradizione veramente cristiana pare essere quella del <strong>presepe<\/strong>, di origini medievali, in onore della nativit\u00e0 di Ges\u00f9. Ma ricordate sempre che la nascita del Messia coincide con quella di molte altre divinit\u00e0, perch\u00e9 tra il 21 e il 25 dicembre si festeggia la <strong>nascita del Sole<\/strong> e la vittoria della luce sulle tenebre. Dunque, in virt\u00f9 di tutto questo, voglio chiedere un regalo a coloro che difendono le &#8220;nostre tradizioni&#8221;: adottate l&#8217;usanza che pi\u00f9 vi piace, ma smettetela di rompere le palle di Natale con l&#8217;imposizione agli altri non delle &#8220;vostre tradizioni&#8221; ma della vostra ignoranza. Per piacere. Acculturatevi.<\/p>\n<p>E a tutti gli altri, dal canto mio, non posso che augurare un felice <em>Sol Invictus<\/em> e allegri <em>Saturnali<\/em>!<\/p>\n<p style=\"text-align: right;\"><strong>Ilaria Alleva<\/strong><\/p>\n","protected":false},"excerpt":{"rendered":"<p>&nbsp; Merry Christmas, Feliz Navidad, Buon Natale a tutti! Credevate di esservi salvati dall&#8217;annuale promemoria su come il paganesimo influenzi la nostra vita molto pi\u00f9 del cristianesimo? E invece no. Finch\u00e9 ci sar\u00e0 chi usa l&#8217;argomentazione delle &#8220;nostre tradizioni&#8221;, io far\u00f2 sfoggio di tutto il mio sapere a riguardo. Ogni anno in questo periodo incombe [&hellip;]<\/p>\n","protected":false},"author":7,"featured_media":0,"comment_status":"closed","ping_status":"closed","sticky":false,"template":"","format":"standard","meta":{"footnotes":""},"categories":[238,234],"tags":[1942,1941,1754,1940],"class_list":["post-16496","post","type-post","status-publish","format-standard","hentry","category-articoli","category-storia","tag-culti-cristiani","tag-culti-pagani","tag-ilaria-alleva","tag-origini-del-natale"],"yoast_head":"<!-- This site is optimized with the Yoast SEO plugin v27.1.1 - https:\/\/yoast.com\/product\/yoast-seo-wordpress\/ -->\n<title>We wish you a Merry Christ... ah no! - Associazione Culturale Civilt\u00e0 Laica<\/title>\n<meta name=\"robots\" content=\"index, follow, max-snippet:-1, max-image-preview:large, max-video-preview:-1\" \/>\n<link rel=\"canonical\" href=\"https:\/\/www.civiltalaica.it\/cms\/we-wish-you-a-merry-christ-ah-no\/\" \/>\n<meta property=\"og:locale\" content=\"it_IT\" \/>\n<meta property=\"og:type\" content=\"article\" \/>\n<meta property=\"og:title\" content=\"We wish you a Merry Christ... ah no! - Associazione Culturale Civilt\u00e0 Laica\" \/>\n<meta property=\"og:description\" content=\"&nbsp; Merry Christmas, Feliz Navidad, Buon Natale a tutti! Credevate di esservi salvati dall&#8217;annuale promemoria su come il paganesimo influenzi la nostra vita molto pi\u00f9 del cristianesimo? E invece no. Finch\u00e9 ci sar\u00e0 chi usa l&#8217;argomentazione delle &#8220;nostre tradizioni&#8221;, io far\u00f2 sfoggio di tutto il mio sapere a riguardo. Ogni anno in questo periodo incombe [&hellip;]\" \/>\n<meta property=\"og:url\" content=\"https:\/\/www.civiltalaica.it\/cms\/we-wish-you-a-merry-christ-ah-no\/\" \/>\n<meta property=\"og:site_name\" content=\"Associazione Culturale Civilt\u00e0 Laica\" \/>\n<meta property=\"article:publisher\" content=\"https:\/\/www.facebook.com\/civiltalaica\" \/>\n<meta property=\"article:published_time\" content=\"2019-12-21T08:37:44+00:00\" \/>\n<meta property=\"article:modified_time\" content=\"2019-12-21T08:39:35+00:00\" \/>\n<meta property=\"og:image\" content=\"http:\/\/www.civiltalaica.it\/cms\/wp-content\/uploads\/2019\/12\/grinch.jpg\" \/>\n<meta name=\"author\" content=\"alexjc\" \/>\n<meta name=\"twitter:card\" content=\"summary_large_image\" \/>\n<meta name=\"twitter:label1\" content=\"Scritto da\" \/>\n\t<meta name=\"twitter:data1\" content=\"alexjc\" \/>\n\t<meta name=\"twitter:label2\" content=\"Tempo di lettura stimato\" \/>\n\t<meta name=\"twitter:data2\" content=\"4 minuti\" \/>\n<script type=\"application\/ld+json\" class=\"yoast-schema-graph\">{\"@context\":\"https:\/\/schema.org\",\"@graph\":[{\"@type\":\"Article\",\"@id\":\"https:\/\/www.civiltalaica.it\/cms\/we-wish-you-a-merry-christ-ah-no\/#article\",\"isPartOf\":{\"@id\":\"https:\/\/www.civiltalaica.it\/cms\/we-wish-you-a-merry-christ-ah-no\/\"},\"author\":{\"name\":\"alexjc\",\"@id\":\"https:\/\/www.civiltalaica.it\/cms\/#\/schema\/person\/4efef56f866329a1e0943eb27336df1d\"},\"headline\":\"We wish you a Merry Christ&#8230; ah no!\",\"datePublished\":\"2019-12-21T08:37:44+00:00\",\"dateModified\":\"2019-12-21T08:39:35+00:00\",\"mainEntityOfPage\":{\"@id\":\"https:\/\/www.civiltalaica.it\/cms\/we-wish-you-a-merry-christ-ah-no\/\"},\"wordCount\":783,\"image\":{\"@id\":\"https:\/\/www.civiltalaica.it\/cms\/we-wish-you-a-merry-christ-ah-no\/#primaryimage\"},\"thumbnailUrl\":\"http:\/\/www.civiltalaica.it\/cms\/wp-content\/uploads\/2019\/12\/grinch.jpg\",\"keywords\":[\"culti cristiani\",\"culti pagani\",\"Ilaria Alleva\",\"origini del natale\"],\"articleSection\":[\"articoli\",\"storia\"],\"inLanguage\":\"it-IT\"},{\"@type\":\"WebPage\",\"@id\":\"https:\/\/www.civiltalaica.it\/cms\/we-wish-you-a-merry-christ-ah-no\/\",\"url\":\"https:\/\/www.civiltalaica.it\/cms\/we-wish-you-a-merry-christ-ah-no\/\",\"name\":\"We wish you a Merry Christ... ah no! - Associazione Culturale Civilt\u00e0 Laica\",\"isPartOf\":{\"@id\":\"https:\/\/www.civiltalaica.it\/cms\/#website\"},\"primaryImageOfPage\":{\"@id\":\"https:\/\/www.civiltalaica.it\/cms\/we-wish-you-a-merry-christ-ah-no\/#primaryimage\"},\"image\":{\"@id\":\"https:\/\/www.civiltalaica.it\/cms\/we-wish-you-a-merry-christ-ah-no\/#primaryimage\"},\"thumbnailUrl\":\"http:\/\/www.civiltalaica.it\/cms\/wp-content\/uploads\/2019\/12\/grinch.jpg\",\"datePublished\":\"2019-12-21T08:37:44+00:00\",\"dateModified\":\"2019-12-21T08:39:35+00:00\",\"author\":{\"@id\":\"https:\/\/www.civiltalaica.it\/cms\/#\/schema\/person\/4efef56f866329a1e0943eb27336df1d\"},\"breadcrumb\":{\"@id\":\"https:\/\/www.civiltalaica.it\/cms\/we-wish-you-a-merry-christ-ah-no\/#breadcrumb\"},\"inLanguage\":\"it-IT\",\"potentialAction\":[{\"@type\":\"ReadAction\",\"target\":[\"https:\/\/www.civiltalaica.it\/cms\/we-wish-you-a-merry-christ-ah-no\/\"]}]},{\"@type\":\"ImageObject\",\"inLanguage\":\"it-IT\",\"@id\":\"https:\/\/www.civiltalaica.it\/cms\/we-wish-you-a-merry-christ-ah-no\/#primaryimage\",\"url\":\"http:\/\/www.civiltalaica.it\/cms\/wp-content\/uploads\/2019\/12\/grinch.jpg\",\"contentUrl\":\"http:\/\/www.civiltalaica.it\/cms\/wp-content\/uploads\/2019\/12\/grinch.jpg\"},{\"@type\":\"BreadcrumbList\",\"@id\":\"https:\/\/www.civiltalaica.it\/cms\/we-wish-you-a-merry-christ-ah-no\/#breadcrumb\",\"itemListElement\":[{\"@type\":\"ListItem\",\"position\":1,\"name\":\"Home\",\"item\":\"https:\/\/www.civiltalaica.it\/cms\/\"},{\"@type\":\"ListItem\",\"position\":2,\"name\":\"We wish you a Merry Christ&#8230; ah no!\"}]},{\"@type\":\"WebSite\",\"@id\":\"https:\/\/www.civiltalaica.it\/cms\/#website\",\"url\":\"https:\/\/www.civiltalaica.it\/cms\/\",\"name\":\"Associazione Culturale Civilt\u00e0 Laica\",\"description\":\"Per un movimento culturale volto a difendere la Laicit\u00e0 dello Stato.\",\"potentialAction\":[{\"@type\":\"SearchAction\",\"target\":{\"@type\":\"EntryPoint\",\"urlTemplate\":\"https:\/\/www.civiltalaica.it\/cms\/?s={search_term_string}\"},\"query-input\":{\"@type\":\"PropertyValueSpecification\",\"valueRequired\":true,\"valueName\":\"search_term_string\"}}],\"inLanguage\":\"it-IT\"},{\"@type\":\"Person\",\"@id\":\"https:\/\/www.civiltalaica.it\/cms\/#\/schema\/person\/4efef56f866329a1e0943eb27336df1d\",\"name\":\"alexjc\",\"url\":\"https:\/\/www.civiltalaica.it\/cms\/author\/alexjc\/\"}]}<\/script>\n<!-- \/ Yoast SEO plugin. -->","yoast_head_json":{"title":"We wish you a Merry Christ... ah no! - Associazione Culturale Civilt\u00e0 Laica","robots":{"index":"index","follow":"follow","max-snippet":"max-snippet:-1","max-image-preview":"max-image-preview:large","max-video-preview":"max-video-preview:-1"},"canonical":"https:\/\/www.civiltalaica.it\/cms\/we-wish-you-a-merry-christ-ah-no\/","og_locale":"it_IT","og_type":"article","og_title":"We wish you a Merry Christ... ah no! - Associazione Culturale Civilt\u00e0 Laica","og_description":"&nbsp; Merry Christmas, Feliz Navidad, Buon Natale a tutti! Credevate di esservi salvati dall&#8217;annuale promemoria su come il paganesimo influenzi la nostra vita molto pi\u00f9 del cristianesimo? E invece no. Finch\u00e9 ci sar\u00e0 chi usa l&#8217;argomentazione delle &#8220;nostre tradizioni&#8221;, io far\u00f2 sfoggio di tutto il mio sapere a riguardo. Ogni anno in questo periodo incombe [&hellip;]","og_url":"https:\/\/www.civiltalaica.it\/cms\/we-wish-you-a-merry-christ-ah-no\/","og_site_name":"Associazione Culturale Civilt\u00e0 Laica","article_publisher":"https:\/\/www.facebook.com\/civiltalaica","article_published_time":"2019-12-21T08:37:44+00:00","article_modified_time":"2019-12-21T08:39:35+00:00","og_image":[{"url":"http:\/\/www.civiltalaica.it\/cms\/wp-content\/uploads\/2019\/12\/grinch.jpg","type":"","width":"","height":""}],"author":"alexjc","twitter_card":"summary_large_image","twitter_misc":{"Scritto da":"alexjc","Tempo di lettura stimato":"4 minuti"},"schema":{"@context":"https:\/\/schema.org","@graph":[{"@type":"Article","@id":"https:\/\/www.civiltalaica.it\/cms\/we-wish-you-a-merry-christ-ah-no\/#article","isPartOf":{"@id":"https:\/\/www.civiltalaica.it\/cms\/we-wish-you-a-merry-christ-ah-no\/"},"author":{"name":"alexjc","@id":"https:\/\/www.civiltalaica.it\/cms\/#\/schema\/person\/4efef56f866329a1e0943eb27336df1d"},"headline":"We wish you a Merry Christ&#8230; ah no!","datePublished":"2019-12-21T08:37:44+00:00","dateModified":"2019-12-21T08:39:35+00:00","mainEntityOfPage":{"@id":"https:\/\/www.civiltalaica.it\/cms\/we-wish-you-a-merry-christ-ah-no\/"},"wordCount":783,"image":{"@id":"https:\/\/www.civiltalaica.it\/cms\/we-wish-you-a-merry-christ-ah-no\/#primaryimage"},"thumbnailUrl":"http:\/\/www.civiltalaica.it\/cms\/wp-content\/uploads\/2019\/12\/grinch.jpg","keywords":["culti cristiani","culti pagani","Ilaria Alleva","origini del natale"],"articleSection":["articoli","storia"],"inLanguage":"it-IT"},{"@type":"WebPage","@id":"https:\/\/www.civiltalaica.it\/cms\/we-wish-you-a-merry-christ-ah-no\/","url":"https:\/\/www.civiltalaica.it\/cms\/we-wish-you-a-merry-christ-ah-no\/","name":"We wish you a Merry Christ... ah no! - Associazione Culturale Civilt\u00e0 Laica","isPartOf":{"@id":"https:\/\/www.civiltalaica.it\/cms\/#website"},"primaryImageOfPage":{"@id":"https:\/\/www.civiltalaica.it\/cms\/we-wish-you-a-merry-christ-ah-no\/#primaryimage"},"image":{"@id":"https:\/\/www.civiltalaica.it\/cms\/we-wish-you-a-merry-christ-ah-no\/#primaryimage"},"thumbnailUrl":"http:\/\/www.civiltalaica.it\/cms\/wp-content\/uploads\/2019\/12\/grinch.jpg","datePublished":"2019-12-21T08:37:44+00:00","dateModified":"2019-12-21T08:39:35+00:00","author":{"@id":"https:\/\/www.civiltalaica.it\/cms\/#\/schema\/person\/4efef56f866329a1e0943eb27336df1d"},"breadcrumb":{"@id":"https:\/\/www.civiltalaica.it\/cms\/we-wish-you-a-merry-christ-ah-no\/#breadcrumb"},"inLanguage":"it-IT","potentialAction":[{"@type":"ReadAction","target":["https:\/\/www.civiltalaica.it\/cms\/we-wish-you-a-merry-christ-ah-no\/"]}]},{"@type":"ImageObject","inLanguage":"it-IT","@id":"https:\/\/www.civiltalaica.it\/cms\/we-wish-you-a-merry-christ-ah-no\/#primaryimage","url":"http:\/\/www.civiltalaica.it\/cms\/wp-content\/uploads\/2019\/12\/grinch.jpg","contentUrl":"http:\/\/www.civiltalaica.it\/cms\/wp-content\/uploads\/2019\/12\/grinch.jpg"},{"@type":"BreadcrumbList","@id":"https:\/\/www.civiltalaica.it\/cms\/we-wish-you-a-merry-christ-ah-no\/#breadcrumb","itemListElement":[{"@type":"ListItem","position":1,"name":"Home","item":"https:\/\/www.civiltalaica.it\/cms\/"},{"@type":"ListItem","position":2,"name":"We wish you a Merry Christ&#8230; ah no!"}]},{"@type":"WebSite","@id":"https:\/\/www.civiltalaica.it\/cms\/#website","url":"https:\/\/www.civiltalaica.it\/cms\/","name":"Associazione Culturale Civilt\u00e0 Laica","description":"Per un movimento culturale volto a difendere la Laicit\u00e0 dello Stato.","potentialAction":[{"@type":"SearchAction","target":{"@type":"EntryPoint","urlTemplate":"https:\/\/www.civiltalaica.it\/cms\/?s={search_term_string}"},"query-input":{"@type":"PropertyValueSpecification","valueRequired":true,"valueName":"search_term_string"}}],"inLanguage":"it-IT"},{"@type":"Person","@id":"https:\/\/www.civiltalaica.it\/cms\/#\/schema\/person\/4efef56f866329a1e0943eb27336df1d","name":"alexjc","url":"https:\/\/www.civiltalaica.it\/cms\/author\/alexjc\/"}]}},"_links":{"self":[{"href":"https:\/\/www.civiltalaica.it\/cms\/wp-json\/wp\/v2\/posts\/16496","targetHints":{"allow":["GET"]}}],"collection":[{"href":"https:\/\/www.civiltalaica.it\/cms\/wp-json\/wp\/v2\/posts"}],"about":[{"href":"https:\/\/www.civiltalaica.it\/cms\/wp-json\/wp\/v2\/types\/post"}],"author":[{"embeddable":true,"href":"https:\/\/www.civiltalaica.it\/cms\/wp-json\/wp\/v2\/users\/7"}],"replies":[{"embeddable":true,"href":"https:\/\/www.civiltalaica.it\/cms\/wp-json\/wp\/v2\/comments?post=16496"}],"version-history":[{"count":3,"href":"https:\/\/www.civiltalaica.it\/cms\/wp-json\/wp\/v2\/posts\/16496\/revisions"}],"predecessor-version":[{"id":16500,"href":"https:\/\/www.civiltalaica.it\/cms\/wp-json\/wp\/v2\/posts\/16496\/revisions\/16500"}],"wp:attachment":[{"href":"https:\/\/www.civiltalaica.it\/cms\/wp-json\/wp\/v2\/media?parent=16496"}],"wp:term":[{"taxonomy":"category","embeddable":true,"href":"https:\/\/www.civiltalaica.it\/cms\/wp-json\/wp\/v2\/categories?post=16496"},{"taxonomy":"post_tag","embeddable":true,"href":"https:\/\/www.civiltalaica.it\/cms\/wp-json\/wp\/v2\/tags?post=16496"}],"curies":[{"name":"wp","href":"https:\/\/api.w.org\/{rel}","templated":true}]}}