{"id":15499,"date":"2018-11-26T15:42:49","date_gmt":"2018-11-26T15:42:49","guid":{"rendered":"http:\/\/www.civiltalaica.it\/cms\/?p=15499"},"modified":"2018-11-26T15:42:49","modified_gmt":"2018-11-26T15:42:49","slug":"review-la-seconda-guerra-civile-americana","status":"publish","type":"post","link":"https:\/\/www.civiltalaica.it\/cms\/review-la-seconda-guerra-civile-americana\/","title":{"rendered":"Review: la seconda guerra civile americana"},"content":{"rendered":"<p><a href=\"http:\/\/www.civiltalaica.it\/cms\/index.php\/review-la-seconda-guerra-civile-americana.html\/2a-guerra-civile-americana\" rel=\"attachment wp-att-15500\"><img loading=\"lazy\" decoding=\"async\" class=\"alignleft  wp-image-15500\" src=\"http:\/\/www.civiltalaica.it\/cms\/wp-content\/uploads\/2018\/11\/2a-guerra-civile-americana.jpg\" alt=\"\" width=\"334\" height=\"472\" srcset=\"https:\/\/www.civiltalaica.it\/cms\/wp-content\/uploads\/2018\/11\/2a-guerra-civile-americana.jpg 354w, https:\/\/www.civiltalaica.it\/cms\/wp-content\/uploads\/2018\/11\/2a-guerra-civile-americana-212x300.jpg 212w, https:\/\/www.civiltalaica.it\/cms\/wp-content\/uploads\/2018\/11\/2a-guerra-civile-americana-113x160.jpg 113w\" sizes=\"auto, (max-width: 334px) 100vw, 334px\" \/><\/a><\/p>\n<p>Nel tornare a guardare un film di venti anni prima si corre sempre il rischio di rovinarsi dei ricordi piacevoli.<\/p>\n<p>Il tempo passa molto velocemente nella cinematografia e spesso i ritmi che siamo abituati a seguire nelle visioni recenti sono molto diversi da quelli di decenni prima per l\u2019appunto.<\/p>\n<p>Viceversa, ci sono film che ti sorprendono per la loro grandezza intuitiva degli autori che hanno anticipato tantissimo tematiche oggi al centro della discussione.<\/p>\n<p>Joe Dante (noto ai fans dell\u2019horror per \u201cL\u2019ululato\u201d e \u201cI gremlins\u201d) in questo suo piccolo capolavoro, che potremmo definire con un parallelismo neanche troppo azzardato un \u201cDottor Stranamore\u201d in cui il nemico \u00e8 interno agli Usa.<\/p>\n<p>La trama infatti vede l\u2019Idaho dichiarare la secessione dagli Usa. Perch\u00e9? Perch\u00e9 non vuole ospitare \u00a0un centinaio di bambini pakistani, salvati da un\u2019organizzazione umanitaria. Al folle governatore (che all\u2019epoca era evidentemente ispirato dall\u2019unione del fanatismo sudista con le smanie sessuali di Bill Clinton) troppo impegnato nel far la corte per riavvicinarsi all\u2019avvenente giornalista messicana Cristina Fernandez della rete nazionale NN per far caso al casino che sta combinando, fa da contraltare un Presidente degli Usa schiavo dei lobbysti\u2026 anzi del lobbysta Jack Buchan (uno straordinario James Coburn) che, non si sa bene come, ha sotto controllo tutti gli umori delle minoranze statunitensi. O almeno crede, visto che ogni suo consiglio in realt\u00e0 non fa altro che precipitare la situazione e si scopre che le minoranze (cinesi, koreane, portoricane, afroamericane, messicane che siano) sono pi\u00f9 razziste del governatore razzista dell\u2019Idaho.<\/p>\n<p>Una critica al relativismo culturale (o multiculturalismo che dir si voglia) che Joe Dante ha fatto con netto anticipo rispetto a ci\u00f2 che sappiamo oggi su quanto \u00e8 sbagliato un certo tipo di tentativo di integrazione.<\/p>\n<p>Ma non solo. Il film svela anche il disastro che stava creando la bulimia di informazione. Il giornalista veterano Jim Kalla dello staff della NN rete di news nazionale, ragiona proprio in tal senso. Cosa si rischia con la voglia di dover dare la notizia a tutti i costi? Anche quando non \u00e8 verificata? Anche quando forse sarebbe meglio non dare la notizia? Ogni notizia deve essere data o ci sono limiti al diritto di cronaca?<\/p>\n<p>Ma il film non \u00e8 assolutamente pesante, anzi \u00e8 quasi una commedia degli equivoci, sebbene dai risvolti tragici. Basta pensare che l\u2019onnipresenza dei mass media \u00e8 sottolineata dal fatto che il presidente \u00e8 costretto a lanciare un ultimatum di 68 ore e mezza perch\u00e9 questo non cada in contemporanea con un importante puntata della telenovela \u201cFigli, figli miei!\u201d che \u00e8 la pi\u00f9 vista d\u2019America. La protagonista dovr\u00e0 infatti consumare la fuga d\u2019amore con il suo giardiniere, \u00a0l\u2019attacco all\u2019Idaho passerebbe in secondo piano.<\/p>\n<p>Poi si arriva all\u2019equivoco finale in cui dopo essere riuscito a riconquistare \u00a0la bella giornalista e\u00a0 a lasciare la moglie per giornalista della NN confida in anteprima al lobbysta del presidente che il governatore ha convocato una conferenza stampa un\u2019ora prima dell\u2019ultimatum per dimettersi e lasciare spazio al suo successore. \u00a0Peccato che il lobbysta fraintenda successore con secessione e convince il presidente a scatenare l\u2019attacco prima della conferenza stampa del governatore.<\/p>\n<p>Il \u201ccome va a finire\u201d \u00a0\u00e8 lasciato alle voci fuori campo sui titoli di coda, in cui il presidente tranquillizza i suoi sostenitori e si dimette, i confini Usa saranno ridefiniti al pi\u00f9 presto e la puntata di \u201cfigli, figli miei!\u201d \u00e8 stata la pi\u00f9 vista della storia della televisione.<\/p>\n<p><em>That\u2019s all folks.<\/em><\/p>\n<p><em>\u00a0<\/em><\/p>\n<ol>\n<li><strong> Mnemonic<\/strong><\/li>\n<\/ol>\n","protected":false},"excerpt":{"rendered":"<p>Nel tornare a guardare un film di venti anni prima si corre sempre il rischio di rovinarsi dei ricordi piacevoli. Il tempo passa molto velocemente nella cinematografia e spesso i ritmi che siamo abituati a seguire nelle visioni recenti sono molto diversi da quelli di decenni prima per l\u2019appunto. Viceversa, ci sono film che ti [&hellip;]<\/p>\n","protected":false},"author":7,"featured_media":0,"comment_status":"closed","ping_status":"closed","sticky":false,"template":"","format":"standard","meta":{"footnotes":""},"categories":[238,231],"tags":[10,1872,71,1874,1873,1870,1871,165],"class_list":["post-15499","post","type-post","status-publish","format-standard","hentry","category-articoli","category-recensioni","tag-film","tag-immigrazione","tag-j-mnemonic","tag-james-coburn","tag-joe-dante","tag-multiculturalismo","tag-relativismo-culturale","tag-satira"],"yoast_head":"<!-- This site is optimized with the Yoast SEO plugin v27.1.1 - https:\/\/yoast.com\/product\/yoast-seo-wordpress\/ -->\n<title>Review: la seconda guerra civile americana - Associazione Culturale Civilt\u00e0 Laica<\/title>\n<meta name=\"robots\" content=\"index, follow, max-snippet:-1, max-image-preview:large, max-video-preview:-1\" \/>\n<link rel=\"canonical\" href=\"https:\/\/www.civiltalaica.it\/cms\/review-la-seconda-guerra-civile-americana\/\" \/>\n<meta property=\"og:locale\" content=\"it_IT\" \/>\n<meta property=\"og:type\" content=\"article\" \/>\n<meta property=\"og:title\" content=\"Review: la seconda guerra civile americana - Associazione Culturale Civilt\u00e0 Laica\" \/>\n<meta property=\"og:description\" content=\"Nel tornare a guardare un film di venti anni prima si corre sempre il rischio di rovinarsi dei ricordi piacevoli. Il tempo passa molto velocemente nella cinematografia e spesso i ritmi che siamo abituati a seguire nelle visioni recenti sono molto diversi da quelli di decenni prima per l\u2019appunto. Viceversa, ci sono film che ti [&hellip;]\" \/>\n<meta property=\"og:url\" content=\"https:\/\/www.civiltalaica.it\/cms\/review-la-seconda-guerra-civile-americana\/\" \/>\n<meta property=\"og:site_name\" content=\"Associazione Culturale Civilt\u00e0 Laica\" \/>\n<meta property=\"article:publisher\" content=\"https:\/\/www.facebook.com\/civiltalaica\" \/>\n<meta property=\"article:published_time\" content=\"2018-11-26T15:42:49+00:00\" \/>\n<meta property=\"og:image\" content=\"http:\/\/www.civiltalaica.it\/cms\/wp-content\/uploads\/2018\/11\/2a-guerra-civile-americana.jpg\" \/>\n<meta name=\"author\" content=\"alexjc\" \/>\n<meta name=\"twitter:card\" content=\"summary_large_image\" \/>\n<meta name=\"twitter:label1\" content=\"Scritto da\" \/>\n\t<meta name=\"twitter:data1\" content=\"alexjc\" \/>\n\t<meta name=\"twitter:label2\" content=\"Tempo di lettura stimato\" \/>\n\t<meta name=\"twitter:data2\" content=\"3 minuti\" \/>\n<script type=\"application\/ld+json\" class=\"yoast-schema-graph\">{\"@context\":\"https:\/\/schema.org\",\"@graph\":[{\"@type\":\"Article\",\"@id\":\"https:\/\/www.civiltalaica.it\/cms\/review-la-seconda-guerra-civile-americana\/#article\",\"isPartOf\":{\"@id\":\"https:\/\/www.civiltalaica.it\/cms\/review-la-seconda-guerra-civile-americana\/\"},\"author\":{\"name\":\"alexjc\",\"@id\":\"https:\/\/www.civiltalaica.it\/cms\/#\/schema\/person\/4efef56f866329a1e0943eb27336df1d\"},\"headline\":\"Review: la seconda guerra civile americana\",\"datePublished\":\"2018-11-26T15:42:49+00:00\",\"mainEntityOfPage\":{\"@id\":\"https:\/\/www.civiltalaica.it\/cms\/review-la-seconda-guerra-civile-americana\/\"},\"wordCount\":581,\"image\":{\"@id\":\"https:\/\/www.civiltalaica.it\/cms\/review-la-seconda-guerra-civile-americana\/#primaryimage\"},\"thumbnailUrl\":\"http:\/\/www.civiltalaica.it\/cms\/wp-content\/uploads\/2018\/11\/2a-guerra-civile-americana.jpg\",\"keywords\":[\"Film\",\"immigrazione\",\"j mnemonic\",\"james coburn\",\"joe dante\",\"multiculturalismo\",\"relativismo culturale\",\"satira\"],\"articleSection\":[\"articoli\",\"recensioni\"],\"inLanguage\":\"it-IT\"},{\"@type\":\"WebPage\",\"@id\":\"https:\/\/www.civiltalaica.it\/cms\/review-la-seconda-guerra-civile-americana\/\",\"url\":\"https:\/\/www.civiltalaica.it\/cms\/review-la-seconda-guerra-civile-americana\/\",\"name\":\"Review: la seconda guerra civile americana - Associazione Culturale Civilt\u00e0 Laica\",\"isPartOf\":{\"@id\":\"https:\/\/www.civiltalaica.it\/cms\/#website\"},\"primaryImageOfPage\":{\"@id\":\"https:\/\/www.civiltalaica.it\/cms\/review-la-seconda-guerra-civile-americana\/#primaryimage\"},\"image\":{\"@id\":\"https:\/\/www.civiltalaica.it\/cms\/review-la-seconda-guerra-civile-americana\/#primaryimage\"},\"thumbnailUrl\":\"http:\/\/www.civiltalaica.it\/cms\/wp-content\/uploads\/2018\/11\/2a-guerra-civile-americana.jpg\",\"datePublished\":\"2018-11-26T15:42:49+00:00\",\"author\":{\"@id\":\"https:\/\/www.civiltalaica.it\/cms\/#\/schema\/person\/4efef56f866329a1e0943eb27336df1d\"},\"breadcrumb\":{\"@id\":\"https:\/\/www.civiltalaica.it\/cms\/review-la-seconda-guerra-civile-americana\/#breadcrumb\"},\"inLanguage\":\"it-IT\",\"potentialAction\":[{\"@type\":\"ReadAction\",\"target\":[\"https:\/\/www.civiltalaica.it\/cms\/review-la-seconda-guerra-civile-americana\/\"]}]},{\"@type\":\"ImageObject\",\"inLanguage\":\"it-IT\",\"@id\":\"https:\/\/www.civiltalaica.it\/cms\/review-la-seconda-guerra-civile-americana\/#primaryimage\",\"url\":\"http:\/\/www.civiltalaica.it\/cms\/wp-content\/uploads\/2018\/11\/2a-guerra-civile-americana.jpg\",\"contentUrl\":\"http:\/\/www.civiltalaica.it\/cms\/wp-content\/uploads\/2018\/11\/2a-guerra-civile-americana.jpg\"},{\"@type\":\"BreadcrumbList\",\"@id\":\"https:\/\/www.civiltalaica.it\/cms\/review-la-seconda-guerra-civile-americana\/#breadcrumb\",\"itemListElement\":[{\"@type\":\"ListItem\",\"position\":1,\"name\":\"Home\",\"item\":\"https:\/\/www.civiltalaica.it\/cms\/\"},{\"@type\":\"ListItem\",\"position\":2,\"name\":\"Review: la seconda guerra civile americana\"}]},{\"@type\":\"WebSite\",\"@id\":\"https:\/\/www.civiltalaica.it\/cms\/#website\",\"url\":\"https:\/\/www.civiltalaica.it\/cms\/\",\"name\":\"Associazione Culturale Civilt\u00e0 Laica\",\"description\":\"Per un movimento culturale volto a difendere la Laicit\u00e0 dello Stato.\",\"potentialAction\":[{\"@type\":\"SearchAction\",\"target\":{\"@type\":\"EntryPoint\",\"urlTemplate\":\"https:\/\/www.civiltalaica.it\/cms\/?s={search_term_string}\"},\"query-input\":{\"@type\":\"PropertyValueSpecification\",\"valueRequired\":true,\"valueName\":\"search_term_string\"}}],\"inLanguage\":\"it-IT\"},{\"@type\":\"Person\",\"@id\":\"https:\/\/www.civiltalaica.it\/cms\/#\/schema\/person\/4efef56f866329a1e0943eb27336df1d\",\"name\":\"alexjc\",\"url\":\"https:\/\/www.civiltalaica.it\/cms\/author\/alexjc\/\"}]}<\/script>\n<!-- \/ Yoast SEO plugin. -->","yoast_head_json":{"title":"Review: la seconda guerra civile americana - Associazione Culturale Civilt\u00e0 Laica","robots":{"index":"index","follow":"follow","max-snippet":"max-snippet:-1","max-image-preview":"max-image-preview:large","max-video-preview":"max-video-preview:-1"},"canonical":"https:\/\/www.civiltalaica.it\/cms\/review-la-seconda-guerra-civile-americana\/","og_locale":"it_IT","og_type":"article","og_title":"Review: la seconda guerra civile americana - Associazione Culturale Civilt\u00e0 Laica","og_description":"Nel tornare a guardare un film di venti anni prima si corre sempre il rischio di rovinarsi dei ricordi piacevoli. Il tempo passa molto velocemente nella cinematografia e spesso i ritmi che siamo abituati a seguire nelle visioni recenti sono molto diversi da quelli di decenni prima per l\u2019appunto. Viceversa, ci sono film che ti [&hellip;]","og_url":"https:\/\/www.civiltalaica.it\/cms\/review-la-seconda-guerra-civile-americana\/","og_site_name":"Associazione Culturale Civilt\u00e0 Laica","article_publisher":"https:\/\/www.facebook.com\/civiltalaica","article_published_time":"2018-11-26T15:42:49+00:00","og_image":[{"url":"http:\/\/www.civiltalaica.it\/cms\/wp-content\/uploads\/2018\/11\/2a-guerra-civile-americana.jpg","type":"","width":"","height":""}],"author":"alexjc","twitter_card":"summary_large_image","twitter_misc":{"Scritto da":"alexjc","Tempo di lettura stimato":"3 minuti"},"schema":{"@context":"https:\/\/schema.org","@graph":[{"@type":"Article","@id":"https:\/\/www.civiltalaica.it\/cms\/review-la-seconda-guerra-civile-americana\/#article","isPartOf":{"@id":"https:\/\/www.civiltalaica.it\/cms\/review-la-seconda-guerra-civile-americana\/"},"author":{"name":"alexjc","@id":"https:\/\/www.civiltalaica.it\/cms\/#\/schema\/person\/4efef56f866329a1e0943eb27336df1d"},"headline":"Review: la seconda guerra civile americana","datePublished":"2018-11-26T15:42:49+00:00","mainEntityOfPage":{"@id":"https:\/\/www.civiltalaica.it\/cms\/review-la-seconda-guerra-civile-americana\/"},"wordCount":581,"image":{"@id":"https:\/\/www.civiltalaica.it\/cms\/review-la-seconda-guerra-civile-americana\/#primaryimage"},"thumbnailUrl":"http:\/\/www.civiltalaica.it\/cms\/wp-content\/uploads\/2018\/11\/2a-guerra-civile-americana.jpg","keywords":["Film","immigrazione","j mnemonic","james coburn","joe dante","multiculturalismo","relativismo culturale","satira"],"articleSection":["articoli","recensioni"],"inLanguage":"it-IT"},{"@type":"WebPage","@id":"https:\/\/www.civiltalaica.it\/cms\/review-la-seconda-guerra-civile-americana\/","url":"https:\/\/www.civiltalaica.it\/cms\/review-la-seconda-guerra-civile-americana\/","name":"Review: la seconda guerra civile americana - Associazione Culturale Civilt\u00e0 Laica","isPartOf":{"@id":"https:\/\/www.civiltalaica.it\/cms\/#website"},"primaryImageOfPage":{"@id":"https:\/\/www.civiltalaica.it\/cms\/review-la-seconda-guerra-civile-americana\/#primaryimage"},"image":{"@id":"https:\/\/www.civiltalaica.it\/cms\/review-la-seconda-guerra-civile-americana\/#primaryimage"},"thumbnailUrl":"http:\/\/www.civiltalaica.it\/cms\/wp-content\/uploads\/2018\/11\/2a-guerra-civile-americana.jpg","datePublished":"2018-11-26T15:42:49+00:00","author":{"@id":"https:\/\/www.civiltalaica.it\/cms\/#\/schema\/person\/4efef56f866329a1e0943eb27336df1d"},"breadcrumb":{"@id":"https:\/\/www.civiltalaica.it\/cms\/review-la-seconda-guerra-civile-americana\/#breadcrumb"},"inLanguage":"it-IT","potentialAction":[{"@type":"ReadAction","target":["https:\/\/www.civiltalaica.it\/cms\/review-la-seconda-guerra-civile-americana\/"]}]},{"@type":"ImageObject","inLanguage":"it-IT","@id":"https:\/\/www.civiltalaica.it\/cms\/review-la-seconda-guerra-civile-americana\/#primaryimage","url":"http:\/\/www.civiltalaica.it\/cms\/wp-content\/uploads\/2018\/11\/2a-guerra-civile-americana.jpg","contentUrl":"http:\/\/www.civiltalaica.it\/cms\/wp-content\/uploads\/2018\/11\/2a-guerra-civile-americana.jpg"},{"@type":"BreadcrumbList","@id":"https:\/\/www.civiltalaica.it\/cms\/review-la-seconda-guerra-civile-americana\/#breadcrumb","itemListElement":[{"@type":"ListItem","position":1,"name":"Home","item":"https:\/\/www.civiltalaica.it\/cms\/"},{"@type":"ListItem","position":2,"name":"Review: la seconda guerra civile americana"}]},{"@type":"WebSite","@id":"https:\/\/www.civiltalaica.it\/cms\/#website","url":"https:\/\/www.civiltalaica.it\/cms\/","name":"Associazione Culturale Civilt\u00e0 Laica","description":"Per un movimento culturale volto a difendere la Laicit\u00e0 dello Stato.","potentialAction":[{"@type":"SearchAction","target":{"@type":"EntryPoint","urlTemplate":"https:\/\/www.civiltalaica.it\/cms\/?s={search_term_string}"},"query-input":{"@type":"PropertyValueSpecification","valueRequired":true,"valueName":"search_term_string"}}],"inLanguage":"it-IT"},{"@type":"Person","@id":"https:\/\/www.civiltalaica.it\/cms\/#\/schema\/person\/4efef56f866329a1e0943eb27336df1d","name":"alexjc","url":"https:\/\/www.civiltalaica.it\/cms\/author\/alexjc\/"}]}},"_links":{"self":[{"href":"https:\/\/www.civiltalaica.it\/cms\/wp-json\/wp\/v2\/posts\/15499","targetHints":{"allow":["GET"]}}],"collection":[{"href":"https:\/\/www.civiltalaica.it\/cms\/wp-json\/wp\/v2\/posts"}],"about":[{"href":"https:\/\/www.civiltalaica.it\/cms\/wp-json\/wp\/v2\/types\/post"}],"author":[{"embeddable":true,"href":"https:\/\/www.civiltalaica.it\/cms\/wp-json\/wp\/v2\/users\/7"}],"replies":[{"embeddable":true,"href":"https:\/\/www.civiltalaica.it\/cms\/wp-json\/wp\/v2\/comments?post=15499"}],"version-history":[{"count":2,"href":"https:\/\/www.civiltalaica.it\/cms\/wp-json\/wp\/v2\/posts\/15499\/revisions"}],"predecessor-version":[{"id":15502,"href":"https:\/\/www.civiltalaica.it\/cms\/wp-json\/wp\/v2\/posts\/15499\/revisions\/15502"}],"wp:attachment":[{"href":"https:\/\/www.civiltalaica.it\/cms\/wp-json\/wp\/v2\/media?parent=15499"}],"wp:term":[{"taxonomy":"category","embeddable":true,"href":"https:\/\/www.civiltalaica.it\/cms\/wp-json\/wp\/v2\/categories?post=15499"},{"taxonomy":"post_tag","embeddable":true,"href":"https:\/\/www.civiltalaica.it\/cms\/wp-json\/wp\/v2\/tags?post=15499"}],"curies":[{"name":"wp","href":"https:\/\/api.w.org\/{rel}","templated":true}]}}