{"id":15442,"date":"2018-11-07T11:46:18","date_gmt":"2018-11-07T11:46:18","guid":{"rendered":"http:\/\/www.civiltalaica.it\/cms\/?p=15442"},"modified":"2018-11-07T11:47:31","modified_gmt":"2018-11-07T11:47:31","slug":"about-la-fine-della-ragione","status":"publish","type":"post","link":"https:\/\/www.civiltalaica.it\/cms\/about-la-fine-della-ragione\/","title":{"rendered":"About: la fine della ragione"},"content":{"rendered":"<p><a href=\"http:\/\/www.civiltalaica.it\/cms\/index.php\/about-la-fine-della-ragione.html\/recchioni-fine-della-ragione\" rel=\"attachment wp-att-15443\"><img loading=\"lazy\" decoding=\"async\" class=\"alignleft wp-image-15443\" src=\"http:\/\/www.civiltalaica.it\/cms\/wp-content\/uploads\/2018\/11\/recchioni-fine-della-ragione.jpg\" alt=\"\" width=\"254\" height=\"378\" srcset=\"https:\/\/www.civiltalaica.it\/cms\/wp-content\/uploads\/2018\/11\/recchioni-fine-della-ragione.jpg 184w, https:\/\/www.civiltalaica.it\/cms\/wp-content\/uploads\/2018\/11\/recchioni-fine-della-ragione-107x160.jpg 107w\" sizes=\"auto, (max-width: 254px) 100vw, 254px\" \/><\/a><\/p>\n<p>Roberto Recchioni per gli amanti dei fumetti \u00e8 un nome che non pu\u00f2 lasciare indifferenti.<\/p>\n<p>Sceneggiatore e disegnatore di talento, \u00e8 curatore di Dylan Dog dopo il ritiro dalle scene di Tiziano Sclavi. Nella popolarissima serie della Bonelli ha firmato la memorabile storia \u201cMater Morbi\u201d pubblicata e ripubblicata in tutto il mondo, ma qui in Italia nota per aver scatenato le ire di Eugenia Roccella &amp; co. (medaglia da appuntarsi al petto, quindi) per aver trattato il tema dell\u2019eutanasia in modo fuorviante (secondo la senatrice ovviamente, in realt\u00e0 in modo gotico, poetico e perfettamente ragionevole e lo possiamo dire perch\u00e9 noi i libri e i fumetti preferiamo leggerli e non proibirli).<\/p>\n<p>Recchioni torna ad affrontare in questo graphic-pamphlet, come l\u2019ha definito qualcuno, temi scomodi, ovvero il crescente sentimento antiscientifico italiano. E in tempi di fake news sui vaccini, di scie chimiche che causano le inondazioni, di metalli pericolosi perch\u00e9 in quantit\u00e0 infinitesimale nei biscotti, di memorie dell\u2019acqua, di epigenetica spiegata da chi non sa cosa \u00e8 la genetica, questo \u00e8 davvero un atto rivoluzionario.<\/p>\n<p>Il <em>j\u2019accuse <\/em>\u00a0ai movimenti no-vax e a tutti quelli che rifiutano il metodo scientifico \u00e8 pi\u00f9 che evidente e trattato non in punta di piedi (come aveva fatto con il tema dell\u2019eutanasia su Mater Morbi) ma con piglio deciso, accusatorio e implacabile.<\/p>\n<p>La storia semplice ma sorprendente per il suo sviluppo e per i suoi protagonisti, \u00e8 quella di una madre che cerca di salvare sua figlia in un futuro distopico (ma anche discretamente probabile, purtroppo) in cui \u201cla gente\u201d ha rifiutato i lumi della ragione ed ha scelto il buio medievale. Dove si \u00e8 tornati a curare i malati con preghiere e riti superstizioni e chi prova a sostenere che ci sono metodi pi\u00f9 efficaci viene bruciato sul rogo.<\/p>\n<p>Lei sa che qualcuno ha \u201cla conoscenza perduta\u201d , ma non sar\u00e0 facile trovare dove sono nascosti i pochi scienziati sfuggiti alla follia medievalista.<\/p>\n<p>No, purtroppo non abbiamo esagerato definendolo un futuro \u201cdiscretamente probabile\u201d. Basta vedere quello che \u00e8 successo a questi anni alla ricercatrice Luisa Capua che \u00e8 stata accusata, dopo la solita \u201cinchiesta giornalistica\u201d di diffusione di pandemie (reato per il quale \u00e8 previsto l\u2019ergastolo in Italia) \u00a0in combutta con le case farmaceutiche; il tutto solo per aver svolto il suo lavoro di ricercatrice biologica. \u00a0Se anche quel caso si \u00e8 risolto al meglio (per lei che ha spostato il centro di ricerche in Florida, non certo per il nostro sventurato paese che continua a perdere eccellenze una dopo l\u2019altra\u2026 ed \u00e8 di questi giorni del resto la rimozione politica di Battiston dall\u2019agenzia spaziale italiana) di certo il nostro paese \u00e8 sull\u2019orlo del baratro culturale.<\/p>\n<p>Trenta percento circa di analfabeti strutturali e un altro trenta percento di analfabeti funzionali secondo gli ultimi studi dell\u2019Ocse, siamo letteralmente lo stato (minuscola voluta) pi\u00f9 ignorante del mondo civilizzato.<\/p>\n<p>Non riveliamo come finisce la bellissima e necessaria graphic novel del maestro Recchioni, ma lo vogliamo davvero ringraziare per questo atto di coraggio che da noi non \u00e8 per nulla consueto.<\/p>\n<p>&nbsp;<\/p>\n<p><strong>Alessandro Chiometti<\/strong><\/p>\n<p>&nbsp;<\/p>\n<p><strong>\u201cLa fine della ragione\u201d di Roberto Recchioni, Ed. Feltrinelli \u20ac16,00<\/strong><\/p>\n","protected":false},"excerpt":{"rendered":"<p>Roberto Recchioni per gli amanti dei fumetti \u00e8 un nome che non pu\u00f2 lasciare indifferenti. Sceneggiatore e disegnatore di talento, \u00e8 curatore di Dylan Dog dopo il ritiro dalle scene di Tiziano Sclavi. Nella popolarissima serie della Bonelli ha firmato la memorabile storia \u201cMater Morbi\u201d pubblicata e ripubblicata in tutto il mondo, ma qui in [&hellip;]<\/p>\n","protected":false},"author":7,"featured_media":0,"comment_status":"closed","ping_status":"closed","sticky":false,"template":"","format":"standard","meta":{"footnotes":""},"categories":[238,231],"tags":[79,1869,1698,1868,14,1069],"class_list":["post-15442","post","type-post","status-publish","format-standard","hentry","category-articoli","category-recensioni","tag-alessandro-chiometti","tag-graphic-novel","tag-no-vax","tag-roberto-recchioni","tag-scienza","tag-vaccini"],"yoast_head":"<!-- This site is optimized with the Yoast SEO plugin v27.1.1 - https:\/\/yoast.com\/product\/yoast-seo-wordpress\/ -->\n<title>About: la fine della ragione - Associazione Culturale Civilt\u00e0 Laica<\/title>\n<meta name=\"robots\" content=\"index, follow, max-snippet:-1, max-image-preview:large, max-video-preview:-1\" \/>\n<link rel=\"canonical\" href=\"https:\/\/www.civiltalaica.it\/cms\/about-la-fine-della-ragione\/\" \/>\n<meta property=\"og:locale\" content=\"it_IT\" \/>\n<meta property=\"og:type\" content=\"article\" \/>\n<meta property=\"og:title\" content=\"About: la fine della ragione - Associazione Culturale Civilt\u00e0 Laica\" \/>\n<meta property=\"og:description\" content=\"Roberto Recchioni per gli amanti dei fumetti \u00e8 un nome che non pu\u00f2 lasciare indifferenti. Sceneggiatore e disegnatore di talento, \u00e8 curatore di Dylan Dog dopo il ritiro dalle scene di Tiziano Sclavi. Nella popolarissima serie della Bonelli ha firmato la memorabile storia \u201cMater Morbi\u201d pubblicata e ripubblicata in tutto il mondo, ma qui in [&hellip;]\" \/>\n<meta property=\"og:url\" content=\"https:\/\/www.civiltalaica.it\/cms\/about-la-fine-della-ragione\/\" \/>\n<meta property=\"og:site_name\" content=\"Associazione Culturale Civilt\u00e0 Laica\" \/>\n<meta property=\"article:publisher\" content=\"https:\/\/www.facebook.com\/civiltalaica\" \/>\n<meta property=\"article:published_time\" content=\"2018-11-07T11:46:18+00:00\" \/>\n<meta property=\"article:modified_time\" content=\"2018-11-07T11:47:31+00:00\" \/>\n<meta property=\"og:image\" content=\"http:\/\/www.civiltalaica.it\/cms\/wp-content\/uploads\/2018\/11\/recchioni-fine-della-ragione.jpg\" \/>\n<meta name=\"author\" content=\"alexjc\" \/>\n<meta name=\"twitter:card\" content=\"summary_large_image\" \/>\n<meta name=\"twitter:label1\" content=\"Scritto da\" \/>\n\t<meta name=\"twitter:data1\" content=\"alexjc\" \/>\n\t<meta name=\"twitter:label2\" content=\"Tempo di lettura stimato\" \/>\n\t<meta name=\"twitter:data2\" content=\"3 minuti\" \/>\n<script type=\"application\/ld+json\" class=\"yoast-schema-graph\">{\"@context\":\"https:\/\/schema.org\",\"@graph\":[{\"@type\":\"Article\",\"@id\":\"https:\/\/www.civiltalaica.it\/cms\/about-la-fine-della-ragione\/#article\",\"isPartOf\":{\"@id\":\"https:\/\/www.civiltalaica.it\/cms\/about-la-fine-della-ragione\/\"},\"author\":{\"name\":\"alexjc\",\"@id\":\"https:\/\/www.civiltalaica.it\/cms\/#\/schema\/person\/4efef56f866329a1e0943eb27336df1d\"},\"headline\":\"About: la fine della ragione\",\"datePublished\":\"2018-11-07T11:46:18+00:00\",\"dateModified\":\"2018-11-07T11:47:31+00:00\",\"mainEntityOfPage\":{\"@id\":\"https:\/\/www.civiltalaica.it\/cms\/about-la-fine-della-ragione\/\"},\"wordCount\":515,\"image\":{\"@id\":\"https:\/\/www.civiltalaica.it\/cms\/about-la-fine-della-ragione\/#primaryimage\"},\"thumbnailUrl\":\"http:\/\/www.civiltalaica.it\/cms\/wp-content\/uploads\/2018\/11\/recchioni-fine-della-ragione.jpg\",\"keywords\":[\"alessandro chiometti\",\"graphic novel\",\"no vax\",\"roberto recchioni\",\"Scienza\",\"vaccini\"],\"articleSection\":[\"articoli\",\"recensioni\"],\"inLanguage\":\"it-IT\"},{\"@type\":\"WebPage\",\"@id\":\"https:\/\/www.civiltalaica.it\/cms\/about-la-fine-della-ragione\/\",\"url\":\"https:\/\/www.civiltalaica.it\/cms\/about-la-fine-della-ragione\/\",\"name\":\"About: la fine della ragione - Associazione Culturale Civilt\u00e0 Laica\",\"isPartOf\":{\"@id\":\"https:\/\/www.civiltalaica.it\/cms\/#website\"},\"primaryImageOfPage\":{\"@id\":\"https:\/\/www.civiltalaica.it\/cms\/about-la-fine-della-ragione\/#primaryimage\"},\"image\":{\"@id\":\"https:\/\/www.civiltalaica.it\/cms\/about-la-fine-della-ragione\/#primaryimage\"},\"thumbnailUrl\":\"http:\/\/www.civiltalaica.it\/cms\/wp-content\/uploads\/2018\/11\/recchioni-fine-della-ragione.jpg\",\"datePublished\":\"2018-11-07T11:46:18+00:00\",\"dateModified\":\"2018-11-07T11:47:31+00:00\",\"author\":{\"@id\":\"https:\/\/www.civiltalaica.it\/cms\/#\/schema\/person\/4efef56f866329a1e0943eb27336df1d\"},\"breadcrumb\":{\"@id\":\"https:\/\/www.civiltalaica.it\/cms\/about-la-fine-della-ragione\/#breadcrumb\"},\"inLanguage\":\"it-IT\",\"potentialAction\":[{\"@type\":\"ReadAction\",\"target\":[\"https:\/\/www.civiltalaica.it\/cms\/about-la-fine-della-ragione\/\"]}]},{\"@type\":\"ImageObject\",\"inLanguage\":\"it-IT\",\"@id\":\"https:\/\/www.civiltalaica.it\/cms\/about-la-fine-della-ragione\/#primaryimage\",\"url\":\"http:\/\/www.civiltalaica.it\/cms\/wp-content\/uploads\/2018\/11\/recchioni-fine-della-ragione.jpg\",\"contentUrl\":\"http:\/\/www.civiltalaica.it\/cms\/wp-content\/uploads\/2018\/11\/recchioni-fine-della-ragione.jpg\"},{\"@type\":\"BreadcrumbList\",\"@id\":\"https:\/\/www.civiltalaica.it\/cms\/about-la-fine-della-ragione\/#breadcrumb\",\"itemListElement\":[{\"@type\":\"ListItem\",\"position\":1,\"name\":\"Home\",\"item\":\"https:\/\/www.civiltalaica.it\/cms\/\"},{\"@type\":\"ListItem\",\"position\":2,\"name\":\"About: la fine della ragione\"}]},{\"@type\":\"WebSite\",\"@id\":\"https:\/\/www.civiltalaica.it\/cms\/#website\",\"url\":\"https:\/\/www.civiltalaica.it\/cms\/\",\"name\":\"Associazione Culturale Civilt\u00e0 Laica\",\"description\":\"Per un movimento culturale volto a difendere la Laicit\u00e0 dello Stato.\",\"potentialAction\":[{\"@type\":\"SearchAction\",\"target\":{\"@type\":\"EntryPoint\",\"urlTemplate\":\"https:\/\/www.civiltalaica.it\/cms\/?s={search_term_string}\"},\"query-input\":{\"@type\":\"PropertyValueSpecification\",\"valueRequired\":true,\"valueName\":\"search_term_string\"}}],\"inLanguage\":\"it-IT\"},{\"@type\":\"Person\",\"@id\":\"https:\/\/www.civiltalaica.it\/cms\/#\/schema\/person\/4efef56f866329a1e0943eb27336df1d\",\"name\":\"alexjc\",\"url\":\"https:\/\/www.civiltalaica.it\/cms\/author\/alexjc\/\"}]}<\/script>\n<!-- \/ Yoast SEO plugin. -->","yoast_head_json":{"title":"About: la fine della ragione - Associazione Culturale Civilt\u00e0 Laica","robots":{"index":"index","follow":"follow","max-snippet":"max-snippet:-1","max-image-preview":"max-image-preview:large","max-video-preview":"max-video-preview:-1"},"canonical":"https:\/\/www.civiltalaica.it\/cms\/about-la-fine-della-ragione\/","og_locale":"it_IT","og_type":"article","og_title":"About: la fine della ragione - Associazione Culturale Civilt\u00e0 Laica","og_description":"Roberto Recchioni per gli amanti dei fumetti \u00e8 un nome che non pu\u00f2 lasciare indifferenti. Sceneggiatore e disegnatore di talento, \u00e8 curatore di Dylan Dog dopo il ritiro dalle scene di Tiziano Sclavi. Nella popolarissima serie della Bonelli ha firmato la memorabile storia \u201cMater Morbi\u201d pubblicata e ripubblicata in tutto il mondo, ma qui in [&hellip;]","og_url":"https:\/\/www.civiltalaica.it\/cms\/about-la-fine-della-ragione\/","og_site_name":"Associazione Culturale Civilt\u00e0 Laica","article_publisher":"https:\/\/www.facebook.com\/civiltalaica","article_published_time":"2018-11-07T11:46:18+00:00","article_modified_time":"2018-11-07T11:47:31+00:00","og_image":[{"url":"http:\/\/www.civiltalaica.it\/cms\/wp-content\/uploads\/2018\/11\/recchioni-fine-della-ragione.jpg","type":"","width":"","height":""}],"author":"alexjc","twitter_card":"summary_large_image","twitter_misc":{"Scritto da":"alexjc","Tempo di lettura stimato":"3 minuti"},"schema":{"@context":"https:\/\/schema.org","@graph":[{"@type":"Article","@id":"https:\/\/www.civiltalaica.it\/cms\/about-la-fine-della-ragione\/#article","isPartOf":{"@id":"https:\/\/www.civiltalaica.it\/cms\/about-la-fine-della-ragione\/"},"author":{"name":"alexjc","@id":"https:\/\/www.civiltalaica.it\/cms\/#\/schema\/person\/4efef56f866329a1e0943eb27336df1d"},"headline":"About: la fine della ragione","datePublished":"2018-11-07T11:46:18+00:00","dateModified":"2018-11-07T11:47:31+00:00","mainEntityOfPage":{"@id":"https:\/\/www.civiltalaica.it\/cms\/about-la-fine-della-ragione\/"},"wordCount":515,"image":{"@id":"https:\/\/www.civiltalaica.it\/cms\/about-la-fine-della-ragione\/#primaryimage"},"thumbnailUrl":"http:\/\/www.civiltalaica.it\/cms\/wp-content\/uploads\/2018\/11\/recchioni-fine-della-ragione.jpg","keywords":["alessandro chiometti","graphic novel","no vax","roberto recchioni","Scienza","vaccini"],"articleSection":["articoli","recensioni"],"inLanguage":"it-IT"},{"@type":"WebPage","@id":"https:\/\/www.civiltalaica.it\/cms\/about-la-fine-della-ragione\/","url":"https:\/\/www.civiltalaica.it\/cms\/about-la-fine-della-ragione\/","name":"About: la fine della ragione - Associazione Culturale Civilt\u00e0 Laica","isPartOf":{"@id":"https:\/\/www.civiltalaica.it\/cms\/#website"},"primaryImageOfPage":{"@id":"https:\/\/www.civiltalaica.it\/cms\/about-la-fine-della-ragione\/#primaryimage"},"image":{"@id":"https:\/\/www.civiltalaica.it\/cms\/about-la-fine-della-ragione\/#primaryimage"},"thumbnailUrl":"http:\/\/www.civiltalaica.it\/cms\/wp-content\/uploads\/2018\/11\/recchioni-fine-della-ragione.jpg","datePublished":"2018-11-07T11:46:18+00:00","dateModified":"2018-11-07T11:47:31+00:00","author":{"@id":"https:\/\/www.civiltalaica.it\/cms\/#\/schema\/person\/4efef56f866329a1e0943eb27336df1d"},"breadcrumb":{"@id":"https:\/\/www.civiltalaica.it\/cms\/about-la-fine-della-ragione\/#breadcrumb"},"inLanguage":"it-IT","potentialAction":[{"@type":"ReadAction","target":["https:\/\/www.civiltalaica.it\/cms\/about-la-fine-della-ragione\/"]}]},{"@type":"ImageObject","inLanguage":"it-IT","@id":"https:\/\/www.civiltalaica.it\/cms\/about-la-fine-della-ragione\/#primaryimage","url":"http:\/\/www.civiltalaica.it\/cms\/wp-content\/uploads\/2018\/11\/recchioni-fine-della-ragione.jpg","contentUrl":"http:\/\/www.civiltalaica.it\/cms\/wp-content\/uploads\/2018\/11\/recchioni-fine-della-ragione.jpg"},{"@type":"BreadcrumbList","@id":"https:\/\/www.civiltalaica.it\/cms\/about-la-fine-della-ragione\/#breadcrumb","itemListElement":[{"@type":"ListItem","position":1,"name":"Home","item":"https:\/\/www.civiltalaica.it\/cms\/"},{"@type":"ListItem","position":2,"name":"About: la fine della ragione"}]},{"@type":"WebSite","@id":"https:\/\/www.civiltalaica.it\/cms\/#website","url":"https:\/\/www.civiltalaica.it\/cms\/","name":"Associazione Culturale Civilt\u00e0 Laica","description":"Per un movimento culturale volto a difendere la Laicit\u00e0 dello Stato.","potentialAction":[{"@type":"SearchAction","target":{"@type":"EntryPoint","urlTemplate":"https:\/\/www.civiltalaica.it\/cms\/?s={search_term_string}"},"query-input":{"@type":"PropertyValueSpecification","valueRequired":true,"valueName":"search_term_string"}}],"inLanguage":"it-IT"},{"@type":"Person","@id":"https:\/\/www.civiltalaica.it\/cms\/#\/schema\/person\/4efef56f866329a1e0943eb27336df1d","name":"alexjc","url":"https:\/\/www.civiltalaica.it\/cms\/author\/alexjc\/"}]}},"_links":{"self":[{"href":"https:\/\/www.civiltalaica.it\/cms\/wp-json\/wp\/v2\/posts\/15442","targetHints":{"allow":["GET"]}}],"collection":[{"href":"https:\/\/www.civiltalaica.it\/cms\/wp-json\/wp\/v2\/posts"}],"about":[{"href":"https:\/\/www.civiltalaica.it\/cms\/wp-json\/wp\/v2\/types\/post"}],"author":[{"embeddable":true,"href":"https:\/\/www.civiltalaica.it\/cms\/wp-json\/wp\/v2\/users\/7"}],"replies":[{"embeddable":true,"href":"https:\/\/www.civiltalaica.it\/cms\/wp-json\/wp\/v2\/comments?post=15442"}],"version-history":[{"count":2,"href":"https:\/\/www.civiltalaica.it\/cms\/wp-json\/wp\/v2\/posts\/15442\/revisions"}],"predecessor-version":[{"id":15445,"href":"https:\/\/www.civiltalaica.it\/cms\/wp-json\/wp\/v2\/posts\/15442\/revisions\/15445"}],"wp:attachment":[{"href":"https:\/\/www.civiltalaica.it\/cms\/wp-json\/wp\/v2\/media?parent=15442"}],"wp:term":[{"taxonomy":"category","embeddable":true,"href":"https:\/\/www.civiltalaica.it\/cms\/wp-json\/wp\/v2\/categories?post=15442"},{"taxonomy":"post_tag","embeddable":true,"href":"https:\/\/www.civiltalaica.it\/cms\/wp-json\/wp\/v2\/tags?post=15442"}],"curies":[{"name":"wp","href":"https:\/\/api.w.org\/{rel}","templated":true}]}}