{"id":15430,"date":"2018-11-04T15:37:41","date_gmt":"2018-11-04T15:37:41","guid":{"rendered":"http:\/\/www.civiltalaica.it\/cms\/?p=15430"},"modified":"2018-11-04T20:01:39","modified_gmt":"2018-11-04T20:01:39","slug":"tutti-ma-proprio-tutti-i-fanatismi-contro-il-corpo-e-lautodeterminazione-della-donna","status":"publish","type":"post","link":"https:\/\/www.civiltalaica.it\/cms\/tutti-ma-proprio-tutti-i-fanatismi-contro-il-corpo-e-lautodeterminazione-della-donna\/","title":{"rendered":"Tutti, ma proprio tutti, i fanatismi contro il corpo e l&#8217;autodeterminazione della donna"},"content":{"rendered":"<p><a href=\"http:\/\/www.civiltalaica.it\/cms\/index.php\/tutti-ma-proprio-tutti-i-fanatismi-contro-il-corpo-e-lautodeterminazione-della-donna.html\/thf-2\" rel=\"attachment wp-att-15432\"><img loading=\"lazy\" decoding=\"async\" class=\"alignleft wp-image-15432\" src=\"http:\/\/www.civiltalaica.it\/cms\/wp-content\/uploads\/2018\/11\/thf-2-724x1024.jpg\" alt=\"\" width=\"464\" height=\"656\" srcset=\"https:\/\/www.civiltalaica.it\/cms\/wp-content\/uploads\/2018\/11\/thf-2-724x1024.jpg 724w, https:\/\/www.civiltalaica.it\/cms\/wp-content\/uploads\/2018\/11\/thf-2-212x300.jpg 212w, https:\/\/www.civiltalaica.it\/cms\/wp-content\/uploads\/2018\/11\/thf-2-768x1086.jpg 768w, https:\/\/www.civiltalaica.it\/cms\/wp-content\/uploads\/2018\/11\/thf-2-113x160.jpg 113w, https:\/\/www.civiltalaica.it\/cms\/wp-content\/uploads\/2018\/11\/thf-2.jpg 1200w\" sizes=\"auto, (max-width: 464px) 100vw, 464px\" \/><\/a><\/p>\n<p>Della follia islamica misogina nei paesi dove vige la sharja si parla regolarmente ovunque, inutile continuare a sottolinearlo. Non si parla invece dell&#8217;islam illuminato dei Kurdi dove le combattenti che combattono l&#8217;Isis si definiscono islamiche, ma non affrontiamo qui il discorso.<\/p>\n<p>Cos\u00ec come non sono una novit\u00e0 le idee omofobe, misogine e sessuofobe degli integralisti cattolici in Italia, paese in cui i loro peggiori esponenti (come Pillon o Fontana tanto per non far nomi ma solo i cognomi) vorrebbero riportare le lancette del nostro paese molto indietro.<\/p>\n<p>Cerchiamo di evidenziare questa comunit\u00e0 d&#8217;intenti da anni, da quando all&#8217;inizio degli anni 2000 i talebani de noantri si rivolgevano con disprezzo alle iniziative laiche invitandoci ad andare a farle a Teheran o a Kabul. Dicevamo, evidentemente a ragione, che la loro altro non era che l&#8217;espressione di un invidia verso il potere dell&#8217;islam in quegli Stati.<\/p>\n<p>Del resto, semmai a qualcuno servissero ulteriori prove per questa correlazione, arriva puntuale la notizia che a Novara (amministrazione a guida leghista) il nuovo regolamento della Polizia Urbana recita testualmente al punto 11: \u201c<i>\u00e8 vietato mostrarsi in pubblico in abiti che offendano il comune senso del pudore<\/i>\u201d. Il fatto che questo implica <i>de facto<\/i> il ritorno della \u201cbuoncostume\u201d, nonostante le penose giustificazioni dei politici locali, \u00e8 evidente. <i>\u201cChe roba, Contessa!\u201d <\/i>ci verrebbe ironicamente da aggiungere, ma soprassediamo perch\u00e9 negli ultimi tempi abbiamo visto qualcosa di pi\u00f9 curioso.<\/p>\n<p>Impegnati come siamo a cercare di contrastare il fenomeno della \u201cviolenza maschilista\u201d e le persistenti discriminazioni contro le donne dobbiamo prender atto che qualche attivista femminista si \u00e8 perso o si \u00e8 persa qualche pezzo per strada.<\/p>\n<p>Arrivare ad attaccare, come ha fatto qualche giorno fa la <i>pasionaria<\/i> Annamaria Arlotta, il Terni Horror Fest perch\u00e9 una delle immagini scelte per la grafica di quest&#8217;anno ha il gravissimo torto di mostrare una bocca sensuale di donna da cui \u201cesce\u201d o \u201cfinisce\u201d una strada e quindi pecca di \u201cpubblicit\u00e0 sessista\u201d, significa davvero aver perso il lume della ragione.<\/p>\n<p>La <i>pasionaria<\/i> e i suoi seguaci che al suo richiamo si sono scatenati in commenti al vetriolo e insulti gratuiti contro il festival (ovviamente sulle pagine del festival in oggetto, altrimenti come farsi pubblicit\u00e0 gratuita?), in un&#8217;azione squadrista degna della migliore falange fascio-informatica, sostengono che non c&#8217;\u00e8 differenza fra la pubblicit\u00e0 di un noto profumo che mostrava una donna a terra in balia di cinque uomini dall&#8217;aria minacciosa e mostrare una bocca sensuale che trascende la realt\u00e0. Perch\u00e9 dicono loro \u201c<i>\u00e8 comunque un&#8217;allusione sessuale<\/i>\u201d.<\/p>\n<p>A parte la vigliaccheria generale del loro comportamento ( ad esempio ignorare i messaggi privati che invitavano alla ragione e al confronto pacato ma poi riprenderli per attaccarli senza contraddittorio sulla loro pagina, slogan buoni per la pancia profusi a pioggia etc.) bisognerebbe che questi puritani di ritorno si mettano in mente dei punti fissi su cui una democrazia davvero laica da non pu\u00f2 prescindere:<\/p>\n<ul>\n<li>Una foto o un&#8217;immagine, pubblicitaria, artistica o quel che sia non deve per forza piacere a tutti. Si pu\u00f2 criticare, si pu\u00f2 dire che \u00e8 di pessimo gusto, si pu\u00f2 dire che non si parteciper\u00e0 mai a un festival che ha scelto un&#8217;immagine del genere come promozione. Ma a meno che non sia un messaggio di odio, o di diffamazione personale, non si pu\u00f2 chiederne la rimozione. Altrimenti si innesca un vortice di richieste di censura in cui la laicit\u00e0 e la democrazia finiscono.<\/li>\n<li>L&#8217;immagine che per la Arlotta e i suoi seguaci ha un cos\u00ec chiaro significato sessualmente invitante (evidentemente pensano solo a quello) per tutta la redazione del Terni Horror Fest era solo un omaggio a Twin Peaks (come tutta la grafica di quest&#8217;anno) e semmai un richiamo alla potenza delle dee pagane cos\u00ec potenti da distruggere o trascendere la realt\u00e0.<\/li>\n<li>Anche ammesso che ci possa essere un richiamo sessuale accennato dalle labbra sensuali della modella che commettono il grave peccato di essere carnose e non esangui secondo la Arlotta (che gentilmente ci ha mandato in privato tutta una serie di \u201cbocche aperte\u201d che secondo il suo dotto parere di esperta si possono mostrare, poi alla semplice constatazione che quelle immagini da lei portate come esempio sarebbero comunque bastate a qualche uomo per masturbarsi ha troncato la discussione) la semplice domanda che ci poniamo \u00e8: e allora? Cosa vogliamo fare, vogliamo vietare qualunque \u201callusione sessuale\u201d? Del sesso non si pu\u00f2 pi\u00f9 parlare? O per non avere \u201callusioni sessuali\u201d le donne debbono essere mostrate solo in burqa? Ce lo spieghi la pasionaria, perch\u00e9 \u00e8 facile volare altissimi&#8230; ma poi nel concreto uno deve anche spiegare cosa fare. Forse vuole essere nominata censore unico delle immagini pubblicitarie con donne? O forse non solo delle immagini pubblicitarie?<\/li>\n<li>Infine ci\u00f2 che manca nel discorso della Arlotta \u00e8 la contestualizzazione del fatto. E&#8217; ovvio ed evidente che c&#8217;\u00e8 un problema culturale (e sottolineiamo culturale) quando il sedere o il seno di una donna vengono mostrati per vendere una pasta abrasiva per auto, un gel isolante per la doccia o il nuovo insetticida. Ma se si \u00e8 in un contesto in cui, in positivo o in negativo, \u201cla donna\u201d c&#8217;entra qual&#8217;\u00e8 il problema? Ogni immagine con una donna \u00e8 sessista? Allora ogni immagine con i neri \u00e8 razzista? Ogni immagine con gli animali \u00e8 specista? Davvero, di cosa stiamo parlando?<\/li>\n<\/ul>\n<p>Bisognerebbe davvero fare un <i>reload<\/i> degli insegnamenti della liberazione sessuale degli anni &#8217;60 e regolare definitivamente i conti con le fobie sessuofobiche, sia omofobe che misogine, ma anche con questi puritanesimi di ritorno ridicoli.<\/p>\n<p>Ricominciamo magari con un concetto semplicissimo: il corpo della donna \u00e8 della donna. Ma non di tutte le donne, il corpo della donna \u00e8 di <u><b>quella<\/b><\/u> donna. Le altre donne non \u00e8 che possono metterci bocca in quanto donne, altrimenti quella donna cambia solo padrone. Dal <u>suo uomo<\/u> padrone alla sua <i>pasionaria<\/i> di riferimento.<\/p>\n<p>Quindi che all&#8217;Arlotta piaccia o non piaccia, se una donna decide di mostrare le sue foto anche con allusioni sessuali pi\u00f9 o meno esplicite, che il resto del mondo Arlotta compresa, si faccia i cavoli propri, grazie. A meno che, <u>lo ribadiamo per i duri e le dure di comprendonio<\/u>, non si stia prestando a un messaggio di odio o di prevaricazione razziale.<br \/>\nMa altrimenti dove sta scritto che una donna in minigonna \u00e8 una una donna oggetto? Ricominciamo con i centimetri della gonna? Con il sopra e sotto il ginocchio? O torniamo direttamente a sopra e sotto la caviglia? Ricominciamo con i funzionari Rai a scannarsi se 60 denari erano sufficienti per mostrare le gambe delle Kessler oppure no?<br \/>\nInsomma, la liberazione sessuale che il 1968 ha insegnato, la vogliamo accettare o vogliamo fare come i <i>talebani de noantri <\/i>che dividono ancora il mondo in rosa e celeste?<br \/>\nNon saremo andati avanti di molto se a decidere i denari delle calze o il rossetto che devono usare le modelle \u00e8 l&#8217;Arlotta invece che Bernabei.<\/p>\n<p><b>Alessandro Chiometti<\/b><\/p>\n","protected":false},"excerpt":{"rendered":"<p>Della follia islamica misogina nei paesi dove vige la sharja si parla regolarmente ovunque, inutile continuare a sottolinearlo. Non si parla invece dell&#8217;islam illuminato dei Kurdi dove le combattenti che combattono l&#8217;Isis si definiscono islamiche, ma non affrontiamo qui il discorso. Cos\u00ec come non sono una novit\u00e0 le idee omofobe, misogine e sessuofobe degli integralisti [&hellip;]<\/p>\n","protected":false},"author":7,"featured_media":0,"comment_status":"closed","ping_status":"closed","sticky":false,"template":"","format":"standard","meta":{"footnotes":""},"categories":[238,230],"tags":[79,1867,861,1573,351,1866,1533],"class_list":["post-15430","post","type-post","status-publish","format-standard","hentry","category-articoli","category-attualita","tag-alessandro-chiometti","tag-annamaria-arlotta","tag-corpo-delle-donne","tag-diritti-delle-donne","tag-donne","tag-pubblicita-sessista","tag-terni-horror-fest"],"yoast_head":"<!-- This site is optimized with the Yoast SEO plugin v27.1.1 - https:\/\/yoast.com\/product\/yoast-seo-wordpress\/ -->\n<title>Tutti, ma proprio tutti, i fanatismi contro il corpo e l&#039;autodeterminazione della donna - Associazione Culturale Civilt\u00e0 Laica<\/title>\n<meta name=\"description\" content=\"Contro il sessismo la richiesta di censura e peggio ancora di autocensura non \u00e8 certo la soluzione migliore. Discutiamone. Per\u00f2 laicamente, grazie!\" \/>\n<meta name=\"robots\" content=\"index, follow, max-snippet:-1, max-image-preview:large, max-video-preview:-1\" \/>\n<link rel=\"canonical\" href=\"https:\/\/www.civiltalaica.it\/cms\/tutti-ma-proprio-tutti-i-fanatismi-contro-il-corpo-e-lautodeterminazione-della-donna\/\" \/>\n<meta property=\"og:locale\" content=\"it_IT\" \/>\n<meta property=\"og:type\" content=\"article\" \/>\n<meta property=\"og:title\" content=\"Tutti, ma proprio tutti, i fanatismi contro il corpo e l&#039;autodeterminazione della donna - Associazione Culturale Civilt\u00e0 Laica\" \/>\n<meta property=\"og:description\" content=\"Contro il sessismo la richiesta di censura e peggio ancora di autocensura non \u00e8 certo la soluzione migliore. Discutiamone. Per\u00f2 laicamente, grazie!\" \/>\n<meta property=\"og:url\" content=\"https:\/\/www.civiltalaica.it\/cms\/tutti-ma-proprio-tutti-i-fanatismi-contro-il-corpo-e-lautodeterminazione-della-donna\/\" \/>\n<meta property=\"og:site_name\" content=\"Associazione Culturale Civilt\u00e0 Laica\" \/>\n<meta property=\"article:publisher\" content=\"https:\/\/www.facebook.com\/civiltalaica\" \/>\n<meta property=\"article:published_time\" content=\"2018-11-04T15:37:41+00:00\" \/>\n<meta property=\"article:modified_time\" content=\"2018-11-04T20:01:39+00:00\" \/>\n<meta property=\"og:image\" content=\"http:\/\/www.civiltalaica.it\/cms\/wp-content\/uploads\/2018\/11\/thf-2-724x1024.jpg\" \/>\n<meta name=\"author\" content=\"alexjc\" \/>\n<meta name=\"twitter:card\" content=\"summary_large_image\" \/>\n<meta name=\"twitter:label1\" content=\"Scritto da\" \/>\n\t<meta name=\"twitter:data1\" content=\"alexjc\" \/>\n\t<meta name=\"twitter:label2\" content=\"Tempo di lettura stimato\" \/>\n\t<meta name=\"twitter:data2\" content=\"6 minuti\" \/>\n<script type=\"application\/ld+json\" class=\"yoast-schema-graph\">{\"@context\":\"https:\/\/schema.org\",\"@graph\":[{\"@type\":\"Article\",\"@id\":\"https:\/\/www.civiltalaica.it\/cms\/tutti-ma-proprio-tutti-i-fanatismi-contro-il-corpo-e-lautodeterminazione-della-donna\/#article\",\"isPartOf\":{\"@id\":\"https:\/\/www.civiltalaica.it\/cms\/tutti-ma-proprio-tutti-i-fanatismi-contro-il-corpo-e-lautodeterminazione-della-donna\/\"},\"author\":{\"name\":\"alexjc\",\"@id\":\"https:\/\/www.civiltalaica.it\/cms\/#\/schema\/person\/4efef56f866329a1e0943eb27336df1d\"},\"headline\":\"Tutti, ma proprio tutti, i fanatismi contro il corpo e l&#8217;autodeterminazione della donna\",\"datePublished\":\"2018-11-04T15:37:41+00:00\",\"dateModified\":\"2018-11-04T20:01:39+00:00\",\"mainEntityOfPage\":{\"@id\":\"https:\/\/www.civiltalaica.it\/cms\/tutti-ma-proprio-tutti-i-fanatismi-contro-il-corpo-e-lautodeterminazione-della-donna\/\"},\"wordCount\":1127,\"image\":{\"@id\":\"https:\/\/www.civiltalaica.it\/cms\/tutti-ma-proprio-tutti-i-fanatismi-contro-il-corpo-e-lautodeterminazione-della-donna\/#primaryimage\"},\"thumbnailUrl\":\"http:\/\/www.civiltalaica.it\/cms\/wp-content\/uploads\/2018\/11\/thf-2-724x1024.jpg\",\"keywords\":[\"alessandro chiometti\",\"annamaria arlotta\",\"corpo delle donne\",\"diritti delle donne\",\"donne\",\"pubblicit\u00e0 sessista\",\"terni horror fest\"],\"articleSection\":[\"articoli\",\"attualit\u00e0\"],\"inLanguage\":\"it-IT\"},{\"@type\":\"WebPage\",\"@id\":\"https:\/\/www.civiltalaica.it\/cms\/tutti-ma-proprio-tutti-i-fanatismi-contro-il-corpo-e-lautodeterminazione-della-donna\/\",\"url\":\"https:\/\/www.civiltalaica.it\/cms\/tutti-ma-proprio-tutti-i-fanatismi-contro-il-corpo-e-lautodeterminazione-della-donna\/\",\"name\":\"Tutti, ma proprio tutti, i fanatismi contro il corpo e l'autodeterminazione della donna - Associazione Culturale Civilt\u00e0 Laica\",\"isPartOf\":{\"@id\":\"https:\/\/www.civiltalaica.it\/cms\/#website\"},\"primaryImageOfPage\":{\"@id\":\"https:\/\/www.civiltalaica.it\/cms\/tutti-ma-proprio-tutti-i-fanatismi-contro-il-corpo-e-lautodeterminazione-della-donna\/#primaryimage\"},\"image\":{\"@id\":\"https:\/\/www.civiltalaica.it\/cms\/tutti-ma-proprio-tutti-i-fanatismi-contro-il-corpo-e-lautodeterminazione-della-donna\/#primaryimage\"},\"thumbnailUrl\":\"http:\/\/www.civiltalaica.it\/cms\/wp-content\/uploads\/2018\/11\/thf-2-724x1024.jpg\",\"datePublished\":\"2018-11-04T15:37:41+00:00\",\"dateModified\":\"2018-11-04T20:01:39+00:00\",\"author\":{\"@id\":\"https:\/\/www.civiltalaica.it\/cms\/#\/schema\/person\/4efef56f866329a1e0943eb27336df1d\"},\"description\":\"Contro il sessismo la richiesta di censura e peggio ancora di autocensura non \u00e8 certo la soluzione migliore. Discutiamone. Per\u00f2 laicamente, grazie!\",\"breadcrumb\":{\"@id\":\"https:\/\/www.civiltalaica.it\/cms\/tutti-ma-proprio-tutti-i-fanatismi-contro-il-corpo-e-lautodeterminazione-della-donna\/#breadcrumb\"},\"inLanguage\":\"it-IT\",\"potentialAction\":[{\"@type\":\"ReadAction\",\"target\":[\"https:\/\/www.civiltalaica.it\/cms\/tutti-ma-proprio-tutti-i-fanatismi-contro-il-corpo-e-lautodeterminazione-della-donna\/\"]}]},{\"@type\":\"ImageObject\",\"inLanguage\":\"it-IT\",\"@id\":\"https:\/\/www.civiltalaica.it\/cms\/tutti-ma-proprio-tutti-i-fanatismi-contro-il-corpo-e-lautodeterminazione-della-donna\/#primaryimage\",\"url\":\"http:\/\/www.civiltalaica.it\/cms\/wp-content\/uploads\/2018\/11\/thf-2-724x1024.jpg\",\"contentUrl\":\"http:\/\/www.civiltalaica.it\/cms\/wp-content\/uploads\/2018\/11\/thf-2-724x1024.jpg\"},{\"@type\":\"BreadcrumbList\",\"@id\":\"https:\/\/www.civiltalaica.it\/cms\/tutti-ma-proprio-tutti-i-fanatismi-contro-il-corpo-e-lautodeterminazione-della-donna\/#breadcrumb\",\"itemListElement\":[{\"@type\":\"ListItem\",\"position\":1,\"name\":\"Home\",\"item\":\"https:\/\/www.civiltalaica.it\/cms\/\"},{\"@type\":\"ListItem\",\"position\":2,\"name\":\"Tutti, ma proprio tutti, i fanatismi contro il corpo e l&#8217;autodeterminazione della donna\"}]},{\"@type\":\"WebSite\",\"@id\":\"https:\/\/www.civiltalaica.it\/cms\/#website\",\"url\":\"https:\/\/www.civiltalaica.it\/cms\/\",\"name\":\"Associazione Culturale Civilt\u00e0 Laica\",\"description\":\"Per un movimento culturale volto a difendere la Laicit\u00e0 dello Stato.\",\"potentialAction\":[{\"@type\":\"SearchAction\",\"target\":{\"@type\":\"EntryPoint\",\"urlTemplate\":\"https:\/\/www.civiltalaica.it\/cms\/?s={search_term_string}\"},\"query-input\":{\"@type\":\"PropertyValueSpecification\",\"valueRequired\":true,\"valueName\":\"search_term_string\"}}],\"inLanguage\":\"it-IT\"},{\"@type\":\"Person\",\"@id\":\"https:\/\/www.civiltalaica.it\/cms\/#\/schema\/person\/4efef56f866329a1e0943eb27336df1d\",\"name\":\"alexjc\",\"url\":\"https:\/\/www.civiltalaica.it\/cms\/author\/alexjc\/\"}]}<\/script>\n<!-- \/ Yoast SEO plugin. -->","yoast_head_json":{"title":"Tutti, ma proprio tutti, i fanatismi contro il corpo e l'autodeterminazione della donna - Associazione Culturale Civilt\u00e0 Laica","description":"Contro il sessismo la richiesta di censura e peggio ancora di autocensura non \u00e8 certo la soluzione migliore. Discutiamone. Per\u00f2 laicamente, grazie!","robots":{"index":"index","follow":"follow","max-snippet":"max-snippet:-1","max-image-preview":"max-image-preview:large","max-video-preview":"max-video-preview:-1"},"canonical":"https:\/\/www.civiltalaica.it\/cms\/tutti-ma-proprio-tutti-i-fanatismi-contro-il-corpo-e-lautodeterminazione-della-donna\/","og_locale":"it_IT","og_type":"article","og_title":"Tutti, ma proprio tutti, i fanatismi contro il corpo e l'autodeterminazione della donna - Associazione Culturale Civilt\u00e0 Laica","og_description":"Contro il sessismo la richiesta di censura e peggio ancora di autocensura non \u00e8 certo la soluzione migliore. Discutiamone. Per\u00f2 laicamente, grazie!","og_url":"https:\/\/www.civiltalaica.it\/cms\/tutti-ma-proprio-tutti-i-fanatismi-contro-il-corpo-e-lautodeterminazione-della-donna\/","og_site_name":"Associazione Culturale Civilt\u00e0 Laica","article_publisher":"https:\/\/www.facebook.com\/civiltalaica","article_published_time":"2018-11-04T15:37:41+00:00","article_modified_time":"2018-11-04T20:01:39+00:00","og_image":[{"url":"http:\/\/www.civiltalaica.it\/cms\/wp-content\/uploads\/2018\/11\/thf-2-724x1024.jpg","type":"","width":"","height":""}],"author":"alexjc","twitter_card":"summary_large_image","twitter_misc":{"Scritto da":"alexjc","Tempo di lettura stimato":"6 minuti"},"schema":{"@context":"https:\/\/schema.org","@graph":[{"@type":"Article","@id":"https:\/\/www.civiltalaica.it\/cms\/tutti-ma-proprio-tutti-i-fanatismi-contro-il-corpo-e-lautodeterminazione-della-donna\/#article","isPartOf":{"@id":"https:\/\/www.civiltalaica.it\/cms\/tutti-ma-proprio-tutti-i-fanatismi-contro-il-corpo-e-lautodeterminazione-della-donna\/"},"author":{"name":"alexjc","@id":"https:\/\/www.civiltalaica.it\/cms\/#\/schema\/person\/4efef56f866329a1e0943eb27336df1d"},"headline":"Tutti, ma proprio tutti, i fanatismi contro il corpo e l&#8217;autodeterminazione della donna","datePublished":"2018-11-04T15:37:41+00:00","dateModified":"2018-11-04T20:01:39+00:00","mainEntityOfPage":{"@id":"https:\/\/www.civiltalaica.it\/cms\/tutti-ma-proprio-tutti-i-fanatismi-contro-il-corpo-e-lautodeterminazione-della-donna\/"},"wordCount":1127,"image":{"@id":"https:\/\/www.civiltalaica.it\/cms\/tutti-ma-proprio-tutti-i-fanatismi-contro-il-corpo-e-lautodeterminazione-della-donna\/#primaryimage"},"thumbnailUrl":"http:\/\/www.civiltalaica.it\/cms\/wp-content\/uploads\/2018\/11\/thf-2-724x1024.jpg","keywords":["alessandro chiometti","annamaria arlotta","corpo delle donne","diritti delle donne","donne","pubblicit\u00e0 sessista","terni horror fest"],"articleSection":["articoli","attualit\u00e0"],"inLanguage":"it-IT"},{"@type":"WebPage","@id":"https:\/\/www.civiltalaica.it\/cms\/tutti-ma-proprio-tutti-i-fanatismi-contro-il-corpo-e-lautodeterminazione-della-donna\/","url":"https:\/\/www.civiltalaica.it\/cms\/tutti-ma-proprio-tutti-i-fanatismi-contro-il-corpo-e-lautodeterminazione-della-donna\/","name":"Tutti, ma proprio tutti, i fanatismi contro il corpo e l'autodeterminazione della donna - Associazione Culturale Civilt\u00e0 Laica","isPartOf":{"@id":"https:\/\/www.civiltalaica.it\/cms\/#website"},"primaryImageOfPage":{"@id":"https:\/\/www.civiltalaica.it\/cms\/tutti-ma-proprio-tutti-i-fanatismi-contro-il-corpo-e-lautodeterminazione-della-donna\/#primaryimage"},"image":{"@id":"https:\/\/www.civiltalaica.it\/cms\/tutti-ma-proprio-tutti-i-fanatismi-contro-il-corpo-e-lautodeterminazione-della-donna\/#primaryimage"},"thumbnailUrl":"http:\/\/www.civiltalaica.it\/cms\/wp-content\/uploads\/2018\/11\/thf-2-724x1024.jpg","datePublished":"2018-11-04T15:37:41+00:00","dateModified":"2018-11-04T20:01:39+00:00","author":{"@id":"https:\/\/www.civiltalaica.it\/cms\/#\/schema\/person\/4efef56f866329a1e0943eb27336df1d"},"description":"Contro il sessismo la richiesta di censura e peggio ancora di autocensura non \u00e8 certo la soluzione migliore. Discutiamone. Per\u00f2 laicamente, grazie!","breadcrumb":{"@id":"https:\/\/www.civiltalaica.it\/cms\/tutti-ma-proprio-tutti-i-fanatismi-contro-il-corpo-e-lautodeterminazione-della-donna\/#breadcrumb"},"inLanguage":"it-IT","potentialAction":[{"@type":"ReadAction","target":["https:\/\/www.civiltalaica.it\/cms\/tutti-ma-proprio-tutti-i-fanatismi-contro-il-corpo-e-lautodeterminazione-della-donna\/"]}]},{"@type":"ImageObject","inLanguage":"it-IT","@id":"https:\/\/www.civiltalaica.it\/cms\/tutti-ma-proprio-tutti-i-fanatismi-contro-il-corpo-e-lautodeterminazione-della-donna\/#primaryimage","url":"http:\/\/www.civiltalaica.it\/cms\/wp-content\/uploads\/2018\/11\/thf-2-724x1024.jpg","contentUrl":"http:\/\/www.civiltalaica.it\/cms\/wp-content\/uploads\/2018\/11\/thf-2-724x1024.jpg"},{"@type":"BreadcrumbList","@id":"https:\/\/www.civiltalaica.it\/cms\/tutti-ma-proprio-tutti-i-fanatismi-contro-il-corpo-e-lautodeterminazione-della-donna\/#breadcrumb","itemListElement":[{"@type":"ListItem","position":1,"name":"Home","item":"https:\/\/www.civiltalaica.it\/cms\/"},{"@type":"ListItem","position":2,"name":"Tutti, ma proprio tutti, i fanatismi contro il corpo e l&#8217;autodeterminazione della donna"}]},{"@type":"WebSite","@id":"https:\/\/www.civiltalaica.it\/cms\/#website","url":"https:\/\/www.civiltalaica.it\/cms\/","name":"Associazione Culturale Civilt\u00e0 Laica","description":"Per un movimento culturale volto a difendere la Laicit\u00e0 dello Stato.","potentialAction":[{"@type":"SearchAction","target":{"@type":"EntryPoint","urlTemplate":"https:\/\/www.civiltalaica.it\/cms\/?s={search_term_string}"},"query-input":{"@type":"PropertyValueSpecification","valueRequired":true,"valueName":"search_term_string"}}],"inLanguage":"it-IT"},{"@type":"Person","@id":"https:\/\/www.civiltalaica.it\/cms\/#\/schema\/person\/4efef56f866329a1e0943eb27336df1d","name":"alexjc","url":"https:\/\/www.civiltalaica.it\/cms\/author\/alexjc\/"}]}},"_links":{"self":[{"href":"https:\/\/www.civiltalaica.it\/cms\/wp-json\/wp\/v2\/posts\/15430","targetHints":{"allow":["GET"]}}],"collection":[{"href":"https:\/\/www.civiltalaica.it\/cms\/wp-json\/wp\/v2\/posts"}],"about":[{"href":"https:\/\/www.civiltalaica.it\/cms\/wp-json\/wp\/v2\/types\/post"}],"author":[{"embeddable":true,"href":"https:\/\/www.civiltalaica.it\/cms\/wp-json\/wp\/v2\/users\/7"}],"replies":[{"embeddable":true,"href":"https:\/\/www.civiltalaica.it\/cms\/wp-json\/wp\/v2\/comments?post=15430"}],"version-history":[{"count":4,"href":"https:\/\/www.civiltalaica.it\/cms\/wp-json\/wp\/v2\/posts\/15430\/revisions"}],"predecessor-version":[{"id":15440,"href":"https:\/\/www.civiltalaica.it\/cms\/wp-json\/wp\/v2\/posts\/15430\/revisions\/15440"}],"wp:attachment":[{"href":"https:\/\/www.civiltalaica.it\/cms\/wp-json\/wp\/v2\/media?parent=15430"}],"wp:term":[{"taxonomy":"category","embeddable":true,"href":"https:\/\/www.civiltalaica.it\/cms\/wp-json\/wp\/v2\/categories?post=15430"},{"taxonomy":"post_tag","embeddable":true,"href":"https:\/\/www.civiltalaica.it\/cms\/wp-json\/wp\/v2\/tags?post=15430"}],"curies":[{"name":"wp","href":"https:\/\/api.w.org\/{rel}","templated":true}]}}