{"id":15348,"date":"2018-09-06T08:27:20","date_gmt":"2018-09-06T08:27:20","guid":{"rendered":"http:\/\/www.civiltalaica.it\/cms\/?p=15348"},"modified":"2018-09-06T08:27:21","modified_gmt":"2018-09-06T08:27:21","slug":"about-la-settima-musa","status":"publish","type":"post","link":"https:\/\/www.civiltalaica.it\/cms\/about-la-settima-musa\/","title":{"rendered":"About: la settima musa"},"content":{"rendered":"\n<p><strong>voto: 7.2\/10<\/strong><\/p>\n\n\n\n<p><strong>[attenzione spoiler]<\/strong><\/p>\n\n\n\n<figure class=\"wp-block-image is-resized\"><img loading=\"lazy\" decoding=\"async\" src=\"http:\/\/www.civiltalaica.it\/cms\/wp-content\/uploads\/2018\/09\/settima-musa-265x160.jpg\" alt=\"Immagine in evidenza\" width=\"470\" height=\"284\"\/><\/figure>\n\n\n\n<p>Jaume Balageur\u00f2 \n\u00e8 noto per la serie cult di Rec, diventata un must per ogni\nhorrorofilo che si rispetti. Prima di quella serie per\u00f2 aveva\nrealizzato un ottimo film dal titolo \u201cFragile\u201d e con questo \u201cLa\nsettima musa\u201d torna a un horror pi\u00f9 soft e delicato che sfocia nel\nfantasy e nel romanzo. \n<\/p>\n\n\n\n<p>Il\nfilm \u00e8 molto bello da molti punti di vista, soprattutto  per la\ntrasposizione dell&#8217;idea (non originale) delle muse ispiratrici della\npoesia che in realt\u00e0 nascondono tremendi segreti e poteri nei versi\nche ispirano. Elliot Cowan (<em>Amore\na altri disastri, Da Vinci&#8217;s demon -serie TV<\/em>)\n  \u00e8 per noi stata una piacevolissima sorpresa nel suo ruolo,\naltrettanto brave le due protagoniste femminili principali Franka\nPotente <em>(Lola corre,\nBlow<\/em>) e Ana Ularu\n(<em>Inferno<\/em>).\nOttimo anche Cristopher Lloyd (l&#8217;indimenticabile Doc di <em>Ritorno\nal futuro<\/em>) che non manca\nmai di caratterizzare in positivo i ruoli che gli vengono assegnati.<\/p>\n\n\n\n<p>Ci piacerebbe\nassegnare un voto pi\u00f9 alto al film perch\u00e9 \u00e8 veramente un esercizio\ndi sutile molto poetico che ormai nel cinema horror \u00e8 molto raro. In\nalcuni momenti ci sono tornati alla mente le interpretazioni\nvittoriane di Cristopher Lee e Vincent Price quando la loro bravura\ndoveva sostituire gli effetti speciali nei film di Roger Corman e\nTerence Fischer.<\/p>\n\n\n\n<p>Purtroppo oggi\nquesta cosa si \u00e8 un po&#8217; persa e se in un film non sono presenti\nscene gore, magari messe l\u00ec a casaccio per sopperire le carenze\ndelle trama, qualcuno non li considera neanche pi\u00f9 film horror. \n<\/p>\n\n\n\n<p>A noi invece che\nabbiamo sempre considerato l&#8217;horror come espressione dell&#8217;arte gotica\n,simili pellicole, in cui i registi provano a volare alto, non\npossono che far piacere. \n<\/p>\n\n\n\n<p>Dicevamo che\ndobbiamo a malincuore dare un voto non elevatissimo perch\u00e9 il film\npresenta alcune carenze nella trama. \n<\/p>\n\n\n\n<p>Brevemente,\ncercando di non svelare troppo.<\/p>\n\n\n\n<p>Samuel Solomon\nprofessore \u201ctrendy\u201d (grazie alla sua recente pubblicazione di\nsuccesso) di letteratura al Trinity College di Dublino da un anno\nvive un&#8217;appassionata storia d&#8217;amore con  una sua studentessa. Lei\nper\u00f2 si suicida nel bagno della sua casa per ragioni sconosciute.<\/p>\n\n\n\n<p>Un anno dopo\nSamuel ha sogni intensi in cui vede una donna morire assassinata in\nun omicidio rituale. Dopo un paio di settimana scopre ai telegiornali\nche una donna a Dublino \u00e8 stata uccisa come nel suo sogno. Quando\nillegalmente si introduce nelle casa c&#8217;\u00e8 un&#8217;altyra donan che cerca\nnelel stanze e che ha avuto i suoi stessi sogni. I due trovano una\nfotografia nascosta e un misterioso manufatto (simile ad un uovo di\nFaberg\u00e8), Samuel prende la foto la ragazza il manufatto e si sperano\ndi corsa per l&#8217;arrivo della polizia. \n<\/p>\n\n\n\n<p>Le indagini che\nSamuel compie insieme alla sua collega e amica fidata Susan gli fanno\nscoprire un mondo esoterico che ha gi\u00e0 ucciso dei poeti troppo\ncuriosi. E anche lui comincia a ricevere visite molto sgradevoli da\nparte di queste entit\u00e0 femminili che gli chiedono la restituzione\ndell&#8217;imago, ovvero l&#8217;oggetto che ha trovato nella casa. L&#8217;ultimo die\npoeti che hanno avuto la sfortuna di avere a che fare con le muse gli\nintima di seguire le loro richieste o di fuggire e sparire per\nsempre. \n<\/p>\n\n\n\n<p>Per\nrestituire l&#8217;imago per\u00f2 deve rintracciare Rachel, la misteriosa\nragazza nella casa, che si scopre essere una prostituta in un locale\na luci rosse, costretta alla schiavit\u00f9 dalla mafia dell&#8217;est che ha\nin mano il suo passaporto e la vita di suo figlio. Recupera l&#8217;oggetto\nmentre lei uccide il suo \u201cprotettore\u201d, lo porta alle muse\nfacendosi promettere che si dimenticheranno di loro. Ma l&#8217;oggetto\nrisulta essere un falso. <br\/><br\/>\u00c8 a questo punto che il film, pur\nrestando gradevolissimo si complica terribilmente. Rachel si scopre\nessere una musa anch&#8217;essa seppur immemore, cos\u00ec come era una musa la\ndonna uccisa nell&#8217;omicidio rituale a Dublino. Si intuisce che gli\nimago sono oggetti che racchiudono l&#8217;anima (o l&#8217;essenza stessa) delle\nmuse ma a questo punto non \u00e8 pi\u00f9 chiaro se le quattro muse\n\u201cmalvagie\u201d stanno cercando l&#8217;imago di Rachel, l&#8217;imago della musa\nassassinata o un&#8217;ultima musa nascosta la cui morte sarebbe letale per\ntutte le altre.<\/p>\n\n\n\n<p>E soprattutto alla\nfine del film la domanda \u00e8 inevitabile: \u201cScusate ma quella specie\ndi uovo di Faberg\u00e8 che fine ha fatto?\u201d. \n<\/p>\n\n\n\n<p>Il film procede\ngradevolmente ma non chiarisce tutti questi misteri ed \u00e8 difficile\ncatalogare questi come Mc Guffin ma ci sembrano davvero buchi enormi\nnella trama.<\/p>\n\n\n\n<p>Per carit\u00e0,\ncapiamo che l&#8217;arte visiva, soprattutto se ispirata alla poesia non\npu\u00f2 essere sempre un giallo di Agatha Christie in cui torna tutto.\nPer\u00f2, insomma, alla fine del film la confusione resta molto alta\ncos\u00ec come il sospetto che regista e sceneggiatori si siano persi dei\npezzi per strada per motivi misteriosi. \n<\/p>\n\n\n\n<p><strong>J. Mnemonic<\/strong><\/p>\n","protected":false},"excerpt":{"rendered":"<p>voto: 7.2\/10 [attenzione spoiler] Jaume Balageur\u00f2 \u00e8 noto per la serie cult di Rec, diventata un must per ogni horrorofilo che si rispetti. Prima di quella serie per\u00f2 aveva realizzato un ottimo film dal titolo \u201cFragile\u201d e con questo \u201cLa settima musa\u201d torna a un horror pi\u00f9 soft e delicato che sfocia nel fantasy e [&hellip;]<\/p>\n","protected":false},"author":7,"featured_media":15349,"comment_status":"closed","ping_status":"closed","sticky":false,"template":"","format":"standard","meta":{"footnotes":""},"categories":[238,231],"tags":[],"class_list":["post-15348","post","type-post","status-publish","format-standard","has-post-thumbnail","hentry","category-articoli","category-recensioni"],"yoast_head":"<!-- This site is optimized with the Yoast SEO plugin v27.1.1 - https:\/\/yoast.com\/product\/yoast-seo-wordpress\/ -->\n<title>About: la settima musa - Associazione Culturale Civilt\u00e0 Laica<\/title>\n<meta name=\"robots\" content=\"index, follow, max-snippet:-1, max-image-preview:large, max-video-preview:-1\" \/>\n<link rel=\"canonical\" href=\"https:\/\/www.civiltalaica.it\/cms\/about-la-settima-musa\/\" \/>\n<meta property=\"og:locale\" content=\"it_IT\" \/>\n<meta property=\"og:type\" content=\"article\" \/>\n<meta property=\"og:title\" content=\"About: la settima musa - Associazione Culturale Civilt\u00e0 Laica\" \/>\n<meta property=\"og:description\" content=\"voto: 7.2\/10 [attenzione spoiler] Jaume Balageur\u00f2 \u00e8 noto per la serie cult di Rec, diventata un must per ogni horrorofilo che si rispetti. Prima di quella serie per\u00f2 aveva realizzato un ottimo film dal titolo \u201cFragile\u201d e con questo \u201cLa settima musa\u201d torna a un horror pi\u00f9 soft e delicato che sfocia nel fantasy e [&hellip;]\" \/>\n<meta property=\"og:url\" content=\"https:\/\/www.civiltalaica.it\/cms\/about-la-settima-musa\/\" \/>\n<meta property=\"og:site_name\" content=\"Associazione Culturale Civilt\u00e0 Laica\" \/>\n<meta property=\"article:publisher\" content=\"https:\/\/www.facebook.com\/civiltalaica\" \/>\n<meta property=\"article:published_time\" content=\"2018-09-06T08:27:20+00:00\" \/>\n<meta property=\"article:modified_time\" content=\"2018-09-06T08:27:21+00:00\" \/>\n<meta property=\"og:image\" content=\"https:\/\/www.civiltalaica.it\/cms\/wp-content\/uploads\/2018\/09\/settima-musa.jpg\" \/>\n\t<meta property=\"og:image:width\" content=\"580\" \/>\n\t<meta property=\"og:image:height\" content=\"350\" \/>\n\t<meta property=\"og:image:type\" content=\"image\/jpeg\" \/>\n<meta name=\"author\" content=\"alexjc\" \/>\n<meta name=\"twitter:card\" content=\"summary_large_image\" \/>\n<meta name=\"twitter:label1\" content=\"Scritto da\" \/>\n\t<meta name=\"twitter:data1\" content=\"alexjc\" \/>\n\t<meta name=\"twitter:label2\" content=\"Tempo di lettura stimato\" \/>\n\t<meta name=\"twitter:data2\" content=\"4 minuti\" \/>\n<script type=\"application\/ld+json\" class=\"yoast-schema-graph\">{\"@context\":\"https:\/\/schema.org\",\"@graph\":[{\"@type\":\"Article\",\"@id\":\"https:\/\/www.civiltalaica.it\/cms\/about-la-settima-musa\/#article\",\"isPartOf\":{\"@id\":\"https:\/\/www.civiltalaica.it\/cms\/about-la-settima-musa\/\"},\"author\":{\"name\":\"alexjc\",\"@id\":\"https:\/\/www.civiltalaica.it\/cms\/#\/schema\/person\/4efef56f866329a1e0943eb27336df1d\"},\"headline\":\"About: la settima musa\",\"datePublished\":\"2018-09-06T08:27:20+00:00\",\"dateModified\":\"2018-09-06T08:27:21+00:00\",\"mainEntityOfPage\":{\"@id\":\"https:\/\/www.civiltalaica.it\/cms\/about-la-settima-musa\/\"},\"wordCount\":766,\"image\":{\"@id\":\"https:\/\/www.civiltalaica.it\/cms\/about-la-settima-musa\/#primaryimage\"},\"thumbnailUrl\":\"https:\/\/www.civiltalaica.it\/cms\/wp-content\/uploads\/2018\/09\/settima-musa.jpg\",\"articleSection\":[\"articoli\",\"recensioni\"],\"inLanguage\":\"it-IT\"},{\"@type\":\"WebPage\",\"@id\":\"https:\/\/www.civiltalaica.it\/cms\/about-la-settima-musa\/\",\"url\":\"https:\/\/www.civiltalaica.it\/cms\/about-la-settima-musa\/\",\"name\":\"About: la settima musa - Associazione Culturale Civilt\u00e0 Laica\",\"isPartOf\":{\"@id\":\"https:\/\/www.civiltalaica.it\/cms\/#website\"},\"primaryImageOfPage\":{\"@id\":\"https:\/\/www.civiltalaica.it\/cms\/about-la-settima-musa\/#primaryimage\"},\"image\":{\"@id\":\"https:\/\/www.civiltalaica.it\/cms\/about-la-settima-musa\/#primaryimage\"},\"thumbnailUrl\":\"https:\/\/www.civiltalaica.it\/cms\/wp-content\/uploads\/2018\/09\/settima-musa.jpg\",\"datePublished\":\"2018-09-06T08:27:20+00:00\",\"dateModified\":\"2018-09-06T08:27:21+00:00\",\"author\":{\"@id\":\"https:\/\/www.civiltalaica.it\/cms\/#\/schema\/person\/4efef56f866329a1e0943eb27336df1d\"},\"breadcrumb\":{\"@id\":\"https:\/\/www.civiltalaica.it\/cms\/about-la-settima-musa\/#breadcrumb\"},\"inLanguage\":\"it-IT\",\"potentialAction\":[{\"@type\":\"ReadAction\",\"target\":[\"https:\/\/www.civiltalaica.it\/cms\/about-la-settima-musa\/\"]}]},{\"@type\":\"ImageObject\",\"inLanguage\":\"it-IT\",\"@id\":\"https:\/\/www.civiltalaica.it\/cms\/about-la-settima-musa\/#primaryimage\",\"url\":\"https:\/\/www.civiltalaica.it\/cms\/wp-content\/uploads\/2018\/09\/settima-musa.jpg\",\"contentUrl\":\"https:\/\/www.civiltalaica.it\/cms\/wp-content\/uploads\/2018\/09\/settima-musa.jpg\",\"width\":580,\"height\":350},{\"@type\":\"BreadcrumbList\",\"@id\":\"https:\/\/www.civiltalaica.it\/cms\/about-la-settima-musa\/#breadcrumb\",\"itemListElement\":[{\"@type\":\"ListItem\",\"position\":1,\"name\":\"Home\",\"item\":\"https:\/\/www.civiltalaica.it\/cms\/\"},{\"@type\":\"ListItem\",\"position\":2,\"name\":\"About: la settima musa\"}]},{\"@type\":\"WebSite\",\"@id\":\"https:\/\/www.civiltalaica.it\/cms\/#website\",\"url\":\"https:\/\/www.civiltalaica.it\/cms\/\",\"name\":\"Associazione Culturale Civilt\u00e0 Laica\",\"description\":\"Per un movimento culturale volto a difendere la Laicit\u00e0 dello Stato.\",\"potentialAction\":[{\"@type\":\"SearchAction\",\"target\":{\"@type\":\"EntryPoint\",\"urlTemplate\":\"https:\/\/www.civiltalaica.it\/cms\/?s={search_term_string}\"},\"query-input\":{\"@type\":\"PropertyValueSpecification\",\"valueRequired\":true,\"valueName\":\"search_term_string\"}}],\"inLanguage\":\"it-IT\"},{\"@type\":\"Person\",\"@id\":\"https:\/\/www.civiltalaica.it\/cms\/#\/schema\/person\/4efef56f866329a1e0943eb27336df1d\",\"name\":\"alexjc\",\"url\":\"https:\/\/www.civiltalaica.it\/cms\/author\/alexjc\/\"}]}<\/script>\n<!-- \/ Yoast SEO plugin. -->","yoast_head_json":{"title":"About: la settima musa - Associazione Culturale Civilt\u00e0 Laica","robots":{"index":"index","follow":"follow","max-snippet":"max-snippet:-1","max-image-preview":"max-image-preview:large","max-video-preview":"max-video-preview:-1"},"canonical":"https:\/\/www.civiltalaica.it\/cms\/about-la-settima-musa\/","og_locale":"it_IT","og_type":"article","og_title":"About: la settima musa - Associazione Culturale Civilt\u00e0 Laica","og_description":"voto: 7.2\/10 [attenzione spoiler] Jaume Balageur\u00f2 \u00e8 noto per la serie cult di Rec, diventata un must per ogni horrorofilo che si rispetti. Prima di quella serie per\u00f2 aveva realizzato un ottimo film dal titolo \u201cFragile\u201d e con questo \u201cLa settima musa\u201d torna a un horror pi\u00f9 soft e delicato che sfocia nel fantasy e [&hellip;]","og_url":"https:\/\/www.civiltalaica.it\/cms\/about-la-settima-musa\/","og_site_name":"Associazione Culturale Civilt\u00e0 Laica","article_publisher":"https:\/\/www.facebook.com\/civiltalaica","article_published_time":"2018-09-06T08:27:20+00:00","article_modified_time":"2018-09-06T08:27:21+00:00","og_image":[{"width":580,"height":350,"url":"https:\/\/www.civiltalaica.it\/cms\/wp-content\/uploads\/2018\/09\/settima-musa.jpg","type":"image\/jpeg"}],"author":"alexjc","twitter_card":"summary_large_image","twitter_misc":{"Scritto da":"alexjc","Tempo di lettura stimato":"4 minuti"},"schema":{"@context":"https:\/\/schema.org","@graph":[{"@type":"Article","@id":"https:\/\/www.civiltalaica.it\/cms\/about-la-settima-musa\/#article","isPartOf":{"@id":"https:\/\/www.civiltalaica.it\/cms\/about-la-settima-musa\/"},"author":{"name":"alexjc","@id":"https:\/\/www.civiltalaica.it\/cms\/#\/schema\/person\/4efef56f866329a1e0943eb27336df1d"},"headline":"About: la settima musa","datePublished":"2018-09-06T08:27:20+00:00","dateModified":"2018-09-06T08:27:21+00:00","mainEntityOfPage":{"@id":"https:\/\/www.civiltalaica.it\/cms\/about-la-settima-musa\/"},"wordCount":766,"image":{"@id":"https:\/\/www.civiltalaica.it\/cms\/about-la-settima-musa\/#primaryimage"},"thumbnailUrl":"https:\/\/www.civiltalaica.it\/cms\/wp-content\/uploads\/2018\/09\/settima-musa.jpg","articleSection":["articoli","recensioni"],"inLanguage":"it-IT"},{"@type":"WebPage","@id":"https:\/\/www.civiltalaica.it\/cms\/about-la-settima-musa\/","url":"https:\/\/www.civiltalaica.it\/cms\/about-la-settima-musa\/","name":"About: la settima musa - Associazione Culturale Civilt\u00e0 Laica","isPartOf":{"@id":"https:\/\/www.civiltalaica.it\/cms\/#website"},"primaryImageOfPage":{"@id":"https:\/\/www.civiltalaica.it\/cms\/about-la-settima-musa\/#primaryimage"},"image":{"@id":"https:\/\/www.civiltalaica.it\/cms\/about-la-settima-musa\/#primaryimage"},"thumbnailUrl":"https:\/\/www.civiltalaica.it\/cms\/wp-content\/uploads\/2018\/09\/settima-musa.jpg","datePublished":"2018-09-06T08:27:20+00:00","dateModified":"2018-09-06T08:27:21+00:00","author":{"@id":"https:\/\/www.civiltalaica.it\/cms\/#\/schema\/person\/4efef56f866329a1e0943eb27336df1d"},"breadcrumb":{"@id":"https:\/\/www.civiltalaica.it\/cms\/about-la-settima-musa\/#breadcrumb"},"inLanguage":"it-IT","potentialAction":[{"@type":"ReadAction","target":["https:\/\/www.civiltalaica.it\/cms\/about-la-settima-musa\/"]}]},{"@type":"ImageObject","inLanguage":"it-IT","@id":"https:\/\/www.civiltalaica.it\/cms\/about-la-settima-musa\/#primaryimage","url":"https:\/\/www.civiltalaica.it\/cms\/wp-content\/uploads\/2018\/09\/settima-musa.jpg","contentUrl":"https:\/\/www.civiltalaica.it\/cms\/wp-content\/uploads\/2018\/09\/settima-musa.jpg","width":580,"height":350},{"@type":"BreadcrumbList","@id":"https:\/\/www.civiltalaica.it\/cms\/about-la-settima-musa\/#breadcrumb","itemListElement":[{"@type":"ListItem","position":1,"name":"Home","item":"https:\/\/www.civiltalaica.it\/cms\/"},{"@type":"ListItem","position":2,"name":"About: la settima musa"}]},{"@type":"WebSite","@id":"https:\/\/www.civiltalaica.it\/cms\/#website","url":"https:\/\/www.civiltalaica.it\/cms\/","name":"Associazione Culturale Civilt\u00e0 Laica","description":"Per un movimento culturale volto a difendere la Laicit\u00e0 dello Stato.","potentialAction":[{"@type":"SearchAction","target":{"@type":"EntryPoint","urlTemplate":"https:\/\/www.civiltalaica.it\/cms\/?s={search_term_string}"},"query-input":{"@type":"PropertyValueSpecification","valueRequired":true,"valueName":"search_term_string"}}],"inLanguage":"it-IT"},{"@type":"Person","@id":"https:\/\/www.civiltalaica.it\/cms\/#\/schema\/person\/4efef56f866329a1e0943eb27336df1d","name":"alexjc","url":"https:\/\/www.civiltalaica.it\/cms\/author\/alexjc\/"}]}},"_links":{"self":[{"href":"https:\/\/www.civiltalaica.it\/cms\/wp-json\/wp\/v2\/posts\/15348","targetHints":{"allow":["GET"]}}],"collection":[{"href":"https:\/\/www.civiltalaica.it\/cms\/wp-json\/wp\/v2\/posts"}],"about":[{"href":"https:\/\/www.civiltalaica.it\/cms\/wp-json\/wp\/v2\/types\/post"}],"author":[{"embeddable":true,"href":"https:\/\/www.civiltalaica.it\/cms\/wp-json\/wp\/v2\/users\/7"}],"replies":[{"embeddable":true,"href":"https:\/\/www.civiltalaica.it\/cms\/wp-json\/wp\/v2\/comments?post=15348"}],"version-history":[{"count":1,"href":"https:\/\/www.civiltalaica.it\/cms\/wp-json\/wp\/v2\/posts\/15348\/revisions"}],"predecessor-version":[{"id":15350,"href":"https:\/\/www.civiltalaica.it\/cms\/wp-json\/wp\/v2\/posts\/15348\/revisions\/15350"}],"wp:featuredmedia":[{"embeddable":true,"href":"https:\/\/www.civiltalaica.it\/cms\/wp-json\/wp\/v2\/media\/15349"}],"wp:attachment":[{"href":"https:\/\/www.civiltalaica.it\/cms\/wp-json\/wp\/v2\/media?parent=15348"}],"wp:term":[{"taxonomy":"category","embeddable":true,"href":"https:\/\/www.civiltalaica.it\/cms\/wp-json\/wp\/v2\/categories?post=15348"},{"taxonomy":"post_tag","embeddable":true,"href":"https:\/\/www.civiltalaica.it\/cms\/wp-json\/wp\/v2\/tags?post=15348"}],"curies":[{"name":"wp","href":"https:\/\/api.w.org\/{rel}","templated":true}]}}