{"id":15338,"date":"2018-09-06T07:49:48","date_gmt":"2018-09-06T07:49:48","guid":{"rendered":"http:\/\/www.civiltalaica.it\/cms\/?p=15338"},"modified":"2018-09-06T07:51:26","modified_gmt":"2018-09-06T07:51:26","slug":"luci-notturne","status":"publish","type":"post","link":"https:\/\/www.civiltalaica.it\/cms\/luci-notturne\/","title":{"rendered":"Luci notturne"},"content":{"rendered":"\n<figure class=\"wp-block-image is-resized\"><img loading=\"lazy\" decoding=\"async\" src=\"http:\/\/www.civiltalaica.it\/cms\/wp-content\/uploads\/2018\/09\/P1040806-240x160.jpg\" alt=\"Immagine in evidenza\" width=\"420\" height=\"280\"\/><\/figure>\n\n\n\n<p>Ancora una volta qui.<br\/>\nIo che filosofeggio mentre il traghetto attraversa il mare.<br\/>\nA destra le luci della Grecia e a sinistra quelle dell\u2019Italia.<\/p>\n\n\n\n<p>Ma cosa dico? A sinistra le luci dell\u2019Italia? Come faccio a vedere le luci dell\u2019Italia se a destra ci sono ancora quelle della Grecia? L\u2019Italia \u00e8 ancora troppo lontana per vedere la costa\u2026 e invece qui sembra di poterla toccare. Ma dove sono?<\/p>\n\n\n\n<p>Ricominciamo. Cartina geografica.<\/p>\n\n\n\n<p>A destra la Grecia, a sinistra l\u2019Italia. Sopra le stelle e sotto il mare. E in mezzo io. Cio\u00e8 il traghetto. Cio\u00e8, io sul traghetto.<\/p>\n\n\n\n<p>Ma come \u00e8 possibile che veda l\u2019Italia? Ma no, che sciocco. E\u2019 Corf\u00f9, altro che l\u2019Italia. Siamo partiti da poco\u2026 siamo vicino a Corf\u00f9 che \u00e8 poco a nord di Igoumenitza. Ma se quella \u00e8 la Corf\u00f9 a destra non c\u2019\u00e8 la Grecia, c\u2019\u00e8 l\u2019Albania.<\/p>\n\n\n\n<p>Ricominciamo.<br\/>\nA destra l\u2019Albania. A sinistra Corf\u00f9. Sopra le stelle e sotto il mare. E in mezzo a tutto questo con la mia confusione, io. Sul traghetto.<br\/>\nOh. Abbiamo messo dei punti fissi, di riferimento, come si suol dire.<br\/>\nOra la domanda impellente a cui rispondere \u00e8: perch\u00e9 non voglio pi\u00f9 tornare nel mio paese?<br\/>\nUna volta era bello rientrare dai viaggi, lo avevo anche scritto da qualche parte che non vedevo l\u2019ora di rivedere gli amici per condividere le emozioni del viaggio.<br\/>\nForse il problema \u00e8 che i miei non sono pi\u00f9 viaggi ma fughe.<br\/>\nMa se sono fughe uno dovrebbe fuggire in un paese che sta meglio del proprio, o no? Senn\u00f2 che senso ha fuggire? E la Grecia non dicono tutti che sta peggio di noi?<\/p>\n\n\n\n<p>Allora, cambiamo domanda.<br\/>\nPerch\u00e9 mi piace andare in Grecia? Bestemmio come un turco ogni volta che un greco mi taglia la strada con le sue manovre spericolate su queste mulattiere, devo sempre aver dietro la scorta di cortisone e ammoniaca per le bestie volanti assassine che sembrano prediligere il mio sangue fra quello di tutti gli altri turisti, divento una iena ogni volta che vedo una delle loro discariche a cielo aperto. Quindi, perch\u00e9 vengo in Grecia? Mare-sole-prezzibassi? Questa \u00e8 la risposta?<\/p>\n\n\n\n<p>Cambiamo ancora la domanda.<br\/>\nQuando mai girando l\u2019Europa mi \u00e8 capitato di vedere un paese, uno solo dico, \u201cmesso peggio\u201d dell\u2019Italia?<\/p>\n\n\n\n<p>Ultime notizie viste sul cellulare prima di salire a bordo dell\u2019Anek Lines.<br\/>\nAssolta Luisa Capua accusata ingiustamente di aver causato pandemie in combutta con le case farmaceutiche. Bravi! Ma nel frattempo lei \u00e8 in Florida con il suo nuovo gruppo di lavoro e il centro di Padova, eccellenza mondiale, \u00e8 stato smantellato.<br\/>\nDi Maio insulta i morti di Marcinelle, i migranti che vengono in Italia e gli italiani che lavorano all\u2019estero. Applausi Mister \u201cPrimo lavoro: ministro del lavoro\u201d.<br\/>\nSindaci fascisti che insultano i morti della strage di Bologna e quelli della seconda guerra.<\/p>\n\n\n\n<p>No, basta. Non voglio rientrare. Davvero. Non voglio rientrare. Ho detto.<br\/>\nCambia rotta traghetto, torna indietro. Oppure fermati qui a Tirana, fammi scendere in Albania, fammi essere un emigrante italiano in Albania, datemi uno di quei bunker individuali creati da Hoxa che prevedeva un invasione della ricca Albania da parte degli altri paesi occidentali. Non vi dar\u00f2 fastidio.<br\/>\nCambia rotta traghetto, circumnaviga questa cazzo di penisola e portami di nuovo a Marsiglia, a Barcellona o a Lisbona.<br\/>\nOppure va ancora pi\u00f9 a nord e riportami a San Sebastian o a Galway. Oppure fammi vedere Copenaghen e Stoccolma che ancora non conosco.<\/p>\n\n\n\n<p>Io non mi sento italiano, ma lo sono. Senza fortuna o purtroppo. Lo sono e basta.<br\/>\nIo sono italiano. E allora perch\u00e9 non mi sento pi\u00f9 a casa mia quando sono in Italia?<br\/>\nDicevamo.<\/p>\n\n\n\n<p>Albania a destra. Corf\u00f9 a sinistra. In lontananza, perch\u00e9 mentre mi perdo nei miei pensieri il traghetto va avanti. E del resto anche le sue bellissime spiagge viste l\u2019anno scorso si sovrappongono ormai a quelle calcidiche viste pochi giorni fa.<br\/>\nSopra le stelle e sotto il mare.<br\/>\nE io sul traghetto.<br\/>\nLo so traghetto, non puoi cambiare rotta. E allora riportami pure a casa e riproviamoci ancora una volta, tanto la strada la sai.<\/p>\n\n\n\n<p>Seconda stella a destra. questo \u00e8 il cammino. Poi dritto fino al mattino.<br\/>\nMa quando cazzo arriva l\u2019isola che non c\u2019\u00e8?<\/p>\n\n\n\n<p><strong>Alessandro Chiometti<\/strong><\/p>\n","protected":false},"excerpt":{"rendered":"<p>Ancora una volta qui. Io che filosofeggio mentre il traghetto attraversa il mare. A destra le luci della Grecia e a sinistra quelle dell\u2019Italia. Ma cosa dico? A sinistra le luci dell\u2019Italia? Come faccio a vedere le luci dell\u2019Italia se a destra ci sono ancora quelle della Grecia? L\u2019Italia \u00e8 ancora troppo lontana per vedere [&hellip;]<\/p>\n","protected":false},"author":7,"featured_media":15339,"comment_status":"closed","ping_status":"closed","sticky":false,"template":"","format":"standard","meta":{"footnotes":""},"categories":[238,235],"tags":[],"class_list":["post-15338","post","type-post","status-publish","format-standard","has-post-thumbnail","hentry","category-articoli","category-andata"],"yoast_head":"<!-- This site is optimized with the Yoast SEO plugin v27.1.1 - https:\/\/yoast.com\/product\/yoast-seo-wordpress\/ -->\n<title>Luci notturne - Associazione Culturale Civilt\u00e0 Laica<\/title>\n<meta name=\"robots\" content=\"index, follow, max-snippet:-1, max-image-preview:large, max-video-preview:-1\" \/>\n<link rel=\"canonical\" href=\"https:\/\/www.civiltalaica.it\/cms\/luci-notturne\/\" \/>\n<meta property=\"og:locale\" content=\"it_IT\" \/>\n<meta property=\"og:type\" content=\"article\" \/>\n<meta property=\"og:title\" content=\"Luci notturne - Associazione Culturale Civilt\u00e0 Laica\" \/>\n<meta property=\"og:description\" content=\"Ancora una volta qui. Io che filosofeggio mentre il traghetto attraversa il mare. A destra le luci della Grecia e a sinistra quelle dell\u2019Italia. Ma cosa dico? A sinistra le luci dell\u2019Italia? Come faccio a vedere le luci dell\u2019Italia se a destra ci sono ancora quelle della Grecia? L\u2019Italia \u00e8 ancora troppo lontana per vedere [&hellip;]\" \/>\n<meta property=\"og:url\" content=\"https:\/\/www.civiltalaica.it\/cms\/luci-notturne\/\" \/>\n<meta property=\"og:site_name\" content=\"Associazione Culturale Civilt\u00e0 Laica\" \/>\n<meta property=\"article:publisher\" content=\"https:\/\/www.facebook.com\/civiltalaica\" \/>\n<meta property=\"article:published_time\" content=\"2018-09-06T07:49:48+00:00\" \/>\n<meta property=\"article:modified_time\" content=\"2018-09-06T07:51:26+00:00\" \/>\n<meta property=\"og:image\" content=\"https:\/\/www.civiltalaica.it\/cms\/wp-content\/uploads\/2018\/09\/P1040806-1024x683.jpg\" \/>\n\t<meta property=\"og:image:width\" content=\"1024\" \/>\n\t<meta property=\"og:image:height\" content=\"683\" \/>\n\t<meta property=\"og:image:type\" content=\"image\/jpeg\" \/>\n<meta name=\"author\" content=\"alexjc\" \/>\n<meta name=\"twitter:card\" content=\"summary_large_image\" \/>\n<meta name=\"twitter:label1\" content=\"Scritto da\" \/>\n\t<meta name=\"twitter:data1\" content=\"alexjc\" \/>\n\t<meta name=\"twitter:label2\" content=\"Tempo di lettura stimato\" \/>\n\t<meta name=\"twitter:data2\" content=\"4 minuti\" \/>\n<script type=\"application\/ld+json\" class=\"yoast-schema-graph\">{\"@context\":\"https:\/\/schema.org\",\"@graph\":[{\"@type\":\"Article\",\"@id\":\"https:\/\/www.civiltalaica.it\/cms\/luci-notturne\/#article\",\"isPartOf\":{\"@id\":\"https:\/\/www.civiltalaica.it\/cms\/luci-notturne\/\"},\"author\":{\"name\":\"alexjc\",\"@id\":\"https:\/\/www.civiltalaica.it\/cms\/#\/schema\/person\/4efef56f866329a1e0943eb27336df1d\"},\"headline\":\"Luci notturne\",\"datePublished\":\"2018-09-06T07:49:48+00:00\",\"dateModified\":\"2018-09-06T07:51:26+00:00\",\"mainEntityOfPage\":{\"@id\":\"https:\/\/www.civiltalaica.it\/cms\/luci-notturne\/\"},\"wordCount\":704,\"image\":{\"@id\":\"https:\/\/www.civiltalaica.it\/cms\/luci-notturne\/#primaryimage\"},\"thumbnailUrl\":\"https:\/\/www.civiltalaica.it\/cms\/wp-content\/uploads\/2018\/09\/P1040806.jpg\",\"articleSection\":[\"articoli\",\"come \u00e8 andata?\"],\"inLanguage\":\"it-IT\"},{\"@type\":\"WebPage\",\"@id\":\"https:\/\/www.civiltalaica.it\/cms\/luci-notturne\/\",\"url\":\"https:\/\/www.civiltalaica.it\/cms\/luci-notturne\/\",\"name\":\"Luci notturne - Associazione Culturale Civilt\u00e0 Laica\",\"isPartOf\":{\"@id\":\"https:\/\/www.civiltalaica.it\/cms\/#website\"},\"primaryImageOfPage\":{\"@id\":\"https:\/\/www.civiltalaica.it\/cms\/luci-notturne\/#primaryimage\"},\"image\":{\"@id\":\"https:\/\/www.civiltalaica.it\/cms\/luci-notturne\/#primaryimage\"},\"thumbnailUrl\":\"https:\/\/www.civiltalaica.it\/cms\/wp-content\/uploads\/2018\/09\/P1040806.jpg\",\"datePublished\":\"2018-09-06T07:49:48+00:00\",\"dateModified\":\"2018-09-06T07:51:26+00:00\",\"author\":{\"@id\":\"https:\/\/www.civiltalaica.it\/cms\/#\/schema\/person\/4efef56f866329a1e0943eb27336df1d\"},\"breadcrumb\":{\"@id\":\"https:\/\/www.civiltalaica.it\/cms\/luci-notturne\/#breadcrumb\"},\"inLanguage\":\"it-IT\",\"potentialAction\":[{\"@type\":\"ReadAction\",\"target\":[\"https:\/\/www.civiltalaica.it\/cms\/luci-notturne\/\"]}]},{\"@type\":\"ImageObject\",\"inLanguage\":\"it-IT\",\"@id\":\"https:\/\/www.civiltalaica.it\/cms\/luci-notturne\/#primaryimage\",\"url\":\"https:\/\/www.civiltalaica.it\/cms\/wp-content\/uploads\/2018\/09\/P1040806.jpg\",\"contentUrl\":\"https:\/\/www.civiltalaica.it\/cms\/wp-content\/uploads\/2018\/09\/P1040806.jpg\",\"width\":4608,\"height\":3072},{\"@type\":\"BreadcrumbList\",\"@id\":\"https:\/\/www.civiltalaica.it\/cms\/luci-notturne\/#breadcrumb\",\"itemListElement\":[{\"@type\":\"ListItem\",\"position\":1,\"name\":\"Home\",\"item\":\"https:\/\/www.civiltalaica.it\/cms\/\"},{\"@type\":\"ListItem\",\"position\":2,\"name\":\"Luci notturne\"}]},{\"@type\":\"WebSite\",\"@id\":\"https:\/\/www.civiltalaica.it\/cms\/#website\",\"url\":\"https:\/\/www.civiltalaica.it\/cms\/\",\"name\":\"Associazione Culturale Civilt\u00e0 Laica\",\"description\":\"Per un movimento culturale volto a difendere la Laicit\u00e0 dello Stato.\",\"potentialAction\":[{\"@type\":\"SearchAction\",\"target\":{\"@type\":\"EntryPoint\",\"urlTemplate\":\"https:\/\/www.civiltalaica.it\/cms\/?s={search_term_string}\"},\"query-input\":{\"@type\":\"PropertyValueSpecification\",\"valueRequired\":true,\"valueName\":\"search_term_string\"}}],\"inLanguage\":\"it-IT\"},{\"@type\":\"Person\",\"@id\":\"https:\/\/www.civiltalaica.it\/cms\/#\/schema\/person\/4efef56f866329a1e0943eb27336df1d\",\"name\":\"alexjc\",\"url\":\"https:\/\/www.civiltalaica.it\/cms\/author\/alexjc\/\"}]}<\/script>\n<!-- \/ Yoast SEO plugin. -->","yoast_head_json":{"title":"Luci notturne - Associazione Culturale Civilt\u00e0 Laica","robots":{"index":"index","follow":"follow","max-snippet":"max-snippet:-1","max-image-preview":"max-image-preview:large","max-video-preview":"max-video-preview:-1"},"canonical":"https:\/\/www.civiltalaica.it\/cms\/luci-notturne\/","og_locale":"it_IT","og_type":"article","og_title":"Luci notturne - Associazione Culturale Civilt\u00e0 Laica","og_description":"Ancora una volta qui. Io che filosofeggio mentre il traghetto attraversa il mare. A destra le luci della Grecia e a sinistra quelle dell\u2019Italia. Ma cosa dico? A sinistra le luci dell\u2019Italia? Come faccio a vedere le luci dell\u2019Italia se a destra ci sono ancora quelle della Grecia? L\u2019Italia \u00e8 ancora troppo lontana per vedere [&hellip;]","og_url":"https:\/\/www.civiltalaica.it\/cms\/luci-notturne\/","og_site_name":"Associazione Culturale Civilt\u00e0 Laica","article_publisher":"https:\/\/www.facebook.com\/civiltalaica","article_published_time":"2018-09-06T07:49:48+00:00","article_modified_time":"2018-09-06T07:51:26+00:00","og_image":[{"width":1024,"height":683,"url":"https:\/\/www.civiltalaica.it\/cms\/wp-content\/uploads\/2018\/09\/P1040806-1024x683.jpg","type":"image\/jpeg"}],"author":"alexjc","twitter_card":"summary_large_image","twitter_misc":{"Scritto da":"alexjc","Tempo di lettura stimato":"4 minuti"},"schema":{"@context":"https:\/\/schema.org","@graph":[{"@type":"Article","@id":"https:\/\/www.civiltalaica.it\/cms\/luci-notturne\/#article","isPartOf":{"@id":"https:\/\/www.civiltalaica.it\/cms\/luci-notturne\/"},"author":{"name":"alexjc","@id":"https:\/\/www.civiltalaica.it\/cms\/#\/schema\/person\/4efef56f866329a1e0943eb27336df1d"},"headline":"Luci notturne","datePublished":"2018-09-06T07:49:48+00:00","dateModified":"2018-09-06T07:51:26+00:00","mainEntityOfPage":{"@id":"https:\/\/www.civiltalaica.it\/cms\/luci-notturne\/"},"wordCount":704,"image":{"@id":"https:\/\/www.civiltalaica.it\/cms\/luci-notturne\/#primaryimage"},"thumbnailUrl":"https:\/\/www.civiltalaica.it\/cms\/wp-content\/uploads\/2018\/09\/P1040806.jpg","articleSection":["articoli","come \u00e8 andata?"],"inLanguage":"it-IT"},{"@type":"WebPage","@id":"https:\/\/www.civiltalaica.it\/cms\/luci-notturne\/","url":"https:\/\/www.civiltalaica.it\/cms\/luci-notturne\/","name":"Luci notturne - Associazione Culturale Civilt\u00e0 Laica","isPartOf":{"@id":"https:\/\/www.civiltalaica.it\/cms\/#website"},"primaryImageOfPage":{"@id":"https:\/\/www.civiltalaica.it\/cms\/luci-notturne\/#primaryimage"},"image":{"@id":"https:\/\/www.civiltalaica.it\/cms\/luci-notturne\/#primaryimage"},"thumbnailUrl":"https:\/\/www.civiltalaica.it\/cms\/wp-content\/uploads\/2018\/09\/P1040806.jpg","datePublished":"2018-09-06T07:49:48+00:00","dateModified":"2018-09-06T07:51:26+00:00","author":{"@id":"https:\/\/www.civiltalaica.it\/cms\/#\/schema\/person\/4efef56f866329a1e0943eb27336df1d"},"breadcrumb":{"@id":"https:\/\/www.civiltalaica.it\/cms\/luci-notturne\/#breadcrumb"},"inLanguage":"it-IT","potentialAction":[{"@type":"ReadAction","target":["https:\/\/www.civiltalaica.it\/cms\/luci-notturne\/"]}]},{"@type":"ImageObject","inLanguage":"it-IT","@id":"https:\/\/www.civiltalaica.it\/cms\/luci-notturne\/#primaryimage","url":"https:\/\/www.civiltalaica.it\/cms\/wp-content\/uploads\/2018\/09\/P1040806.jpg","contentUrl":"https:\/\/www.civiltalaica.it\/cms\/wp-content\/uploads\/2018\/09\/P1040806.jpg","width":4608,"height":3072},{"@type":"BreadcrumbList","@id":"https:\/\/www.civiltalaica.it\/cms\/luci-notturne\/#breadcrumb","itemListElement":[{"@type":"ListItem","position":1,"name":"Home","item":"https:\/\/www.civiltalaica.it\/cms\/"},{"@type":"ListItem","position":2,"name":"Luci notturne"}]},{"@type":"WebSite","@id":"https:\/\/www.civiltalaica.it\/cms\/#website","url":"https:\/\/www.civiltalaica.it\/cms\/","name":"Associazione Culturale Civilt\u00e0 Laica","description":"Per un movimento culturale volto a difendere la Laicit\u00e0 dello Stato.","potentialAction":[{"@type":"SearchAction","target":{"@type":"EntryPoint","urlTemplate":"https:\/\/www.civiltalaica.it\/cms\/?s={search_term_string}"},"query-input":{"@type":"PropertyValueSpecification","valueRequired":true,"valueName":"search_term_string"}}],"inLanguage":"it-IT"},{"@type":"Person","@id":"https:\/\/www.civiltalaica.it\/cms\/#\/schema\/person\/4efef56f866329a1e0943eb27336df1d","name":"alexjc","url":"https:\/\/www.civiltalaica.it\/cms\/author\/alexjc\/"}]}},"_links":{"self":[{"href":"https:\/\/www.civiltalaica.it\/cms\/wp-json\/wp\/v2\/posts\/15338","targetHints":{"allow":["GET"]}}],"collection":[{"href":"https:\/\/www.civiltalaica.it\/cms\/wp-json\/wp\/v2\/posts"}],"about":[{"href":"https:\/\/www.civiltalaica.it\/cms\/wp-json\/wp\/v2\/types\/post"}],"author":[{"embeddable":true,"href":"https:\/\/www.civiltalaica.it\/cms\/wp-json\/wp\/v2\/users\/7"}],"replies":[{"embeddable":true,"href":"https:\/\/www.civiltalaica.it\/cms\/wp-json\/wp\/v2\/comments?post=15338"}],"version-history":[{"count":3,"href":"https:\/\/www.civiltalaica.it\/cms\/wp-json\/wp\/v2\/posts\/15338\/revisions"}],"predecessor-version":[{"id":15343,"href":"https:\/\/www.civiltalaica.it\/cms\/wp-json\/wp\/v2\/posts\/15338\/revisions\/15343"}],"wp:featuredmedia":[{"embeddable":true,"href":"https:\/\/www.civiltalaica.it\/cms\/wp-json\/wp\/v2\/media\/15339"}],"wp:attachment":[{"href":"https:\/\/www.civiltalaica.it\/cms\/wp-json\/wp\/v2\/media?parent=15338"}],"wp:term":[{"taxonomy":"category","embeddable":true,"href":"https:\/\/www.civiltalaica.it\/cms\/wp-json\/wp\/v2\/categories?post=15338"},{"taxonomy":"post_tag","embeddable":true,"href":"https:\/\/www.civiltalaica.it\/cms\/wp-json\/wp\/v2\/tags?post=15338"}],"curies":[{"name":"wp","href":"https:\/\/api.w.org\/{rel}","templated":true}]}}