{"id":14768,"date":"2018-03-06T19:27:13","date_gmt":"2018-03-06T19:27:13","guid":{"rendered":"http:\/\/www.civiltalaica.it\/cms\/?p=14768"},"modified":"2018-03-06T19:53:44","modified_gmt":"2018-03-06T19:53:44","slug":"4-marzo-2018-la-fine-dei-moderati","status":"publish","type":"post","link":"https:\/\/www.civiltalaica.it\/cms\/4-marzo-2018-la-fine-dei-moderati\/","title":{"rendered":"4 marzo 2018, la fine dei moderati"},"content":{"rendered":"<p><a href=\"http:\/\/www.civiltalaica.it\/cms\/index.php\/4-marzo-2018-la-fine-dei-moderati.html\/p1030454\" rel=\"attachment wp-att-14769\"><img loading=\"lazy\" decoding=\"async\" class=\"alignleft wp-image-14769\" src=\"http:\/\/www.civiltalaica.it\/cms\/wp-content\/uploads\/2018\/03\/P1030454-1024x768.jpg\" alt=\"\" width=\"556\" height=\"417\" srcset=\"https:\/\/www.civiltalaica.it\/cms\/wp-content\/uploads\/2018\/03\/P1030454-1024x768.jpg 1024w, https:\/\/www.civiltalaica.it\/cms\/wp-content\/uploads\/2018\/03\/P1030454-300x225.jpg 300w, https:\/\/www.civiltalaica.it\/cms\/wp-content\/uploads\/2018\/03\/P1030454-768x576.jpg 768w, https:\/\/www.civiltalaica.it\/cms\/wp-content\/uploads\/2018\/03\/P1030454-213x160.jpg 213w\" sizes=\"auto, (max-width: 556px) 100vw, 556px\" \/><\/a><\/p>\n<p><span style=\"font-family: 'Times New Roman', serif;\"><span style=\"font-size: medium;\">Il responso elettorale uscito dalla urne la scorsa domenica \u00e8 molto chiaro, e stavolta di sicuro non \u201channo vinto tutti\u201d come triste consuetudine italica. <\/span><\/span><\/p>\n<p><span style=\"font-family: 'Times New Roman', serif;\"><span style=\"font-size: medium;\">Hanno vinto la Lega di Salvini e il Movimento 5 stelle. Hanno perso i moderati del Pd da una parte e quelli di Forza Italia dall\u2019altra. La sinistra radicale ha dimostrato ancora una volta la sua assoluta incapacit\u00e0 di rinascere.<\/span><\/span><\/p>\n<p><span style=\"font-family: 'Times New Roman', serif;\"><span style=\"font-size: medium;\">La cosa era ampiamente prevedibile e infatti prevista se non proprio nei minimi dettagli, pochi si aspettavano il sorpasso della Lega nei confronti di Forza Italia. Ma del resto chi ha tenuto d\u2019occhio la campagna d\u2019odio verso il nemico del povero italiano (ovvero il pi\u00f9 povero, ovvero l\u2019immigrato) era abbastanza chiaro che in assenza totale di argomenti politici presentabili ci\u00f2 che restava di Berlusconi (che per la prima volta in vita sua si \u00e8 spaventato davanti a una donna nuda il giorno delle elezioni) e del suo establishment aveva deciso di cavalcare l\u2019onda xenofoba e razzista nell\u2019alleanza capestro con la lega. Ben diverso sarebbe stato per loro dover spiegare che non c\u2019erano alternative economiche (di quelle ben viste dalle banche europee) rispetto a quello che stava facendo il governo in carica. <\/span><\/span><\/p>\n<p><span style=\"font-family: 'Times New Roman', serif;\"><span style=\"font-size: medium;\">Il Movimento 5 stelle da parte sua ha continuato a raccogliere ci\u00f2 che ha seminato nei decenni in cui ha lavorato schivando i confronti elettorali e acquistando popolarit\u00e0 e credibilit\u00e0 crescente. <\/span><\/span><\/p>\n<p><span style=\"font-family: 'Times New Roman', serif;\"><span style=\"font-size: medium;\">Le difficolt\u00e0 nell\u2019amministrazione di grandi citt\u00e0 (Roma in primis, ma anche Torino si trova in difficolt\u00e0 per non parlare di Livorno e dell\u2019ormai celebre caso Pizzarotti) non ha influito perch\u00e9 i suoi avversari si sono limitati a parlare delle fesserie come l\u2019ormai tristemente noto \u201cspelacchio\u201d o si sono messi a rinfacciare le mancate restituzioni dei rimborsi elettorali da parte di alcuni deputati grillini. Il che \u00e8 come dire: io mi guardo bene dal proporre di ridurre le odiatissime spese della politica (ormai il fatto che i parlamentari italiani sono i pi\u00f9 pagati del mondo lo insegnano anche alle elementari), per\u00f2 attacco te che prometti di restituire qualcosa quando nessuno ti obbliga a farlo perch\u00e9 alcuni dei tuoi hanno disatteso questo vostro patto interno. <\/span><\/span><\/p>\n<p><span style=\"font-family: 'Times New Roman', serif;\"><span style=\"font-size: medium;\">Se vi sembra che il comportamento degli avversari del movimento non sia stato il massimo della genialit\u00e0 politica provate a spiegarlo ai fenomenali spin doctors del Pd. <\/span><\/span><\/p>\n<p><span style=\"font-family: 'Times New Roman', serif;\"><span style=\"font-size: medium;\">Il Pd ha pagato molto pi\u00f9 del dovuto a causa del suo egocentrico capo, ormai abituato a fare di ogni consultazione elettorale un referendum su se stesso con risultati devastanti per il suo partito. Il crollo nelle roccaforti storiche come Umbria, Marche ed addirittura l\u2019Emilia la dice lunga sull\u2019inettitudine politica di Renzi, che al di l\u00e0 delle elezioni europee del 2014 e delle feste private in casa Pd (leggi primarie) le elezioni in questi ultimi anni le ha perse tutte. <\/span><\/span><\/p>\n<p><span style=\"font-family: 'Times New Roman', serif;\"><span style=\"font-size: medium;\">Di fronte a disastri elettorali come questo la buona politica vorrebbe che i \u201ccolpevoli\u201d vengano spediti a godersi i loro vitalizi dove preferiscono basta che non si facciano pi\u00f9 vedere (e mica abbiamo chiesto la gogna pubblica). Invece nel tanto atteso discorso post-elettorale il Matteo Renzi si \u00e8 dimostrato quello che \u00e8 sempre stato, un classico politico democristiano che prima di mollare quella poltrona preferirebbe cancellare il suo partito dalle carte elettorali. E soprattutto non ha mancato di incolpare tutti e tutto per non essere stati in grado di capire la sua genialit\u00e0 e quanto bene aveva fatto al paese. <\/span><\/span><\/p>\n<p><span style=\"font-family: 'Times New Roman', serif;\"><span style=\"font-size: medium;\">Come dire: \u201cHo toccato il fondo? Bene, datemi una pala che scavo!\u201d <\/span><\/span><\/p>\n<p><span style=\"font-family: 'Times New Roman', serif;\"><span style=\"font-size: medium;\">Ora che sono finite le elezioni restano aperti i problemi del paese che c\u2019erano anche prima e di cui nessuno in questo periodo ha parlato. Proviamo a ricordare i sette problemi fondamentali di cui abbiamo chiesto conto prima delle elezioni? <\/span><\/span><\/p>\n<ul>\n<li><span style=\"font-family: 'Times New Roman', serif;\"><span style=\"font-size: medium;\">Disoccupazione giovanile pi\u00f9 alta d\u2019Europa non legata al ciclo economico,<\/span><\/span><\/li>\n<li><span style=\"font-family: 'Times New Roman', serif;\"><span style=\"font-size: medium;\">l\u2019et\u00e0 media di dipendenti e dirigenti pubblici pi\u00f9 alta d\u2019Europa,<\/span><\/span><\/li>\n<li><span style=\"font-family: 'Times New Roman', serif;\"><span style=\"font-size: medium;\">il numero di investimenti stranieri nel paese pi\u00f9 basso d\u2019Europa, <\/span><\/span><\/li>\n<li><span style=\"font-family: 'Times New Roman', serif;\"><span style=\"font-size: medium;\">il numero di lavoratori impiegati in lavori per cui non hanno studiato pi\u00f9 alto d\u2019Europa, <\/span><\/span><\/li>\n<li><span style=\"font-family: 'Times New Roman', serif;\"><span style=\"font-size: medium;\">il costo pi\u00f9 alto d\u2019Europa sul pil dovuto al sottosfruttamento (leggi nero e sottopagato) del lavoro femminile (88 mld di euro all\u2019anno),<\/span><\/span><\/li>\n<li><span style=\"font-family: 'Times New Roman', serif;\"><span style=\"font-size: medium;\">il costante calo di immatricolazioni universitarie,<\/span><\/span><\/li>\n<li><span style=\"font-family: 'Times New Roman', serif;\"><span style=\"font-size: medium;\">e infine l\u2019assenza di un reddito di disoccupazione che mediamente in Europa \u00e8 quanto da noi uno stipendio normale. <\/span><\/span><\/li>\n<\/ul>\n<p><span style=\"font-family: 'Times New Roman', serif;\"><span style=\"font-size: medium;\">(No, l\u2019inesistente emergenza immigrati non \u00e8 un problema, ma solo uno specchietto per le allodole o tutt\u2019al pi\u00f9 un\u2019arma di distrazione di massa).<\/span><\/span><\/p>\n<p><span style=\"font-family: 'Times New Roman', serif;\"><span style=\"font-size: medium;\">A tutto questo poi c\u2019\u00e8 da aggiungere il ritardo nei diritti civili solo parzialmente colmato grazie alle due leggi sulle unioni civili e sul biotestamento, la percentuale di analfabeti funzionali pi\u00f9 alta del mondo, la mancanza di una cultura scientifica nel paese ma soprattutto nei suoi maggiori mass media, sempre pronti a creare nuovi casi Stamina o altri \u201cmiracoli\u201d vari. <\/span><\/span><\/p>\n<p><span style=\"font-family: 'Times New Roman', serif;\"><span style=\"font-size: medium;\">Piergiorgio Odifreddi nel suo blog prevedeva la formazione di un governo Lega &#8211; 5 stelle dopo le elezioni; la cosa per quanto suggestiva non sembra avere i numeri per essere possibile. Quindi a nostro avviso la strada pi\u00f9 probabile sar\u00e0 l\u2019ennesimo governo tecnico Pd -Cdx che consentir\u00e0 ai cinque stelle di crescere ancora. E quindi la definitiva scomparsa del Pd (e sarebbe anche l\u2019ora, diciamo la verit\u00e0). <\/span><\/span><\/p>\n<p><span style=\"font-family: 'Times New Roman', serif;\"><span style=\"font-size: medium;\">Nei prossimi giorni la fomentazione della xenofobia nei confronti dell\u2019immigrato sar\u00e0 presumibilmente messa in cantina e improvvisamente sar\u00e0 chiaro a tutti che senza immigrati non esisterebbero pi\u00f9 l\u2019agricoltura e gli allevamenti italiani e che i nostri parenti malati ce li dovremmo guardare da soli. <\/span><\/span><\/p>\n<p><span style=\"font-family: 'Times New Roman', serif;\"><span style=\"font-size: medium;\">Si qualcuno sar\u00e0 respinto perch\u00e9 l\u2019elettore medio Salvini deve essere accontentato ma i tarallucci e vino sono dietro l\u2019angolo anche per lui\u2026 e del resto non si pu\u00f2 pensare di governare il paese se l\u2019odio esplode per strada come a Macerata o a Firenze. <\/span><\/span><\/p>\n<p><span style=\"font-family: 'Times New Roman', serif;\"><span style=\"font-size: medium;\">Potrebbe anche accadere che il 5 stelle diventer\u00e0 di improvviso maturo e prover\u00e0 a convincere una delle due forze in parlamento a governare insieme, che questo sia un bene o un male, per il movimento o per il paese, in qualunque accezione possiamo considerare la cosa, \u00e8 tutto da vedere.<\/span><\/span><\/p>\n<p><span style=\"font-family: 'Times New Roman', serif;\"><span style=\"font-size: medium;\">Ad ogni modo un\u2019altra forza nel paese \u00e8 in continua crescita, l\u2019astensionismo. Fra non votanti e schede bianche\/nulle si \u00e8 ormai raggiunta la cifra di 13,5 milioni di italiani. Questo nonostante gli appelli disperati e vicini al patetico di personaggi come la Gabanelli che ha implorato i suoi ascoltatori di fare quanto meno scheda bianca.<\/span><\/span><\/p>\n<p><span style=\"font-family: 'Times New Roman', serif;\"><span style=\"font-size: medium;\">Come sempre quando non c\u2019\u00e8 un referendum, per cui improvvisamente l\u2019astensione diventa un diritto intoccabile per far fallire questo grazie al quorum, tutti si ricordano della favoletta sul diritto-dovere del bravo cittadino dando per scontato che non recarsi alle urne sia sintomo di disinteresse e qualunquismo. <\/span><\/span><\/p>\n<p><a name=\"_GoBack\"><\/a><span style=\"font-family: 'Times New Roman', serif;\"><span style=\"font-size: medium;\">Falso, ovviamente. Come tante delle balle raccontate in questo periodo elettorale.<\/span><\/span><\/p>\n<p><span style=\"font-family: 'Times New Roman', serif;\"><span style=\"font-size: medium;\">La verit\u00e0 \u00e8 che una larga parte del paese non \u00e8 rappresentata dalle attuali forze politiche grazie a leggi elettorali incostituzionali che ci impediscono di scegliere le persone da mandare in parlamento. <\/span><\/span><\/p>\n<p><span style=\"font-family: 'Times New Roman', serif;\"><span style=\"font-size: medium;\">Chi ci governa sa bene che questo apre la strada a scenari inquietanti che non \u00e8 detto che siano riconducibili a meccanismi democratici. Ma del resto, chi pu\u00f2 essere sicuro che la cosa non sia voluta? <\/span><\/span><\/p>\n<p><span style=\"font-family: 'Times New Roman', serif;\"><span style=\"font-size: medium;\"><b>Alessandro Chiometti<\/b><\/span><\/span><\/p>\n","protected":false},"excerpt":{"rendered":"<p>Il responso elettorale uscito dalla urne la scorsa domenica \u00e8 molto chiaro, e stavolta di sicuro non \u201channo vinto tutti\u201d come triste consuetudine italica. Hanno vinto la Lega di Salvini e il Movimento 5 stelle. Hanno perso i moderati del Pd da una parte e quelli di Forza Italia dall\u2019altra. La sinistra radicale ha dimostrato [&hellip;]<\/p>\n","protected":false},"author":7,"featured_media":0,"comment_status":"closed","ping_status":"closed","sticky":false,"template":"","format":"standard","meta":{"footnotes":""},"categories":[238,232],"tags":[79,1790,1791,51],"class_list":["post-14768","post","type-post","status-publish","format-standard","hentry","category-articoli","category-riflessioni-2","tag-alessandro-chiometti","tag-elezioni-2018","tag-moderati","tag-politica"],"yoast_head":"<!-- This site is optimized with the Yoast SEO plugin v27.1.1 - https:\/\/yoast.com\/product\/yoast-seo-wordpress\/ -->\n<title>4 marzo 2018, la fine dei moderati - Associazione Culturale Civilt\u00e0 Laica<\/title>\n<meta name=\"description\" content=\"movimento 5 stelle, lega e astensionismo i vincitori della consultazione politica. Sinistra non pervenuta, disastrosi pd e forza italia.\" \/>\n<meta name=\"robots\" content=\"index, follow, max-snippet:-1, max-image-preview:large, max-video-preview:-1\" \/>\n<link rel=\"canonical\" href=\"https:\/\/www.civiltalaica.it\/cms\/4-marzo-2018-la-fine-dei-moderati\/\" \/>\n<meta property=\"og:locale\" content=\"it_IT\" \/>\n<meta property=\"og:type\" content=\"article\" \/>\n<meta property=\"og:title\" content=\"4 marzo 2018, la fine dei moderati - Associazione Culturale Civilt\u00e0 Laica\" \/>\n<meta property=\"og:description\" content=\"movimento 5 stelle, lega e astensionismo i vincitori della consultazione politica. Sinistra non pervenuta, disastrosi pd e forza italia.\" \/>\n<meta property=\"og:url\" content=\"https:\/\/www.civiltalaica.it\/cms\/4-marzo-2018-la-fine-dei-moderati\/\" \/>\n<meta property=\"og:site_name\" content=\"Associazione Culturale Civilt\u00e0 Laica\" \/>\n<meta property=\"article:publisher\" content=\"https:\/\/www.facebook.com\/civiltalaica\" \/>\n<meta property=\"article:published_time\" content=\"2018-03-06T19:27:13+00:00\" \/>\n<meta property=\"article:modified_time\" content=\"2018-03-06T19:53:44+00:00\" \/>\n<meta property=\"og:image\" content=\"http:\/\/www.civiltalaica.it\/cms\/wp-content\/uploads\/2018\/03\/P1030454-1024x768.jpg\" \/>\n<meta name=\"author\" content=\"alexjc\" \/>\n<meta name=\"twitter:card\" content=\"summary_large_image\" \/>\n<meta name=\"twitter:label1\" content=\"Scritto da\" \/>\n\t<meta name=\"twitter:data1\" content=\"alexjc\" \/>\n\t<meta name=\"twitter:label2\" content=\"Tempo di lettura stimato\" \/>\n\t<meta name=\"twitter:data2\" content=\"6 minuti\" \/>\n<script type=\"application\/ld+json\" class=\"yoast-schema-graph\">{\"@context\":\"https:\/\/schema.org\",\"@graph\":[{\"@type\":\"Article\",\"@id\":\"https:\/\/www.civiltalaica.it\/cms\/4-marzo-2018-la-fine-dei-moderati\/#article\",\"isPartOf\":{\"@id\":\"https:\/\/www.civiltalaica.it\/cms\/4-marzo-2018-la-fine-dei-moderati\/\"},\"author\":{\"name\":\"alexjc\",\"@id\":\"https:\/\/www.civiltalaica.it\/cms\/#\/schema\/person\/4efef56f866329a1e0943eb27336df1d\"},\"headline\":\"4 marzo 2018, la fine dei moderati\",\"datePublished\":\"2018-03-06T19:27:13+00:00\",\"dateModified\":\"2018-03-06T19:53:44+00:00\",\"mainEntityOfPage\":{\"@id\":\"https:\/\/www.civiltalaica.it\/cms\/4-marzo-2018-la-fine-dei-moderati\/\"},\"wordCount\":1190,\"image\":{\"@id\":\"https:\/\/www.civiltalaica.it\/cms\/4-marzo-2018-la-fine-dei-moderati\/#primaryimage\"},\"thumbnailUrl\":\"http:\/\/www.civiltalaica.it\/cms\/wp-content\/uploads\/2018\/03\/P1030454-1024x768.jpg\",\"keywords\":[\"alessandro chiometti\",\"elezioni 2018\",\"moderati\",\"Politica\"],\"articleSection\":[\"articoli\",\"riflessioni\"],\"inLanguage\":\"it-IT\"},{\"@type\":\"WebPage\",\"@id\":\"https:\/\/www.civiltalaica.it\/cms\/4-marzo-2018-la-fine-dei-moderati\/\",\"url\":\"https:\/\/www.civiltalaica.it\/cms\/4-marzo-2018-la-fine-dei-moderati\/\",\"name\":\"4 marzo 2018, la fine dei moderati - Associazione Culturale Civilt\u00e0 Laica\",\"isPartOf\":{\"@id\":\"https:\/\/www.civiltalaica.it\/cms\/#website\"},\"primaryImageOfPage\":{\"@id\":\"https:\/\/www.civiltalaica.it\/cms\/4-marzo-2018-la-fine-dei-moderati\/#primaryimage\"},\"image\":{\"@id\":\"https:\/\/www.civiltalaica.it\/cms\/4-marzo-2018-la-fine-dei-moderati\/#primaryimage\"},\"thumbnailUrl\":\"http:\/\/www.civiltalaica.it\/cms\/wp-content\/uploads\/2018\/03\/P1030454-1024x768.jpg\",\"datePublished\":\"2018-03-06T19:27:13+00:00\",\"dateModified\":\"2018-03-06T19:53:44+00:00\",\"author\":{\"@id\":\"https:\/\/www.civiltalaica.it\/cms\/#\/schema\/person\/4efef56f866329a1e0943eb27336df1d\"},\"description\":\"movimento 5 stelle, lega e astensionismo i vincitori della consultazione politica. Sinistra non pervenuta, disastrosi pd e forza italia.\",\"breadcrumb\":{\"@id\":\"https:\/\/www.civiltalaica.it\/cms\/4-marzo-2018-la-fine-dei-moderati\/#breadcrumb\"},\"inLanguage\":\"it-IT\",\"potentialAction\":[{\"@type\":\"ReadAction\",\"target\":[\"https:\/\/www.civiltalaica.it\/cms\/4-marzo-2018-la-fine-dei-moderati\/\"]}]},{\"@type\":\"ImageObject\",\"inLanguage\":\"it-IT\",\"@id\":\"https:\/\/www.civiltalaica.it\/cms\/4-marzo-2018-la-fine-dei-moderati\/#primaryimage\",\"url\":\"http:\/\/www.civiltalaica.it\/cms\/wp-content\/uploads\/2018\/03\/P1030454-1024x768.jpg\",\"contentUrl\":\"http:\/\/www.civiltalaica.it\/cms\/wp-content\/uploads\/2018\/03\/P1030454-1024x768.jpg\"},{\"@type\":\"BreadcrumbList\",\"@id\":\"https:\/\/www.civiltalaica.it\/cms\/4-marzo-2018-la-fine-dei-moderati\/#breadcrumb\",\"itemListElement\":[{\"@type\":\"ListItem\",\"position\":1,\"name\":\"Home\",\"item\":\"https:\/\/www.civiltalaica.it\/cms\/\"},{\"@type\":\"ListItem\",\"position\":2,\"name\":\"4 marzo 2018, la fine dei moderati\"}]},{\"@type\":\"WebSite\",\"@id\":\"https:\/\/www.civiltalaica.it\/cms\/#website\",\"url\":\"https:\/\/www.civiltalaica.it\/cms\/\",\"name\":\"Associazione Culturale Civilt\u00e0 Laica\",\"description\":\"Per un movimento culturale volto a difendere la Laicit\u00e0 dello Stato.\",\"potentialAction\":[{\"@type\":\"SearchAction\",\"target\":{\"@type\":\"EntryPoint\",\"urlTemplate\":\"https:\/\/www.civiltalaica.it\/cms\/?s={search_term_string}\"},\"query-input\":{\"@type\":\"PropertyValueSpecification\",\"valueRequired\":true,\"valueName\":\"search_term_string\"}}],\"inLanguage\":\"it-IT\"},{\"@type\":\"Person\",\"@id\":\"https:\/\/www.civiltalaica.it\/cms\/#\/schema\/person\/4efef56f866329a1e0943eb27336df1d\",\"name\":\"alexjc\",\"url\":\"https:\/\/www.civiltalaica.it\/cms\/author\/alexjc\/\"}]}<\/script>\n<!-- \/ Yoast SEO plugin. -->","yoast_head_json":{"title":"4 marzo 2018, la fine dei moderati - Associazione Culturale Civilt\u00e0 Laica","description":"movimento 5 stelle, lega e astensionismo i vincitori della consultazione politica. Sinistra non pervenuta, disastrosi pd e forza italia.","robots":{"index":"index","follow":"follow","max-snippet":"max-snippet:-1","max-image-preview":"max-image-preview:large","max-video-preview":"max-video-preview:-1"},"canonical":"https:\/\/www.civiltalaica.it\/cms\/4-marzo-2018-la-fine-dei-moderati\/","og_locale":"it_IT","og_type":"article","og_title":"4 marzo 2018, la fine dei moderati - Associazione Culturale Civilt\u00e0 Laica","og_description":"movimento 5 stelle, lega e astensionismo i vincitori della consultazione politica. Sinistra non pervenuta, disastrosi pd e forza italia.","og_url":"https:\/\/www.civiltalaica.it\/cms\/4-marzo-2018-la-fine-dei-moderati\/","og_site_name":"Associazione Culturale Civilt\u00e0 Laica","article_publisher":"https:\/\/www.facebook.com\/civiltalaica","article_published_time":"2018-03-06T19:27:13+00:00","article_modified_time":"2018-03-06T19:53:44+00:00","og_image":[{"url":"http:\/\/www.civiltalaica.it\/cms\/wp-content\/uploads\/2018\/03\/P1030454-1024x768.jpg","type":"","width":"","height":""}],"author":"alexjc","twitter_card":"summary_large_image","twitter_misc":{"Scritto da":"alexjc","Tempo di lettura stimato":"6 minuti"},"schema":{"@context":"https:\/\/schema.org","@graph":[{"@type":"Article","@id":"https:\/\/www.civiltalaica.it\/cms\/4-marzo-2018-la-fine-dei-moderati\/#article","isPartOf":{"@id":"https:\/\/www.civiltalaica.it\/cms\/4-marzo-2018-la-fine-dei-moderati\/"},"author":{"name":"alexjc","@id":"https:\/\/www.civiltalaica.it\/cms\/#\/schema\/person\/4efef56f866329a1e0943eb27336df1d"},"headline":"4 marzo 2018, la fine dei moderati","datePublished":"2018-03-06T19:27:13+00:00","dateModified":"2018-03-06T19:53:44+00:00","mainEntityOfPage":{"@id":"https:\/\/www.civiltalaica.it\/cms\/4-marzo-2018-la-fine-dei-moderati\/"},"wordCount":1190,"image":{"@id":"https:\/\/www.civiltalaica.it\/cms\/4-marzo-2018-la-fine-dei-moderati\/#primaryimage"},"thumbnailUrl":"http:\/\/www.civiltalaica.it\/cms\/wp-content\/uploads\/2018\/03\/P1030454-1024x768.jpg","keywords":["alessandro chiometti","elezioni 2018","moderati","Politica"],"articleSection":["articoli","riflessioni"],"inLanguage":"it-IT"},{"@type":"WebPage","@id":"https:\/\/www.civiltalaica.it\/cms\/4-marzo-2018-la-fine-dei-moderati\/","url":"https:\/\/www.civiltalaica.it\/cms\/4-marzo-2018-la-fine-dei-moderati\/","name":"4 marzo 2018, la fine dei moderati - Associazione Culturale Civilt\u00e0 Laica","isPartOf":{"@id":"https:\/\/www.civiltalaica.it\/cms\/#website"},"primaryImageOfPage":{"@id":"https:\/\/www.civiltalaica.it\/cms\/4-marzo-2018-la-fine-dei-moderati\/#primaryimage"},"image":{"@id":"https:\/\/www.civiltalaica.it\/cms\/4-marzo-2018-la-fine-dei-moderati\/#primaryimage"},"thumbnailUrl":"http:\/\/www.civiltalaica.it\/cms\/wp-content\/uploads\/2018\/03\/P1030454-1024x768.jpg","datePublished":"2018-03-06T19:27:13+00:00","dateModified":"2018-03-06T19:53:44+00:00","author":{"@id":"https:\/\/www.civiltalaica.it\/cms\/#\/schema\/person\/4efef56f866329a1e0943eb27336df1d"},"description":"movimento 5 stelle, lega e astensionismo i vincitori della consultazione politica. Sinistra non pervenuta, disastrosi pd e forza italia.","breadcrumb":{"@id":"https:\/\/www.civiltalaica.it\/cms\/4-marzo-2018-la-fine-dei-moderati\/#breadcrumb"},"inLanguage":"it-IT","potentialAction":[{"@type":"ReadAction","target":["https:\/\/www.civiltalaica.it\/cms\/4-marzo-2018-la-fine-dei-moderati\/"]}]},{"@type":"ImageObject","inLanguage":"it-IT","@id":"https:\/\/www.civiltalaica.it\/cms\/4-marzo-2018-la-fine-dei-moderati\/#primaryimage","url":"http:\/\/www.civiltalaica.it\/cms\/wp-content\/uploads\/2018\/03\/P1030454-1024x768.jpg","contentUrl":"http:\/\/www.civiltalaica.it\/cms\/wp-content\/uploads\/2018\/03\/P1030454-1024x768.jpg"},{"@type":"BreadcrumbList","@id":"https:\/\/www.civiltalaica.it\/cms\/4-marzo-2018-la-fine-dei-moderati\/#breadcrumb","itemListElement":[{"@type":"ListItem","position":1,"name":"Home","item":"https:\/\/www.civiltalaica.it\/cms\/"},{"@type":"ListItem","position":2,"name":"4 marzo 2018, la fine dei moderati"}]},{"@type":"WebSite","@id":"https:\/\/www.civiltalaica.it\/cms\/#website","url":"https:\/\/www.civiltalaica.it\/cms\/","name":"Associazione Culturale Civilt\u00e0 Laica","description":"Per un movimento culturale volto a difendere la Laicit\u00e0 dello Stato.","potentialAction":[{"@type":"SearchAction","target":{"@type":"EntryPoint","urlTemplate":"https:\/\/www.civiltalaica.it\/cms\/?s={search_term_string}"},"query-input":{"@type":"PropertyValueSpecification","valueRequired":true,"valueName":"search_term_string"}}],"inLanguage":"it-IT"},{"@type":"Person","@id":"https:\/\/www.civiltalaica.it\/cms\/#\/schema\/person\/4efef56f866329a1e0943eb27336df1d","name":"alexjc","url":"https:\/\/www.civiltalaica.it\/cms\/author\/alexjc\/"}]}},"_links":{"self":[{"href":"https:\/\/www.civiltalaica.it\/cms\/wp-json\/wp\/v2\/posts\/14768","targetHints":{"allow":["GET"]}}],"collection":[{"href":"https:\/\/www.civiltalaica.it\/cms\/wp-json\/wp\/v2\/posts"}],"about":[{"href":"https:\/\/www.civiltalaica.it\/cms\/wp-json\/wp\/v2\/types\/post"}],"author":[{"embeddable":true,"href":"https:\/\/www.civiltalaica.it\/cms\/wp-json\/wp\/v2\/users\/7"}],"replies":[{"embeddable":true,"href":"https:\/\/www.civiltalaica.it\/cms\/wp-json\/wp\/v2\/comments?post=14768"}],"version-history":[{"count":3,"href":"https:\/\/www.civiltalaica.it\/cms\/wp-json\/wp\/v2\/posts\/14768\/revisions"}],"predecessor-version":[{"id":14772,"href":"https:\/\/www.civiltalaica.it\/cms\/wp-json\/wp\/v2\/posts\/14768\/revisions\/14772"}],"wp:attachment":[{"href":"https:\/\/www.civiltalaica.it\/cms\/wp-json\/wp\/v2\/media?parent=14768"}],"wp:term":[{"taxonomy":"category","embeddable":true,"href":"https:\/\/www.civiltalaica.it\/cms\/wp-json\/wp\/v2\/categories?post=14768"},{"taxonomy":"post_tag","embeddable":true,"href":"https:\/\/www.civiltalaica.it\/cms\/wp-json\/wp\/v2\/tags?post=14768"}],"curies":[{"name":"wp","href":"https:\/\/api.w.org\/{rel}","templated":true}]}}