{"id":14600,"date":"2018-02-13T06:06:51","date_gmt":"2018-02-13T06:06:51","guid":{"rendered":"http:\/\/www.civiltalaica.it\/cms\/?p=14600"},"modified":"2018-02-13T06:06:51","modified_gmt":"2018-02-13T06:06:51","slug":"evolution-day-2018-2","status":"publish","type":"post","link":"https:\/\/www.civiltalaica.it\/cms\/evolution-day-2018-2\/","title":{"rendered":"Evolution Day 2018"},"content":{"rendered":"<p>&nbsp;<\/p>\n<p><a href=\"http:\/\/www.civiltalaica.it\/cms\/index.php\/evolution-day-2018-2.html\/p1030566\" rel=\"attachment wp-att-14601\"><img loading=\"lazy\" decoding=\"async\" class=\"alignleft  wp-image-14601\" src=\"http:\/\/www.civiltalaica.it\/cms\/wp-content\/uploads\/2018\/02\/P1030566-1024x768.jpg\" alt=\"\" width=\"589\" height=\"442\" srcset=\"https:\/\/www.civiltalaica.it\/cms\/wp-content\/uploads\/2018\/02\/P1030566-1024x768.jpg 1024w, https:\/\/www.civiltalaica.it\/cms\/wp-content\/uploads\/2018\/02\/P1030566-300x225.jpg 300w, https:\/\/www.civiltalaica.it\/cms\/wp-content\/uploads\/2018\/02\/P1030566-768x576.jpg 768w, https:\/\/www.civiltalaica.it\/cms\/wp-content\/uploads\/2018\/02\/P1030566-213x160.jpg 213w\" sizes=\"auto, (max-width: 589px) 100vw, 589px\" \/><\/a><\/p>\n<p>&nbsp;<\/p>\n<p>Tutto \u00e8 iniziato 14 anni fa con i Darwin Day \u201cper controbattere, come spiega\u00a0 Alessandro Chiometti\u00a0presidente dell\u2019Associazione Culturale Civilt\u00e0 Laica, agli attacchi ideologici e pretestuosi delle forze reazionarie, religiose e non, che vedevano in questa teoria un grave pericolo per lo status quo. Una rivoluzione scientifica comporta quasi sempre una rivoluzione di pensiero e si sa, i reazionari hanno sempre paura dei cambiamenti\u201d. Poi quattro anni fa l\u2019associazione ha scelto di cambiare nome a questo appuntamento annuale ed \u00e8 arrivato Evolution Day. \u201cOra noi preferiamo fare solo una piccola introduzione alle attivit\u00e0 \u201cantidarwiniste\u201d e \u201cantiscientifiche\u201d dell\u2019ultimo anno, sottolinea Chiometti, per poi aggiornare la nostra platea di ascoltatori, sempre pi\u00f9 numerosi negli ultimi anni, sui progressi della biologia e della scienza in generale. Questo non vuol dire dimenticare Charles Darwin, vuol dire onorarlo nella maniera in cui riteniamo che lui avrebbe preferito\u201d.<\/p>\n<p>La meritoria opera dell\u2019Associazione Culturale Civilt\u00e0 Laica intende, quindi, far capire la scienza, fare incontri per comunicare i suoi avanzamenti, interagire per aggiungere nuovo sapere. E veniamo a quest\u2019anno. L\u2019incontro si \u00e8 tenuto presso la Biblioteca di Arpa Umbria a Terni. Protagonista \u00e8 stato Guido Barbujani genetista e divulgatore dell\u2019universit\u00e0 di Ferrara che ha affrontato il tema \u201cCosa abbiamo scritto nel DNA\u201d, ovvero cosa \u00e8 \u201cgeneticamente predestinato\u201d e cosa no, se la nostra intelligenza le nostre attitudini comportamentali\u00a0 e le nostre caratteristiche fisiche sono \u201cgi\u00e0 scritte\u201d oppure no.<\/p>\n<p>\u201cNel nostro DNA ci sono le istruzioni di come siamo fatti, come funzioniamo &#8211; spiega Barbujani &#8211; ma trovare le risposte a domande tipo perch\u00e9 una persona \u00e8 pi\u00f9 intelligente di un\u2019altra o perch\u00e9 ci sono certi comportamenti che giudichiamo devianti socialmente ed altri no, ecco trovare le basi di certe cose nel DNA \u00e8 al momento impossibile. Sar\u00e0 sempre difficile perch\u00e9 il DNA \u00e8 un testo semplice che si esprime in un mondo molto complesso in cui ci sono tantissimi fattori diversi che interagiscono con i nostri geni. In questo testo possiamo trovare tante tappe della storia umana, da quando eravamo tutti in Africa, le varie uscite, le varie forme umane fuori dall\u2019Africa \u00e8 alla fine quando l\u2019uomo sapiens si \u00e8 sparso molto rapidamente occupando tutti i continenti portando anche al l\u2019estinzione di altre forme umane che c\u2019erano prima. Nel DNA possiamo vedere se ci sono fattori di rischio ma non possiamo predire se ci verr\u00e0 o meno una certa malattia. Leggendo tutto il DNA non possiamo neanche sapere quanto \u00e8 alta una persona. Siamo alle prese con problemi molto complessi &#8211; conclude Barbujani &#8211; e secondo me non \u00e8 giusto pretendere ora dalla genetica che ci dia delle risposte che non \u00e8 in grado di darci\u201d.<\/p>\n<p><strong>Claudia Sensi<\/strong> &#8211; <a href=\"http:\/\/www.terninrete.it\/Notizie-di-Terni\/il-genetista-barbujani-allevolution-day-2018-450973\">Terni in Rete<br \/>\n<\/a><\/p>\n<p>Sul sito <a href=\"http:\/\/www.terninrete.it\/Notizie-di-Terni\/il-genetista-barbujani-allevolution-day-2018-450973\">Terni in Rete<\/a> c&#8217;\u00e8 il video dell&#8217;intervista al Prof. Barbujani<\/p>\n","protected":false},"excerpt":{"rendered":"<p>&nbsp; &nbsp; Tutto \u00e8 iniziato 14 anni fa con i Darwin Day \u201cper controbattere, come spiega\u00a0 Alessandro Chiometti\u00a0presidente dell\u2019Associazione Culturale Civilt\u00e0 Laica, agli attacchi ideologici e pretestuosi delle forze reazionarie, religiose e non, che vedevano in questa teoria un grave pericolo per lo status quo. Una rivoluzione scientifica comporta quasi sempre una rivoluzione di pensiero [&hellip;]<\/p>\n","protected":false},"author":7,"featured_media":0,"comment_status":"closed","ping_status":"closed","sticky":false,"template":"","format":"standard","meta":{"footnotes":""},"categories":[238,235],"tags":[],"class_list":["post-14600","post","type-post","status-publish","format-standard","hentry","category-articoli","category-andata"],"yoast_head":"<!-- This site is optimized with the Yoast SEO plugin v27.1.1 - https:\/\/yoast.com\/product\/yoast-seo-wordpress\/ -->\n<title>Evolution Day 2018 - Associazione Culturale Civilt\u00e0 Laica<\/title>\n<meta name=\"robots\" content=\"index, follow, max-snippet:-1, max-image-preview:large, max-video-preview:-1\" \/>\n<link rel=\"canonical\" href=\"https:\/\/www.civiltalaica.it\/cms\/evolution-day-2018-2\/\" \/>\n<meta property=\"og:locale\" content=\"it_IT\" \/>\n<meta property=\"og:type\" content=\"article\" \/>\n<meta property=\"og:title\" content=\"Evolution Day 2018 - Associazione Culturale Civilt\u00e0 Laica\" \/>\n<meta property=\"og:description\" content=\"&nbsp; &nbsp; Tutto \u00e8 iniziato 14 anni fa con i Darwin Day \u201cper controbattere, come spiega\u00a0 Alessandro Chiometti\u00a0presidente dell\u2019Associazione Culturale Civilt\u00e0 Laica, agli attacchi ideologici e pretestuosi delle forze reazionarie, religiose e non, che vedevano in questa teoria un grave pericolo per lo status quo. Una rivoluzione scientifica comporta quasi sempre una rivoluzione di pensiero [&hellip;]\" \/>\n<meta property=\"og:url\" content=\"https:\/\/www.civiltalaica.it\/cms\/evolution-day-2018-2\/\" \/>\n<meta property=\"og:site_name\" content=\"Associazione Culturale Civilt\u00e0 Laica\" \/>\n<meta property=\"article:publisher\" content=\"https:\/\/www.facebook.com\/civiltalaica\" \/>\n<meta property=\"article:published_time\" content=\"2018-02-13T06:06:51+00:00\" \/>\n<meta property=\"og:image\" content=\"http:\/\/www.civiltalaica.it\/cms\/wp-content\/uploads\/2018\/02\/P1030566-1024x768.jpg\" \/>\n<meta name=\"author\" content=\"alexjc\" \/>\n<meta name=\"twitter:card\" content=\"summary_large_image\" \/>\n<meta name=\"twitter:label1\" content=\"Scritto da\" \/>\n\t<meta name=\"twitter:data1\" content=\"alexjc\" \/>\n\t<meta name=\"twitter:label2\" content=\"Tempo di lettura stimato\" \/>\n\t<meta name=\"twitter:data2\" content=\"2 minuti\" \/>\n<script type=\"application\/ld+json\" class=\"yoast-schema-graph\">{\"@context\":\"https:\/\/schema.org\",\"@graph\":[{\"@type\":\"Article\",\"@id\":\"https:\/\/www.civiltalaica.it\/cms\/evolution-day-2018-2\/#article\",\"isPartOf\":{\"@id\":\"https:\/\/www.civiltalaica.it\/cms\/evolution-day-2018-2\/\"},\"author\":{\"name\":\"alexjc\",\"@id\":\"https:\/\/www.civiltalaica.it\/cms\/#\/schema\/person\/4efef56f866329a1e0943eb27336df1d\"},\"headline\":\"Evolution Day 2018\",\"datePublished\":\"2018-02-13T06:06:51+00:00\",\"mainEntityOfPage\":{\"@id\":\"https:\/\/www.civiltalaica.it\/cms\/evolution-day-2018-2\/\"},\"wordCount\":458,\"image\":{\"@id\":\"https:\/\/www.civiltalaica.it\/cms\/evolution-day-2018-2\/#primaryimage\"},\"thumbnailUrl\":\"http:\/\/www.civiltalaica.it\/cms\/wp-content\/uploads\/2018\/02\/P1030566-1024x768.jpg\",\"articleSection\":[\"articoli\",\"come \u00e8 andata?\"],\"inLanguage\":\"it-IT\"},{\"@type\":\"WebPage\",\"@id\":\"https:\/\/www.civiltalaica.it\/cms\/evolution-day-2018-2\/\",\"url\":\"https:\/\/www.civiltalaica.it\/cms\/evolution-day-2018-2\/\",\"name\":\"Evolution Day 2018 - Associazione Culturale Civilt\u00e0 Laica\",\"isPartOf\":{\"@id\":\"https:\/\/www.civiltalaica.it\/cms\/#website\"},\"primaryImageOfPage\":{\"@id\":\"https:\/\/www.civiltalaica.it\/cms\/evolution-day-2018-2\/#primaryimage\"},\"image\":{\"@id\":\"https:\/\/www.civiltalaica.it\/cms\/evolution-day-2018-2\/#primaryimage\"},\"thumbnailUrl\":\"http:\/\/www.civiltalaica.it\/cms\/wp-content\/uploads\/2018\/02\/P1030566-1024x768.jpg\",\"datePublished\":\"2018-02-13T06:06:51+00:00\",\"author\":{\"@id\":\"https:\/\/www.civiltalaica.it\/cms\/#\/schema\/person\/4efef56f866329a1e0943eb27336df1d\"},\"breadcrumb\":{\"@id\":\"https:\/\/www.civiltalaica.it\/cms\/evolution-day-2018-2\/#breadcrumb\"},\"inLanguage\":\"it-IT\",\"potentialAction\":[{\"@type\":\"ReadAction\",\"target\":[\"https:\/\/www.civiltalaica.it\/cms\/evolution-day-2018-2\/\"]}]},{\"@type\":\"ImageObject\",\"inLanguage\":\"it-IT\",\"@id\":\"https:\/\/www.civiltalaica.it\/cms\/evolution-day-2018-2\/#primaryimage\",\"url\":\"http:\/\/www.civiltalaica.it\/cms\/wp-content\/uploads\/2018\/02\/P1030566-1024x768.jpg\",\"contentUrl\":\"http:\/\/www.civiltalaica.it\/cms\/wp-content\/uploads\/2018\/02\/P1030566-1024x768.jpg\"},{\"@type\":\"BreadcrumbList\",\"@id\":\"https:\/\/www.civiltalaica.it\/cms\/evolution-day-2018-2\/#breadcrumb\",\"itemListElement\":[{\"@type\":\"ListItem\",\"position\":1,\"name\":\"Home\",\"item\":\"https:\/\/www.civiltalaica.it\/cms\/\"},{\"@type\":\"ListItem\",\"position\":2,\"name\":\"Evolution Day 2018\"}]},{\"@type\":\"WebSite\",\"@id\":\"https:\/\/www.civiltalaica.it\/cms\/#website\",\"url\":\"https:\/\/www.civiltalaica.it\/cms\/\",\"name\":\"Associazione Culturale Civilt\u00e0 Laica\",\"description\":\"Per un movimento culturale volto a difendere la Laicit\u00e0 dello Stato.\",\"potentialAction\":[{\"@type\":\"SearchAction\",\"target\":{\"@type\":\"EntryPoint\",\"urlTemplate\":\"https:\/\/www.civiltalaica.it\/cms\/?s={search_term_string}\"},\"query-input\":{\"@type\":\"PropertyValueSpecification\",\"valueRequired\":true,\"valueName\":\"search_term_string\"}}],\"inLanguage\":\"it-IT\"},{\"@type\":\"Person\",\"@id\":\"https:\/\/www.civiltalaica.it\/cms\/#\/schema\/person\/4efef56f866329a1e0943eb27336df1d\",\"name\":\"alexjc\",\"url\":\"https:\/\/www.civiltalaica.it\/cms\/author\/alexjc\/\"}]}<\/script>\n<!-- \/ Yoast SEO plugin. -->","yoast_head_json":{"title":"Evolution Day 2018 - Associazione Culturale Civilt\u00e0 Laica","robots":{"index":"index","follow":"follow","max-snippet":"max-snippet:-1","max-image-preview":"max-image-preview:large","max-video-preview":"max-video-preview:-1"},"canonical":"https:\/\/www.civiltalaica.it\/cms\/evolution-day-2018-2\/","og_locale":"it_IT","og_type":"article","og_title":"Evolution Day 2018 - Associazione Culturale Civilt\u00e0 Laica","og_description":"&nbsp; &nbsp; Tutto \u00e8 iniziato 14 anni fa con i Darwin Day \u201cper controbattere, come spiega\u00a0 Alessandro Chiometti\u00a0presidente dell\u2019Associazione Culturale Civilt\u00e0 Laica, agli attacchi ideologici e pretestuosi delle forze reazionarie, religiose e non, che vedevano in questa teoria un grave pericolo per lo status quo. Una rivoluzione scientifica comporta quasi sempre una rivoluzione di pensiero [&hellip;]","og_url":"https:\/\/www.civiltalaica.it\/cms\/evolution-day-2018-2\/","og_site_name":"Associazione Culturale Civilt\u00e0 Laica","article_publisher":"https:\/\/www.facebook.com\/civiltalaica","article_published_time":"2018-02-13T06:06:51+00:00","og_image":[{"url":"http:\/\/www.civiltalaica.it\/cms\/wp-content\/uploads\/2018\/02\/P1030566-1024x768.jpg","type":"","width":"","height":""}],"author":"alexjc","twitter_card":"summary_large_image","twitter_misc":{"Scritto da":"alexjc","Tempo di lettura stimato":"2 minuti"},"schema":{"@context":"https:\/\/schema.org","@graph":[{"@type":"Article","@id":"https:\/\/www.civiltalaica.it\/cms\/evolution-day-2018-2\/#article","isPartOf":{"@id":"https:\/\/www.civiltalaica.it\/cms\/evolution-day-2018-2\/"},"author":{"name":"alexjc","@id":"https:\/\/www.civiltalaica.it\/cms\/#\/schema\/person\/4efef56f866329a1e0943eb27336df1d"},"headline":"Evolution Day 2018","datePublished":"2018-02-13T06:06:51+00:00","mainEntityOfPage":{"@id":"https:\/\/www.civiltalaica.it\/cms\/evolution-day-2018-2\/"},"wordCount":458,"image":{"@id":"https:\/\/www.civiltalaica.it\/cms\/evolution-day-2018-2\/#primaryimage"},"thumbnailUrl":"http:\/\/www.civiltalaica.it\/cms\/wp-content\/uploads\/2018\/02\/P1030566-1024x768.jpg","articleSection":["articoli","come \u00e8 andata?"],"inLanguage":"it-IT"},{"@type":"WebPage","@id":"https:\/\/www.civiltalaica.it\/cms\/evolution-day-2018-2\/","url":"https:\/\/www.civiltalaica.it\/cms\/evolution-day-2018-2\/","name":"Evolution Day 2018 - Associazione Culturale Civilt\u00e0 Laica","isPartOf":{"@id":"https:\/\/www.civiltalaica.it\/cms\/#website"},"primaryImageOfPage":{"@id":"https:\/\/www.civiltalaica.it\/cms\/evolution-day-2018-2\/#primaryimage"},"image":{"@id":"https:\/\/www.civiltalaica.it\/cms\/evolution-day-2018-2\/#primaryimage"},"thumbnailUrl":"http:\/\/www.civiltalaica.it\/cms\/wp-content\/uploads\/2018\/02\/P1030566-1024x768.jpg","datePublished":"2018-02-13T06:06:51+00:00","author":{"@id":"https:\/\/www.civiltalaica.it\/cms\/#\/schema\/person\/4efef56f866329a1e0943eb27336df1d"},"breadcrumb":{"@id":"https:\/\/www.civiltalaica.it\/cms\/evolution-day-2018-2\/#breadcrumb"},"inLanguage":"it-IT","potentialAction":[{"@type":"ReadAction","target":["https:\/\/www.civiltalaica.it\/cms\/evolution-day-2018-2\/"]}]},{"@type":"ImageObject","inLanguage":"it-IT","@id":"https:\/\/www.civiltalaica.it\/cms\/evolution-day-2018-2\/#primaryimage","url":"http:\/\/www.civiltalaica.it\/cms\/wp-content\/uploads\/2018\/02\/P1030566-1024x768.jpg","contentUrl":"http:\/\/www.civiltalaica.it\/cms\/wp-content\/uploads\/2018\/02\/P1030566-1024x768.jpg"},{"@type":"BreadcrumbList","@id":"https:\/\/www.civiltalaica.it\/cms\/evolution-day-2018-2\/#breadcrumb","itemListElement":[{"@type":"ListItem","position":1,"name":"Home","item":"https:\/\/www.civiltalaica.it\/cms\/"},{"@type":"ListItem","position":2,"name":"Evolution Day 2018"}]},{"@type":"WebSite","@id":"https:\/\/www.civiltalaica.it\/cms\/#website","url":"https:\/\/www.civiltalaica.it\/cms\/","name":"Associazione Culturale Civilt\u00e0 Laica","description":"Per un movimento culturale volto a difendere la Laicit\u00e0 dello Stato.","potentialAction":[{"@type":"SearchAction","target":{"@type":"EntryPoint","urlTemplate":"https:\/\/www.civiltalaica.it\/cms\/?s={search_term_string}"},"query-input":{"@type":"PropertyValueSpecification","valueRequired":true,"valueName":"search_term_string"}}],"inLanguage":"it-IT"},{"@type":"Person","@id":"https:\/\/www.civiltalaica.it\/cms\/#\/schema\/person\/4efef56f866329a1e0943eb27336df1d","name":"alexjc","url":"https:\/\/www.civiltalaica.it\/cms\/author\/alexjc\/"}]}},"_links":{"self":[{"href":"https:\/\/www.civiltalaica.it\/cms\/wp-json\/wp\/v2\/posts\/14600","targetHints":{"allow":["GET"]}}],"collection":[{"href":"https:\/\/www.civiltalaica.it\/cms\/wp-json\/wp\/v2\/posts"}],"about":[{"href":"https:\/\/www.civiltalaica.it\/cms\/wp-json\/wp\/v2\/types\/post"}],"author":[{"embeddable":true,"href":"https:\/\/www.civiltalaica.it\/cms\/wp-json\/wp\/v2\/users\/7"}],"replies":[{"embeddable":true,"href":"https:\/\/www.civiltalaica.it\/cms\/wp-json\/wp\/v2\/comments?post=14600"}],"version-history":[{"count":2,"href":"https:\/\/www.civiltalaica.it\/cms\/wp-json\/wp\/v2\/posts\/14600\/revisions"}],"predecessor-version":[{"id":14603,"href":"https:\/\/www.civiltalaica.it\/cms\/wp-json\/wp\/v2\/posts\/14600\/revisions\/14603"}],"wp:attachment":[{"href":"https:\/\/www.civiltalaica.it\/cms\/wp-json\/wp\/v2\/media?parent=14600"}],"wp:term":[{"taxonomy":"category","embeddable":true,"href":"https:\/\/www.civiltalaica.it\/cms\/wp-json\/wp\/v2\/categories?post=14600"},{"taxonomy":"post_tag","embeddable":true,"href":"https:\/\/www.civiltalaica.it\/cms\/wp-json\/wp\/v2\/tags?post=14600"}],"curies":[{"name":"wp","href":"https:\/\/api.w.org\/{rel}","templated":true}]}}