{"id":14468,"date":"2017-12-07T14:33:57","date_gmt":"2017-12-07T14:33:57","guid":{"rendered":"http:\/\/www.civiltalaica.it\/cms\/?p=14468"},"modified":"2017-12-07T14:33:58","modified_gmt":"2017-12-07T14:33:58","slug":"franca-e-le-altre","status":"publish","type":"post","link":"https:\/\/www.civiltalaica.it\/cms\/franca-e-le-altre\/","title":{"rendered":"Franca e le altre"},"content":{"rendered":"<p><a href=\"http:\/\/www.civiltalaica.it\/cms\/index.php\/franca-e-le-altre.html\/attachment\/246\" rel=\"attachment wp-att-14469\"><img loading=\"lazy\" decoding=\"async\" class=\"alignleft size-large wp-image-14469\" src=\"http:\/\/www.civiltalaica.it\/cms\/wp-content\/uploads\/2017\/12\/246-1024x686.jpg\" alt=\"\" width=\"1024\" height=\"686\" srcset=\"https:\/\/www.civiltalaica.it\/cms\/wp-content\/uploads\/2017\/12\/246-1024x686.jpg 1024w, https:\/\/www.civiltalaica.it\/cms\/wp-content\/uploads\/2017\/12\/246-300x201.jpg 300w, https:\/\/www.civiltalaica.it\/cms\/wp-content\/uploads\/2017\/12\/246-768x514.jpg 768w, https:\/\/www.civiltalaica.it\/cms\/wp-content\/uploads\/2017\/12\/246-239x160.jpg 239w\" sizes=\"auto, (max-width: 1024px) 100vw, 1024px\" \/><\/a><\/p>\n<h2><a href=\"https:\/\/www.scribd.com\/document\/366035820\/Civilta-Laica-numero-27\">Il numero 27 di Civilt\u00e0 Laica <\/a><\/h2>\n<p>\u00e8 dedicato al triste fenomeno della violenza maschilista.<\/p>\n<p>Fenomeno che trova il suo apice in quell\u2019odioso apice che \u00e8 comunemente noto come femminicidio.<\/p>\n<p>Il termine, giustificato da un\u2019enorme mole di dati che rivelano come quasi sempre l\u2019autore della violenza sulle donne sia il marito\/compagno\/ex di questa e quasi mai l\u2019orco (possibilmente immigrato clandestinamente meglio se negro e magari ateo e comunista gi\u00e0 che ci siamo) \u00e8 un molestatore sconosciuto, fa storcere il naso a molti perch\u00e9 circoscrivere la violenza \u00e8 sempre antipatico.<\/p>\n<p>Tuttavia questo non giustifica l\u2019atteggiamento di<a href=\"http:\/\/www.lintellettualedissidente.it\/italia-2\/il-femminicidio-non-esiste\/\"> coloro che vogliono in ogni modo negare l\u2019evidenza<\/a> sparando cifre decontestualizzate e grossolane.<\/p>\n<p>Questi (quasi sempre riconducibili, guarda caso, ad ambienti di estrema destra e cattolici) vengono poi smentiti, per fortuna, <a href=\"https:\/\/www.wumingfoundation.com\/giap\/2017\/01\/femminicidio-non-esiste-dice-negazionista\/\">da chi ha invece fatto del combattere la disinformazione una vera <em>mission<\/em> <\/a>e che ringraziamo sempre per fornire dati puntuali e ragionevoli a differenza della massa indistinguibile dei mass media italiani.<\/p>\n<p>Seguendo le lezioni di quest\u2019ultimi quindi possiamo dire che va bene condannare sempre e comunque la violenza di qualunque tipo. Tuttavia, bisogna analizzare i fatti e ricostruirli in modo scientificamente attendibile. Altrimenti succede che non si capisce il perch\u00e9 della violenza. Non si capisce la reazione alla violenza. E non si capisce in sintesi perch\u00e9 quei fatti sono successi.<\/p>\n<p>Abbiamo scritto \u201ccapire\u201d non \u201cgiustificare\u201d che sono cose molto diverse.<\/p>\n<p>Ad ogni modo ci ha fatto piacere conoscere le ragazze del Cav di Terni con cui abbiamo realizzato il numero, ed \u00e8 stato importante (come spero lo sar\u00e0 per voi) conoscere le loro attivit\u00e0.<\/p>\n<p>Abbiamo cercato di mettere il pi\u00f9 possibile da parte il nostro anticlericalismo (il quale comunque rivendichiamo) perch\u00e9 il messaggio di questo numero arrivi a tutti.<\/p>\n<p>Buona lettura.<\/p>\n<p>p.s. il numero si chiama &#8220;Franca e le altre&#8221; in onore di Franca Viola, la prima donna siciliana a ribellarsi all&#8217;usanza della &#8220;<em>futina<\/em>&#8220;.<\/p>\n","protected":false},"excerpt":{"rendered":"<p>Il numero 27 di Civilt\u00e0 Laica \u00e8 dedicato al triste fenomeno della violenza maschilista. Fenomeno che trova il suo apice in quell\u2019odioso apice che \u00e8 comunemente noto come femminicidio. Il termine, giustificato da un\u2019enorme mole di dati che rivelano come quasi sempre l\u2019autore della violenza sulle donne sia il marito\/compagno\/ex di questa e quasi mai [&hellip;]<\/p>\n","protected":false},"author":7,"featured_media":0,"comment_status":"closed","ping_status":"closed","sticky":false,"template":"","format":"standard","meta":{"footnotes":""},"categories":[238,229],"tags":[483,1157,1563,1758,1158],"class_list":["post-14468","post","type-post","status-publish","format-standard","hentry","category-articoli","category-evidenza","tag-civilta-laica","tag-femminicidio","tag-violenza-machista","tag-violenza-maschilista","tag-violenza-sulle-donne"],"yoast_head":"<!-- This site is optimized with the Yoast SEO plugin v27.1.1 - https:\/\/yoast.com\/product\/yoast-seo-wordpress\/ -->\n<title>Franca e le altre - Associazione Culturale Civilt\u00e0 Laica<\/title>\n<meta name=\"robots\" content=\"index, follow, max-snippet:-1, max-image-preview:large, max-video-preview:-1\" \/>\n<link rel=\"canonical\" href=\"https:\/\/www.civiltalaica.it\/cms\/franca-e-le-altre\/\" \/>\n<meta property=\"og:locale\" content=\"it_IT\" \/>\n<meta property=\"og:type\" content=\"article\" \/>\n<meta property=\"og:title\" content=\"Franca e le altre - Associazione Culturale Civilt\u00e0 Laica\" \/>\n<meta property=\"og:description\" content=\"Il numero 27 di Civilt\u00e0 Laica \u00e8 dedicato al triste fenomeno della violenza maschilista. Fenomeno che trova il suo apice in quell\u2019odioso apice che \u00e8 comunemente noto come femminicidio. Il termine, giustificato da un\u2019enorme mole di dati che rivelano come quasi sempre l\u2019autore della violenza sulle donne sia il marito\/compagno\/ex di questa e quasi mai [&hellip;]\" \/>\n<meta property=\"og:url\" content=\"https:\/\/www.civiltalaica.it\/cms\/franca-e-le-altre\/\" \/>\n<meta property=\"og:site_name\" content=\"Associazione Culturale Civilt\u00e0 Laica\" \/>\n<meta property=\"article:publisher\" content=\"https:\/\/www.facebook.com\/civiltalaica\" \/>\n<meta property=\"article:published_time\" content=\"2017-12-07T14:33:57+00:00\" \/>\n<meta property=\"article:modified_time\" content=\"2017-12-07T14:33:58+00:00\" \/>\n<meta property=\"og:image\" content=\"http:\/\/www.civiltalaica.it\/cms\/wp-content\/uploads\/2017\/12\/246-1024x686.jpg\" \/>\n<meta name=\"author\" content=\"alexjc\" \/>\n<meta name=\"twitter:card\" content=\"summary_large_image\" \/>\n<meta name=\"twitter:label1\" content=\"Scritto da\" \/>\n\t<meta name=\"twitter:data1\" content=\"alexjc\" \/>\n\t<meta name=\"twitter:label2\" content=\"Tempo di lettura stimato\" \/>\n\t<meta name=\"twitter:data2\" content=\"2 minuti\" \/>\n<script type=\"application\/ld+json\" class=\"yoast-schema-graph\">{\"@context\":\"https:\/\/schema.org\",\"@graph\":[{\"@type\":\"Article\",\"@id\":\"https:\/\/www.civiltalaica.it\/cms\/franca-e-le-altre\/#article\",\"isPartOf\":{\"@id\":\"https:\/\/www.civiltalaica.it\/cms\/franca-e-le-altre\/\"},\"author\":{\"name\":\"alexjc\",\"@id\":\"https:\/\/www.civiltalaica.it\/cms\/#\/schema\/person\/4efef56f866329a1e0943eb27336df1d\"},\"headline\":\"Franca e le altre\",\"datePublished\":\"2017-12-07T14:33:57+00:00\",\"dateModified\":\"2017-12-07T14:33:58+00:00\",\"mainEntityOfPage\":{\"@id\":\"https:\/\/www.civiltalaica.it\/cms\/franca-e-le-altre\/\"},\"wordCount\":317,\"image\":{\"@id\":\"https:\/\/www.civiltalaica.it\/cms\/franca-e-le-altre\/#primaryimage\"},\"thumbnailUrl\":\"http:\/\/www.civiltalaica.it\/cms\/wp-content\/uploads\/2017\/12\/246-1024x686.jpg\",\"keywords\":[\"civilt\u00e0 laica\",\"femminicidio\",\"violenza machista\",\"violenza maschilista\",\"violenza sulle donne\"],\"articleSection\":[\"articoli\",\"in evidenza\"],\"inLanguage\":\"it-IT\"},{\"@type\":\"WebPage\",\"@id\":\"https:\/\/www.civiltalaica.it\/cms\/franca-e-le-altre\/\",\"url\":\"https:\/\/www.civiltalaica.it\/cms\/franca-e-le-altre\/\",\"name\":\"Franca e le altre - Associazione Culturale Civilt\u00e0 Laica\",\"isPartOf\":{\"@id\":\"https:\/\/www.civiltalaica.it\/cms\/#website\"},\"primaryImageOfPage\":{\"@id\":\"https:\/\/www.civiltalaica.it\/cms\/franca-e-le-altre\/#primaryimage\"},\"image\":{\"@id\":\"https:\/\/www.civiltalaica.it\/cms\/franca-e-le-altre\/#primaryimage\"},\"thumbnailUrl\":\"http:\/\/www.civiltalaica.it\/cms\/wp-content\/uploads\/2017\/12\/246-1024x686.jpg\",\"datePublished\":\"2017-12-07T14:33:57+00:00\",\"dateModified\":\"2017-12-07T14:33:58+00:00\",\"author\":{\"@id\":\"https:\/\/www.civiltalaica.it\/cms\/#\/schema\/person\/4efef56f866329a1e0943eb27336df1d\"},\"breadcrumb\":{\"@id\":\"https:\/\/www.civiltalaica.it\/cms\/franca-e-le-altre\/#breadcrumb\"},\"inLanguage\":\"it-IT\",\"potentialAction\":[{\"@type\":\"ReadAction\",\"target\":[\"https:\/\/www.civiltalaica.it\/cms\/franca-e-le-altre\/\"]}]},{\"@type\":\"ImageObject\",\"inLanguage\":\"it-IT\",\"@id\":\"https:\/\/www.civiltalaica.it\/cms\/franca-e-le-altre\/#primaryimage\",\"url\":\"http:\/\/www.civiltalaica.it\/cms\/wp-content\/uploads\/2017\/12\/246-1024x686.jpg\",\"contentUrl\":\"http:\/\/www.civiltalaica.it\/cms\/wp-content\/uploads\/2017\/12\/246-1024x686.jpg\"},{\"@type\":\"BreadcrumbList\",\"@id\":\"https:\/\/www.civiltalaica.it\/cms\/franca-e-le-altre\/#breadcrumb\",\"itemListElement\":[{\"@type\":\"ListItem\",\"position\":1,\"name\":\"Home\",\"item\":\"https:\/\/www.civiltalaica.it\/cms\/\"},{\"@type\":\"ListItem\",\"position\":2,\"name\":\"Franca e le altre\"}]},{\"@type\":\"WebSite\",\"@id\":\"https:\/\/www.civiltalaica.it\/cms\/#website\",\"url\":\"https:\/\/www.civiltalaica.it\/cms\/\",\"name\":\"Associazione Culturale Civilt\u00e0 Laica\",\"description\":\"Per un movimento culturale volto a difendere la Laicit\u00e0 dello Stato.\",\"potentialAction\":[{\"@type\":\"SearchAction\",\"target\":{\"@type\":\"EntryPoint\",\"urlTemplate\":\"https:\/\/www.civiltalaica.it\/cms\/?s={search_term_string}\"},\"query-input\":{\"@type\":\"PropertyValueSpecification\",\"valueRequired\":true,\"valueName\":\"search_term_string\"}}],\"inLanguage\":\"it-IT\"},{\"@type\":\"Person\",\"@id\":\"https:\/\/www.civiltalaica.it\/cms\/#\/schema\/person\/4efef56f866329a1e0943eb27336df1d\",\"name\":\"alexjc\",\"url\":\"https:\/\/www.civiltalaica.it\/cms\/author\/alexjc\/\"}]}<\/script>\n<!-- \/ Yoast SEO plugin. -->","yoast_head_json":{"title":"Franca e le altre - Associazione Culturale Civilt\u00e0 Laica","robots":{"index":"index","follow":"follow","max-snippet":"max-snippet:-1","max-image-preview":"max-image-preview:large","max-video-preview":"max-video-preview:-1"},"canonical":"https:\/\/www.civiltalaica.it\/cms\/franca-e-le-altre\/","og_locale":"it_IT","og_type":"article","og_title":"Franca e le altre - Associazione Culturale Civilt\u00e0 Laica","og_description":"Il numero 27 di Civilt\u00e0 Laica \u00e8 dedicato al triste fenomeno della violenza maschilista. Fenomeno che trova il suo apice in quell\u2019odioso apice che \u00e8 comunemente noto come femminicidio. Il termine, giustificato da un\u2019enorme mole di dati che rivelano come quasi sempre l\u2019autore della violenza sulle donne sia il marito\/compagno\/ex di questa e quasi mai [&hellip;]","og_url":"https:\/\/www.civiltalaica.it\/cms\/franca-e-le-altre\/","og_site_name":"Associazione Culturale Civilt\u00e0 Laica","article_publisher":"https:\/\/www.facebook.com\/civiltalaica","article_published_time":"2017-12-07T14:33:57+00:00","article_modified_time":"2017-12-07T14:33:58+00:00","og_image":[{"url":"http:\/\/www.civiltalaica.it\/cms\/wp-content\/uploads\/2017\/12\/246-1024x686.jpg","type":"","width":"","height":""}],"author":"alexjc","twitter_card":"summary_large_image","twitter_misc":{"Scritto da":"alexjc","Tempo di lettura stimato":"2 minuti"},"schema":{"@context":"https:\/\/schema.org","@graph":[{"@type":"Article","@id":"https:\/\/www.civiltalaica.it\/cms\/franca-e-le-altre\/#article","isPartOf":{"@id":"https:\/\/www.civiltalaica.it\/cms\/franca-e-le-altre\/"},"author":{"name":"alexjc","@id":"https:\/\/www.civiltalaica.it\/cms\/#\/schema\/person\/4efef56f866329a1e0943eb27336df1d"},"headline":"Franca e le altre","datePublished":"2017-12-07T14:33:57+00:00","dateModified":"2017-12-07T14:33:58+00:00","mainEntityOfPage":{"@id":"https:\/\/www.civiltalaica.it\/cms\/franca-e-le-altre\/"},"wordCount":317,"image":{"@id":"https:\/\/www.civiltalaica.it\/cms\/franca-e-le-altre\/#primaryimage"},"thumbnailUrl":"http:\/\/www.civiltalaica.it\/cms\/wp-content\/uploads\/2017\/12\/246-1024x686.jpg","keywords":["civilt\u00e0 laica","femminicidio","violenza machista","violenza maschilista","violenza sulle donne"],"articleSection":["articoli","in evidenza"],"inLanguage":"it-IT"},{"@type":"WebPage","@id":"https:\/\/www.civiltalaica.it\/cms\/franca-e-le-altre\/","url":"https:\/\/www.civiltalaica.it\/cms\/franca-e-le-altre\/","name":"Franca e le altre - Associazione Culturale Civilt\u00e0 Laica","isPartOf":{"@id":"https:\/\/www.civiltalaica.it\/cms\/#website"},"primaryImageOfPage":{"@id":"https:\/\/www.civiltalaica.it\/cms\/franca-e-le-altre\/#primaryimage"},"image":{"@id":"https:\/\/www.civiltalaica.it\/cms\/franca-e-le-altre\/#primaryimage"},"thumbnailUrl":"http:\/\/www.civiltalaica.it\/cms\/wp-content\/uploads\/2017\/12\/246-1024x686.jpg","datePublished":"2017-12-07T14:33:57+00:00","dateModified":"2017-12-07T14:33:58+00:00","author":{"@id":"https:\/\/www.civiltalaica.it\/cms\/#\/schema\/person\/4efef56f866329a1e0943eb27336df1d"},"breadcrumb":{"@id":"https:\/\/www.civiltalaica.it\/cms\/franca-e-le-altre\/#breadcrumb"},"inLanguage":"it-IT","potentialAction":[{"@type":"ReadAction","target":["https:\/\/www.civiltalaica.it\/cms\/franca-e-le-altre\/"]}]},{"@type":"ImageObject","inLanguage":"it-IT","@id":"https:\/\/www.civiltalaica.it\/cms\/franca-e-le-altre\/#primaryimage","url":"http:\/\/www.civiltalaica.it\/cms\/wp-content\/uploads\/2017\/12\/246-1024x686.jpg","contentUrl":"http:\/\/www.civiltalaica.it\/cms\/wp-content\/uploads\/2017\/12\/246-1024x686.jpg"},{"@type":"BreadcrumbList","@id":"https:\/\/www.civiltalaica.it\/cms\/franca-e-le-altre\/#breadcrumb","itemListElement":[{"@type":"ListItem","position":1,"name":"Home","item":"https:\/\/www.civiltalaica.it\/cms\/"},{"@type":"ListItem","position":2,"name":"Franca e le altre"}]},{"@type":"WebSite","@id":"https:\/\/www.civiltalaica.it\/cms\/#website","url":"https:\/\/www.civiltalaica.it\/cms\/","name":"Associazione Culturale Civilt\u00e0 Laica","description":"Per un movimento culturale volto a difendere la Laicit\u00e0 dello Stato.","potentialAction":[{"@type":"SearchAction","target":{"@type":"EntryPoint","urlTemplate":"https:\/\/www.civiltalaica.it\/cms\/?s={search_term_string}"},"query-input":{"@type":"PropertyValueSpecification","valueRequired":true,"valueName":"search_term_string"}}],"inLanguage":"it-IT"},{"@type":"Person","@id":"https:\/\/www.civiltalaica.it\/cms\/#\/schema\/person\/4efef56f866329a1e0943eb27336df1d","name":"alexjc","url":"https:\/\/www.civiltalaica.it\/cms\/author\/alexjc\/"}]}},"_links":{"self":[{"href":"https:\/\/www.civiltalaica.it\/cms\/wp-json\/wp\/v2\/posts\/14468","targetHints":{"allow":["GET"]}}],"collection":[{"href":"https:\/\/www.civiltalaica.it\/cms\/wp-json\/wp\/v2\/posts"}],"about":[{"href":"https:\/\/www.civiltalaica.it\/cms\/wp-json\/wp\/v2\/types\/post"}],"author":[{"embeddable":true,"href":"https:\/\/www.civiltalaica.it\/cms\/wp-json\/wp\/v2\/users\/7"}],"replies":[{"embeddable":true,"href":"https:\/\/www.civiltalaica.it\/cms\/wp-json\/wp\/v2\/comments?post=14468"}],"version-history":[{"count":2,"href":"https:\/\/www.civiltalaica.it\/cms\/wp-json\/wp\/v2\/posts\/14468\/revisions"}],"predecessor-version":[{"id":14471,"href":"https:\/\/www.civiltalaica.it\/cms\/wp-json\/wp\/v2\/posts\/14468\/revisions\/14471"}],"wp:attachment":[{"href":"https:\/\/www.civiltalaica.it\/cms\/wp-json\/wp\/v2\/media?parent=14468"}],"wp:term":[{"taxonomy":"category","embeddable":true,"href":"https:\/\/www.civiltalaica.it\/cms\/wp-json\/wp\/v2\/categories?post=14468"},{"taxonomy":"post_tag","embeddable":true,"href":"https:\/\/www.civiltalaica.it\/cms\/wp-json\/wp\/v2\/tags?post=14468"}],"curies":[{"name":"wp","href":"https:\/\/api.w.org\/{rel}","templated":true}]}}