{"id":14430,"date":"2017-11-13T07:24:56","date_gmt":"2017-11-13T07:24:56","guid":{"rendered":"http:\/\/www.civiltalaica.it\/cms\/?p=14430"},"modified":"2017-11-13T07:24:56","modified_gmt":"2017-11-13T07:24:56","slug":"about-la-cura-dal-benessere","status":"publish","type":"post","link":"https:\/\/www.civiltalaica.it\/cms\/about-la-cura-dal-benessere\/","title":{"rendered":"About La cura dal benessere"},"content":{"rendered":"<p><a href=\"http:\/\/www.civiltalaica.it\/cms\/index.php\/about-la-cura-dal-benessere.html\/la-cura-dal-benessere-nuovo-spot-tv-super-bowl-2017-1\" rel=\"attachment wp-att-14431\"><img loading=\"lazy\" decoding=\"async\" class=\"alignleft size-full wp-image-14431\" src=\"http:\/\/www.civiltalaica.it\/cms\/wp-content\/uploads\/2017\/11\/la-cura-dal-benessere-nuovo-spot-tv-super-bowl-2017-1.jpg\" alt=\"\" width=\"655\" height=\"437\" srcset=\"https:\/\/www.civiltalaica.it\/cms\/wp-content\/uploads\/2017\/11\/la-cura-dal-benessere-nuovo-spot-tv-super-bowl-2017-1.jpg 655w, https:\/\/www.civiltalaica.it\/cms\/wp-content\/uploads\/2017\/11\/la-cura-dal-benessere-nuovo-spot-tv-super-bowl-2017-1-300x200.jpg 300w, https:\/\/www.civiltalaica.it\/cms\/wp-content\/uploads\/2017\/11\/la-cura-dal-benessere-nuovo-spot-tv-super-bowl-2017-1-240x160.jpg 240w\" sizes=\"auto, (max-width: 655px) 100vw, 655px\" \/><\/a><\/p>\n<p><b>[attenzione spoiler]<\/b><\/p>\n<p><b>voto 5,6\/10<\/b><\/p>\n<p>Da Gore Verbinski ci aspettavamo di pi\u00f9. Del regista che abbiamo molto apprezzato per \u201c<i>The ring<\/i>\u201d e la trilogia de \u201c<i>I pirati dei caraibi<\/i>\u201d ma anche per il significativo \u201c<i>The weather man<\/i>\u201d con Nicolas Cage, ci aspettavamo un ritorno all&#8217;horror che fosse molto pi\u00f9 convincente.<\/p>\n<p>Invece al di la&#8217; della solita maestria con la macchina da presa (molto bravo a mostrare situazioni \u201cansiogene\u201d anche in luoghi inconsueti per il gotico, tipo la piscina di una spa nelle Alpi svizzere) questo film sembra mancare del primo requisito fondamentale per ogni storia horror o thriller che si rispetti, ovvero la \u201ccredibilit\u00e0\u201d.<\/p>\n<p>A parte il fatto che vecchi ricchi miliardari che scompaiono dai luoghi del loro potere per lasciare in mano tutte le loro fortune ai consigli di amministrazione sono gi\u00e0 poco credibili di per se, ma \u00e8 l&#8217;intero impianto costruito a risultare goffo.<br \/>\nLa Trama mostra uno spregiudicato broker di Wall Street, Lockheart (Dane De Haan) che viene \u201cincastrato\u201d dal consiglio direttivo della sua azienda per aver fatto transazioni illegali. Per evitare la denuncia deve andare a recuperare il boss supremo, Pembroke, che sar\u00e0 offerto al suo posto alla commissione tributaria. Questo per la gioia di tutti i componenti del direttivo che si spartiranno il bottino di una imminente fusione. Il problema \u00e8 che Pembroke non vuole lasciare la spa sulle alpi svizzere in cui si \u00e8 rifugiato e quindi non potr\u00e0 firmare i fogli della fusione.<\/p>\n<p>Quando Lockheart arriva alla spa, si rende conto subito che c&#8217;\u00e8 qualcosa che non va. I clienti sembrano tutti prosciugati della loro forza di vita e passano le giornate seduti quasi ad aspettare che arrivi l&#8217;inevitabile. In seguito ad un incidente d&#8217;auto anche Lockheart si ritrova ospite della struttura e fra ispezioni, misteriose ragazze affette da malattie ancora pi\u00f9 misteriose, medici pseudo-nazisti e traffici di cadaveri notturni. E&#8217; pi\u00f9 che chiaro che c&#8217;\u00e8 qualcosa che non va e qualche inenarrabile segreto rinchiuso fra quelle mura, che di roba strana ne han vista dai tempi del linciaggio degli ex nobili da parte dei popolani.<\/p>\n<p>Ma la storia non decolla mai, il ritmo \u00e8 carente e le allucinazioni del protagonista contribuiscono a rendere il tutto poco credibile. In particolare il finale \u00e8 davvero stereotipato al limite della visibilit\u00e0.<\/p>\n<p>In buona sostanza uno Shutter Island riuscito male e di cui non si sentiva la mancanza.<\/p>\n<p>Un&#8217;occasione davvero sprecata per il ritorno di Verbinski all&#8217;horror.<\/p>\n<p><b>J. Mnemonic<\/b><\/p>\n","protected":false},"excerpt":{"rendered":"<p>[attenzione spoiler] voto 5,6\/10 Da Gore Verbinski ci aspettavamo di pi\u00f9. Del regista che abbiamo molto apprezzato per \u201cThe ring\u201d e la trilogia de \u201cI pirati dei caraibi\u201d ma anche per il significativo \u201cThe weather man\u201d con Nicolas Cage, ci aspettavamo un ritorno all&#8217;horror che fosse molto pi\u00f9 convincente. Invece al di la&#8217; della solita [&hellip;]<\/p>\n","protected":false},"author":7,"featured_media":0,"comment_status":"closed","ping_status":"closed","sticky":false,"template":"","format":"standard","meta":{"footnotes":""},"categories":[238,231],"tags":[10,1749,841,71,1415],"class_list":["post-14430","post","type-post","status-publish","format-standard","hentry","category-articoli","category-recensioni","tag-film","tag-gore-verbinski","tag-horror","tag-j-mnemonic","tag-recensioni"],"yoast_head":"<!-- This site is optimized with the Yoast SEO plugin v27.1.1 - https:\/\/yoast.com\/product\/yoast-seo-wordpress\/ -->\n<title>About La cura dal benessere - Associazione Culturale Civilt\u00e0 Laica<\/title>\n<meta name=\"description\" content=\"L&#039;ultimo film di Verbinski non convince molto, ambientazioni suggestive buon uso della macchina da presa e poco altro. Peccato.\" \/>\n<meta name=\"robots\" content=\"index, follow, max-snippet:-1, max-image-preview:large, max-video-preview:-1\" \/>\n<link rel=\"canonical\" href=\"https:\/\/www.civiltalaica.it\/cms\/about-la-cura-dal-benessere\/\" \/>\n<meta property=\"og:locale\" content=\"it_IT\" \/>\n<meta property=\"og:type\" content=\"article\" \/>\n<meta property=\"og:title\" content=\"About La cura dal benessere - Associazione Culturale Civilt\u00e0 Laica\" \/>\n<meta property=\"og:description\" content=\"L&#039;ultimo film di Verbinski non convince molto, ambientazioni suggestive buon uso della macchina da presa e poco altro. Peccato.\" \/>\n<meta property=\"og:url\" content=\"https:\/\/www.civiltalaica.it\/cms\/about-la-cura-dal-benessere\/\" \/>\n<meta property=\"og:site_name\" content=\"Associazione Culturale Civilt\u00e0 Laica\" \/>\n<meta property=\"article:publisher\" content=\"https:\/\/www.facebook.com\/civiltalaica\" \/>\n<meta property=\"article:published_time\" content=\"2017-11-13T07:24:56+00:00\" \/>\n<meta property=\"og:image\" content=\"http:\/\/www.civiltalaica.it\/cms\/wp-content\/uploads\/2017\/11\/la-cura-dal-benessere-nuovo-spot-tv-super-bowl-2017-1.jpg\" \/>\n<meta name=\"author\" content=\"alexjc\" \/>\n<meta name=\"twitter:card\" content=\"summary_large_image\" \/>\n<meta name=\"twitter:label1\" content=\"Scritto da\" \/>\n\t<meta name=\"twitter:data1\" content=\"alexjc\" \/>\n\t<meta name=\"twitter:label2\" content=\"Tempo di lettura stimato\" \/>\n\t<meta name=\"twitter:data2\" content=\"2 minuti\" \/>\n<script type=\"application\/ld+json\" class=\"yoast-schema-graph\">{\"@context\":\"https:\/\/schema.org\",\"@graph\":[{\"@type\":\"Article\",\"@id\":\"https:\/\/www.civiltalaica.it\/cms\/about-la-cura-dal-benessere\/#article\",\"isPartOf\":{\"@id\":\"https:\/\/www.civiltalaica.it\/cms\/about-la-cura-dal-benessere\/\"},\"author\":{\"name\":\"alexjc\",\"@id\":\"https:\/\/www.civiltalaica.it\/cms\/#\/schema\/person\/4efef56f866329a1e0943eb27336df1d\"},\"headline\":\"About La cura dal benessere\",\"datePublished\":\"2017-11-13T07:24:56+00:00\",\"mainEntityOfPage\":{\"@id\":\"https:\/\/www.civiltalaica.it\/cms\/about-la-cura-dal-benessere\/\"},\"wordCount\":401,\"image\":{\"@id\":\"https:\/\/www.civiltalaica.it\/cms\/about-la-cura-dal-benessere\/#primaryimage\"},\"thumbnailUrl\":\"http:\/\/www.civiltalaica.it\/cms\/wp-content\/uploads\/2017\/11\/la-cura-dal-benessere-nuovo-spot-tv-super-bowl-2017-1.jpg\",\"keywords\":[\"Film\",\"gore verbinski\",\"horror\",\"j mnemonic\",\"recensioni\"],\"articleSection\":[\"articoli\",\"recensioni\"],\"inLanguage\":\"it-IT\"},{\"@type\":\"WebPage\",\"@id\":\"https:\/\/www.civiltalaica.it\/cms\/about-la-cura-dal-benessere\/\",\"url\":\"https:\/\/www.civiltalaica.it\/cms\/about-la-cura-dal-benessere\/\",\"name\":\"About La cura dal benessere - Associazione Culturale Civilt\u00e0 Laica\",\"isPartOf\":{\"@id\":\"https:\/\/www.civiltalaica.it\/cms\/#website\"},\"primaryImageOfPage\":{\"@id\":\"https:\/\/www.civiltalaica.it\/cms\/about-la-cura-dal-benessere\/#primaryimage\"},\"image\":{\"@id\":\"https:\/\/www.civiltalaica.it\/cms\/about-la-cura-dal-benessere\/#primaryimage\"},\"thumbnailUrl\":\"http:\/\/www.civiltalaica.it\/cms\/wp-content\/uploads\/2017\/11\/la-cura-dal-benessere-nuovo-spot-tv-super-bowl-2017-1.jpg\",\"datePublished\":\"2017-11-13T07:24:56+00:00\",\"author\":{\"@id\":\"https:\/\/www.civiltalaica.it\/cms\/#\/schema\/person\/4efef56f866329a1e0943eb27336df1d\"},\"description\":\"L'ultimo film di Verbinski non convince molto, ambientazioni suggestive buon uso della macchina da presa e poco altro. Peccato.\",\"breadcrumb\":{\"@id\":\"https:\/\/www.civiltalaica.it\/cms\/about-la-cura-dal-benessere\/#breadcrumb\"},\"inLanguage\":\"it-IT\",\"potentialAction\":[{\"@type\":\"ReadAction\",\"target\":[\"https:\/\/www.civiltalaica.it\/cms\/about-la-cura-dal-benessere\/\"]}]},{\"@type\":\"ImageObject\",\"inLanguage\":\"it-IT\",\"@id\":\"https:\/\/www.civiltalaica.it\/cms\/about-la-cura-dal-benessere\/#primaryimage\",\"url\":\"http:\/\/www.civiltalaica.it\/cms\/wp-content\/uploads\/2017\/11\/la-cura-dal-benessere-nuovo-spot-tv-super-bowl-2017-1.jpg\",\"contentUrl\":\"http:\/\/www.civiltalaica.it\/cms\/wp-content\/uploads\/2017\/11\/la-cura-dal-benessere-nuovo-spot-tv-super-bowl-2017-1.jpg\"},{\"@type\":\"BreadcrumbList\",\"@id\":\"https:\/\/www.civiltalaica.it\/cms\/about-la-cura-dal-benessere\/#breadcrumb\",\"itemListElement\":[{\"@type\":\"ListItem\",\"position\":1,\"name\":\"Home\",\"item\":\"https:\/\/www.civiltalaica.it\/cms\/\"},{\"@type\":\"ListItem\",\"position\":2,\"name\":\"About La cura dal benessere\"}]},{\"@type\":\"WebSite\",\"@id\":\"https:\/\/www.civiltalaica.it\/cms\/#website\",\"url\":\"https:\/\/www.civiltalaica.it\/cms\/\",\"name\":\"Associazione Culturale Civilt\u00e0 Laica\",\"description\":\"Per un movimento culturale volto a difendere la Laicit\u00e0 dello Stato.\",\"potentialAction\":[{\"@type\":\"SearchAction\",\"target\":{\"@type\":\"EntryPoint\",\"urlTemplate\":\"https:\/\/www.civiltalaica.it\/cms\/?s={search_term_string}\"},\"query-input\":{\"@type\":\"PropertyValueSpecification\",\"valueRequired\":true,\"valueName\":\"search_term_string\"}}],\"inLanguage\":\"it-IT\"},{\"@type\":\"Person\",\"@id\":\"https:\/\/www.civiltalaica.it\/cms\/#\/schema\/person\/4efef56f866329a1e0943eb27336df1d\",\"name\":\"alexjc\",\"url\":\"https:\/\/www.civiltalaica.it\/cms\/author\/alexjc\/\"}]}<\/script>\n<!-- \/ Yoast SEO plugin. -->","yoast_head_json":{"title":"About La cura dal benessere - Associazione Culturale Civilt\u00e0 Laica","description":"L'ultimo film di Verbinski non convince molto, ambientazioni suggestive buon uso della macchina da presa e poco altro. Peccato.","robots":{"index":"index","follow":"follow","max-snippet":"max-snippet:-1","max-image-preview":"max-image-preview:large","max-video-preview":"max-video-preview:-1"},"canonical":"https:\/\/www.civiltalaica.it\/cms\/about-la-cura-dal-benessere\/","og_locale":"it_IT","og_type":"article","og_title":"About La cura dal benessere - Associazione Culturale Civilt\u00e0 Laica","og_description":"L'ultimo film di Verbinski non convince molto, ambientazioni suggestive buon uso della macchina da presa e poco altro. Peccato.","og_url":"https:\/\/www.civiltalaica.it\/cms\/about-la-cura-dal-benessere\/","og_site_name":"Associazione Culturale Civilt\u00e0 Laica","article_publisher":"https:\/\/www.facebook.com\/civiltalaica","article_published_time":"2017-11-13T07:24:56+00:00","og_image":[{"url":"http:\/\/www.civiltalaica.it\/cms\/wp-content\/uploads\/2017\/11\/la-cura-dal-benessere-nuovo-spot-tv-super-bowl-2017-1.jpg","type":"","width":"","height":""}],"author":"alexjc","twitter_card":"summary_large_image","twitter_misc":{"Scritto da":"alexjc","Tempo di lettura stimato":"2 minuti"},"schema":{"@context":"https:\/\/schema.org","@graph":[{"@type":"Article","@id":"https:\/\/www.civiltalaica.it\/cms\/about-la-cura-dal-benessere\/#article","isPartOf":{"@id":"https:\/\/www.civiltalaica.it\/cms\/about-la-cura-dal-benessere\/"},"author":{"name":"alexjc","@id":"https:\/\/www.civiltalaica.it\/cms\/#\/schema\/person\/4efef56f866329a1e0943eb27336df1d"},"headline":"About La cura dal benessere","datePublished":"2017-11-13T07:24:56+00:00","mainEntityOfPage":{"@id":"https:\/\/www.civiltalaica.it\/cms\/about-la-cura-dal-benessere\/"},"wordCount":401,"image":{"@id":"https:\/\/www.civiltalaica.it\/cms\/about-la-cura-dal-benessere\/#primaryimage"},"thumbnailUrl":"http:\/\/www.civiltalaica.it\/cms\/wp-content\/uploads\/2017\/11\/la-cura-dal-benessere-nuovo-spot-tv-super-bowl-2017-1.jpg","keywords":["Film","gore verbinski","horror","j mnemonic","recensioni"],"articleSection":["articoli","recensioni"],"inLanguage":"it-IT"},{"@type":"WebPage","@id":"https:\/\/www.civiltalaica.it\/cms\/about-la-cura-dal-benessere\/","url":"https:\/\/www.civiltalaica.it\/cms\/about-la-cura-dal-benessere\/","name":"About La cura dal benessere - Associazione Culturale Civilt\u00e0 Laica","isPartOf":{"@id":"https:\/\/www.civiltalaica.it\/cms\/#website"},"primaryImageOfPage":{"@id":"https:\/\/www.civiltalaica.it\/cms\/about-la-cura-dal-benessere\/#primaryimage"},"image":{"@id":"https:\/\/www.civiltalaica.it\/cms\/about-la-cura-dal-benessere\/#primaryimage"},"thumbnailUrl":"http:\/\/www.civiltalaica.it\/cms\/wp-content\/uploads\/2017\/11\/la-cura-dal-benessere-nuovo-spot-tv-super-bowl-2017-1.jpg","datePublished":"2017-11-13T07:24:56+00:00","author":{"@id":"https:\/\/www.civiltalaica.it\/cms\/#\/schema\/person\/4efef56f866329a1e0943eb27336df1d"},"description":"L'ultimo film di Verbinski non convince molto, ambientazioni suggestive buon uso della macchina da presa e poco altro. Peccato.","breadcrumb":{"@id":"https:\/\/www.civiltalaica.it\/cms\/about-la-cura-dal-benessere\/#breadcrumb"},"inLanguage":"it-IT","potentialAction":[{"@type":"ReadAction","target":["https:\/\/www.civiltalaica.it\/cms\/about-la-cura-dal-benessere\/"]}]},{"@type":"ImageObject","inLanguage":"it-IT","@id":"https:\/\/www.civiltalaica.it\/cms\/about-la-cura-dal-benessere\/#primaryimage","url":"http:\/\/www.civiltalaica.it\/cms\/wp-content\/uploads\/2017\/11\/la-cura-dal-benessere-nuovo-spot-tv-super-bowl-2017-1.jpg","contentUrl":"http:\/\/www.civiltalaica.it\/cms\/wp-content\/uploads\/2017\/11\/la-cura-dal-benessere-nuovo-spot-tv-super-bowl-2017-1.jpg"},{"@type":"BreadcrumbList","@id":"https:\/\/www.civiltalaica.it\/cms\/about-la-cura-dal-benessere\/#breadcrumb","itemListElement":[{"@type":"ListItem","position":1,"name":"Home","item":"https:\/\/www.civiltalaica.it\/cms\/"},{"@type":"ListItem","position":2,"name":"About La cura dal benessere"}]},{"@type":"WebSite","@id":"https:\/\/www.civiltalaica.it\/cms\/#website","url":"https:\/\/www.civiltalaica.it\/cms\/","name":"Associazione Culturale Civilt\u00e0 Laica","description":"Per un movimento culturale volto a difendere la Laicit\u00e0 dello Stato.","potentialAction":[{"@type":"SearchAction","target":{"@type":"EntryPoint","urlTemplate":"https:\/\/www.civiltalaica.it\/cms\/?s={search_term_string}"},"query-input":{"@type":"PropertyValueSpecification","valueRequired":true,"valueName":"search_term_string"}}],"inLanguage":"it-IT"},{"@type":"Person","@id":"https:\/\/www.civiltalaica.it\/cms\/#\/schema\/person\/4efef56f866329a1e0943eb27336df1d","name":"alexjc","url":"https:\/\/www.civiltalaica.it\/cms\/author\/alexjc\/"}]}},"_links":{"self":[{"href":"https:\/\/www.civiltalaica.it\/cms\/wp-json\/wp\/v2\/posts\/14430","targetHints":{"allow":["GET"]}}],"collection":[{"href":"https:\/\/www.civiltalaica.it\/cms\/wp-json\/wp\/v2\/posts"}],"about":[{"href":"https:\/\/www.civiltalaica.it\/cms\/wp-json\/wp\/v2\/types\/post"}],"author":[{"embeddable":true,"href":"https:\/\/www.civiltalaica.it\/cms\/wp-json\/wp\/v2\/users\/7"}],"replies":[{"embeddable":true,"href":"https:\/\/www.civiltalaica.it\/cms\/wp-json\/wp\/v2\/comments?post=14430"}],"version-history":[{"count":2,"href":"https:\/\/www.civiltalaica.it\/cms\/wp-json\/wp\/v2\/posts\/14430\/revisions"}],"predecessor-version":[{"id":14433,"href":"https:\/\/www.civiltalaica.it\/cms\/wp-json\/wp\/v2\/posts\/14430\/revisions\/14433"}],"wp:attachment":[{"href":"https:\/\/www.civiltalaica.it\/cms\/wp-json\/wp\/v2\/media?parent=14430"}],"wp:term":[{"taxonomy":"category","embeddable":true,"href":"https:\/\/www.civiltalaica.it\/cms\/wp-json\/wp\/v2\/categories?post=14430"},{"taxonomy":"post_tag","embeddable":true,"href":"https:\/\/www.civiltalaica.it\/cms\/wp-json\/wp\/v2\/tags?post=14430"}],"curies":[{"name":"wp","href":"https:\/\/api.w.org\/{rel}","templated":true}]}}