{"id":14304,"date":"2017-08-29T14:45:59","date_gmt":"2017-08-29T14:45:59","guid":{"rendered":"http:\/\/www.civiltalaica.it\/cms\/?p=14304"},"modified":"2017-08-29T14:46:12","modified_gmt":"2017-08-29T14:46:12","slug":"aumentano-le-diagnosi-autismo-vaccini-non-centrano","status":"publish","type":"post","link":"https:\/\/www.civiltalaica.it\/cms\/aumentano-le-diagnosi-autismo-vaccini-non-centrano\/","title":{"rendered":"Aumentano le diagnosi di autismo ma i vaccini non c&#8217;entrano"},"content":{"rendered":"<p><a href=\"http:\/\/www.civiltalaica.it\/cms\/index.php\/aumentano-le-diagnosi-autismo-vaccini-non-centrano.html\/berlino1\" rel=\"attachment wp-att-14305\"><img loading=\"lazy\" decoding=\"async\" class=\"alignleft wp-image-14305\" src=\"http:\/\/www.civiltalaica.it\/cms\/wp-content\/uploads\/2017\/08\/berlino1-1024x685.jpg\" alt=\"\" width=\"363\" height=\"242\" srcset=\"https:\/\/www.civiltalaica.it\/cms\/wp-content\/uploads\/2017\/08\/berlino1-1024x685.jpg 1024w, https:\/\/www.civiltalaica.it\/cms\/wp-content\/uploads\/2017\/08\/berlino1-300x201.jpg 300w, https:\/\/www.civiltalaica.it\/cms\/wp-content\/uploads\/2017\/08\/berlino1-768x514.jpg 768w, https:\/\/www.civiltalaica.it\/cms\/wp-content\/uploads\/2017\/08\/berlino1-239x160.jpg 239w, https:\/\/www.civiltalaica.it\/cms\/wp-content\/uploads\/2017\/08\/berlino1.jpg 1200w\" sizes=\"auto, (max-width: 363px) 100vw, 363px\" \/><\/a><\/p>\n<p>&nbsp;<\/p>\n<p>Il tema della prevalenza dell\u2019autismo tra i pi\u00f9 giovani \u00e8 tornato al centro dell\u2019attenzione negli Stati Uniti dopo che il presidente Donald Trump ha affermato, qualche giorno fa, che si sta assistendo a \u201cun enorme aumento dell\u2019incidenza dell\u2019autismo nei bambini\u201d. Limitandosi alle diagnosi, l\u2019affermazione \u00e8 corretta e confermata dalle valutazioni statistiche di molte universit\u00e0 (tra cui quella di Penn State in Pennsylvania), che hanno notato un inesorabile aumento dei casi certificati dal 2000 in poi. In meno di vent\u2019anni si \u00e8 passati dallo 0,3% all\u20191,5% di casi certificati, prendendo come riferimento l\u2019et\u00e0 di 8 anni. Oggi si stima che nelle scuole circa 1 bambino ogni 66 abbia ricevuto una diagnosi di autismo, con una prevalenza molto pi\u00f9 alta nei maschi.<\/p>\n<p>Il numero di diagnosi \u00e8 per\u00f2 l\u2019effetto combinato di una serie di fattori, che vanno dagli aspetti di natura clinica a quelli burocratici, amministrativi e sociali. Un\u2019analisi pi\u00f9 approfondita delle dinamiche di questo fenomeno ha portato a concludere che una buona \u2013 se non la maggior \u2013 parte dell\u2019aumento dei casi non \u00e8 da attribuire a una reale crescita dell\u2019incidenza dell\u2019autismo.<\/p>\n<p>Ecco alcuni punti da tenere presenti per affrontare la complessit\u00e0 della questione.<\/p>\n<p>1. L\u2019autismo include un ampio spettro di sintomi<br \/>\nQuando si parla di autismo o di disturbi dello spettro autistico si include un ampio ventaglio di possibilit\u00e0, che vanno dalle difficolt\u00e0 nell\u2019interazione sociale ai deficit nella comunicazione, dai difetti di concentrazione ai problemi nello svolgimento di compiti ripetitivi.<\/p>\n<p>Inoltre \u00e8 molto variabile la gravit\u00e0 di questi sintomi, che pu\u00f2 andare da un lieve disturbo fino ai casi pi\u00f9 gravi. A volte vengono considerati sintomi dell\u2019autismo anche il nervosismo dovuto a un cambio della routine quotidiana, la lentezza nella costruzione delle frasi e la povert\u00e0 di competenze linguistiche. Il solo conteggio dei casi, dunque, fornisce una fotografia molto parziale dell\u2019attuale situazione.<\/p>\n<p>2. La diagnosi dell\u2019autismo non \u00e8 basata su parametri clinici quantificabili<br \/>\nFino a oggi i ricercatori non sono riusciti a trovare un aspetto neurologico, genetico o un sintomo che sia univocamente associabile all\u2019autismo. Analisi del sangue, screening cerebrale o altre indagini cliniche non permettono di stabilire la presenza o l\u2019assenza del disturbo. Sono in corso tentativi pi\u00f9 o meno promettenti di diagnosi clinica, ma la prudenza \u00e8 ancora d\u2019obbligo. Di conseguenza, la diagnosi si basa sul buon senso, sull\u2019esperienza e sulla soggettivit\u00e0 del medico che si occupa della valutazione, con il solo aiuto dei criteri guida dell\u2019Organizzazione mondiale della sanit\u00e0, che definiscono in linea generale che cosa si debba intendere con autismo.<\/p>\n<p>Non solo medici diversi possono giungere a conclusioni opposte, ma uno stesso medico potrebbe compiere valutazioni differenti da un anno all\u2019altro a causa del continuo aggiornamento delle gi\u00e0 citate linee guida internazionali. Citando uno dei dati raccolti da FactCheck.org, quasi il 60% dei bambini visitati dieci anni fa e dichiarati non autistici ora riceverebbe una diagnosi positiva.<\/p>\n<p>3. Oggi c\u2019\u00e8 pi\u00f9 consapevolezza sull\u2019autismo<br \/>\nMedici e famiglie hanno via via acquisito consapevolezza dell\u2019esistenza e delle caratteristiche di questo disturbo. Si tratta di un aspetto culturale indubbiamente positivo, che potrebbe per\u00f2 essere la causa principale dell\u2019aumento dei casi registrati. Se in passato l\u2019autismo era poco considerato, \u00e8 naturale che i casi riconosciuti fossero in numero inferiore. A sostegno di questa tesi, alcuni studi scientifici hanno dimostrato una correlazione tra il numero di casi di autismo e altri fattori sociali quali il grado di istruzione della popolazione, il numero di pediatri e la sinergia tra scuole e ospedali.<\/p>\n<p>4. C\u2019\u00e8 una progressiva ri-catalogazione delle diagnosi<br \/>\nIl dato sull\u2019autismo, da solo, racconta solo una parte della storia. Statistiche alla mano, l\u2019aumento dei casi di autismo \u00e8 andato di pari passo con la diminuzione delle diagnosi di altri disturbi, quali la disabilit\u00e0 intellettiva e il ritardo mentale. Il calo di queste diagnosi sarebbe sufficiente a giustificare almeno i due terzi dell\u2019aumento dei casi di autismo. I disturbi citati condividono buona parte dei sintomi, quindi spesso la catalogazione dei pazienti \u00e8 a discrezione del medico che si occupa della diagnosi.<\/p>\n<p>5. L\u2019aumento dei casi, in parte, potrebbe essere reale<br \/>\nNonostante le numerose spiegazioni che giustificherebbero l\u2019aumento delle diagnosi come effetto di fattori sociali e burocratici, secondo gli scienziati \u00e8 comunque plausibile che i pazienti autistici siano davvero in crescita. Alcuni studi hanno infatti dimostrato un legame tra l\u2019incidenza dell\u2019autismo e l\u2019et\u00e0 dei genitori. I dati sui pap\u00e0 non permettono di affermare con certezza che ci sia un invecchiamento, mentre per quanto riguarda le mamme l\u2019aumento dell\u2019et\u00e0 media al momento del parto \u00e8 senza dubbio aumentata negli ultimi vent\u2019anni, per lo meno tra Europa e Stati Uniti.<\/p>\n<p>6. Non esiste alcun legame con le vaccinazioni<br \/>\nQui su Wired \u00e8 gi\u00e0 stato scritto a pi\u00f9 riprese, ma ancora una volta vale la pena di ribadire che le teorie sulla correlazione tra vaccini e autismo sono del tutto infondate e basate su una frode scientifica da parte del medico inglese Andrew Wakefield nel 1998. Anche se il legame con le procedure vaccinali \u00e8 stato molte volte smentito, Donald Trump ha spesso ventilato l\u2019idea di una responsabilit\u00e0 dei vaccini nell\u2019aumento dei casi di autismo. Tra le tante spiegazioni possibili, questa \u00e8 senz\u2019altro una bufala.<\/p>\n<p><a href=\"https:\/\/www.wired.it\/scienza\/medicina\/2017\/02\/28\/diagnosi-autismo-aumento-incidenza\/\"><strong>Gianluca Dotti &#8211; da Wired<\/strong><\/a><\/p>\n","protected":false},"excerpt":{"rendered":"<p>&nbsp; Il tema della prevalenza dell\u2019autismo tra i pi\u00f9 giovani \u00e8 tornato al centro dell\u2019attenzione negli Stati Uniti dopo che il presidente Donald Trump ha affermato, qualche giorno fa, che si sta assistendo a \u201cun enorme aumento dell\u2019incidenza dell\u2019autismo nei bambini\u201d. Limitandosi alle diagnosi, l\u2019affermazione \u00e8 corretta e confermata dalle valutazioni statistiche di molte universit\u00e0 [&hellip;]<\/p>\n","protected":false},"author":7,"featured_media":0,"comment_status":"closed","ping_status":"closed","sticky":false,"template":"","format":"standard","meta":{"footnotes":""},"categories":[238,233],"tags":[1715,1714,1717,1716],"class_list":["post-14304","post","type-post","status-publish","format-standard","hentry","category-articoli","category-filosofia-2","tag-autismo","tag-gianluca-dotti","tag-incidenza-dellautismo","tag-vaccino"],"yoast_head":"<!-- This site is optimized with the Yoast SEO plugin v27.1.1 - https:\/\/yoast.com\/product\/yoast-seo-wordpress\/ -->\n<title>Aumentano le diagnosi di autismo ma i vaccini non c&#039;entrano - Associazione Culturale Civilt\u00e0 Laica<\/title>\n<meta name=\"robots\" content=\"index, follow, max-snippet:-1, max-image-preview:large, max-video-preview:-1\" \/>\n<link rel=\"canonical\" href=\"https:\/\/www.civiltalaica.it\/cms\/aumentano-le-diagnosi-autismo-vaccini-non-centrano\/\" \/>\n<meta property=\"og:locale\" content=\"it_IT\" \/>\n<meta property=\"og:type\" content=\"article\" \/>\n<meta property=\"og:title\" content=\"Aumentano le diagnosi di autismo ma i vaccini non c&#039;entrano - Associazione Culturale Civilt\u00e0 Laica\" \/>\n<meta property=\"og:description\" content=\"&nbsp; Il tema della prevalenza dell\u2019autismo tra i pi\u00f9 giovani \u00e8 tornato al centro dell\u2019attenzione negli Stati Uniti dopo che il presidente Donald Trump ha affermato, qualche giorno fa, che si sta assistendo a \u201cun enorme aumento dell\u2019incidenza dell\u2019autismo nei bambini\u201d. Limitandosi alle diagnosi, l\u2019affermazione \u00e8 corretta e confermata dalle valutazioni statistiche di molte universit\u00e0 [&hellip;]\" \/>\n<meta property=\"og:url\" content=\"https:\/\/www.civiltalaica.it\/cms\/aumentano-le-diagnosi-autismo-vaccini-non-centrano\/\" \/>\n<meta property=\"og:site_name\" content=\"Associazione Culturale Civilt\u00e0 Laica\" \/>\n<meta property=\"article:publisher\" content=\"https:\/\/www.facebook.com\/civiltalaica\" \/>\n<meta property=\"article:published_time\" content=\"2017-08-29T14:45:59+00:00\" \/>\n<meta property=\"article:modified_time\" content=\"2017-08-29T14:46:12+00:00\" \/>\n<meta property=\"og:image\" content=\"http:\/\/www.civiltalaica.it\/cms\/wp-content\/uploads\/2017\/08\/berlino1-1024x685.jpg\" \/>\n<meta name=\"author\" content=\"alexjc\" \/>\n<meta name=\"twitter:card\" content=\"summary_large_image\" \/>\n<meta name=\"twitter:label1\" content=\"Scritto da\" \/>\n\t<meta name=\"twitter:data1\" content=\"alexjc\" \/>\n\t<meta name=\"twitter:label2\" content=\"Tempo di lettura stimato\" \/>\n\t<meta name=\"twitter:data2\" content=\"4 minuti\" \/>\n<script type=\"application\/ld+json\" class=\"yoast-schema-graph\">{\"@context\":\"https:\/\/schema.org\",\"@graph\":[{\"@type\":\"Article\",\"@id\":\"https:\/\/www.civiltalaica.it\/cms\/aumentano-le-diagnosi-autismo-vaccini-non-centrano\/#article\",\"isPartOf\":{\"@id\":\"https:\/\/www.civiltalaica.it\/cms\/aumentano-le-diagnosi-autismo-vaccini-non-centrano\/\"},\"author\":{\"name\":\"alexjc\",\"@id\":\"https:\/\/www.civiltalaica.it\/cms\/#\/schema\/person\/4efef56f866329a1e0943eb27336df1d\"},\"headline\":\"Aumentano le diagnosi di autismo ma i vaccini non c&#8217;entrano\",\"datePublished\":\"2017-08-29T14:45:59+00:00\",\"dateModified\":\"2017-08-29T14:46:12+00:00\",\"mainEntityOfPage\":{\"@id\":\"https:\/\/www.civiltalaica.it\/cms\/aumentano-le-diagnosi-autismo-vaccini-non-centrano\/\"},\"wordCount\":875,\"image\":{\"@id\":\"https:\/\/www.civiltalaica.it\/cms\/aumentano-le-diagnosi-autismo-vaccini-non-centrano\/#primaryimage\"},\"thumbnailUrl\":\"http:\/\/www.civiltalaica.it\/cms\/wp-content\/uploads\/2017\/08\/berlino1-1024x685.jpg\",\"keywords\":[\"autismo\",\"gianluca dotti\",\"incidenza dell'autismo\",\"vaccino\"],\"articleSection\":[\"articoli\",\"filosofia e scienza\"],\"inLanguage\":\"it-IT\"},{\"@type\":\"WebPage\",\"@id\":\"https:\/\/www.civiltalaica.it\/cms\/aumentano-le-diagnosi-autismo-vaccini-non-centrano\/\",\"url\":\"https:\/\/www.civiltalaica.it\/cms\/aumentano-le-diagnosi-autismo-vaccini-non-centrano\/\",\"name\":\"Aumentano le diagnosi di autismo ma i vaccini non c'entrano - Associazione Culturale Civilt\u00e0 Laica\",\"isPartOf\":{\"@id\":\"https:\/\/www.civiltalaica.it\/cms\/#website\"},\"primaryImageOfPage\":{\"@id\":\"https:\/\/www.civiltalaica.it\/cms\/aumentano-le-diagnosi-autismo-vaccini-non-centrano\/#primaryimage\"},\"image\":{\"@id\":\"https:\/\/www.civiltalaica.it\/cms\/aumentano-le-diagnosi-autismo-vaccini-non-centrano\/#primaryimage\"},\"thumbnailUrl\":\"http:\/\/www.civiltalaica.it\/cms\/wp-content\/uploads\/2017\/08\/berlino1-1024x685.jpg\",\"datePublished\":\"2017-08-29T14:45:59+00:00\",\"dateModified\":\"2017-08-29T14:46:12+00:00\",\"author\":{\"@id\":\"https:\/\/www.civiltalaica.it\/cms\/#\/schema\/person\/4efef56f866329a1e0943eb27336df1d\"},\"breadcrumb\":{\"@id\":\"https:\/\/www.civiltalaica.it\/cms\/aumentano-le-diagnosi-autismo-vaccini-non-centrano\/#breadcrumb\"},\"inLanguage\":\"it-IT\",\"potentialAction\":[{\"@type\":\"ReadAction\",\"target\":[\"https:\/\/www.civiltalaica.it\/cms\/aumentano-le-diagnosi-autismo-vaccini-non-centrano\/\"]}]},{\"@type\":\"ImageObject\",\"inLanguage\":\"it-IT\",\"@id\":\"https:\/\/www.civiltalaica.it\/cms\/aumentano-le-diagnosi-autismo-vaccini-non-centrano\/#primaryimage\",\"url\":\"http:\/\/www.civiltalaica.it\/cms\/wp-content\/uploads\/2017\/08\/berlino1-1024x685.jpg\",\"contentUrl\":\"http:\/\/www.civiltalaica.it\/cms\/wp-content\/uploads\/2017\/08\/berlino1-1024x685.jpg\"},{\"@type\":\"BreadcrumbList\",\"@id\":\"https:\/\/www.civiltalaica.it\/cms\/aumentano-le-diagnosi-autismo-vaccini-non-centrano\/#breadcrumb\",\"itemListElement\":[{\"@type\":\"ListItem\",\"position\":1,\"name\":\"Home\",\"item\":\"https:\/\/www.civiltalaica.it\/cms\/\"},{\"@type\":\"ListItem\",\"position\":2,\"name\":\"Aumentano le diagnosi di autismo ma i vaccini non c&#8217;entrano\"}]},{\"@type\":\"WebSite\",\"@id\":\"https:\/\/www.civiltalaica.it\/cms\/#website\",\"url\":\"https:\/\/www.civiltalaica.it\/cms\/\",\"name\":\"Associazione Culturale Civilt\u00e0 Laica\",\"description\":\"Per un movimento culturale volto a difendere la Laicit\u00e0 dello Stato.\",\"potentialAction\":[{\"@type\":\"SearchAction\",\"target\":{\"@type\":\"EntryPoint\",\"urlTemplate\":\"https:\/\/www.civiltalaica.it\/cms\/?s={search_term_string}\"},\"query-input\":{\"@type\":\"PropertyValueSpecification\",\"valueRequired\":true,\"valueName\":\"search_term_string\"}}],\"inLanguage\":\"it-IT\"},{\"@type\":\"Person\",\"@id\":\"https:\/\/www.civiltalaica.it\/cms\/#\/schema\/person\/4efef56f866329a1e0943eb27336df1d\",\"name\":\"alexjc\",\"url\":\"https:\/\/www.civiltalaica.it\/cms\/author\/alexjc\/\"}]}<\/script>\n<!-- \/ Yoast SEO plugin. -->","yoast_head_json":{"title":"Aumentano le diagnosi di autismo ma i vaccini non c'entrano - Associazione Culturale Civilt\u00e0 Laica","robots":{"index":"index","follow":"follow","max-snippet":"max-snippet:-1","max-image-preview":"max-image-preview:large","max-video-preview":"max-video-preview:-1"},"canonical":"https:\/\/www.civiltalaica.it\/cms\/aumentano-le-diagnosi-autismo-vaccini-non-centrano\/","og_locale":"it_IT","og_type":"article","og_title":"Aumentano le diagnosi di autismo ma i vaccini non c'entrano - Associazione Culturale Civilt\u00e0 Laica","og_description":"&nbsp; Il tema della prevalenza dell\u2019autismo tra i pi\u00f9 giovani \u00e8 tornato al centro dell\u2019attenzione negli Stati Uniti dopo che il presidente Donald Trump ha affermato, qualche giorno fa, che si sta assistendo a \u201cun enorme aumento dell\u2019incidenza dell\u2019autismo nei bambini\u201d. Limitandosi alle diagnosi, l\u2019affermazione \u00e8 corretta e confermata dalle valutazioni statistiche di molte universit\u00e0 [&hellip;]","og_url":"https:\/\/www.civiltalaica.it\/cms\/aumentano-le-diagnosi-autismo-vaccini-non-centrano\/","og_site_name":"Associazione Culturale Civilt\u00e0 Laica","article_publisher":"https:\/\/www.facebook.com\/civiltalaica","article_published_time":"2017-08-29T14:45:59+00:00","article_modified_time":"2017-08-29T14:46:12+00:00","og_image":[{"url":"http:\/\/www.civiltalaica.it\/cms\/wp-content\/uploads\/2017\/08\/berlino1-1024x685.jpg","type":"","width":"","height":""}],"author":"alexjc","twitter_card":"summary_large_image","twitter_misc":{"Scritto da":"alexjc","Tempo di lettura stimato":"4 minuti"},"schema":{"@context":"https:\/\/schema.org","@graph":[{"@type":"Article","@id":"https:\/\/www.civiltalaica.it\/cms\/aumentano-le-diagnosi-autismo-vaccini-non-centrano\/#article","isPartOf":{"@id":"https:\/\/www.civiltalaica.it\/cms\/aumentano-le-diagnosi-autismo-vaccini-non-centrano\/"},"author":{"name":"alexjc","@id":"https:\/\/www.civiltalaica.it\/cms\/#\/schema\/person\/4efef56f866329a1e0943eb27336df1d"},"headline":"Aumentano le diagnosi di autismo ma i vaccini non c&#8217;entrano","datePublished":"2017-08-29T14:45:59+00:00","dateModified":"2017-08-29T14:46:12+00:00","mainEntityOfPage":{"@id":"https:\/\/www.civiltalaica.it\/cms\/aumentano-le-diagnosi-autismo-vaccini-non-centrano\/"},"wordCount":875,"image":{"@id":"https:\/\/www.civiltalaica.it\/cms\/aumentano-le-diagnosi-autismo-vaccini-non-centrano\/#primaryimage"},"thumbnailUrl":"http:\/\/www.civiltalaica.it\/cms\/wp-content\/uploads\/2017\/08\/berlino1-1024x685.jpg","keywords":["autismo","gianluca dotti","incidenza dell'autismo","vaccino"],"articleSection":["articoli","filosofia e scienza"],"inLanguage":"it-IT"},{"@type":"WebPage","@id":"https:\/\/www.civiltalaica.it\/cms\/aumentano-le-diagnosi-autismo-vaccini-non-centrano\/","url":"https:\/\/www.civiltalaica.it\/cms\/aumentano-le-diagnosi-autismo-vaccini-non-centrano\/","name":"Aumentano le diagnosi di autismo ma i vaccini non c'entrano - Associazione Culturale Civilt\u00e0 Laica","isPartOf":{"@id":"https:\/\/www.civiltalaica.it\/cms\/#website"},"primaryImageOfPage":{"@id":"https:\/\/www.civiltalaica.it\/cms\/aumentano-le-diagnosi-autismo-vaccini-non-centrano\/#primaryimage"},"image":{"@id":"https:\/\/www.civiltalaica.it\/cms\/aumentano-le-diagnosi-autismo-vaccini-non-centrano\/#primaryimage"},"thumbnailUrl":"http:\/\/www.civiltalaica.it\/cms\/wp-content\/uploads\/2017\/08\/berlino1-1024x685.jpg","datePublished":"2017-08-29T14:45:59+00:00","dateModified":"2017-08-29T14:46:12+00:00","author":{"@id":"https:\/\/www.civiltalaica.it\/cms\/#\/schema\/person\/4efef56f866329a1e0943eb27336df1d"},"breadcrumb":{"@id":"https:\/\/www.civiltalaica.it\/cms\/aumentano-le-diagnosi-autismo-vaccini-non-centrano\/#breadcrumb"},"inLanguage":"it-IT","potentialAction":[{"@type":"ReadAction","target":["https:\/\/www.civiltalaica.it\/cms\/aumentano-le-diagnosi-autismo-vaccini-non-centrano\/"]}]},{"@type":"ImageObject","inLanguage":"it-IT","@id":"https:\/\/www.civiltalaica.it\/cms\/aumentano-le-diagnosi-autismo-vaccini-non-centrano\/#primaryimage","url":"http:\/\/www.civiltalaica.it\/cms\/wp-content\/uploads\/2017\/08\/berlino1-1024x685.jpg","contentUrl":"http:\/\/www.civiltalaica.it\/cms\/wp-content\/uploads\/2017\/08\/berlino1-1024x685.jpg"},{"@type":"BreadcrumbList","@id":"https:\/\/www.civiltalaica.it\/cms\/aumentano-le-diagnosi-autismo-vaccini-non-centrano\/#breadcrumb","itemListElement":[{"@type":"ListItem","position":1,"name":"Home","item":"https:\/\/www.civiltalaica.it\/cms\/"},{"@type":"ListItem","position":2,"name":"Aumentano le diagnosi di autismo ma i vaccini non c&#8217;entrano"}]},{"@type":"WebSite","@id":"https:\/\/www.civiltalaica.it\/cms\/#website","url":"https:\/\/www.civiltalaica.it\/cms\/","name":"Associazione Culturale Civilt\u00e0 Laica","description":"Per un movimento culturale volto a difendere la Laicit\u00e0 dello Stato.","potentialAction":[{"@type":"SearchAction","target":{"@type":"EntryPoint","urlTemplate":"https:\/\/www.civiltalaica.it\/cms\/?s={search_term_string}"},"query-input":{"@type":"PropertyValueSpecification","valueRequired":true,"valueName":"search_term_string"}}],"inLanguage":"it-IT"},{"@type":"Person","@id":"https:\/\/www.civiltalaica.it\/cms\/#\/schema\/person\/4efef56f866329a1e0943eb27336df1d","name":"alexjc","url":"https:\/\/www.civiltalaica.it\/cms\/author\/alexjc\/"}]}},"_links":{"self":[{"href":"https:\/\/www.civiltalaica.it\/cms\/wp-json\/wp\/v2\/posts\/14304","targetHints":{"allow":["GET"]}}],"collection":[{"href":"https:\/\/www.civiltalaica.it\/cms\/wp-json\/wp\/v2\/posts"}],"about":[{"href":"https:\/\/www.civiltalaica.it\/cms\/wp-json\/wp\/v2\/types\/post"}],"author":[{"embeddable":true,"href":"https:\/\/www.civiltalaica.it\/cms\/wp-json\/wp\/v2\/users\/7"}],"replies":[{"embeddable":true,"href":"https:\/\/www.civiltalaica.it\/cms\/wp-json\/wp\/v2\/comments?post=14304"}],"version-history":[{"count":3,"href":"https:\/\/www.civiltalaica.it\/cms\/wp-json\/wp\/v2\/posts\/14304\/revisions"}],"predecessor-version":[{"id":14308,"href":"https:\/\/www.civiltalaica.it\/cms\/wp-json\/wp\/v2\/posts\/14304\/revisions\/14308"}],"wp:attachment":[{"href":"https:\/\/www.civiltalaica.it\/cms\/wp-json\/wp\/v2\/media?parent=14304"}],"wp:term":[{"taxonomy":"category","embeddable":true,"href":"https:\/\/www.civiltalaica.it\/cms\/wp-json\/wp\/v2\/categories?post=14304"},{"taxonomy":"post_tag","embeddable":true,"href":"https:\/\/www.civiltalaica.it\/cms\/wp-json\/wp\/v2\/tags?post=14304"}],"curies":[{"name":"wp","href":"https:\/\/api.w.org\/{rel}","templated":true}]}}