{"id":14276,"date":"2017-07-26T13:56:19","date_gmt":"2017-07-26T13:56:19","guid":{"rendered":"http:\/\/www.civiltalaica.it\/cms\/?p=14276"},"modified":"2017-07-26T13:56:19","modified_gmt":"2017-07-26T13:56:19","slug":"about-the-war-for-the-planet-of-the-apes","status":"publish","type":"post","link":"https:\/\/www.civiltalaica.it\/cms\/about-the-war-for-the-planet-of-the-apes\/","title":{"rendered":"About: The War for the planet of the Apes"},"content":{"rendered":"<p><a href=\"http:\/\/www.civiltalaica.it\/cms\/index.php\/about-the-war-for-the-planet-of-the-apes.html\/war-for-the-planet-of-the-apes-poster\" rel=\"attachment wp-att-14277\"><img loading=\"lazy\" decoding=\"async\" class=\"alignleft  wp-image-14277\" src=\"http:\/\/www.civiltalaica.it\/cms\/wp-content\/uploads\/2017\/07\/war-for-the-planet-of-the-apes-poster-648x1024.jpg\" alt=\"\" width=\"317\" height=\"500\" srcset=\"https:\/\/www.civiltalaica.it\/cms\/wp-content\/uploads\/2017\/07\/war-for-the-planet-of-the-apes-poster-648x1024.jpg 648w, https:\/\/www.civiltalaica.it\/cms\/wp-content\/uploads\/2017\/07\/war-for-the-planet-of-the-apes-poster-190x300.jpg 190w, https:\/\/www.civiltalaica.it\/cms\/wp-content\/uploads\/2017\/07\/war-for-the-planet-of-the-apes-poster-768x1214.jpg 768w, https:\/\/www.civiltalaica.it\/cms\/wp-content\/uploads\/2017\/07\/war-for-the-planet-of-the-apes-poster-101x160.jpg 101w, https:\/\/www.civiltalaica.it\/cms\/wp-content\/uploads\/2017\/07\/war-for-the-planet-of-the-apes-poster.jpg 1898w\" sizes=\"auto, (max-width: 317px) 100vw, 317px\" \/><\/a><\/p>\n<p><strong>[voto: 7.9]<\/strong><\/p>\n<p><strong>[attenzione spoiler]<\/strong><\/p>\n<p><strong>\u00a0<\/strong>Il terzo capitolo della serie <em>prequel<\/em> che introduce, finora in maniera egregia, all\u2019indimenticabile \u201c<strong>Il pianeta delle scimmie<\/strong>\u201d film del 1968 con<strong> Charlton Heston<\/strong> e regia di Franklyn J. Shaffer, prosegue con l\u2019ottima qualit\u00e0 dei primi due episodi, pur cambiando ritmo ed essendo serrato e quindi pi\u00f9 riflessivo ed introspettivo.<\/p>\n<p>Per chi non conoscesse la trama di questa serie\u00a0<span style=\"line-height: 1.5;\">cerchiamo di riassumerla in breve\u00a0<\/span><span style=\"line-height: inherit;\">(per coloro che invece non sanno di cosa parla la serie originale non abbiamo invece piet\u00e0).<\/span><\/p>\n<p>Gli studi condotti dalla Gen-Sys per la ricerca contro <strong>l\u2019Alzheimer<\/strong> da un giovane scienziato, Will Rodman (interpretato da James Franco) hanno portato a dei risultati ottimi per l\u2019aumento di intelligenza nei primati ma con reazioni di instabilit\u00e0 umorali molto gravi. Quando il programma di Will viene fermato e le scimmie con cui lavorava abbattute, lui salva il piccolo <strong>Cesare<\/strong>, figlio di una delle scimpanz\u00e9 sottoposte a trattamento con il farmaco sperimentale. A casa sua decide di somministrare il farmaco sperimentale al padre Charles ormai condannato dall\u2019Alzheimer.<\/p>\n<p>Le cose sembrano andar bene per il primate Cesare e per il padre di Will, ma precipitano improvvisamente quando una volta cresciuto ferisce dei vicini nel tentativo di aiutare \u00a0Charles in piena ricaduta nell\u2019Alzheimer. Cesare viene quindi chiuso in una sorta di zoo-lager in cui la notte il figlio del custode tortura i primati con l\u2019elettricit\u00e0. Mentre Cesare diventa capobranco nello zoo-lager La Gen-Sys ha ripreso gli studi e prodotto la nuova versione del farmaco di Will, ma questa nuova versione \u00e8 letale per gli uomini.<\/p>\n<p>Cos\u00ec mentre Cesare rende le scimmie dello zoo intelligenti come lui somministrandogli i farmaci che erano ancora a casa di Will nel mondo comincia a diffondersi il virus e il conseguente panico cos\u00ec mentre le scimmie si guadagnano la libert\u00e0 dopo un epica battaglia sul Golden Gate Bridge l\u2019uomo lentamente inizia a sparire\u2026 uno degli ultimi giornali che \u201csvolazzano\u201d sulle strade recita che si sono persi i contatti con la navetta spaziale del capitano Taylor mandato ad esplorare l\u2019ignoto.<\/p>\n<p>Il secondo capitolo mostra invece la difficile convivenza tra ci\u00f2 che resta della razza umana sopravvissuta al virus e le comunit\u00e0 di primati. In particolare Cesare deve affrontare, come guida delle scimmie, la rivalit\u00e0 di <strong>Koba<\/strong> che vorrebbe sterminare gli umani prima che questi si riorganizzino. Fra tradimenti e gravi perdite, Koba prende il comando della comunit\u00e0 di scimmie e assalta l\u2019avamposto umano, Cesare riuscir\u00e0 a riconquistare la guida uccidendo Koba ma cos\u00ec \u00a0Cesare contravviene per la prima volta alla legge \u201cscimmia non uccide scimmia\u201d che si era dato a se stesso e al suo gruppo. Inoltre sa che l\u2019assalto di Koba non pu\u00f2 passare inosservato e preannuncia agli umani che sono l\u00ec e che non vogliono una guerra di andarsene perch\u00e9 ormai sar\u00e0 inevitabile.<\/p>\n<p>Questo terzo capitolo infatti inizia con la guerra in corso fra le scimmie di Cesare e gli umani che sono guidati dal cattivissimo colonnello Mc Cullough (<strong>Woody Harrelson<\/strong>) e spalleggiati da alcune scimmie che erano seguaci di Koba e non hanno perdonato a Cesare la sua uccisione. Nonostante gli umani le trattino come schiavi e le chiamano <strong>Donkey<\/strong> (asino) anzich\u00e9 Monkey (scimmia) preferiscono stare dalla parte degli umani che da quella di Cesare. (Il nemico del mio nemico\u2026)<\/p>\n<p>Le scimmie di Cesare sembrano soccombere davanti alla follia e alla cattiveria del colonello ma la follia di questo ha gi\u00e0 fatto danni irreparabili fra il suo battaglione e il comando centrale degli umani.<\/p>\n<p>La \u201cbattaglia per il pianeta delle scimmie\u201d non \u00e8 combattuta fra scimmie ed uomini ma fra <strong>due opposte fazioni di umani <\/strong>che arriveranno a sterminarsi fra loro.<\/p>\n<p>Le scimmie sopravvivono, pur sembrando per tutto il corso di questa storia sfavorite di fronte all\u2019umano pi\u00f9 tecnologico, mostrando tutta la casualit\u00e0 di una selezione naturale o competizione per la sopravvivenza che dir si voglia.<\/p>\n<p>Davvero una grandissima trilogia come prequel dell\u2019originale. Ora la domanda \u00e8 ovvia\u2026 rischieranno i nostri produttori di far tornare l\u2019astronauta Taylor sulla terra con un attore che dovr\u00e0 confrontarsi con il mito di Charlton Heston?<\/p>\n<p>Ai sopravvissuti, uomini o scimmie che siano, l\u2019onore di saperlo.<\/p>\n<p>&nbsp;<\/p>\n<p><strong>J.Mnemonic<\/strong><\/p>\n","protected":false},"excerpt":{"rendered":"<p>[voto: 7.9] [attenzione spoiler] \u00a0Il terzo capitolo della serie prequel che introduce, finora in maniera egregia, all\u2019indimenticabile \u201cIl pianeta delle scimmie\u201d film del 1968 con Charlton Heston e regia di Franklyn J. Shaffer, prosegue con l\u2019ottima qualit\u00e0 dei primi due episodi, pur cambiando ritmo ed essendo serrato e quindi pi\u00f9 riflessivo ed introspettivo. Per chi [&hellip;]<\/p>\n","protected":false},"author":7,"featured_media":0,"comment_status":"closed","ping_status":"closed","sticky":false,"template":"","format":"standard","meta":{"footnotes":""},"categories":[238,231],"tags":[1174,10,1354,71],"class_list":["post-14276","post","type-post","status-publish","format-standard","hentry","category-articoli","category-recensioni","tag-fantascienza","tag-film","tag-il-pianeta-delle-scimmie","tag-j-mnemonic"],"yoast_head":"<!-- This site is optimized with the Yoast SEO plugin v27.1.1 - https:\/\/yoast.com\/product\/yoast-seo-wordpress\/ -->\n<title>About: The War for the planet of the Apes - Associazione Culturale Civilt\u00e0 Laica<\/title>\n<meta name=\"robots\" content=\"index, follow, max-snippet:-1, max-image-preview:large, max-video-preview:-1\" \/>\n<link rel=\"canonical\" href=\"https:\/\/www.civiltalaica.it\/cms\/about-the-war-for-the-planet-of-the-apes\/\" \/>\n<meta property=\"og:locale\" content=\"it_IT\" \/>\n<meta property=\"og:type\" content=\"article\" \/>\n<meta property=\"og:title\" content=\"About: The War for the planet of the Apes - Associazione Culturale Civilt\u00e0 Laica\" \/>\n<meta property=\"og:description\" content=\"[voto: 7.9] [attenzione spoiler] \u00a0Il terzo capitolo della serie prequel che introduce, finora in maniera egregia, all\u2019indimenticabile \u201cIl pianeta delle scimmie\u201d film del 1968 con Charlton Heston e regia di Franklyn J. Shaffer, prosegue con l\u2019ottima qualit\u00e0 dei primi due episodi, pur cambiando ritmo ed essendo serrato e quindi pi\u00f9 riflessivo ed introspettivo. Per chi [&hellip;]\" \/>\n<meta property=\"og:url\" content=\"https:\/\/www.civiltalaica.it\/cms\/about-the-war-for-the-planet-of-the-apes\/\" \/>\n<meta property=\"og:site_name\" content=\"Associazione Culturale Civilt\u00e0 Laica\" \/>\n<meta property=\"article:publisher\" content=\"https:\/\/www.facebook.com\/civiltalaica\" \/>\n<meta property=\"article:published_time\" content=\"2017-07-26T13:56:19+00:00\" \/>\n<meta property=\"og:image\" content=\"http:\/\/www.civiltalaica.it\/cms\/wp-content\/uploads\/2017\/07\/war-for-the-planet-of-the-apes-poster-648x1024.jpg\" \/>\n<meta name=\"author\" content=\"alexjc\" \/>\n<meta name=\"twitter:card\" content=\"summary_large_image\" \/>\n<meta name=\"twitter:label1\" content=\"Scritto da\" \/>\n\t<meta name=\"twitter:data1\" content=\"alexjc\" \/>\n\t<meta name=\"twitter:label2\" content=\"Tempo di lettura stimato\" \/>\n\t<meta name=\"twitter:data2\" content=\"3 minuti\" \/>\n<script type=\"application\/ld+json\" class=\"yoast-schema-graph\">{\"@context\":\"https:\/\/schema.org\",\"@graph\":[{\"@type\":\"Article\",\"@id\":\"https:\/\/www.civiltalaica.it\/cms\/about-the-war-for-the-planet-of-the-apes\/#article\",\"isPartOf\":{\"@id\":\"https:\/\/www.civiltalaica.it\/cms\/about-the-war-for-the-planet-of-the-apes\/\"},\"author\":{\"name\":\"alexjc\",\"@id\":\"https:\/\/www.civiltalaica.it\/cms\/#\/schema\/person\/4efef56f866329a1e0943eb27336df1d\"},\"headline\":\"About: The War for the planet of the Apes\",\"datePublished\":\"2017-07-26T13:56:19+00:00\",\"mainEntityOfPage\":{\"@id\":\"https:\/\/www.civiltalaica.it\/cms\/about-the-war-for-the-planet-of-the-apes\/\"},\"wordCount\":700,\"image\":{\"@id\":\"https:\/\/www.civiltalaica.it\/cms\/about-the-war-for-the-planet-of-the-apes\/#primaryimage\"},\"thumbnailUrl\":\"http:\/\/www.civiltalaica.it\/cms\/wp-content\/uploads\/2017\/07\/war-for-the-planet-of-the-apes-poster-648x1024.jpg\",\"keywords\":[\"fantascienza\",\"Film\",\"il pianeta delle scimmie\",\"j mnemonic\"],\"articleSection\":[\"articoli\",\"recensioni\"],\"inLanguage\":\"it-IT\"},{\"@type\":\"WebPage\",\"@id\":\"https:\/\/www.civiltalaica.it\/cms\/about-the-war-for-the-planet-of-the-apes\/\",\"url\":\"https:\/\/www.civiltalaica.it\/cms\/about-the-war-for-the-planet-of-the-apes\/\",\"name\":\"About: The War for the planet of the Apes - Associazione Culturale Civilt\u00e0 Laica\",\"isPartOf\":{\"@id\":\"https:\/\/www.civiltalaica.it\/cms\/#website\"},\"primaryImageOfPage\":{\"@id\":\"https:\/\/www.civiltalaica.it\/cms\/about-the-war-for-the-planet-of-the-apes\/#primaryimage\"},\"image\":{\"@id\":\"https:\/\/www.civiltalaica.it\/cms\/about-the-war-for-the-planet-of-the-apes\/#primaryimage\"},\"thumbnailUrl\":\"http:\/\/www.civiltalaica.it\/cms\/wp-content\/uploads\/2017\/07\/war-for-the-planet-of-the-apes-poster-648x1024.jpg\",\"datePublished\":\"2017-07-26T13:56:19+00:00\",\"author\":{\"@id\":\"https:\/\/www.civiltalaica.it\/cms\/#\/schema\/person\/4efef56f866329a1e0943eb27336df1d\"},\"breadcrumb\":{\"@id\":\"https:\/\/www.civiltalaica.it\/cms\/about-the-war-for-the-planet-of-the-apes\/#breadcrumb\"},\"inLanguage\":\"it-IT\",\"potentialAction\":[{\"@type\":\"ReadAction\",\"target\":[\"https:\/\/www.civiltalaica.it\/cms\/about-the-war-for-the-planet-of-the-apes\/\"]}]},{\"@type\":\"ImageObject\",\"inLanguage\":\"it-IT\",\"@id\":\"https:\/\/www.civiltalaica.it\/cms\/about-the-war-for-the-planet-of-the-apes\/#primaryimage\",\"url\":\"http:\/\/www.civiltalaica.it\/cms\/wp-content\/uploads\/2017\/07\/war-for-the-planet-of-the-apes-poster-648x1024.jpg\",\"contentUrl\":\"http:\/\/www.civiltalaica.it\/cms\/wp-content\/uploads\/2017\/07\/war-for-the-planet-of-the-apes-poster-648x1024.jpg\"},{\"@type\":\"BreadcrumbList\",\"@id\":\"https:\/\/www.civiltalaica.it\/cms\/about-the-war-for-the-planet-of-the-apes\/#breadcrumb\",\"itemListElement\":[{\"@type\":\"ListItem\",\"position\":1,\"name\":\"Home\",\"item\":\"https:\/\/www.civiltalaica.it\/cms\/\"},{\"@type\":\"ListItem\",\"position\":2,\"name\":\"About: The War for the planet of the Apes\"}]},{\"@type\":\"WebSite\",\"@id\":\"https:\/\/www.civiltalaica.it\/cms\/#website\",\"url\":\"https:\/\/www.civiltalaica.it\/cms\/\",\"name\":\"Associazione Culturale Civilt\u00e0 Laica\",\"description\":\"Per un movimento culturale volto a difendere la Laicit\u00e0 dello Stato.\",\"potentialAction\":[{\"@type\":\"SearchAction\",\"target\":{\"@type\":\"EntryPoint\",\"urlTemplate\":\"https:\/\/www.civiltalaica.it\/cms\/?s={search_term_string}\"},\"query-input\":{\"@type\":\"PropertyValueSpecification\",\"valueRequired\":true,\"valueName\":\"search_term_string\"}}],\"inLanguage\":\"it-IT\"},{\"@type\":\"Person\",\"@id\":\"https:\/\/www.civiltalaica.it\/cms\/#\/schema\/person\/4efef56f866329a1e0943eb27336df1d\",\"name\":\"alexjc\",\"url\":\"https:\/\/www.civiltalaica.it\/cms\/author\/alexjc\/\"}]}<\/script>\n<!-- \/ Yoast SEO plugin. -->","yoast_head_json":{"title":"About: The War for the planet of the Apes - Associazione Culturale Civilt\u00e0 Laica","robots":{"index":"index","follow":"follow","max-snippet":"max-snippet:-1","max-image-preview":"max-image-preview:large","max-video-preview":"max-video-preview:-1"},"canonical":"https:\/\/www.civiltalaica.it\/cms\/about-the-war-for-the-planet-of-the-apes\/","og_locale":"it_IT","og_type":"article","og_title":"About: The War for the planet of the Apes - Associazione Culturale Civilt\u00e0 Laica","og_description":"[voto: 7.9] [attenzione spoiler] \u00a0Il terzo capitolo della serie prequel che introduce, finora in maniera egregia, all\u2019indimenticabile \u201cIl pianeta delle scimmie\u201d film del 1968 con Charlton Heston e regia di Franklyn J. Shaffer, prosegue con l\u2019ottima qualit\u00e0 dei primi due episodi, pur cambiando ritmo ed essendo serrato e quindi pi\u00f9 riflessivo ed introspettivo. Per chi [&hellip;]","og_url":"https:\/\/www.civiltalaica.it\/cms\/about-the-war-for-the-planet-of-the-apes\/","og_site_name":"Associazione Culturale Civilt\u00e0 Laica","article_publisher":"https:\/\/www.facebook.com\/civiltalaica","article_published_time":"2017-07-26T13:56:19+00:00","og_image":[{"url":"http:\/\/www.civiltalaica.it\/cms\/wp-content\/uploads\/2017\/07\/war-for-the-planet-of-the-apes-poster-648x1024.jpg","type":"","width":"","height":""}],"author":"alexjc","twitter_card":"summary_large_image","twitter_misc":{"Scritto da":"alexjc","Tempo di lettura stimato":"3 minuti"},"schema":{"@context":"https:\/\/schema.org","@graph":[{"@type":"Article","@id":"https:\/\/www.civiltalaica.it\/cms\/about-the-war-for-the-planet-of-the-apes\/#article","isPartOf":{"@id":"https:\/\/www.civiltalaica.it\/cms\/about-the-war-for-the-planet-of-the-apes\/"},"author":{"name":"alexjc","@id":"https:\/\/www.civiltalaica.it\/cms\/#\/schema\/person\/4efef56f866329a1e0943eb27336df1d"},"headline":"About: The War for the planet of the Apes","datePublished":"2017-07-26T13:56:19+00:00","mainEntityOfPage":{"@id":"https:\/\/www.civiltalaica.it\/cms\/about-the-war-for-the-planet-of-the-apes\/"},"wordCount":700,"image":{"@id":"https:\/\/www.civiltalaica.it\/cms\/about-the-war-for-the-planet-of-the-apes\/#primaryimage"},"thumbnailUrl":"http:\/\/www.civiltalaica.it\/cms\/wp-content\/uploads\/2017\/07\/war-for-the-planet-of-the-apes-poster-648x1024.jpg","keywords":["fantascienza","Film","il pianeta delle scimmie","j mnemonic"],"articleSection":["articoli","recensioni"],"inLanguage":"it-IT"},{"@type":"WebPage","@id":"https:\/\/www.civiltalaica.it\/cms\/about-the-war-for-the-planet-of-the-apes\/","url":"https:\/\/www.civiltalaica.it\/cms\/about-the-war-for-the-planet-of-the-apes\/","name":"About: The War for the planet of the Apes - Associazione Culturale Civilt\u00e0 Laica","isPartOf":{"@id":"https:\/\/www.civiltalaica.it\/cms\/#website"},"primaryImageOfPage":{"@id":"https:\/\/www.civiltalaica.it\/cms\/about-the-war-for-the-planet-of-the-apes\/#primaryimage"},"image":{"@id":"https:\/\/www.civiltalaica.it\/cms\/about-the-war-for-the-planet-of-the-apes\/#primaryimage"},"thumbnailUrl":"http:\/\/www.civiltalaica.it\/cms\/wp-content\/uploads\/2017\/07\/war-for-the-planet-of-the-apes-poster-648x1024.jpg","datePublished":"2017-07-26T13:56:19+00:00","author":{"@id":"https:\/\/www.civiltalaica.it\/cms\/#\/schema\/person\/4efef56f866329a1e0943eb27336df1d"},"breadcrumb":{"@id":"https:\/\/www.civiltalaica.it\/cms\/about-the-war-for-the-planet-of-the-apes\/#breadcrumb"},"inLanguage":"it-IT","potentialAction":[{"@type":"ReadAction","target":["https:\/\/www.civiltalaica.it\/cms\/about-the-war-for-the-planet-of-the-apes\/"]}]},{"@type":"ImageObject","inLanguage":"it-IT","@id":"https:\/\/www.civiltalaica.it\/cms\/about-the-war-for-the-planet-of-the-apes\/#primaryimage","url":"http:\/\/www.civiltalaica.it\/cms\/wp-content\/uploads\/2017\/07\/war-for-the-planet-of-the-apes-poster-648x1024.jpg","contentUrl":"http:\/\/www.civiltalaica.it\/cms\/wp-content\/uploads\/2017\/07\/war-for-the-planet-of-the-apes-poster-648x1024.jpg"},{"@type":"BreadcrumbList","@id":"https:\/\/www.civiltalaica.it\/cms\/about-the-war-for-the-planet-of-the-apes\/#breadcrumb","itemListElement":[{"@type":"ListItem","position":1,"name":"Home","item":"https:\/\/www.civiltalaica.it\/cms\/"},{"@type":"ListItem","position":2,"name":"About: The War for the planet of the Apes"}]},{"@type":"WebSite","@id":"https:\/\/www.civiltalaica.it\/cms\/#website","url":"https:\/\/www.civiltalaica.it\/cms\/","name":"Associazione Culturale Civilt\u00e0 Laica","description":"Per un movimento culturale volto a difendere la Laicit\u00e0 dello Stato.","potentialAction":[{"@type":"SearchAction","target":{"@type":"EntryPoint","urlTemplate":"https:\/\/www.civiltalaica.it\/cms\/?s={search_term_string}"},"query-input":{"@type":"PropertyValueSpecification","valueRequired":true,"valueName":"search_term_string"}}],"inLanguage":"it-IT"},{"@type":"Person","@id":"https:\/\/www.civiltalaica.it\/cms\/#\/schema\/person\/4efef56f866329a1e0943eb27336df1d","name":"alexjc","url":"https:\/\/www.civiltalaica.it\/cms\/author\/alexjc\/"}]}},"_links":{"self":[{"href":"https:\/\/www.civiltalaica.it\/cms\/wp-json\/wp\/v2\/posts\/14276","targetHints":{"allow":["GET"]}}],"collection":[{"href":"https:\/\/www.civiltalaica.it\/cms\/wp-json\/wp\/v2\/posts"}],"about":[{"href":"https:\/\/www.civiltalaica.it\/cms\/wp-json\/wp\/v2\/types\/post"}],"author":[{"embeddable":true,"href":"https:\/\/www.civiltalaica.it\/cms\/wp-json\/wp\/v2\/users\/7"}],"replies":[{"embeddable":true,"href":"https:\/\/www.civiltalaica.it\/cms\/wp-json\/wp\/v2\/comments?post=14276"}],"version-history":[{"count":2,"href":"https:\/\/www.civiltalaica.it\/cms\/wp-json\/wp\/v2\/posts\/14276\/revisions"}],"predecessor-version":[{"id":14279,"href":"https:\/\/www.civiltalaica.it\/cms\/wp-json\/wp\/v2\/posts\/14276\/revisions\/14279"}],"wp:attachment":[{"href":"https:\/\/www.civiltalaica.it\/cms\/wp-json\/wp\/v2\/media?parent=14276"}],"wp:term":[{"taxonomy":"category","embeddable":true,"href":"https:\/\/www.civiltalaica.it\/cms\/wp-json\/wp\/v2\/categories?post=14276"},{"taxonomy":"post_tag","embeddable":true,"href":"https:\/\/www.civiltalaica.it\/cms\/wp-json\/wp\/v2\/tags?post=14276"}],"curies":[{"name":"wp","href":"https:\/\/api.w.org\/{rel}","templated":true}]}}