{"id":14035,"date":"2017-02-13T01:52:27","date_gmt":"2017-02-13T01:52:27","guid":{"rendered":"http:\/\/www.civiltalaica.it\/cms\/?p=14035"},"modified":"2017-02-13T01:52:27","modified_gmt":"2017-02-13T01:52:27","slug":"cinque-errori-che-facciamo-sullevoluzione","status":"publish","type":"post","link":"https:\/\/www.civiltalaica.it\/cms\/cinque-errori-che-facciamo-sullevoluzione\/","title":{"rendered":"Cinque errori che facciamo sull&#8217;evoluzione"},"content":{"rendered":"<p><a href=\"http:\/\/www.civiltalaica.it\/cms\/index.php\/cinque-errori-che-facciamo-sullevoluzione.html\/p1010901bis\" rel=\"attachment wp-att-14036\"><img loading=\"lazy\" decoding=\"async\" class=\"alignleft wp-image-14036\" src=\"http:\/\/www.civiltalaica.it\/cms\/wp-content\/uploads\/2017\/02\/P1010901bis-1024x768.jpg\" alt=\"\" width=\"397\" height=\"298\" srcset=\"https:\/\/www.civiltalaica.it\/cms\/wp-content\/uploads\/2017\/02\/P1010901bis-1024x768.jpg 1024w, https:\/\/www.civiltalaica.it\/cms\/wp-content\/uploads\/2017\/02\/P1010901bis-300x225.jpg 300w, https:\/\/www.civiltalaica.it\/cms\/wp-content\/uploads\/2017\/02\/P1010901bis-768x576.jpg 768w, https:\/\/www.civiltalaica.it\/cms\/wp-content\/uploads\/2017\/02\/P1010901bis-213x160.jpg 213w\" sizes=\"auto, (max-width: 397px) 100vw, 397px\" \/><\/a><\/p>\n<p>Il <strong>12 febbraio<\/strong> \u00e8 l\u2019anniversario della nascita di <strong>Charles Darwin<\/strong> e, come ogni anno, la ricorrenza \u00e8 l\u2019occasione per riaffermare pubblicamente l\u2019attualit\u00e0 degli studi e dell\u2019insegnamento dell\u2019evoluzione attraverso gli eventi <strong>Darwin Day<\/strong>. I Darwin Day italiani sono segnalati dal <strong><a href=\"http:\/\/pikaia.eu\/darwin-day-2017-in-tutta-italia\/\" target=\"_blank\">portale dell\u2019evoluzione Pikaia<\/a><\/strong>, mentre il sito dell\u2019International Darwin Day Foundation mostra<strong> <a href=\"http:\/\/darwinday.org\/events\/\" target=\"_blank\">gli eventi in tutto il mondo<\/a><\/strong>.<\/p>\n<p>Per gli obiettivi che si pone la celebrazione, questo\u00a0Darwin Day \u00e8\u00a0forse il pi\u00f9 significativo degli ultimi anni: dopo l\u2019elezione di Trump negli Usa si sono intensificati i tentativi di <a href=\"https:\/\/www.propublica.org\/article\/devos-education-nominees-code-words-for-creationism-offshoot-raise-concerns\">indebolire l\u2019insegnamento dell\u2019evoluzione<\/a>, mentre anche in Europa, a lungo\u00a0considerata relativamente immune a questo tipo di antiscienza, il <a href=\"https:\/\/www.scientificamerican.com\/article\/eurocreationism\/\">creazionismo continua ad avanzare<\/a>.<\/p>\n<p>Eppure, se molto spesso fraintendiamo alcuni aspetti dell\u2019evoluzione non \u00e8 necessariamente colpa della propaganda creazionista (che di questi tempi\u00a0qualcuno forse chiamare\u00a0<em>post-verit\u00e0<\/em>). Buona parte degli errori che facciamo sono molto probabilmente dovuti a come ragiona\u00a0e comunica la nostra specie. Per esempio l\u2019idea (errata) dell\u2019<a href=\"https:\/\/www.wired.it\/scienza\/2014\/02\/07\/migliori-bufale-evoluzione\/\">evoluzione come progresso<\/a>, che a volte ci fa paragonare gli organismi a tecnologie, \u00e8\u00a0molto diffusa anche perch\u00e9 siamo naturalmente portati ad attribuire\u00a0un fine a quello che ci circonda. In occasione del<strong> Darwin Day<\/strong> proviamo allora a raccontare altri <strong>5 errori comuni<\/strong> che facciamo sull\u2019evoluzione.<\/p>\n<p><strong>1. L\u2019evoluzione NON spiega l\u2019origine della vita<br \/>\nCharles Darwin<\/strong>\u00a0e <strong>Alfred Russel Wallace <\/strong>erano dei geni e la loro teoria, opportunamente aggiornata, \u00e8 in grado di spiegare\u00a0la <strong>diversit\u00e0 della vita sul nostro pianeta<\/strong>.\u00a0Quello che non spiega, invece, \u00e8 <em>come<\/em>\u00a0sia nata la vita.\u00a0Gli scienziati non hanno dubbi che i primissimi organismi terrestri siano stati immediatamente sottoposti ai meccanismi evolutivi, e che quello che vediamo intorno a noi sia il risultato di quella che Darwin chiamava <em>\u201cdiscendenza con modificazioni\u201d<\/em>. Ma senza la materia prima, l\u2019<strong>evoluzione biologica<\/strong> non pu\u00f2 avere luogo. Com\u2019\u00e8 nata allora la vita? La realt\u00e0 \u00e8 che ancora non lo sappiamo. In generale, gli scienziati parlano di <strong>abiogenesi<\/strong>: sulla Terra primordiale processi naturali hanno probabilmente portato ai composti chimici alla base della vita, e in centinaia di milioni di anni questi si sarebbero\u00a0auto-organizzati in <strong>sistemi molecolari<\/strong> in grado di replicarsi e mantenere\u00a0un metabolismo, cio\u00e8 le prime forme di vita. Viene usato a questo proposito anche il termine <strong>evoluzione chimica<\/strong>, perch\u00e9 si pu\u00f2 comunque immaginare un processo graduale, dove magari alcuni sistemi sono diventati predominanti, ma si tratta di qualcosa di ben distinto dall\u2019evoluzione biologica di Darwin e Wallace:\u00a0come detto\u00a0l\u2019origine della vita \u00e8 un <strong>problema scientifico aperto<\/strong>.<\/p>\n<p><strong>2. NON ci siamo evoluti per caso<\/strong><br \/>\nDiversi creazionisti credono che secondo i biologi il\u00a0cambiamento degli esseri viventi sia dovuto al <strong>puro caso<\/strong>, e spesso\u00a0a loro supporto citano\u00a0un esempio del celebre astronomo\u00a0<strong>Fred Hoyle<\/strong>: se un tornado passasse sopra un deposito di rottami, quali sono le probabilit\u00e0 che il risultato sia un Boeing 747 perfettamente funzionante?\u00a0In realt\u00e0 l\u2019esempio (<a href=\"http:\/\/rationalwiki.org\/wiki\/Hoyle's_fallacy\">ampiamente demolito<\/a>) di Hoyle riguardava l\u2019abiogenesi,\u00a0ma argomenti di questo tipo risalgono addirittura ai tempi di Darwin. Il <strong>caso<\/strong> ha una grande importanza nell\u2019<strong>evoluzione<\/strong>, ma dire che l\u2019evoluzione \u00e8 un <strong>processo casuale<\/strong> \u00e8\u00a0errato;\u00a0allo stesso tempo\u00a0\u00e8 errato affermare che \u00e8 un processo dove il caso non conta nulla. S\u00ec, le <strong>mutazioni<\/strong> del dna sono\u00a0in genere definite casuali, nel senso che l\u2019emergere di una certa mutazione non dipende dai <em>bisogni<\/em> dell\u2019individuo o della specie. Ma la <strong>selezione naturale<\/strong>\u00a0(come quella sessuale) \u00e8\u00a0l\u2019<strong>opposto del caso<\/strong>:\u00a0l\u2019adattamento \u00e8 reso possibile da questo onnipresente <strong>filtro<\/strong> che nel tempo modificano il patrimonio genetico delle popolazioni. Non \u00e8 affatto un caso se alcune delle (rare) mutazioni che permettono agli individui di lasciare pi\u00f9 discendenti si diffondono.<\/p>\n<p><a href=\"http:\/\/www.civiltalaica.it\/cms\/index.php\/cinque-errori-che-facciamo-sullevoluzione.html\/piediluco-026-bis\" rel=\"attachment wp-att-14037\"><img loading=\"lazy\" decoding=\"async\" class=\"alignleft wp-image-14037\" src=\"http:\/\/www.civiltalaica.it\/cms\/wp-content\/uploads\/2017\/02\/piediluco-026-bis-1024x643.jpg\" alt=\"\" width=\"376\" height=\"236\" srcset=\"https:\/\/www.civiltalaica.it\/cms\/wp-content\/uploads\/2017\/02\/piediluco-026-bis-1024x643.jpg 1024w, https:\/\/www.civiltalaica.it\/cms\/wp-content\/uploads\/2017\/02\/piediluco-026-bis-300x188.jpg 300w, https:\/\/www.civiltalaica.it\/cms\/wp-content\/uploads\/2017\/02\/piediluco-026-bis-768x482.jpg 768w, https:\/\/www.civiltalaica.it\/cms\/wp-content\/uploads\/2017\/02\/piediluco-026-bis-255x160.jpg 255w, https:\/\/www.civiltalaica.it\/cms\/wp-content\/uploads\/2017\/02\/piediluco-026-bis.jpg 1140w\" sizes=\"auto, (max-width: 376px) 100vw, 376px\" \/><\/a><\/p>\n<p><strong>3. L\u2019evoluzione \u00c8 osservabile<br \/>\n<\/strong>Si dice che l\u2019evoluzione sia<strong> lenta e graduale<\/strong>, e che per questo non \u00e8 possibile osservarla direttamente. In realt\u00e0 \u00e8 vero che l\u2019evoluzione \u00e8 graduale e\u00a0molti\u00a0cambiamenti\u00a0avvengono\u00a0nella scala dei tempi geologici, ma esistono molti casi nei quali \u00e8 possibile osservare l\u2019evoluzione in diretta, o quasi. Usando organismi che si riproducono molto velocemente, come i batteri, gli scienziati possono osservare in laboratorio la selezione naturale e le altre forze dell\u2019evoluzione, come nel caso del <a href=\"http:\/\/myxo.css.msu.edu\/ecoli\/\"><strong><em>E. coli Long-Term Evolution Experiment<\/em><\/strong><\/a> (Ltee) cominciato dal microbiologo <strong>Richard Lensky<\/strong> (Michigan State University) nel 1988. Rapidi adattamenti sono osservabili anche\u00a0fuori dai laboratori: la\u00a0resistenza dei <a href=\"https:\/\/www.wired.it\/scienza\/medicina\/2015\/12\/29\/batterio-resiste-ultimo-antibiotico\/\">batteri agli antibiotici<\/a> \u00e8 forse l\u2019esempio pi\u00f9 immediato,\u00a0ma tutti i patogeni, dagli insetti ai funghi, sviluppano rapidamente <strong>ceppi resistenti<\/strong> a tutte le nostre contromisure. Anche i vertebrati <a href=\"http:\/\/aulascienze.scuola.zanichelli.it\/2014\/10\/01\/levoluzione-lampo-dello-spinarello\/\">possono cambiare<\/a> nel giro di pochi decenni, e in tutto il mondo stiamo gi\u00e0 assistendo agli adattamenti dovuti al <a href=\"http:\/\/evolution.berkeley.edu\/evolibrary\/news\/060701_warming\">cambio climatico<\/a>.<\/p>\n<p><strong>4. Gli esseri umani NON hanno smesso di evolversi<br \/>\n<\/strong>Nel 2013 il divulgatore britannico <strong>David Attenborough<\/strong> ha affermato che, almeno nei paesi pi\u00f9 sviluppati, l\u2019<a href=\"https:\/\/www.theguardian.com\/tv-and-radio\/2013\/sep\/10\/david-attenborough-human-evolution-stopped\">evoluzione umana si sarebbe fermata<\/a>: medicina ed elevati livelli di benessere avrebbero eliminato la lotta per la sopravvivenza, e di conseguenza l\u2019evoluzione. Non \u00e8 chiaro come un divulgatore tanto preparato abbia potuto fare un tale scivolone, ma i biologi <a href=\"https:\/\/theconversation.com\/sorry-attenborough-humans-still-evolve-by-natural-selection-18124\">non hanno tardato a replicare<\/a>. S\u00ec, indiscutibilmente la specie umana\u00a0sta continuando a evolversi, anche nelle societ\u00e0 dove quasi tutti raggiungono tranquillamente fino all\u2019et\u00e0 riproduttiva.\u00a0Non \u00e8 infatti necessario che molti\u00a0individui non sopravvivano <a href=\"https:\/\/ncse.com\/blog\/2015\/02\/misconception-monday-can-evolution-stop-0016202\">perch\u00e9 l\u2019evoluzione avvenga<\/a>:\u00a0finch\u00e9 alcuni faranno pi\u00f9 figli di altri, finch\u00e9 continueremo a scegliere (quindi in maniera non casuale) se e con chi riprodurci, e finch\u00e9 l\u2019ambiente intorno a noi continuer\u00e0 a mutare, il dna delle popolazioni continuer\u00e0 a cambiare e l\u2019<a href=\"https:\/\/www.theguardian.com\/commentisfree\/2013\/sep\/10\/david-attenborough-humans-still-evolving\">evoluzione continuer\u00e0 la sua strada<\/a>.<\/p>\n<p><strong>5. L\u2019adattamento perfetto NON esiste<\/strong><br \/>\nQuando volte guardando un documentario abbiamo sentito il narratore affermare che un certo organismo era <em>\u201cperfettamente adattato\u201d<\/em>? Sicuramente i risultati della selezione naturale possono farci rimanere a bocca aperta, ma i biologi sanno che la perfezione non \u00e8 un concetto applicabile agli esseri viventi. Come spiega <strong>Marco Ferrari<\/strong> nel libro l\u2019<em>Evoluzione \u00e8 ovunque<\/em> (Codice, 2015)\u00a0anche i pi\u00f9 stupefacenti adattamenti sono frutto di <strong>compromessi<\/strong>, non c\u2019\u00e8 spazio per assoluti:\u00a0<em>\u201cPer diventare una macchina da predazione, l\u2019evoluzione del ghepardo ha dovuto obbedire a numerosi compromessi che derivano da spinte evolutive differenti. Quelle che portano alla velocit\u00e0 evolverebbero strutture per farlo correre il pi\u00f9 rapidamente possibile, ma \u201ccoabitano\u201d con altre, come robustezza o capacit\u00e0 riproduttiva. Il risultato sono caratteristiche a met\u00e0 strada tra le une e le altre. [\u2026]\u00a0Non pu\u00f2 esistere, quindi, un ghepardo velocissimo e fortissimo\u201d.\u00a0<\/em>Le stesse considerazioni sono valide per qualunque specie, anche la nostra. Basta pensare alla nostra postura eretta con andatura bipede, celebrata\u00a0come un traguardo nella celebre (e antiscientifica) icona <em><a href=\"https:\/\/www.wired.it\/scienza\/2014\/02\/07\/migliori-bufale-evoluzione\/\">La marcia del progresso<\/a><\/em>:\u00a0rispetto alle altre scimmie gli umani hanno pelvi pi\u00f9 strette, una caratteristica che rende il <strong>parto pi\u00f9 rischioso<\/strong>, anche a causa della grandezza del nostro <strong>cervello<\/strong>. Un bacino ancora pi\u00f9 stretto, spiega Ferrari, potrebbe faciliterebbe la corsa, ma renderebbe impossibile la riproduzione, quindi quello che osserviamo \u00e8 il risultato di un compromesso tra diverse spinte evolutive.<\/p>\n<p>Stefano Della Casa &#8211; <a href=\"http:\/\/pikaia.eu\/5-errori-che-facciamo-sullevoluzione\/\">Pikaia<\/a><\/p>\n<p><em>(foto di Alessandro Chiometti)<\/em><\/p>\n","protected":false},"excerpt":{"rendered":"<p>Il 12 febbraio \u00e8 l\u2019anniversario della nascita di Charles Darwin e, come ogni anno, la ricorrenza \u00e8 l\u2019occasione per riaffermare pubblicamente l\u2019attualit\u00e0 degli studi e dell\u2019insegnamento dell\u2019evoluzione attraverso gli eventi Darwin Day. I Darwin Day italiani sono segnalati dal portale dell\u2019evoluzione Pikaia, mentre il sito dell\u2019International Darwin Day Foundation mostra gli eventi in tutto il [&hellip;]<\/p>\n","protected":false},"author":7,"featured_media":0,"comment_status":"closed","ping_status":"closed","sticky":false,"template":"","format":"standard","meta":{"footnotes":""},"categories":[238,233],"tags":[1658,1227,522,1657],"class_list":["post-14035","post","type-post","status-publish","format-standard","hentry","category-articoli","category-filosofia-2","tag-errori-sullevoluzione","tag-evoluzione","tag-pikaia","tag-setfenao-della-casa"],"yoast_head":"<!-- This site is optimized with the Yoast SEO plugin v27.1.1 - https:\/\/yoast.com\/product\/yoast-seo-wordpress\/ -->\n<title>Cinque errori che facciamo sull&#039;evoluzione - Associazione Culturale Civilt\u00e0 Laica<\/title>\n<meta name=\"description\" content=\"Sull&#039;evoluzione biologica da sempre si \u00e8 fatta un po&#039; di confusione, spesso in modo volutamente ambiguo. Sempre bene ricordare ci\u00f2 che sappiamo.\" \/>\n<meta name=\"robots\" content=\"index, follow, max-snippet:-1, max-image-preview:large, max-video-preview:-1\" \/>\n<link rel=\"canonical\" href=\"https:\/\/www.civiltalaica.it\/cms\/cinque-errori-che-facciamo-sullevoluzione\/\" \/>\n<meta property=\"og:locale\" content=\"it_IT\" \/>\n<meta property=\"og:type\" content=\"article\" \/>\n<meta property=\"og:title\" content=\"Cinque errori che facciamo sull&#039;evoluzione - Associazione Culturale Civilt\u00e0 Laica\" \/>\n<meta property=\"og:description\" content=\"Sull&#039;evoluzione biologica da sempre si \u00e8 fatta un po&#039; di confusione, spesso in modo volutamente ambiguo. Sempre bene ricordare ci\u00f2 che sappiamo.\" \/>\n<meta property=\"og:url\" content=\"https:\/\/www.civiltalaica.it\/cms\/cinque-errori-che-facciamo-sullevoluzione\/\" \/>\n<meta property=\"og:site_name\" content=\"Associazione Culturale Civilt\u00e0 Laica\" \/>\n<meta property=\"article:publisher\" content=\"https:\/\/www.facebook.com\/civiltalaica\" \/>\n<meta property=\"article:published_time\" content=\"2017-02-13T01:52:27+00:00\" \/>\n<meta property=\"og:image\" content=\"http:\/\/www.civiltalaica.it\/cms\/wp-content\/uploads\/2017\/02\/P1010901bis-1024x768.jpg\" \/>\n<meta name=\"author\" content=\"alexjc\" \/>\n<meta name=\"twitter:card\" content=\"summary_large_image\" \/>\n<meta name=\"twitter:label1\" content=\"Scritto da\" \/>\n\t<meta name=\"twitter:data1\" content=\"alexjc\" \/>\n\t<meta name=\"twitter:label2\" content=\"Tempo di lettura stimato\" \/>\n\t<meta name=\"twitter:data2\" content=\"6 minuti\" \/>\n<script type=\"application\/ld+json\" class=\"yoast-schema-graph\">{\"@context\":\"https:\/\/schema.org\",\"@graph\":[{\"@type\":\"Article\",\"@id\":\"https:\/\/www.civiltalaica.it\/cms\/cinque-errori-che-facciamo-sullevoluzione\/#article\",\"isPartOf\":{\"@id\":\"https:\/\/www.civiltalaica.it\/cms\/cinque-errori-che-facciamo-sullevoluzione\/\"},\"author\":{\"name\":\"alexjc\",\"@id\":\"https:\/\/www.civiltalaica.it\/cms\/#\/schema\/person\/4efef56f866329a1e0943eb27336df1d\"},\"headline\":\"Cinque errori che facciamo sull&#8217;evoluzione\",\"datePublished\":\"2017-02-13T01:52:27+00:00\",\"mainEntityOfPage\":{\"@id\":\"https:\/\/www.civiltalaica.it\/cms\/cinque-errori-che-facciamo-sullevoluzione\/\"},\"wordCount\":1136,\"image\":{\"@id\":\"https:\/\/www.civiltalaica.it\/cms\/cinque-errori-che-facciamo-sullevoluzione\/#primaryimage\"},\"thumbnailUrl\":\"http:\/\/www.civiltalaica.it\/cms\/wp-content\/uploads\/2017\/02\/P1010901bis-1024x768.jpg\",\"keywords\":[\"errori sull'evoluzione\",\"evoluzione\",\"pikaia\",\"setfenao della casa\"],\"articleSection\":[\"articoli\",\"filosofia e scienza\"],\"inLanguage\":\"it-IT\"},{\"@type\":\"WebPage\",\"@id\":\"https:\/\/www.civiltalaica.it\/cms\/cinque-errori-che-facciamo-sullevoluzione\/\",\"url\":\"https:\/\/www.civiltalaica.it\/cms\/cinque-errori-che-facciamo-sullevoluzione\/\",\"name\":\"Cinque errori che facciamo sull'evoluzione - Associazione Culturale Civilt\u00e0 Laica\",\"isPartOf\":{\"@id\":\"https:\/\/www.civiltalaica.it\/cms\/#website\"},\"primaryImageOfPage\":{\"@id\":\"https:\/\/www.civiltalaica.it\/cms\/cinque-errori-che-facciamo-sullevoluzione\/#primaryimage\"},\"image\":{\"@id\":\"https:\/\/www.civiltalaica.it\/cms\/cinque-errori-che-facciamo-sullevoluzione\/#primaryimage\"},\"thumbnailUrl\":\"http:\/\/www.civiltalaica.it\/cms\/wp-content\/uploads\/2017\/02\/P1010901bis-1024x768.jpg\",\"datePublished\":\"2017-02-13T01:52:27+00:00\",\"author\":{\"@id\":\"https:\/\/www.civiltalaica.it\/cms\/#\/schema\/person\/4efef56f866329a1e0943eb27336df1d\"},\"description\":\"Sull'evoluzione biologica da sempre si \u00e8 fatta un po' di confusione, spesso in modo volutamente ambiguo. Sempre bene ricordare ci\u00f2 che sappiamo.\",\"breadcrumb\":{\"@id\":\"https:\/\/www.civiltalaica.it\/cms\/cinque-errori-che-facciamo-sullevoluzione\/#breadcrumb\"},\"inLanguage\":\"it-IT\",\"potentialAction\":[{\"@type\":\"ReadAction\",\"target\":[\"https:\/\/www.civiltalaica.it\/cms\/cinque-errori-che-facciamo-sullevoluzione\/\"]}]},{\"@type\":\"ImageObject\",\"inLanguage\":\"it-IT\",\"@id\":\"https:\/\/www.civiltalaica.it\/cms\/cinque-errori-che-facciamo-sullevoluzione\/#primaryimage\",\"url\":\"http:\/\/www.civiltalaica.it\/cms\/wp-content\/uploads\/2017\/02\/P1010901bis-1024x768.jpg\",\"contentUrl\":\"http:\/\/www.civiltalaica.it\/cms\/wp-content\/uploads\/2017\/02\/P1010901bis-1024x768.jpg\"},{\"@type\":\"BreadcrumbList\",\"@id\":\"https:\/\/www.civiltalaica.it\/cms\/cinque-errori-che-facciamo-sullevoluzione\/#breadcrumb\",\"itemListElement\":[{\"@type\":\"ListItem\",\"position\":1,\"name\":\"Home\",\"item\":\"https:\/\/www.civiltalaica.it\/cms\/\"},{\"@type\":\"ListItem\",\"position\":2,\"name\":\"Cinque errori che facciamo sull&#8217;evoluzione\"}]},{\"@type\":\"WebSite\",\"@id\":\"https:\/\/www.civiltalaica.it\/cms\/#website\",\"url\":\"https:\/\/www.civiltalaica.it\/cms\/\",\"name\":\"Associazione Culturale Civilt\u00e0 Laica\",\"description\":\"Per un movimento culturale volto a difendere la Laicit\u00e0 dello Stato.\",\"potentialAction\":[{\"@type\":\"SearchAction\",\"target\":{\"@type\":\"EntryPoint\",\"urlTemplate\":\"https:\/\/www.civiltalaica.it\/cms\/?s={search_term_string}\"},\"query-input\":{\"@type\":\"PropertyValueSpecification\",\"valueRequired\":true,\"valueName\":\"search_term_string\"}}],\"inLanguage\":\"it-IT\"},{\"@type\":\"Person\",\"@id\":\"https:\/\/www.civiltalaica.it\/cms\/#\/schema\/person\/4efef56f866329a1e0943eb27336df1d\",\"name\":\"alexjc\",\"url\":\"https:\/\/www.civiltalaica.it\/cms\/author\/alexjc\/\"}]}<\/script>\n<!-- \/ Yoast SEO plugin. -->","yoast_head_json":{"title":"Cinque errori che facciamo sull'evoluzione - Associazione Culturale Civilt\u00e0 Laica","description":"Sull'evoluzione biologica da sempre si \u00e8 fatta un po' di confusione, spesso in modo volutamente ambiguo. Sempre bene ricordare ci\u00f2 che sappiamo.","robots":{"index":"index","follow":"follow","max-snippet":"max-snippet:-1","max-image-preview":"max-image-preview:large","max-video-preview":"max-video-preview:-1"},"canonical":"https:\/\/www.civiltalaica.it\/cms\/cinque-errori-che-facciamo-sullevoluzione\/","og_locale":"it_IT","og_type":"article","og_title":"Cinque errori che facciamo sull'evoluzione - Associazione Culturale Civilt\u00e0 Laica","og_description":"Sull'evoluzione biologica da sempre si \u00e8 fatta un po' di confusione, spesso in modo volutamente ambiguo. Sempre bene ricordare ci\u00f2 che sappiamo.","og_url":"https:\/\/www.civiltalaica.it\/cms\/cinque-errori-che-facciamo-sullevoluzione\/","og_site_name":"Associazione Culturale Civilt\u00e0 Laica","article_publisher":"https:\/\/www.facebook.com\/civiltalaica","article_published_time":"2017-02-13T01:52:27+00:00","og_image":[{"url":"http:\/\/www.civiltalaica.it\/cms\/wp-content\/uploads\/2017\/02\/P1010901bis-1024x768.jpg","type":"","width":"","height":""}],"author":"alexjc","twitter_card":"summary_large_image","twitter_misc":{"Scritto da":"alexjc","Tempo di lettura stimato":"6 minuti"},"schema":{"@context":"https:\/\/schema.org","@graph":[{"@type":"Article","@id":"https:\/\/www.civiltalaica.it\/cms\/cinque-errori-che-facciamo-sullevoluzione\/#article","isPartOf":{"@id":"https:\/\/www.civiltalaica.it\/cms\/cinque-errori-che-facciamo-sullevoluzione\/"},"author":{"name":"alexjc","@id":"https:\/\/www.civiltalaica.it\/cms\/#\/schema\/person\/4efef56f866329a1e0943eb27336df1d"},"headline":"Cinque errori che facciamo sull&#8217;evoluzione","datePublished":"2017-02-13T01:52:27+00:00","mainEntityOfPage":{"@id":"https:\/\/www.civiltalaica.it\/cms\/cinque-errori-che-facciamo-sullevoluzione\/"},"wordCount":1136,"image":{"@id":"https:\/\/www.civiltalaica.it\/cms\/cinque-errori-che-facciamo-sullevoluzione\/#primaryimage"},"thumbnailUrl":"http:\/\/www.civiltalaica.it\/cms\/wp-content\/uploads\/2017\/02\/P1010901bis-1024x768.jpg","keywords":["errori sull'evoluzione","evoluzione","pikaia","setfenao della casa"],"articleSection":["articoli","filosofia e scienza"],"inLanguage":"it-IT"},{"@type":"WebPage","@id":"https:\/\/www.civiltalaica.it\/cms\/cinque-errori-che-facciamo-sullevoluzione\/","url":"https:\/\/www.civiltalaica.it\/cms\/cinque-errori-che-facciamo-sullevoluzione\/","name":"Cinque errori che facciamo sull'evoluzione - Associazione Culturale Civilt\u00e0 Laica","isPartOf":{"@id":"https:\/\/www.civiltalaica.it\/cms\/#website"},"primaryImageOfPage":{"@id":"https:\/\/www.civiltalaica.it\/cms\/cinque-errori-che-facciamo-sullevoluzione\/#primaryimage"},"image":{"@id":"https:\/\/www.civiltalaica.it\/cms\/cinque-errori-che-facciamo-sullevoluzione\/#primaryimage"},"thumbnailUrl":"http:\/\/www.civiltalaica.it\/cms\/wp-content\/uploads\/2017\/02\/P1010901bis-1024x768.jpg","datePublished":"2017-02-13T01:52:27+00:00","author":{"@id":"https:\/\/www.civiltalaica.it\/cms\/#\/schema\/person\/4efef56f866329a1e0943eb27336df1d"},"description":"Sull'evoluzione biologica da sempre si \u00e8 fatta un po' di confusione, spesso in modo volutamente ambiguo. Sempre bene ricordare ci\u00f2 che sappiamo.","breadcrumb":{"@id":"https:\/\/www.civiltalaica.it\/cms\/cinque-errori-che-facciamo-sullevoluzione\/#breadcrumb"},"inLanguage":"it-IT","potentialAction":[{"@type":"ReadAction","target":["https:\/\/www.civiltalaica.it\/cms\/cinque-errori-che-facciamo-sullevoluzione\/"]}]},{"@type":"ImageObject","inLanguage":"it-IT","@id":"https:\/\/www.civiltalaica.it\/cms\/cinque-errori-che-facciamo-sullevoluzione\/#primaryimage","url":"http:\/\/www.civiltalaica.it\/cms\/wp-content\/uploads\/2017\/02\/P1010901bis-1024x768.jpg","contentUrl":"http:\/\/www.civiltalaica.it\/cms\/wp-content\/uploads\/2017\/02\/P1010901bis-1024x768.jpg"},{"@type":"BreadcrumbList","@id":"https:\/\/www.civiltalaica.it\/cms\/cinque-errori-che-facciamo-sullevoluzione\/#breadcrumb","itemListElement":[{"@type":"ListItem","position":1,"name":"Home","item":"https:\/\/www.civiltalaica.it\/cms\/"},{"@type":"ListItem","position":2,"name":"Cinque errori che facciamo sull&#8217;evoluzione"}]},{"@type":"WebSite","@id":"https:\/\/www.civiltalaica.it\/cms\/#website","url":"https:\/\/www.civiltalaica.it\/cms\/","name":"Associazione Culturale Civilt\u00e0 Laica","description":"Per un movimento culturale volto a difendere la Laicit\u00e0 dello Stato.","potentialAction":[{"@type":"SearchAction","target":{"@type":"EntryPoint","urlTemplate":"https:\/\/www.civiltalaica.it\/cms\/?s={search_term_string}"},"query-input":{"@type":"PropertyValueSpecification","valueRequired":true,"valueName":"search_term_string"}}],"inLanguage":"it-IT"},{"@type":"Person","@id":"https:\/\/www.civiltalaica.it\/cms\/#\/schema\/person\/4efef56f866329a1e0943eb27336df1d","name":"alexjc","url":"https:\/\/www.civiltalaica.it\/cms\/author\/alexjc\/"}]}},"_links":{"self":[{"href":"https:\/\/www.civiltalaica.it\/cms\/wp-json\/wp\/v2\/posts\/14035","targetHints":{"allow":["GET"]}}],"collection":[{"href":"https:\/\/www.civiltalaica.it\/cms\/wp-json\/wp\/v2\/posts"}],"about":[{"href":"https:\/\/www.civiltalaica.it\/cms\/wp-json\/wp\/v2\/types\/post"}],"author":[{"embeddable":true,"href":"https:\/\/www.civiltalaica.it\/cms\/wp-json\/wp\/v2\/users\/7"}],"replies":[{"embeddable":true,"href":"https:\/\/www.civiltalaica.it\/cms\/wp-json\/wp\/v2\/comments?post=14035"}],"version-history":[{"count":2,"href":"https:\/\/www.civiltalaica.it\/cms\/wp-json\/wp\/v2\/posts\/14035\/revisions"}],"predecessor-version":[{"id":14039,"href":"https:\/\/www.civiltalaica.it\/cms\/wp-json\/wp\/v2\/posts\/14035\/revisions\/14039"}],"wp:attachment":[{"href":"https:\/\/www.civiltalaica.it\/cms\/wp-json\/wp\/v2\/media?parent=14035"}],"wp:term":[{"taxonomy":"category","embeddable":true,"href":"https:\/\/www.civiltalaica.it\/cms\/wp-json\/wp\/v2\/categories?post=14035"},{"taxonomy":"post_tag","embeddable":true,"href":"https:\/\/www.civiltalaica.it\/cms\/wp-json\/wp\/v2\/tags?post=14035"}],"curies":[{"name":"wp","href":"https:\/\/api.w.org\/{rel}","templated":true}]}}