{"id":14001,"date":"2017-01-28T10:43:42","date_gmt":"2017-01-28T10:43:42","guid":{"rendered":"http:\/\/www.civiltalaica.it\/cms\/?p=14001"},"modified":"2017-01-28T10:43:43","modified_gmt":"2017-01-28T10:43:43","slug":"la-grande-vittoria-iostoconibambini","status":"publish","type":"post","link":"https:\/\/www.civiltalaica.it\/cms\/la-grande-vittoria-iostoconibambini\/","title":{"rendered":"La grande vittoria di quelli che #iostoconibambini"},"content":{"rendered":"<p><a href=\"http:\/\/www.civiltalaica.it\/cms\/index.php\/la-grande-vittoria-iostoconibambini.html\/pensieribn\" rel=\"attachment wp-att-14002\"><img loading=\"lazy\" decoding=\"async\" class=\"alignleft  wp-image-14002\" src=\"http:\/\/www.civiltalaica.it\/cms\/wp-content\/uploads\/2017\/01\/pensieriBN-1024x671.jpg\" alt=\"\" width=\"422\" height=\"276\" srcset=\"https:\/\/www.civiltalaica.it\/cms\/wp-content\/uploads\/2017\/01\/pensieriBN-1024x671.jpg 1024w, https:\/\/www.civiltalaica.it\/cms\/wp-content\/uploads\/2017\/01\/pensieriBN-300x197.jpg 300w, https:\/\/www.civiltalaica.it\/cms\/wp-content\/uploads\/2017\/01\/pensieriBN-768x503.jpg 768w, https:\/\/www.civiltalaica.it\/cms\/wp-content\/uploads\/2017\/01\/pensieriBN-244x160.jpg 244w, https:\/\/www.civiltalaica.it\/cms\/wp-content\/uploads\/2017\/01\/pensieriBN-430x280.jpg 430w, https:\/\/www.civiltalaica.it\/cms\/wp-content\/uploads\/2017\/01\/pensieriBN.jpg 1080w\" sizes=\"auto, (max-width: 422px) 100vw, 422px\" \/><\/a><\/p>\n<p>Lasciamo perdere per una volta le facile battute del tipo che anche Don Cantini usava lo stesso slogan.<\/p>\n<p>Lasciamo perdere che tutti noi laici sappiamo che dei bambini a questi tizi non glie n&#8217;\u00e8 mai fregato niente se non come scusa per imporre i propri dogmi medievali. E lo diciamo a ragion veduta, perch\u00e9 a coloro che interessano i bambini si preoccupano di fargli avere informazioni corrette sulla loro sessualit\u00e0 e non fesserie che gli causeranno traumi nella pubert\u00e0. Coloro a cui stanno a cuore veramente i bambini si preoccuperebbero di far emanare severe leggi antibullismo invece di boicottarle. Oppure, ancora pi\u00f9 semplicemente, se ti interessa qualcosa dei bambini fai sentire la tua protesta quando viene distrutta la scuola pubblica non quando tolgono il crocifisso o vogliono inserire l&#8217;educazione sessuale.<\/p>\n<p>Veniamo al dunque.<\/p>\n<p>L&#8217;altro giorno la \u201cGrand Chambre\u201d di Strasburgo, ovvero l&#8217;equivalente dell&#8217;appello alle decisioni della Corte Europea dei Dirtti Umani ha ribaltato la sentenza su un caso di maternit\u00e0 surrogata. confermando la persistente schizofrenia del sistema CEDU.<\/p>\n<p>Il caso in esame riguardava una coppia italiana sterile che, tanto per usare il meschino vocabolario di quelli che #iostoconibambini, aveva comprato un bambino in Russia.<\/p>\n<p>Il tribunale italiano glie lo aveva quindi tolto non sussistendo legame biologico con i genitori e affidato a un&#8217;altra famiglia.<br \/>\nLa Corte Europea aveva dato ragione alla coppia che aveva \u201ccomprato\u201d il bambino, affermando che la giustizia italiana aveva violato l&#8217;art. 8 della Convenzione dei Diritti dell&#8217;Uomo (diritto alla vita privata e familiare, per inciso lo stesso articolo a cui quelli che #iostoconibambini si appellano quando pretendono che la scuola non deve occuparsi dell&#8217;educazione sessuale), la Grand Chambre invece da ragione al tribunale italiano che dicono \u201cavrebbe agito nell&#8217;interesse superiore del bambino\u201d e \u201cposto un freno alla pratica della surrogancy\u201d.<\/p>\n<p>Ora lungi da noi da far capire l&#8217;ipocrisia di sostenere che se adotti un figlio pagando decine di migliaia di euro (fatturabili e non) alle varie associazioni benefiche che gestiscono de facto il business dell&#8217;adozione va tutto bene, mentre se vai in Russia e fai la pratica (peraltro legale in quel paese ) della maternit\u00e0 surrogata no. Per qualche strano e contorto meccanismo mentale nel primo caso si tratta di \u201ccomprare\u201d un bimbo e quindi di \u201cmercificare\u201d il corpo della donna. Nel secondo caso si tratta di fare del bene adottandolo rimpinguando le casse di funzionari corrotti che gestiscono i famigerati orfanotrofi dell&#8217;est. Per non parlare dei recenti scandali nostrani <a href=\"http:\/\/torino.repubblica.it\/cronaca\/2017\/01\/16\/news\/anna_enzo_b_mi_ha_illusa_7_anni_adesso_so_che_l_adozione_promessa_non_arrivera_mai_-156118426\/\">riportati dai giornali<\/a>.<\/p>\n<p>Insomma cosa ha stabilito in buona sostanza la Grand Chambre? Che \u00e8 lo Stato e il in particolare il giudice del tribunale a stabilire cosa \u00e8 \u201cinteresse superiore del bambino\u201d. E che sempre il tribunale ha il diritto di condannare moralmente anche chi non commette reato (il reato si commette quando si viola una legge di un dato paese, nessuno pu\u00f2 essere condannato per aver comprato droga in un coffe shop di Amsterdam, quindi nessuno pu\u00f2 essere condannato per aver usufruito della maternit\u00e0 surrogata in Russia) allontanando anche la prole se questo giudice reputa che non pu\u00f2 crescere sana (il figlio era a tutti gli effetti della prima coppia stando alla legge russa).<br \/>\nOvviamente in questo caso il giudice era \u201cfacilitato\u201d dal fatto che non ci fosse legame genetico fra la coppia rientrante in Italia e il neonato, tuttavia mentre quelli che #iostoconibambini scrivono commenti entusiasti ci piacerebbe ragionare (non con loro perch\u00e9 \u00e8 impossibile) su quali possano essere le conseguenze di questa sentenza.<\/p>\n<p>Non troppo tempo fa, un giudice mise \u201cnero su bianco\u201d che un ragazzo non cresceva bene con la madre perch\u00e9 si era iscritto ai giovani comunisti, formazione estremista e quindi segno di disagio. Dopo la sentenza della Grande Chambre si aprono inquietanti prospettive, chiss\u00e0 chi saranno i prossimi ritenuti indegni dai giudici?<\/p>\n","protected":false},"excerpt":{"rendered":"<p>Lasciamo perdere per una volta le facile battute del tipo che anche Don Cantini usava lo stesso slogan. Lasciamo perdere che tutti noi laici sappiamo che dei bambini a questi tizi non glie n&#8217;\u00e8 mai fregato niente se non come scusa per imporre i propri dogmi medievali. E lo diciamo a ragion veduta, perch\u00e9 a [&hellip;]<\/p>\n","protected":false},"author":7,"featured_media":0,"comment_status":"closed","ping_status":"closed","sticky":false,"template":"","format":"standard","meta":{"footnotes":""},"categories":[238,232],"tags":[79,749,1093,157,1653,1652],"class_list":["post-14001","post","type-post","status-publish","format-standard","hentry","category-articoli","category-riflessioni-2","tag-alessandro-chiometti","tag-cedu","tag-corte-di-strasburgo","tag-diritti-umani","tag-grand-chambre","tag-maternita-surrogata"],"yoast_head":"<!-- This site is optimized with the Yoast SEO plugin v27.1.1 - https:\/\/yoast.com\/product\/yoast-seo-wordpress\/ -->\n<title>La grande vittoria di quelli che #iostoconibambini - Associazione Culturale Civilt\u00e0 Laica<\/title>\n<meta name=\"description\" content=\"I clericali nostrani esultano per la sentenza della Cedu. Sentenza che conferma la schizofrenia di un sistema da rivedere e che apre scenari inquietanti.\" \/>\n<meta name=\"robots\" content=\"index, follow, max-snippet:-1, max-image-preview:large, max-video-preview:-1\" \/>\n<link rel=\"canonical\" href=\"https:\/\/www.civiltalaica.it\/cms\/la-grande-vittoria-iostoconibambini\/\" \/>\n<meta property=\"og:locale\" content=\"it_IT\" \/>\n<meta property=\"og:type\" content=\"article\" \/>\n<meta property=\"og:title\" content=\"La grande vittoria di quelli che #iostoconibambini - Associazione Culturale Civilt\u00e0 Laica\" \/>\n<meta property=\"og:description\" content=\"I clericali nostrani esultano per la sentenza della Cedu. Sentenza che conferma la schizofrenia di un sistema da rivedere e che apre scenari inquietanti.\" \/>\n<meta property=\"og:url\" content=\"https:\/\/www.civiltalaica.it\/cms\/la-grande-vittoria-iostoconibambini\/\" \/>\n<meta property=\"og:site_name\" content=\"Associazione Culturale Civilt\u00e0 Laica\" \/>\n<meta property=\"article:publisher\" content=\"https:\/\/www.facebook.com\/civiltalaica\" \/>\n<meta property=\"article:published_time\" content=\"2017-01-28T10:43:42+00:00\" \/>\n<meta property=\"article:modified_time\" content=\"2017-01-28T10:43:43+00:00\" \/>\n<meta property=\"og:image\" content=\"http:\/\/www.civiltalaica.it\/cms\/wp-content\/uploads\/2017\/01\/pensieriBN-1024x671.jpg\" \/>\n<meta name=\"author\" content=\"alexjc\" \/>\n<meta name=\"twitter:card\" content=\"summary_large_image\" \/>\n<meta name=\"twitter:label1\" content=\"Scritto da\" \/>\n\t<meta name=\"twitter:data1\" content=\"alexjc\" \/>\n\t<meta name=\"twitter:label2\" content=\"Tempo di lettura stimato\" \/>\n\t<meta name=\"twitter:data2\" content=\"3 minuti\" \/>\n<script type=\"application\/ld+json\" class=\"yoast-schema-graph\">{\"@context\":\"https:\/\/schema.org\",\"@graph\":[{\"@type\":\"Article\",\"@id\":\"https:\/\/www.civiltalaica.it\/cms\/la-grande-vittoria-iostoconibambini\/#article\",\"isPartOf\":{\"@id\":\"https:\/\/www.civiltalaica.it\/cms\/la-grande-vittoria-iostoconibambini\/\"},\"author\":{\"name\":\"alexjc\",\"@id\":\"https:\/\/www.civiltalaica.it\/cms\/#\/schema\/person\/4efef56f866329a1e0943eb27336df1d\"},\"headline\":\"La grande vittoria di quelli che #iostoconibambini\",\"datePublished\":\"2017-01-28T10:43:42+00:00\",\"dateModified\":\"2017-01-28T10:43:43+00:00\",\"mainEntityOfPage\":{\"@id\":\"https:\/\/www.civiltalaica.it\/cms\/la-grande-vittoria-iostoconibambini\/\"},\"wordCount\":625,\"image\":{\"@id\":\"https:\/\/www.civiltalaica.it\/cms\/la-grande-vittoria-iostoconibambini\/#primaryimage\"},\"thumbnailUrl\":\"http:\/\/www.civiltalaica.it\/cms\/wp-content\/uploads\/2017\/01\/pensieriBN-1024x671.jpg\",\"keywords\":[\"alessandro chiometti\",\"cedu\",\"corte di strasburgo\",\"diritti umani\",\"grand chambre\",\"maternit\u00e0 surrogata\"],\"articleSection\":[\"articoli\",\"riflessioni\"],\"inLanguage\":\"it-IT\"},{\"@type\":\"WebPage\",\"@id\":\"https:\/\/www.civiltalaica.it\/cms\/la-grande-vittoria-iostoconibambini\/\",\"url\":\"https:\/\/www.civiltalaica.it\/cms\/la-grande-vittoria-iostoconibambini\/\",\"name\":\"La grande vittoria di quelli che #iostoconibambini - Associazione Culturale Civilt\u00e0 Laica\",\"isPartOf\":{\"@id\":\"https:\/\/www.civiltalaica.it\/cms\/#website\"},\"primaryImageOfPage\":{\"@id\":\"https:\/\/www.civiltalaica.it\/cms\/la-grande-vittoria-iostoconibambini\/#primaryimage\"},\"image\":{\"@id\":\"https:\/\/www.civiltalaica.it\/cms\/la-grande-vittoria-iostoconibambini\/#primaryimage\"},\"thumbnailUrl\":\"http:\/\/www.civiltalaica.it\/cms\/wp-content\/uploads\/2017\/01\/pensieriBN-1024x671.jpg\",\"datePublished\":\"2017-01-28T10:43:42+00:00\",\"dateModified\":\"2017-01-28T10:43:43+00:00\",\"author\":{\"@id\":\"https:\/\/www.civiltalaica.it\/cms\/#\/schema\/person\/4efef56f866329a1e0943eb27336df1d\"},\"description\":\"I clericali nostrani esultano per la sentenza della Cedu. Sentenza che conferma la schizofrenia di un sistema da rivedere e che apre scenari inquietanti.\",\"breadcrumb\":{\"@id\":\"https:\/\/www.civiltalaica.it\/cms\/la-grande-vittoria-iostoconibambini\/#breadcrumb\"},\"inLanguage\":\"it-IT\",\"potentialAction\":[{\"@type\":\"ReadAction\",\"target\":[\"https:\/\/www.civiltalaica.it\/cms\/la-grande-vittoria-iostoconibambini\/\"]}]},{\"@type\":\"ImageObject\",\"inLanguage\":\"it-IT\",\"@id\":\"https:\/\/www.civiltalaica.it\/cms\/la-grande-vittoria-iostoconibambini\/#primaryimage\",\"url\":\"http:\/\/www.civiltalaica.it\/cms\/wp-content\/uploads\/2017\/01\/pensieriBN-1024x671.jpg\",\"contentUrl\":\"http:\/\/www.civiltalaica.it\/cms\/wp-content\/uploads\/2017\/01\/pensieriBN-1024x671.jpg\"},{\"@type\":\"BreadcrumbList\",\"@id\":\"https:\/\/www.civiltalaica.it\/cms\/la-grande-vittoria-iostoconibambini\/#breadcrumb\",\"itemListElement\":[{\"@type\":\"ListItem\",\"position\":1,\"name\":\"Home\",\"item\":\"https:\/\/www.civiltalaica.it\/cms\/\"},{\"@type\":\"ListItem\",\"position\":2,\"name\":\"La grande vittoria di quelli che #iostoconibambini\"}]},{\"@type\":\"WebSite\",\"@id\":\"https:\/\/www.civiltalaica.it\/cms\/#website\",\"url\":\"https:\/\/www.civiltalaica.it\/cms\/\",\"name\":\"Associazione Culturale Civilt\u00e0 Laica\",\"description\":\"Per un movimento culturale volto a difendere la Laicit\u00e0 dello Stato.\",\"potentialAction\":[{\"@type\":\"SearchAction\",\"target\":{\"@type\":\"EntryPoint\",\"urlTemplate\":\"https:\/\/www.civiltalaica.it\/cms\/?s={search_term_string}\"},\"query-input\":{\"@type\":\"PropertyValueSpecification\",\"valueRequired\":true,\"valueName\":\"search_term_string\"}}],\"inLanguage\":\"it-IT\"},{\"@type\":\"Person\",\"@id\":\"https:\/\/www.civiltalaica.it\/cms\/#\/schema\/person\/4efef56f866329a1e0943eb27336df1d\",\"name\":\"alexjc\",\"url\":\"https:\/\/www.civiltalaica.it\/cms\/author\/alexjc\/\"}]}<\/script>\n<!-- \/ Yoast SEO plugin. -->","yoast_head_json":{"title":"La grande vittoria di quelli che #iostoconibambini - Associazione Culturale Civilt\u00e0 Laica","description":"I clericali nostrani esultano per la sentenza della Cedu. Sentenza che conferma la schizofrenia di un sistema da rivedere e che apre scenari inquietanti.","robots":{"index":"index","follow":"follow","max-snippet":"max-snippet:-1","max-image-preview":"max-image-preview:large","max-video-preview":"max-video-preview:-1"},"canonical":"https:\/\/www.civiltalaica.it\/cms\/la-grande-vittoria-iostoconibambini\/","og_locale":"it_IT","og_type":"article","og_title":"La grande vittoria di quelli che #iostoconibambini - Associazione Culturale Civilt\u00e0 Laica","og_description":"I clericali nostrani esultano per la sentenza della Cedu. Sentenza che conferma la schizofrenia di un sistema da rivedere e che apre scenari inquietanti.","og_url":"https:\/\/www.civiltalaica.it\/cms\/la-grande-vittoria-iostoconibambini\/","og_site_name":"Associazione Culturale Civilt\u00e0 Laica","article_publisher":"https:\/\/www.facebook.com\/civiltalaica","article_published_time":"2017-01-28T10:43:42+00:00","article_modified_time":"2017-01-28T10:43:43+00:00","og_image":[{"url":"http:\/\/www.civiltalaica.it\/cms\/wp-content\/uploads\/2017\/01\/pensieriBN-1024x671.jpg","type":"","width":"","height":""}],"author":"alexjc","twitter_card":"summary_large_image","twitter_misc":{"Scritto da":"alexjc","Tempo di lettura stimato":"3 minuti"},"schema":{"@context":"https:\/\/schema.org","@graph":[{"@type":"Article","@id":"https:\/\/www.civiltalaica.it\/cms\/la-grande-vittoria-iostoconibambini\/#article","isPartOf":{"@id":"https:\/\/www.civiltalaica.it\/cms\/la-grande-vittoria-iostoconibambini\/"},"author":{"name":"alexjc","@id":"https:\/\/www.civiltalaica.it\/cms\/#\/schema\/person\/4efef56f866329a1e0943eb27336df1d"},"headline":"La grande vittoria di quelli che #iostoconibambini","datePublished":"2017-01-28T10:43:42+00:00","dateModified":"2017-01-28T10:43:43+00:00","mainEntityOfPage":{"@id":"https:\/\/www.civiltalaica.it\/cms\/la-grande-vittoria-iostoconibambini\/"},"wordCount":625,"image":{"@id":"https:\/\/www.civiltalaica.it\/cms\/la-grande-vittoria-iostoconibambini\/#primaryimage"},"thumbnailUrl":"http:\/\/www.civiltalaica.it\/cms\/wp-content\/uploads\/2017\/01\/pensieriBN-1024x671.jpg","keywords":["alessandro chiometti","cedu","corte di strasburgo","diritti umani","grand chambre","maternit\u00e0 surrogata"],"articleSection":["articoli","riflessioni"],"inLanguage":"it-IT"},{"@type":"WebPage","@id":"https:\/\/www.civiltalaica.it\/cms\/la-grande-vittoria-iostoconibambini\/","url":"https:\/\/www.civiltalaica.it\/cms\/la-grande-vittoria-iostoconibambini\/","name":"La grande vittoria di quelli che #iostoconibambini - Associazione Culturale Civilt\u00e0 Laica","isPartOf":{"@id":"https:\/\/www.civiltalaica.it\/cms\/#website"},"primaryImageOfPage":{"@id":"https:\/\/www.civiltalaica.it\/cms\/la-grande-vittoria-iostoconibambini\/#primaryimage"},"image":{"@id":"https:\/\/www.civiltalaica.it\/cms\/la-grande-vittoria-iostoconibambini\/#primaryimage"},"thumbnailUrl":"http:\/\/www.civiltalaica.it\/cms\/wp-content\/uploads\/2017\/01\/pensieriBN-1024x671.jpg","datePublished":"2017-01-28T10:43:42+00:00","dateModified":"2017-01-28T10:43:43+00:00","author":{"@id":"https:\/\/www.civiltalaica.it\/cms\/#\/schema\/person\/4efef56f866329a1e0943eb27336df1d"},"description":"I clericali nostrani esultano per la sentenza della Cedu. Sentenza che conferma la schizofrenia di un sistema da rivedere e che apre scenari inquietanti.","breadcrumb":{"@id":"https:\/\/www.civiltalaica.it\/cms\/la-grande-vittoria-iostoconibambini\/#breadcrumb"},"inLanguage":"it-IT","potentialAction":[{"@type":"ReadAction","target":["https:\/\/www.civiltalaica.it\/cms\/la-grande-vittoria-iostoconibambini\/"]}]},{"@type":"ImageObject","inLanguage":"it-IT","@id":"https:\/\/www.civiltalaica.it\/cms\/la-grande-vittoria-iostoconibambini\/#primaryimage","url":"http:\/\/www.civiltalaica.it\/cms\/wp-content\/uploads\/2017\/01\/pensieriBN-1024x671.jpg","contentUrl":"http:\/\/www.civiltalaica.it\/cms\/wp-content\/uploads\/2017\/01\/pensieriBN-1024x671.jpg"},{"@type":"BreadcrumbList","@id":"https:\/\/www.civiltalaica.it\/cms\/la-grande-vittoria-iostoconibambini\/#breadcrumb","itemListElement":[{"@type":"ListItem","position":1,"name":"Home","item":"https:\/\/www.civiltalaica.it\/cms\/"},{"@type":"ListItem","position":2,"name":"La grande vittoria di quelli che #iostoconibambini"}]},{"@type":"WebSite","@id":"https:\/\/www.civiltalaica.it\/cms\/#website","url":"https:\/\/www.civiltalaica.it\/cms\/","name":"Associazione Culturale Civilt\u00e0 Laica","description":"Per un movimento culturale volto a difendere la Laicit\u00e0 dello Stato.","potentialAction":[{"@type":"SearchAction","target":{"@type":"EntryPoint","urlTemplate":"https:\/\/www.civiltalaica.it\/cms\/?s={search_term_string}"},"query-input":{"@type":"PropertyValueSpecification","valueRequired":true,"valueName":"search_term_string"}}],"inLanguage":"it-IT"},{"@type":"Person","@id":"https:\/\/www.civiltalaica.it\/cms\/#\/schema\/person\/4efef56f866329a1e0943eb27336df1d","name":"alexjc","url":"https:\/\/www.civiltalaica.it\/cms\/author\/alexjc\/"}]}},"_links":{"self":[{"href":"https:\/\/www.civiltalaica.it\/cms\/wp-json\/wp\/v2\/posts\/14001","targetHints":{"allow":["GET"]}}],"collection":[{"href":"https:\/\/www.civiltalaica.it\/cms\/wp-json\/wp\/v2\/posts"}],"about":[{"href":"https:\/\/www.civiltalaica.it\/cms\/wp-json\/wp\/v2\/types\/post"}],"author":[{"embeddable":true,"href":"https:\/\/www.civiltalaica.it\/cms\/wp-json\/wp\/v2\/users\/7"}],"replies":[{"embeddable":true,"href":"https:\/\/www.civiltalaica.it\/cms\/wp-json\/wp\/v2\/comments?post=14001"}],"version-history":[{"count":2,"href":"https:\/\/www.civiltalaica.it\/cms\/wp-json\/wp\/v2\/posts\/14001\/revisions"}],"predecessor-version":[{"id":14004,"href":"https:\/\/www.civiltalaica.it\/cms\/wp-json\/wp\/v2\/posts\/14001\/revisions\/14004"}],"wp:attachment":[{"href":"https:\/\/www.civiltalaica.it\/cms\/wp-json\/wp\/v2\/media?parent=14001"}],"wp:term":[{"taxonomy":"category","embeddable":true,"href":"https:\/\/www.civiltalaica.it\/cms\/wp-json\/wp\/v2\/categories?post=14001"},{"taxonomy":"post_tag","embeddable":true,"href":"https:\/\/www.civiltalaica.it\/cms\/wp-json\/wp\/v2\/tags?post=14001"}],"curies":[{"name":"wp","href":"https:\/\/api.w.org\/{rel}","templated":true}]}}