{"id":13873,"date":"2016-11-06T17:15:12","date_gmt":"2016-11-06T17:15:12","guid":{"rendered":"http:\/\/www.civiltalaica.it\/cms\/?p=13873"},"modified":"2016-11-06T17:39:24","modified_gmt":"2016-11-06T17:39:24","slug":"terni-horror-fest-appuntamento-al-2017","status":"publish","type":"post","link":"https:\/\/www.civiltalaica.it\/cms\/terni-horror-fest-appuntamento-al-2017\/","title":{"rendered":"Terni Horror Fest, appuntamento al 2017"},"content":{"rendered":"<p><a href=\"http:\/\/www.civiltalaica.it\/cms\/index.php\/terni-horror-fest-appuntamento-al-2017.html\/p1010605\" rel=\"attachment wp-att-13874\"><img loading=\"lazy\" decoding=\"async\" class=\"alignleft wp-image-13874\" src=\"http:\/\/www.civiltalaica.it\/cms\/wp-content\/uploads\/2016\/11\/P1010605-1024x768.jpg\" alt=\"p1010605\" width=\"616\" height=\"462\" srcset=\"https:\/\/www.civiltalaica.it\/cms\/wp-content\/uploads\/2016\/11\/P1010605-1024x768.jpg 1024w, https:\/\/www.civiltalaica.it\/cms\/wp-content\/uploads\/2016\/11\/P1010605-300x225.jpg 300w, https:\/\/www.civiltalaica.it\/cms\/wp-content\/uploads\/2016\/11\/P1010605-768x576.jpg 768w, https:\/\/www.civiltalaica.it\/cms\/wp-content\/uploads\/2016\/11\/P1010605-213x160.jpg 213w\" sizes=\"auto, (max-width: 616px) 100vw, 616px\" \/><\/a>Come ideatori del festival e come curatori dell&#8217;aspetto &#8220;artistico&#8221; <span class=\"text_exposed_show\">siamo soddisfatti della riuscita del festival e ringraziamo Dalia Edizioni e i ragazzi del CAOS &#8211; Centro arti opificio siri per aver vissuto questo secondo anno di avventure insieme. <\/span><\/p>\n<p><span class=\"text_exposed_show\">Un immenso grazie anche a tutti gli ospiti: a Gabriele Orsini, Alessandro Panbianco, e Cristiano Gazzarrini\u00a0giovani registi che hanno proiettato e presentato i loro cortometraggi.<br \/>\nAi Lettori ad Alta Voce di Terni che per l&#8217;occasione sono diventati &#8220;quasi&#8221; attori teatrali per l&#8217;interpretazione dei racconti, ovvero: \u00a0Maurizio Sborgia, Loredana Strinati, Sophia Loesch Onofri, Federico Piccirillo, Giovanni Tasca, Adelaide Nascetti e Roberta Argenti.<br \/>\nAd Annalisa Basili che ha presentato il suo romanzo &#8220;Le ombre di Narnja&#8221;.<\/span><span class=\"text_exposed_show\"><br \/>\n<\/span><span class=\"text_exposed_show\">Agli ospiti d&#8217;onore Fabrizio Accatino per l&#8217;incontro su Dylan Dog e a Tullio Dobner a cui aggiungiamo al grazie i migliori auguri di guarigione e un invito &#8220;open&#8221; a venirci a trovare quando vuole.<br \/>\nInfine anche un grazie ai giornalisti che hanno garantito un&#8217;ottima copertura mediatica dell&#8217;evento.\u00a0<\/span><\/p>\n<p><span class=\"text_exposed_show\">Ovviamente ci sono molto aspetti da valutare e anche diverse cose in cui aggiustare il tiro, ma \u00e8 ovvio che le prime edizioni di un festival servano anche a questo. Ma che la cosa desti interesse in una citt\u00e0 in cui la cultura \u00e8 un aspetto profondamente trascurato negli ultimi anni dalle amministrazioni locali e regionali (dispiace dirlo ma \u00e8 cos\u00ec, \u00e8 un dato di fatto) \u00e8 fuori di dubbio. <\/span><\/p>\n<p><span class=\"text_exposed_show\">Possiamo gi\u00e0 dire che sicuramente ci sar\u00e0 il Terni Horror Fest 2017 ma \u00e8 ancora assolutamente presto per anticipare qualunque cosa. <\/span><\/p>\n<p><span class=\"text_exposed_show\">Grazie a tutti i partecipanti, per i vostri apprezzamenti e la vostra collaborazione e come diciamo sempre ai nostri amici&#8230; STAY TUNED FOR MORE ROCK&#8217;N ROLL. <\/span><\/p>\n","protected":false},"excerpt":{"rendered":"<p>Come ideatori del festival e come curatori dell&#8217;aspetto &#8220;artistico&#8221; siamo soddisfatti della riuscita del festival e ringraziamo Dalia Edizioni e i ragazzi del CAOS &#8211; Centro arti opificio siri per aver vissuto questo secondo anno di avventure insieme. Un immenso grazie anche a tutti gli ospiti: a Gabriele Orsini, Alessandro Panbianco, e Cristiano Gazzarrini\u00a0giovani registi [&hellip;]<\/p>\n","protected":false},"author":7,"featured_media":0,"comment_status":"closed","ping_status":"closed","sticky":false,"template":"","format":"standard","meta":{"footnotes":""},"categories":[238,235],"tags":[506,1328,10,1622,1621,1623,127,1533],"class_list":["post-13873","post","type-post","status-publish","format-standard","hentry","category-articoli","category-andata","tag-cultura","tag-festival","tag-film","tag-letterartura","tag-orrore","tag-reading-teatrali","tag-terni","tag-terni-horror-fest"],"yoast_head":"<!-- This site is optimized with the Yoast SEO plugin v27.1.1 - https:\/\/yoast.com\/product\/yoast-seo-wordpress\/ -->\n<title>Terni Horror Fest, appuntamento al 2017 - Associazione Culturale Civilt\u00e0 Laica<\/title>\n<meta name=\"description\" content=\"Un festival alla seconda edizione, che ha gi\u00e0 molti punti di forza e un discreto seguito. Non servono i milioni per fare cultura.\" \/>\n<meta name=\"robots\" content=\"index, follow, max-snippet:-1, max-image-preview:large, max-video-preview:-1\" \/>\n<link rel=\"canonical\" href=\"https:\/\/www.civiltalaica.it\/cms\/terni-horror-fest-appuntamento-al-2017\/\" \/>\n<meta property=\"og:locale\" content=\"it_IT\" \/>\n<meta property=\"og:type\" content=\"article\" \/>\n<meta property=\"og:title\" content=\"Terni Horror Fest, appuntamento al 2017 - Associazione Culturale Civilt\u00e0 Laica\" \/>\n<meta property=\"og:description\" content=\"Un festival alla seconda edizione, che ha gi\u00e0 molti punti di forza e un discreto seguito. Non servono i milioni per fare cultura.\" \/>\n<meta property=\"og:url\" content=\"https:\/\/www.civiltalaica.it\/cms\/terni-horror-fest-appuntamento-al-2017\/\" \/>\n<meta property=\"og:site_name\" content=\"Associazione Culturale Civilt\u00e0 Laica\" \/>\n<meta property=\"article:publisher\" content=\"https:\/\/www.facebook.com\/civiltalaica\" \/>\n<meta property=\"article:published_time\" content=\"2016-11-06T17:15:12+00:00\" \/>\n<meta property=\"article:modified_time\" content=\"2016-11-06T17:39:24+00:00\" \/>\n<meta property=\"og:image\" content=\"http:\/\/www.civiltalaica.it\/cms\/wp-content\/uploads\/2016\/11\/P1010605-1024x768.jpg\" \/>\n<meta name=\"author\" content=\"alexjc\" \/>\n<meta name=\"twitter:card\" content=\"summary_large_image\" \/>\n<meta name=\"twitter:label1\" content=\"Scritto da\" \/>\n\t<meta name=\"twitter:data1\" content=\"alexjc\" \/>\n\t<meta name=\"twitter:label2\" content=\"Tempo di lettura stimato\" \/>\n\t<meta name=\"twitter:data2\" content=\"1 minuto\" \/>\n<script type=\"application\/ld+json\" class=\"yoast-schema-graph\">{\"@context\":\"https:\/\/schema.org\",\"@graph\":[{\"@type\":\"Article\",\"@id\":\"https:\/\/www.civiltalaica.it\/cms\/terni-horror-fest-appuntamento-al-2017\/#article\",\"isPartOf\":{\"@id\":\"https:\/\/www.civiltalaica.it\/cms\/terni-horror-fest-appuntamento-al-2017\/\"},\"author\":{\"name\":\"alexjc\",\"@id\":\"https:\/\/www.civiltalaica.it\/cms\/#\/schema\/person\/4efef56f866329a1e0943eb27336df1d\"},\"headline\":\"Terni Horror Fest, appuntamento al 2017\",\"datePublished\":\"2016-11-06T17:15:12+00:00\",\"dateModified\":\"2016-11-06T17:39:24+00:00\",\"mainEntityOfPage\":{\"@id\":\"https:\/\/www.civiltalaica.it\/cms\/terni-horror-fest-appuntamento-al-2017\/\"},\"wordCount\":275,\"image\":{\"@id\":\"https:\/\/www.civiltalaica.it\/cms\/terni-horror-fest-appuntamento-al-2017\/#primaryimage\"},\"thumbnailUrl\":\"http:\/\/www.civiltalaica.it\/cms\/wp-content\/uploads\/2016\/11\/P1010605-1024x768.jpg\",\"keywords\":[\"cultura\",\"festival\",\"Film\",\"letterartura\",\"orrore\",\"reading teatrali\",\"terni\",\"terni horror fest\"],\"articleSection\":[\"articoli\",\"come \u00e8 andata?\"],\"inLanguage\":\"it-IT\"},{\"@type\":\"WebPage\",\"@id\":\"https:\/\/www.civiltalaica.it\/cms\/terni-horror-fest-appuntamento-al-2017\/\",\"url\":\"https:\/\/www.civiltalaica.it\/cms\/terni-horror-fest-appuntamento-al-2017\/\",\"name\":\"Terni Horror Fest, appuntamento al 2017 - Associazione Culturale Civilt\u00e0 Laica\",\"isPartOf\":{\"@id\":\"https:\/\/www.civiltalaica.it\/cms\/#website\"},\"primaryImageOfPage\":{\"@id\":\"https:\/\/www.civiltalaica.it\/cms\/terni-horror-fest-appuntamento-al-2017\/#primaryimage\"},\"image\":{\"@id\":\"https:\/\/www.civiltalaica.it\/cms\/terni-horror-fest-appuntamento-al-2017\/#primaryimage\"},\"thumbnailUrl\":\"http:\/\/www.civiltalaica.it\/cms\/wp-content\/uploads\/2016\/11\/P1010605-1024x768.jpg\",\"datePublished\":\"2016-11-06T17:15:12+00:00\",\"dateModified\":\"2016-11-06T17:39:24+00:00\",\"author\":{\"@id\":\"https:\/\/www.civiltalaica.it\/cms\/#\/schema\/person\/4efef56f866329a1e0943eb27336df1d\"},\"description\":\"Un festival alla seconda edizione, che ha gi\u00e0 molti punti di forza e un discreto seguito. Non servono i milioni per fare cultura.\",\"breadcrumb\":{\"@id\":\"https:\/\/www.civiltalaica.it\/cms\/terni-horror-fest-appuntamento-al-2017\/#breadcrumb\"},\"inLanguage\":\"it-IT\",\"potentialAction\":[{\"@type\":\"ReadAction\",\"target\":[\"https:\/\/www.civiltalaica.it\/cms\/terni-horror-fest-appuntamento-al-2017\/\"]}]},{\"@type\":\"ImageObject\",\"inLanguage\":\"it-IT\",\"@id\":\"https:\/\/www.civiltalaica.it\/cms\/terni-horror-fest-appuntamento-al-2017\/#primaryimage\",\"url\":\"http:\/\/www.civiltalaica.it\/cms\/wp-content\/uploads\/2016\/11\/P1010605-1024x768.jpg\",\"contentUrl\":\"http:\/\/www.civiltalaica.it\/cms\/wp-content\/uploads\/2016\/11\/P1010605-1024x768.jpg\"},{\"@type\":\"BreadcrumbList\",\"@id\":\"https:\/\/www.civiltalaica.it\/cms\/terni-horror-fest-appuntamento-al-2017\/#breadcrumb\",\"itemListElement\":[{\"@type\":\"ListItem\",\"position\":1,\"name\":\"Home\",\"item\":\"https:\/\/www.civiltalaica.it\/cms\/\"},{\"@type\":\"ListItem\",\"position\":2,\"name\":\"Terni Horror Fest, appuntamento al 2017\"}]},{\"@type\":\"WebSite\",\"@id\":\"https:\/\/www.civiltalaica.it\/cms\/#website\",\"url\":\"https:\/\/www.civiltalaica.it\/cms\/\",\"name\":\"Associazione Culturale Civilt\u00e0 Laica\",\"description\":\"Per un movimento culturale volto a difendere la Laicit\u00e0 dello Stato.\",\"potentialAction\":[{\"@type\":\"SearchAction\",\"target\":{\"@type\":\"EntryPoint\",\"urlTemplate\":\"https:\/\/www.civiltalaica.it\/cms\/?s={search_term_string}\"},\"query-input\":{\"@type\":\"PropertyValueSpecification\",\"valueRequired\":true,\"valueName\":\"search_term_string\"}}],\"inLanguage\":\"it-IT\"},{\"@type\":\"Person\",\"@id\":\"https:\/\/www.civiltalaica.it\/cms\/#\/schema\/person\/4efef56f866329a1e0943eb27336df1d\",\"name\":\"alexjc\",\"url\":\"https:\/\/www.civiltalaica.it\/cms\/author\/alexjc\/\"}]}<\/script>\n<!-- \/ Yoast SEO plugin. -->","yoast_head_json":{"title":"Terni Horror Fest, appuntamento al 2017 - Associazione Culturale Civilt\u00e0 Laica","description":"Un festival alla seconda edizione, che ha gi\u00e0 molti punti di forza e un discreto seguito. Non servono i milioni per fare cultura.","robots":{"index":"index","follow":"follow","max-snippet":"max-snippet:-1","max-image-preview":"max-image-preview:large","max-video-preview":"max-video-preview:-1"},"canonical":"https:\/\/www.civiltalaica.it\/cms\/terni-horror-fest-appuntamento-al-2017\/","og_locale":"it_IT","og_type":"article","og_title":"Terni Horror Fest, appuntamento al 2017 - Associazione Culturale Civilt\u00e0 Laica","og_description":"Un festival alla seconda edizione, che ha gi\u00e0 molti punti di forza e un discreto seguito. Non servono i milioni per fare cultura.","og_url":"https:\/\/www.civiltalaica.it\/cms\/terni-horror-fest-appuntamento-al-2017\/","og_site_name":"Associazione Culturale Civilt\u00e0 Laica","article_publisher":"https:\/\/www.facebook.com\/civiltalaica","article_published_time":"2016-11-06T17:15:12+00:00","article_modified_time":"2016-11-06T17:39:24+00:00","og_image":[{"url":"http:\/\/www.civiltalaica.it\/cms\/wp-content\/uploads\/2016\/11\/P1010605-1024x768.jpg","type":"","width":"","height":""}],"author":"alexjc","twitter_card":"summary_large_image","twitter_misc":{"Scritto da":"alexjc","Tempo di lettura stimato":"1 minuto"},"schema":{"@context":"https:\/\/schema.org","@graph":[{"@type":"Article","@id":"https:\/\/www.civiltalaica.it\/cms\/terni-horror-fest-appuntamento-al-2017\/#article","isPartOf":{"@id":"https:\/\/www.civiltalaica.it\/cms\/terni-horror-fest-appuntamento-al-2017\/"},"author":{"name":"alexjc","@id":"https:\/\/www.civiltalaica.it\/cms\/#\/schema\/person\/4efef56f866329a1e0943eb27336df1d"},"headline":"Terni Horror Fest, appuntamento al 2017","datePublished":"2016-11-06T17:15:12+00:00","dateModified":"2016-11-06T17:39:24+00:00","mainEntityOfPage":{"@id":"https:\/\/www.civiltalaica.it\/cms\/terni-horror-fest-appuntamento-al-2017\/"},"wordCount":275,"image":{"@id":"https:\/\/www.civiltalaica.it\/cms\/terni-horror-fest-appuntamento-al-2017\/#primaryimage"},"thumbnailUrl":"http:\/\/www.civiltalaica.it\/cms\/wp-content\/uploads\/2016\/11\/P1010605-1024x768.jpg","keywords":["cultura","festival","Film","letterartura","orrore","reading teatrali","terni","terni horror fest"],"articleSection":["articoli","come \u00e8 andata?"],"inLanguage":"it-IT"},{"@type":"WebPage","@id":"https:\/\/www.civiltalaica.it\/cms\/terni-horror-fest-appuntamento-al-2017\/","url":"https:\/\/www.civiltalaica.it\/cms\/terni-horror-fest-appuntamento-al-2017\/","name":"Terni Horror Fest, appuntamento al 2017 - Associazione Culturale Civilt\u00e0 Laica","isPartOf":{"@id":"https:\/\/www.civiltalaica.it\/cms\/#website"},"primaryImageOfPage":{"@id":"https:\/\/www.civiltalaica.it\/cms\/terni-horror-fest-appuntamento-al-2017\/#primaryimage"},"image":{"@id":"https:\/\/www.civiltalaica.it\/cms\/terni-horror-fest-appuntamento-al-2017\/#primaryimage"},"thumbnailUrl":"http:\/\/www.civiltalaica.it\/cms\/wp-content\/uploads\/2016\/11\/P1010605-1024x768.jpg","datePublished":"2016-11-06T17:15:12+00:00","dateModified":"2016-11-06T17:39:24+00:00","author":{"@id":"https:\/\/www.civiltalaica.it\/cms\/#\/schema\/person\/4efef56f866329a1e0943eb27336df1d"},"description":"Un festival alla seconda edizione, che ha gi\u00e0 molti punti di forza e un discreto seguito. Non servono i milioni per fare cultura.","breadcrumb":{"@id":"https:\/\/www.civiltalaica.it\/cms\/terni-horror-fest-appuntamento-al-2017\/#breadcrumb"},"inLanguage":"it-IT","potentialAction":[{"@type":"ReadAction","target":["https:\/\/www.civiltalaica.it\/cms\/terni-horror-fest-appuntamento-al-2017\/"]}]},{"@type":"ImageObject","inLanguage":"it-IT","@id":"https:\/\/www.civiltalaica.it\/cms\/terni-horror-fest-appuntamento-al-2017\/#primaryimage","url":"http:\/\/www.civiltalaica.it\/cms\/wp-content\/uploads\/2016\/11\/P1010605-1024x768.jpg","contentUrl":"http:\/\/www.civiltalaica.it\/cms\/wp-content\/uploads\/2016\/11\/P1010605-1024x768.jpg"},{"@type":"BreadcrumbList","@id":"https:\/\/www.civiltalaica.it\/cms\/terni-horror-fest-appuntamento-al-2017\/#breadcrumb","itemListElement":[{"@type":"ListItem","position":1,"name":"Home","item":"https:\/\/www.civiltalaica.it\/cms\/"},{"@type":"ListItem","position":2,"name":"Terni Horror Fest, appuntamento al 2017"}]},{"@type":"WebSite","@id":"https:\/\/www.civiltalaica.it\/cms\/#website","url":"https:\/\/www.civiltalaica.it\/cms\/","name":"Associazione Culturale Civilt\u00e0 Laica","description":"Per un movimento culturale volto a difendere la Laicit\u00e0 dello Stato.","potentialAction":[{"@type":"SearchAction","target":{"@type":"EntryPoint","urlTemplate":"https:\/\/www.civiltalaica.it\/cms\/?s={search_term_string}"},"query-input":{"@type":"PropertyValueSpecification","valueRequired":true,"valueName":"search_term_string"}}],"inLanguage":"it-IT"},{"@type":"Person","@id":"https:\/\/www.civiltalaica.it\/cms\/#\/schema\/person\/4efef56f866329a1e0943eb27336df1d","name":"alexjc","url":"https:\/\/www.civiltalaica.it\/cms\/author\/alexjc\/"}]}},"_links":{"self":[{"href":"https:\/\/www.civiltalaica.it\/cms\/wp-json\/wp\/v2\/posts\/13873","targetHints":{"allow":["GET"]}}],"collection":[{"href":"https:\/\/www.civiltalaica.it\/cms\/wp-json\/wp\/v2\/posts"}],"about":[{"href":"https:\/\/www.civiltalaica.it\/cms\/wp-json\/wp\/v2\/types\/post"}],"author":[{"embeddable":true,"href":"https:\/\/www.civiltalaica.it\/cms\/wp-json\/wp\/v2\/users\/7"}],"replies":[{"embeddable":true,"href":"https:\/\/www.civiltalaica.it\/cms\/wp-json\/wp\/v2\/comments?post=13873"}],"version-history":[{"count":4,"href":"https:\/\/www.civiltalaica.it\/cms\/wp-json\/wp\/v2\/posts\/13873\/revisions"}],"predecessor-version":[{"id":13878,"href":"https:\/\/www.civiltalaica.it\/cms\/wp-json\/wp\/v2\/posts\/13873\/revisions\/13878"}],"wp:attachment":[{"href":"https:\/\/www.civiltalaica.it\/cms\/wp-json\/wp\/v2\/media?parent=13873"}],"wp:term":[{"taxonomy":"category","embeddable":true,"href":"https:\/\/www.civiltalaica.it\/cms\/wp-json\/wp\/v2\/categories?post=13873"},{"taxonomy":"post_tag","embeddable":true,"href":"https:\/\/www.civiltalaica.it\/cms\/wp-json\/wp\/v2\/tags?post=13873"}],"curies":[{"name":"wp","href":"https:\/\/api.w.org\/{rel}","templated":true}]}}